{"id":41298,"date":"2013-01-01T11:26:57","date_gmt":"2013-01-01T10:26:57","guid":{"rendered":"http:\/\/www.filindeblogg.nu\/?p=41298"},"modified":"2013-01-01T14:59:18","modified_gmt":"2013-01-01T13:59:18","slug":"skronor-och-sanningar-pa-arets-forsta-dag","status":"publish","type":"post","link":"http:\/\/www.filindeblogg.nu\/?p=41298","title":{"rendered":"Skr\u00f6nor och sanningar p\u00e5 \u00e5rets f\u00f6rsta dag!"},"content":{"rendered":"<p><a href=\"http:\/\/www.filindeblogg.nu\/?attachment_id=41299\" rel=\"attachment wp-att-41299\"><img loading=\"lazy\" class=\"alignnone  wp-image-41299\" title=\"IMG_1723 (4)\" src=\"http:\/\/www.filindeblogg.nu\/wp-content\/uploads\/2013\/01\/IMG_1723-4-225x300.jpg\" alt=\"\" width=\"135\" height=\"180\" srcset=\"http:\/\/www.filindeblogg.nu\/wp-content\/uploads\/2013\/01\/IMG_1723-4-225x300.jpg 225w, http:\/\/www.filindeblogg.nu\/wp-content\/uploads\/2013\/01\/IMG_1723-4.jpg 450w\" sizes=\"(max-width: 135px) 100vw, 135px\" \/><\/a> \u00c5rets f\u00f6rsta dag \u00e4r inne &#8211; 2013. <a href=\"http:\/\/www.filindeblogg.nu\/?attachment_id=41300\" rel=\"attachment wp-att-41300\"><img loading=\"lazy\" class=\"alignnone  wp-image-41300\" title=\"IMG_1682 (3)\" src=\"http:\/\/www.filindeblogg.nu\/wp-content\/uploads\/2013\/01\/IMG_1682-3-225x300.jpg\" alt=\"\" width=\"135\" height=\"180\" srcset=\"http:\/\/www.filindeblogg.nu\/wp-content\/uploads\/2013\/01\/IMG_1682-3-225x300.jpg 225w, http:\/\/www.filindeblogg.nu\/wp-content\/uploads\/2013\/01\/IMG_1682-3.jpg 450w\" sizes=\"(max-width: 135px) 100vw, 135px\" \/><\/a><\/p>\n<p>Skr\u00f6nor och sanningar \u00e4r rubriken p\u00e5 dagens blogg &#8211; och h\u00e4r kommer lite b\u00e5de ock&#8230;<br \/>\nF\u00f6rst ut \u00e4r <strong>B\u00e4rgslagsbladet\/Arboga Tidning<\/strong> som antingen har rovdjursfrossa eller nyhetstorka &#8211; v\u00e4lj sj\u00e4lv&#8230; <strong><a href=\"http:\/\/www.filindeblogg.nu\/?attachment_id=41301\" rel=\"attachment wp-att-41301\"><img loading=\"lazy\" class=\"alignnone  wp-image-41301\" title=\"IMG_1690 (4)\" src=\"http:\/\/www.filindeblogg.nu\/wp-content\/uploads\/2013\/01\/IMG_1690-4-225x300.jpg\" alt=\"\" width=\"135\" height=\"180\" srcset=\"http:\/\/www.filindeblogg.nu\/wp-content\/uploads\/2013\/01\/IMG_1690-4-225x300.jpg 225w, http:\/\/www.filindeblogg.nu\/wp-content\/uploads\/2013\/01\/IMG_1690-4.jpg 450w\" sizes=\"(max-width: 135px) 100vw, 135px\" \/><\/a> <em>&#8221;Misst\u00e4nkta bj\u00f6rnsp\u00e5r hittades p\u00e5 tomt&#8221;<\/em><\/strong>, st\u00e5r att l\u00e4sa p\u00e5 g\u00e5rdagens f\u00f6rstasida!<\/p>\n<p><a href=\"http:\/\/www.filindeblogg.nu\/?attachment_id=41302\" rel=\"attachment wp-att-41302\"><img loading=\"lazy\" class=\"alignnone  wp-image-41302\" title=\"IMG_1689 (6)\" src=\"http:\/\/www.filindeblogg.nu\/wp-content\/uploads\/2013\/01\/IMG_1689-6-225x300.jpg\" alt=\"\" width=\"135\" height=\"180\" srcset=\"http:\/\/www.filindeblogg.nu\/wp-content\/uploads\/2013\/01\/IMG_1689-6-225x300.jpg 225w, http:\/\/www.filindeblogg.nu\/wp-content\/uploads\/2013\/01\/IMG_1689-6.jpg 450w\" sizes=\"(max-width: 135px) 100vw, 135px\" \/><\/a> Inne i tidningen kan man l\u00e4sa om &#8221;bj\u00f6rnen&#8221; som lufsat runt p\u00e5 en villatomt i K\u00f6ping&#8230; En bj\u00f6rn p\u00e5 tv\u00e5 ben&#8230;eller inte&#8230; <a href=\"http:\/\/www.filindeblogg.nu\/?attachment_id=41303\" rel=\"attachment wp-att-41303\"><img loading=\"lazy\" class=\"alignnone size-medium wp-image-41303\" title=\"IMG_1688 (5)\" src=\"http:\/\/www.filindeblogg.nu\/wp-content\/uploads\/2013\/01\/IMG_1688-5-225x300.jpg\" alt=\"\" width=\"225\" height=\"300\" srcset=\"http:\/\/www.filindeblogg.nu\/wp-content\/uploads\/2013\/01\/IMG_1688-5-225x300.jpg 225w, http:\/\/www.filindeblogg.nu\/wp-content\/uploads\/2013\/01\/IMG_1688-5.jpg 450w\" sizes=\"(max-width: 225px) 100vw, 225px\" \/><\/a><\/p>\n<p>Den f\u00f6rsta tanke som sl\u00e5r en \u00e4r: <strong><em>&#8211; H\u00f6rt talas om iden? S\u00e5dana d\u00e4r vinterboningar som bj\u00f6rnar l\u00e4gger sig och snarkar i fram p\u00e5 h\u00f6stkanten f\u00f6r att vakna upp i mars-april.<\/em><\/strong><br \/>\nSen funderar jag p\u00e5 hur realistiskt det \u00e4r att en bj\u00f6rn springer omkring p\u00e5 tv\u00e5 ben med lyfta ramar i en tr\u00e4dg\u00e5rd i K\u00f6ping&#8230;<\/p>\n<p>L\u00e4s mer om brunbj\u00f6rnen i Sverige <a href=\"http:\/\/www.wwf.se\/vrt-arbete\/arter\/1132021-brunbjrn\" target=\"_blank\"><strong>H\u00c4R!<\/strong><\/a> Denna fridsamma all\u00e4tare, enligt <strong>WWF<\/strong>.<\/p>\n<p>Men men, Bbl\/AT har gjort det f\u00f6rr! <img loading=\"lazy\" class=\"alignnone  wp-image-41304\" title=\"R\u00e4dd-man\" src=\"http:\/\/www.filindeblogg.nu\/wp-content\/uploads\/2013\/01\/R\u00e4dd-man.jpg\" alt=\"\" width=\"110\" height=\"165\" \/> Finska lapphundar som blir vargar jagandes tuffa m\u00e4n p\u00e5 cykel &#8211; ocks\u00e5 det i K\u00f6ping &#8211; och vargar bland hyreshus i Arboga.\u00a0<a href=\"http:\/\/www.filindeblogg.nu\/?attachment_id=41305\" rel=\"attachment wp-att-41305\"><img loading=\"lazy\" class=\"alignnone  wp-image-41305\" title=\"Varg i Brattberget...\" src=\"http:\/\/www.filindeblogg.nu\/wp-content\/uploads\/2013\/01\/Varg-i-Brattberget....jpg\" alt=\"\" width=\"135\" height=\"180\" \/><\/a><\/p>\n<p>Visst \u00e4r det m\u00e4rkligt med denna upphaussade rovdjursr\u00e4dsla &#8221;out of the blue&#8221;! Man vr\u00e5lar p\u00e5 skyddsjakt s\u00e5 fort man ser sp\u00e5r av tassar n\u00e4r den h\u00e4r gynnaren \u00e4r betydligt farligare p\u00e5 flera s\u00e4tt: <a href=\"http:\/\/www.filindeblogg.nu\/?attachment_id=41306\" rel=\"attachment wp-att-41306\"><img loading=\"lazy\" class=\"alignnone  wp-image-41306\" title=\"Vildsvin\" src=\"http:\/\/www.filindeblogg.nu\/wp-content\/uploads\/2013\/01\/Vildsvin.jpg\" alt=\"\" width=\"135\" height=\"135\" srcset=\"http:\/\/www.filindeblogg.nu\/wp-content\/uploads\/2013\/01\/Vildsvin.jpg 225w, http:\/\/www.filindeblogg.nu\/wp-content\/uploads\/2013\/01\/Vildsvin-150x150.jpg 150w\" sizes=\"(max-width: 135px) 100vw, 135px\" \/><\/a> Vildsvin kan f\u00f6rst\u00f6ra stora \u00e5kermarker f\u00f6r lantbrukare med sitt ivriga b\u00f6kande och kan ocks\u00e5 g\u00e5 till anfall mot m\u00e4nniskor, n\u00e5got som finns dokumenterat. Senast i s\u00f6ndagskv\u00e4ll blev en kvinna i Kalmar jagad av ett vildsvin.<br \/>\nMen men, det \u00e4r ju vargen som \u00e4r den livsfarliga m\u00e4nniskod\u00f6daren&#8230; \ud83d\ude41\u00a0\u00a0 <a href=\"http:\/\/www.filindeblogg.nu\/?attachment_id=41307\" rel=\"attachment wp-att-41307\"><img loading=\"lazy\" class=\"alignnone size-full wp-image-41307\" title=\"VARGTJUT\" src=\"http:\/\/www.filindeblogg.nu\/wp-content\/uploads\/2013\/01\/VARGTJUT.jpg\" alt=\"\" width=\"101\" height=\"125\" \/><\/a><\/p>\n<p>Nu tror ju jag att alla vargar och bj\u00f6rnar som h\u00e4rjar i v\u00e5r region mest \u00e4r skr\u00f6nor och beror p\u00e5 nyhetsbrist&#8230; <a href=\"http:\/\/www.filindeblogg.nu\/?attachment_id=41308\" rel=\"attachment wp-att-41308\"><img loading=\"lazy\" class=\"alignnone size-full wp-image-41308\" title=\"Bli r\u00e4dd k\u00f6p mer\" src=\"http:\/\/www.filindeblogg.nu\/wp-content\/uploads\/2013\/01\/Bli-r\u00e4dd-k\u00f6p-mer.jpg\" alt=\"\" width=\"160\" height=\"94\" \/><\/a> Artikeln om bj\u00f6rnen i K\u00f6ping finns heller inte att l\u00e4sa p\u00e5<a href=\"http:\/\/bblat.se\/nyheter\/koping\" target=\"_blank\"> tidningen n\u00e4tsida.<\/a>..<\/p>\n<p>Annat som verkar som en skr\u00f6na men som \u00e4r dagsens sanning \u00e4r det nya \u00e5rets b\u00f6rjan f\u00f6r bloggaren med familj! <a href=\"http:\/\/www.filindeblogg.nu\/?attachment_id=41309\" rel=\"attachment wp-att-41309\"><img loading=\"lazy\" class=\"alignnone  wp-image-41309\" title=\"2013\" src=\"http:\/\/www.filindeblogg.nu\/wp-content\/uploads\/2013\/01\/2013.jpg\" alt=\"\" width=\"152\" height=\"119\" \/><\/a><br \/>\n2013 med betoning p\u00e5 13&#8230; olyckstalet&#8230;<a href=\"http:\/\/www.filindeblogg.nu\/?attachment_id=41310\" rel=\"attachment wp-att-41310\"><img loading=\"lazy\" class=\"alignnone  wp-image-41310\" title=\"13\" src=\"http:\/\/www.filindeblogg.nu\/wp-content\/uploads\/2013\/01\/13.jpg\" alt=\"\" width=\"155\" height=\"116\" \/><\/a><\/p>\n<p><a href=\"http:\/\/www.filindeblogg.nu\/?attachment_id=41311\" rel=\"attachment wp-att-41311\"><img loading=\"lazy\" class=\"alignnone  wp-image-41311\" title=\"Fyrverkeri\" src=\"http:\/\/www.filindeblogg.nu\/wp-content\/uploads\/2013\/01\/Fyrverkeri.jpg\" alt=\"\" width=\"170\" height=\"106\" \/><\/a> Exakt 2 minuter \u00f6ver midnatt l\u00e5ste vi oss ute&#8230; Precis n\u00e4r dottern tryckte igen d\u00f6rren sa jag: <em>&#8211; Du l\u00e5ste v\u00e4l inte d\u00f6rren nu&#8230;?<\/em> Det hade hon gjort&#8230; <a href=\"http:\/\/www.filindeblogg.nu\/?attachment_id=41312\" rel=\"attachment wp-att-41312\"><img loading=\"lazy\" class=\"alignnone  wp-image-41312\" title=\"L\u00e5st d\u00f6rr\" src=\"http:\/\/www.filindeblogg.nu\/wp-content\/uploads\/2013\/01\/L\u00e5st-d\u00f6rr.jpg\" alt=\"\" width=\"155\" height=\"116\" \/><\/a><\/p>\n<p>Ingen av oss som nu befann oss utomhus i dripp-dropp-regn mitt i ny\u00e5rsnatten hade nycklar in.\u00a0<a href=\"http:\/\/www.filindeblogg.nu\/?attachment_id=41314\" rel=\"attachment wp-att-41314\"><img loading=\"lazy\" class=\"alignnone  wp-image-41314\" title=\"Nycklar\" src=\"http:\/\/www.filindeblogg.nu\/wp-content\/uploads\/2013\/01\/Nycklar.jpg\" alt=\"\" width=\"156\" height=\"116\" \/><\/a> Ingen av oss hade heller n\u00e5gon mobiltelefon med sig ut visade det sig&#8230; <a href=\"http:\/\/www.filindeblogg.nu\/?attachment_id=41313\" rel=\"attachment wp-att-41313\"><img loading=\"lazy\" class=\"alignnone  wp-image-41313\" title=\"Iphone\" src=\"http:\/\/www.filindeblogg.nu\/wp-content\/uploads\/2013\/01\/Iphone.jpg\" alt=\"\" width=\"112\" height=\"161\" \/><\/a>Vi skulle ju bara ut p\u00e5 g\u00e5rden som hastigast och titta p\u00e5 fyrverkerierna&#8230;<\/p>\n<p>Bloggaren kom d\u00e5 stolt p\u00e5 &#8211; den g\u00f6mda reservnyckeln!! <a href=\"http:\/\/www.filindeblogg.nu\/?attachment_id=41315\" rel=\"attachment wp-att-41315\"><img loading=\"lazy\" class=\"alignnone  wp-image-41315\" title=\"Reservnyckel\" src=\"http:\/\/www.filindeblogg.nu\/wp-content\/uploads\/2013\/01\/Reservnyckel-300x105.jpg\" alt=\"\" width=\"180\" height=\"63\" srcset=\"http:\/\/www.filindeblogg.nu\/wp-content\/uploads\/2013\/01\/Reservnyckel-300x105.jpg 300w, http:\/\/www.filindeblogg.nu\/wp-content\/uploads\/2013\/01\/Reservnyckel.jpg 379w\" sizes=\"(max-width: 180px) 100vw, 180px\" \/><\/a>Den visade sig vara v\u00e4ldigt v\u00e4l g\u00f6md och hittades f\u00f6rst efter ett evigt rivande och rafsande i uthus och f\u00f6rr\u00e5d. Men den hittades och kontorsdelen av v\u00e5r l\u00e4genhet kunde l\u00e5sas upp! Bara f\u00f6r att konstatera att vi inte kom l\u00e4ngre \u00e4n till kontoret och toaletten d\u00e4r.<br \/>\nP\u00e5 grund av en vattenskada anv\u00e4nds kontorets badrum tillf\u00e4lligt av en hyresg\u00e4st i huset och d\u00f6rrarna som leder till v\u00e5r del av l\u00e4genheten \u00e4r l\u00e5sta&#8230; <a href=\"http:\/\/www.filindeblogg.nu\/?attachment_id=41316\" rel=\"attachment wp-att-41316\"><img loading=\"lazy\" class=\"alignnone  wp-image-41316\" title=\"L\u00e5st\" src=\"http:\/\/www.filindeblogg.nu\/wp-content\/uploads\/2013\/01\/L\u00e5st.jpg\" alt=\"\" width=\"166\" height=\"110\" \/><\/a><br \/>\nVad g\u00f6ra?? Jo, kontoret har en telefon &#8211; hurra!! Vi ringde till bloggarens f\u00f6r\u00e4ldrar som ocks\u00e5 har reservnyckel till l\u00e4genheten! Klockan var nu n\u00e4rmare 1 p\u00e5 natten&#8230; Ingen svarade&#8230;<br \/>\nVi provade flera g\u00e5nger och snart tutade det upptaget hos de gamla f\u00f6r\u00e4ldrarna! Vi v\u00e4ntade och v\u00e4ntade &#8211; fortfarande upptaget. Till slut fungerade inte telefonen alls! Bara ett v\u00e4sande, skrapande ljud h\u00f6rdes n\u00e4r vi f\u00f6rs\u00f6kte ringa&#8230; <a href=\"http:\/\/www.filindeblogg.nu\/?attachment_id=41318\" rel=\"attachment wp-att-41318\"><img loading=\"lazy\" class=\"alignnone size-full wp-image-41318\" title=\"Trasig telefon\" src=\"http:\/\/www.filindeblogg.nu\/wp-content\/uploads\/2013\/01\/Trasig-telefon1.jpg\" alt=\"\" width=\"140\" height=\"127\" \/><\/a><\/p>\n<p>Vad g\u00f6ra? Jo, dottern springer upp och v\u00e4cker grannen p\u00e5 \u00f6verv\u00e5ningen som sn\u00e4llt l\u00e5nar ut sin mobiltelefon<a href=\"http:\/\/www.aftonbladet.se\/nyheter\/article16004295.ab\" target=\"_blank\">.<\/a> Fortfarande upptaget hos mina f\u00f6r\u00e4ldrar<a href=\"http:\/\/www.dn.se\/sthlm\/nyarsfirande-med-fylla-och-stok\" target=\"_blank\">.<\/a> N\u00e5gon taxi var l\u00f6gn att f\u00e5 tag i p\u00e5 ny\u00e5rsnatten<a href=\"http:\/\/www.svd.se\/nyheter\/inrikes\/nyarsfirande-med-fylla-och-stok_7790360.svd\" target=\"_blank\">.<\/a> Dottern och sonen beslutade sig f\u00f6r att g\u00e5 till mormor och morfar f\u00f6r att hitta reservnyckel in. Sagt och gjort&#8230; <a href=\"http:\/\/www.filindeblogg.nu\/?attachment_id=41319\" rel=\"attachment wp-att-41319\"><img loading=\"lazy\" class=\"alignnone  wp-image-41319\" title=\"M\u00f6rk gata\" src=\"http:\/\/www.filindeblogg.nu\/wp-content\/uploads\/2013\/01\/M\u00f6rk-gata.jpg\" alt=\"\" width=\"160\" height=\"113\" \/><\/a> Genom m\u00f6rka gator, mitt i natten med \u00f6verf\u00f6rfriskade m\u00e4nniskor som hojtade &#8221;GOTT NYTT \u00c5R!&#8221; halkades det de frysande kilometerna fram till morf\u00f6r\u00e4ldrarnas hus.<\/p>\n<p>D\u00e4r f\u00f6ljde n\u00e4sta konststycke &#8211; att 1) f\u00e5 morf\u00f6r\u00e4ldrarna att vakna och inte bli skr\u00e4mda av vilt ringade p\u00e5 d\u00f6rren mitt i natten, 2) att f\u00e5 rullstolsburen mormor med sv\u00e5ra ryggsm\u00e4rtor att hasa sig fram till ytterd\u00f6rren och f\u00f6rs\u00f6ka l\u00e5sa upp, 3) att v\u00e4cka sovande morfar som plockat ur h\u00f6rapparaterna&#8230; <a href=\"http:\/\/www.filindeblogg.nu\/?attachment_id=41320\" rel=\"attachment wp-att-41320\"><img loading=\"lazy\" class=\"alignnone  wp-image-41320\" title=\"Sovande man\" src=\"http:\/\/www.filindeblogg.nu\/wp-content\/uploads\/2013\/01\/Sovande-man.jpg\" alt=\"\" width=\"162\" height=\"112\" \/><\/a><\/p>\n<p>Allt medan jag satt p\u00e5 golvet i kontoret och funderade p\u00e5 om jag skulle f\u00f6rs\u00f6ka sova en stund&#8230; Och om vi hade n\u00e5gra ljus t\u00e4nda inne i l\u00e4genheten&#8230; En tanke fanns att krossa glaset till en av d\u00f6rrarna &#8211; men det stannade vid bara tanken. F\u00f6r visst hade jag bl\u00e5st ut ljusen&#8230;<br \/>\nUtan ytterkl\u00e4der och med tofflor p\u00e5 f\u00f6tterna var inte jag alternativet att promenera 4 kilometer till mor och far&#8230;<\/p>\n<p>Efter n\u00e5got som k\u00e4ndes som en evighet kom faderns\/morfaderns bil rullande in p\u00e5 g\u00e5rden &#8211; med tr\u00f6tt far\/morfar if\u00f6rd pyjamas under vinterrocken, v\u00e4lbeh\u00e5llna barn och en reservnyckel!<\/p>\n<p>Man funderar &#8211; ska 2013 forts\u00e4tta p\u00e5 det h\u00e4r viset? \u00c4r 13 signifikativt f\u00f6r hela det kommande \u00e5ret..<a href=\"http:\/\/www.expressen.se\/nyheter\/drapforsok-och-flera-brander-under-natten\/\" target=\"_blank\">.<\/a> Eller har vi kanske f\u00e5tt v\u00e5r besk\u00e4rda del av problem och olycka nu!?<br \/>\nBlir kanske forts\u00e4ttningen bara str\u00e5lande &#8221;lucky&#8221;? <a href=\"http:\/\/www.filindeblogg.nu\/?attachment_id=41321\" rel=\"attachment wp-att-41321\"><img loading=\"lazy\" class=\"alignnone  wp-image-41321\" title=\"Lucky 13\" src=\"http:\/\/www.filindeblogg.nu\/wp-content\/uploads\/2013\/01\/Lucky-13.jpg\" alt=\"\" width=\"141\" height=\"129\" \/><\/a><br \/>\nTja, jag vet inte. Det \u00e5ter st\u00e5r att se. Det jag vet \u00e4r att jag \u00e4r v\u00e4ldigt tr\u00f6tt idag, har underbara ungar och tj\u00e4nstvilliga f\u00f6r\u00e4ldrar plus grannar som l\u00e5nar ut mobiltelefoner bara s\u00e5 d\u00e4r &#8211; och att vi kan se tillbaka p\u00e5 ett riktigt \u00e4ventyr med lyckligt slut p\u00e5 ny\u00e5rsnatten. \ud83d\ude42 Tack f\u00f6r det!<\/p>\n<p><a href=\"http:\/\/www.filindeblogg.nu\/?attachment_id=41322\" rel=\"attachment wp-att-41322\"><img loading=\"lazy\" class=\"alignnone  wp-image-41322\" title=\"130101 011\" src=\"http:\/\/www.filindeblogg.nu\/wp-content\/uploads\/2013\/01\/130101-011-225x300.jpg\" alt=\"\" width=\"95\" height=\"126\" srcset=\"http:\/\/www.filindeblogg.nu\/wp-content\/uploads\/2013\/01\/130101-011-225x300.jpg 225w, http:\/\/www.filindeblogg.nu\/wp-content\/uploads\/2013\/01\/130101-011.jpg 231w\" sizes=\"(max-width: 95px) 100vw, 95px\" \/><\/a> Som sig b\u00f6r hyllades det nya \u00e5ret trots allt. <a href=\"http:\/\/www.filindeblogg.nu\/?attachment_id=41323\" rel=\"attachment wp-att-41323\"><img loading=\"lazy\" class=\"alignnone  wp-image-41323\" title=\"130101 012\" src=\"http:\/\/www.filindeblogg.nu\/wp-content\/uploads\/2013\/01\/130101-012-225x300.jpg\" alt=\"\" width=\"95\" height=\"126\" srcset=\"http:\/\/www.filindeblogg.nu\/wp-content\/uploads\/2013\/01\/130101-012-225x300.jpg 225w, http:\/\/www.filindeblogg.nu\/wp-content\/uploads\/2013\/01\/130101-012.jpg 231w\" sizes=\"(max-width: 95px) 100vw, 95px\" \/><\/a><br \/>\nPrick klockan 9 hissades flaggan p\u00e5 <strong>Glasbl\u00e5sarg\u00e5rden i Arboga<\/strong>!<\/p>\n<p><a href=\"http:\/\/www.filindeblogg.nu\/?attachment_id=41324\" rel=\"attachment wp-att-41324\"><img loading=\"lazy\" class=\"wp-image-41324 aligncenter\" title=\"130101 013\" src=\"http:\/\/www.filindeblogg.nu\/wp-content\/uploads\/2013\/01\/130101-013-225x300.jpg\" alt=\"\" width=\"95\" height=\"126\" srcset=\"http:\/\/www.filindeblogg.nu\/wp-content\/uploads\/2013\/01\/130101-013-225x300.jpg 225w, http:\/\/www.filindeblogg.nu\/wp-content\/uploads\/2013\/01\/130101-013.jpg 231w\" sizes=\"(max-width: 95px) 100vw, 95px\" \/><\/a><\/p>\n<p>Nu kan det bara bli b\u00e4ttre! Hopp fanns redan i rabatten vid huset! \ud83d\ude42 <a href=\"http:\/\/www.filindeblogg.nu\/?attachment_id=41325\" rel=\"attachment wp-att-41325\"><img loading=\"lazy\" class=\"alignnone  wp-image-41325\" title=\"IMG_1718 (4)\" src=\"http:\/\/www.filindeblogg.nu\/wp-content\/uploads\/2013\/01\/IMG_1718-4-300x225.jpg\" alt=\"\" width=\"180\" height=\"135\" srcset=\"http:\/\/www.filindeblogg.nu\/wp-content\/uploads\/2013\/01\/IMG_1718-4-300x225.jpg 300w, http:\/\/www.filindeblogg.nu\/wp-content\/uploads\/2013\/01\/IMG_1718-4.jpg 600w\" sizes=\"(max-width: 180px) 100vw, 180px\" \/><\/a> Underbart!<\/p>\n<p><a href=\"http:\/\/www.filindeblogg.nu\/?attachment_id=41326\" rel=\"attachment wp-att-41326\"><img loading=\"lazy\" class=\"alignnone  wp-image-41326\" title=\"Kalenderblad\" src=\"http:\/\/www.filindeblogg.nu\/wp-content\/uploads\/2013\/01\/Kalenderblad.jpg\" alt=\"\" width=\"109\" height=\"79\" \/><\/a>\u00a0Ny\u00e5rsdagen utan namnsdag \u00e4r inne. Fira vad och vem ni vill allts\u00e5! Sj\u00e4lv t\u00e4nker jag celebrera lyckan av att allt l\u00f6ser sig! \u00c4ven den mest jobbiga situation eller problem har en utv\u00e4g. Hurra! \ud83d\ude42 <img loading=\"lazy\" class=\"alignnone size-full wp-image-41327\" title=\"vykort flicka - Kopia\" src=\"http:\/\/www.filindeblogg.nu\/wp-content\/uploads\/2013\/01\/vykort-flicka-Kopia.jpg\" alt=\"\" width=\"78\" height=\"139\" \/><\/p>\n<p style=\"text-align: center;\">Som d\u00f6rren p\u00e5 gl\u00e4nt<br \/>\nbakom det h\u00e4rligt, krispiga tulpanerna med f\u00f6raning om v\u00e5r<br \/>\n&#8211; v\u00e4ntar det nya \u00e5ret 2013 p\u00e5 oss.<br \/>\nV\u00e4lkommen!<\/p>\n<p style=\"text-align: center;\"><a href=\"http:\/\/www.filindeblogg.nu\/?attachment_id=41328\" rel=\"attachment wp-att-41328\"><img loading=\"lazy\" class=\"aligncenter size-medium wp-image-41328\" title=\"IMG_1686 (5)\" src=\"http:\/\/www.filindeblogg.nu\/wp-content\/uploads\/2013\/01\/IMG_1686-5-225x300.jpg\" alt=\"\" width=\"225\" height=\"300\" srcset=\"http:\/\/www.filindeblogg.nu\/wp-content\/uploads\/2013\/01\/IMG_1686-5-225x300.jpg 225w, http:\/\/www.filindeblogg.nu\/wp-content\/uploads\/2013\/01\/IMG_1686-5.jpg 450w\" sizes=\"(max-width: 225px) 100vw, 225px\" \/><\/a><\/p>\n<p>&nbsp;<\/p>\n<p>&nbsp;<\/p>\n<p>&nbsp;<\/p>\n","protected":false},"excerpt":{"rendered":"<p>\u00c5rets f\u00f6rsta dag \u00e4r inne &#8211; 2013. Skr\u00f6nor och sanningar \u00e4r rubriken p\u00e5 dagens blogg &#8211; och h\u00e4r kommer lite b\u00e5de ock&#8230; F\u00f6rst ut \u00e4r B\u00e4rgslagsbladet\/Arboga Tidning som antingen har rovdjursfrossa eller nyhetstorka &#8211; v\u00e4lj sj\u00e4lv&#8230; &#8221;Misst\u00e4nkta bj\u00f6rnsp\u00e5r hittades p\u00e5 tomt&#8221;, st\u00e5r att l\u00e4sa p\u00e5 g\u00e5rdagens f\u00f6rstasida! Inne i tidningen kan man l\u00e4sa om &#8221;bj\u00f6rnen&#8221; [&hellip;]<\/p>\n","protected":false},"author":1,"featured_media":0,"comment_status":"open","ping_status":"open","sticky":false,"template":"","format":"standard","meta":[],"categories":[127,137,100,149,132,101,116,133],"tags":[],"_links":{"self":[{"href":"http:\/\/www.filindeblogg.nu\/index.php?rest_route=\/wp\/v2\/posts\/41298"}],"collection":[{"href":"http:\/\/www.filindeblogg.nu\/index.php?rest_route=\/wp\/v2\/posts"}],"about":[{"href":"http:\/\/www.filindeblogg.nu\/index.php?rest_route=\/wp\/v2\/types\/post"}],"author":[{"embeddable":true,"href":"http:\/\/www.filindeblogg.nu\/index.php?rest_route=\/wp\/v2\/users\/1"}],"replies":[{"embeddable":true,"href":"http:\/\/www.filindeblogg.nu\/index.php?rest_route=%2Fwp%2Fv2%2Fcomments&post=41298"}],"version-history":[{"count":36,"href":"http:\/\/www.filindeblogg.nu\/index.php?rest_route=\/wp\/v2\/posts\/41298\/revisions"}],"predecessor-version":[{"id":41364,"href":"http:\/\/www.filindeblogg.nu\/index.php?rest_route=\/wp\/v2\/posts\/41298\/revisions\/41364"}],"wp:attachment":[{"href":"http:\/\/www.filindeblogg.nu\/index.php?rest_route=%2Fwp%2Fv2%2Fmedia&parent=41298"}],"wp:term":[{"taxonomy":"category","embeddable":true,"href":"http:\/\/www.filindeblogg.nu\/index.php?rest_route=%2Fwp%2Fv2%2Fcategories&post=41298"},{"taxonomy":"post_tag","embeddable":true,"href":"http:\/\/www.filindeblogg.nu\/index.php?rest_route=%2Fwp%2Fv2%2Ftags&post=41298"}],"curies":[{"name":"wp","href":"https:\/\/api.w.org\/{rel}","templated":true}]}}