{"id":41256,"date":"2012-12-31T10:53:09","date_gmt":"2012-12-31T09:53:09","guid":{"rendered":"http:\/\/www.filindeblogg.nu\/?p=41256"},"modified":"2012-12-31T10:53:10","modified_gmt":"2012-12-31T09:53:10","slug":"arets-sista-dag-summering-arets-istapp-resp-arets-solglimt","status":"publish","type":"post","link":"http:\/\/www.filindeblogg.nu\/?p=41256","title":{"rendered":"\u00c5rets sista dag &#8211; summering + \u00c5rets Istapp resp \u00c5rets Solglimt"},"content":{"rendered":"<p><a href=\"http:\/\/www.filindeblogg.nu\/?attachment_id=41257\" rel=\"attachment wp-att-41257\"><img loading=\"lazy\" class=\"alignnone  wp-image-41257\" title=\"Happy New year\" src=\"http:\/\/www.filindeblogg.nu\/wp-content\/uploads\/2012\/12\/Happy-New-year.jpg\" alt=\"\" width=\"122\" height=\"149\" \/><\/a> S\u00e5 var d\u00e5 \u00e5rets sista dag inne och det kan vara dags f\u00f6r en summering av dagarna som g\u00e5tt. Vissa blev goda, andra mindre bra. Viktigt \u00e4r att inte l\u00e5ta v\u00e5gsk\u00e5len tynga ner \u00e5t den negativa sidan.<\/p>\n<p>F\u00f6r bloggarens egen del var 2012 det \u00e5ret jag f\u00f6rlorade en av mina allra b\u00e4sta v\u00e4nner. <a href=\"http:\/\/www.filindeblogg.nu\/?attachment_id=41258\" rel=\"attachment wp-att-41258\"><img loading=\"lazy\" class=\"alignnone  wp-image-41258\" title=\"Britta - en sista bild\" src=\"http:\/\/www.filindeblogg.nu\/wp-content\/uploads\/2012\/12\/Britta-en-sista-bild1.jpg\" alt=\"\" width=\"104\" height=\"175\" \/><\/a> Aldrig mer ska jag somna i mitt rum d\u00e4r p\u00e5 <strong>Bj\u00f6rkbacken<\/strong> och vakna av <strong>Brittas<\/strong> pyssel med frukost nere i k\u00f6ket. <a href=\"http:\/\/www.filindeblogg.nu\/?attachment_id=41259\" rel=\"attachment wp-att-41259\"><img loading=\"lazy\" class=\"alignnone  wp-image-41259\" title=\"Mitt rum hos Britta_resize\" src=\"http:\/\/www.filindeblogg.nu\/wp-content\/uploads\/2012\/12\/Mitt-rum-hos-Britta_resize-300x225.jpg\" alt=\"\" width=\"180\" height=\"135\" srcset=\"http:\/\/www.filindeblogg.nu\/wp-content\/uploads\/2012\/12\/Mitt-rum-hos-Britta_resize-300x225.jpg 300w, http:\/\/www.filindeblogg.nu\/wp-content\/uploads\/2012\/12\/Mitt-rum-hos-Britta_resize.jpg 614w\" sizes=\"(max-width: 180px) 100vw, 180px\" \/><\/a> Jag k\u00e4nner stor sorg \u00f6ver detta men ocks\u00e5 gl\u00e4dje \u00f6ver att ha f\u00e5tt uppleva en s\u00e5 fin v\u00e4nskap.<\/p>\n<p>Sorg k\u00e4nner jag ocks\u00e5 \u00f6ver hur mycket ondska det finns i samband med d\u00f6d. Girighet och samvetsl\u00f6shet n\u00e4r n\u00e5gon dyrkar Mammon. <a href=\"http:\/\/www.filindeblogg.nu\/?attachment_id=41260\" rel=\"attachment wp-att-41260\"><img loading=\"lazy\" class=\"alignnone  wp-image-41260\" title=\"Mammon\" src=\"http:\/\/www.filindeblogg.nu\/wp-content\/uploads\/2012\/12\/Mammon.jpg\" alt=\"\" width=\"105\" height=\"117\" \/><\/a> Det \u00e4r handlingar som k\u00e4nns ofattbara n\u00e4r det handlar om sorg och saknad efter en \u00e4lskad m\u00e4nniska.<\/p>\n<p>P\u00e5 plussidan 2012 \u00e4r v\u00e4nnerna jag \u00e4nd\u00e5 hade kvar och familjen! <a href=\"http:\/\/www.filindeblogg.nu\/?attachment_id=41262\" rel=\"attachment wp-att-41262\"><img loading=\"lazy\" class=\"alignnone  wp-image-41262\" title=\"G\u00f6te och Hj\u00f6rdis sk\u00e5lar p\u00e5 Midsommarafton 2010\" src=\"http:\/\/www.filindeblogg.nu\/wp-content\/uploads\/2012\/12\/G\u00f6te-och-Hj\u00f6rdis-sk\u00e5lar-p\u00e5-Midsommarafton-20101-300x225.jpg\" alt=\"\" width=\"180\" height=\"135\" srcset=\"http:\/\/www.filindeblogg.nu\/wp-content\/uploads\/2012\/12\/G\u00f6te-och-Hj\u00f6rdis-sk\u00e5lar-p\u00e5-Midsommarafton-20101-300x225.jpg 300w, http:\/\/www.filindeblogg.nu\/wp-content\/uploads\/2012\/12\/G\u00f6te-och-Hj\u00f6rdis-sk\u00e5lar-p\u00e5-Midsommarafton-20101.jpg 461w\" sizes=\"(max-width: 180px) 100vw, 180px\" \/><\/a> Att fortfarande ha sina k\u00e4ra f\u00f6r\u00e4ldrar i livet och kunna prata med dom om allting varje dag.<\/p>\n<p><a href=\"http:\/\/www.filindeblogg.nu\/?attachment_id=41263\" rel=\"attachment wp-att-41263\"><img loading=\"lazy\" class=\"alignnone  wp-image-41263\" title=\"Carl-Johan, Jakob och Lovisa 13 aug 2011\" src=\"http:\/\/www.filindeblogg.nu\/wp-content\/uploads\/2012\/12\/Carl-Johan-Jakob-och-Lovisa-13-aug-2011-300x225.jpg\" alt=\"\" width=\"180\" height=\"135\" srcset=\"http:\/\/www.filindeblogg.nu\/wp-content\/uploads\/2012\/12\/Carl-Johan-Jakob-och-Lovisa-13-aug-2011-300x225.jpg 300w, http:\/\/www.filindeblogg.nu\/wp-content\/uploads\/2012\/12\/Carl-Johan-Jakob-och-Lovisa-13-aug-2011.jpg 461w\" sizes=\"(max-width: 180px) 100vw, 180px\" \/><\/a> De \u00e4lskade barnen &#8211; som betyder allt &#8211; och lyckan \u00f6ver att det g\u00e5r bra f\u00f6r dom.<\/p>\n<p>Katterna f\u00f6rst\u00e5s &#8211; dessa gl\u00e4djespridande fyrbentingar! <a href=\"http:\/\/www.filindeblogg.nu\/?attachment_id=41265\" rel=\"attachment wp-att-41265\"><img loading=\"lazy\" class=\"alignnone  wp-image-41265\" title=\"Katterna f\u00e5r n\u00e5nting riktigt gott\" src=\"http:\/\/www.filindeblogg.nu\/wp-content\/uploads\/2012\/12\/Katterna-f\u00e5r-n\u00e5nting-riktigt-gott1-300x225.jpg\" alt=\"\" width=\"180\" height=\"135\" srcset=\"http:\/\/www.filindeblogg.nu\/wp-content\/uploads\/2012\/12\/Katterna-f\u00e5r-n\u00e5nting-riktigt-gott1-300x225.jpg 300w, http:\/\/www.filindeblogg.nu\/wp-content\/uploads\/2012\/12\/Katterna-f\u00e5r-n\u00e5nting-riktigt-gott1.jpg 461w\" sizes=\"(max-width: 180px) 100vw, 180px\" \/><\/a><\/p>\n<p>Gl\u00e4djen \u00f6ver att ha mat f\u00f6r dagen, tak \u00f6ver huvudet &#8211; ett hem att kalla sitt eget.<\/p>\n<p>Dags f\u00f6r \u00e5rets h\u00e4ndelser &#8211; de d\u00e5liga och de bra &#8211; i min hemstad Arboga.<\/p>\n<p><a href=\"http:\/\/www.filindeblogg.nu\/?attachment_id=41268\" rel=\"attachment wp-att-41268\"><img loading=\"lazy\" class=\"alignnone  wp-image-41268\" title=\"\u00c5rets istapp\" src=\"http:\/\/www.filindeblogg.nu\/wp-content\/uploads\/2012\/12\/\u00c5rets-istapp.jpg\" alt=\"\" width=\"136\" height=\"181\" \/><\/a>\u00a0\u00c5rets Istapp 2012 g\u00e5r till de inskr\u00e4nkta, samvetsl\u00f6sa m\u00e4nniskor som s\u00e5g till att \u00e5ter g\u00f6ra <strong>Arboga<\/strong> till en nyhet i d\u00e5lig bem\u00e4rkelse. <a href=\"http:\/\/www.filindeblogg.nu\/?attachment_id=41266\" rel=\"attachment wp-att-41266\"><img loading=\"lazy\" class=\"alignnone  wp-image-41266\" title=\"ETC\" src=\"http:\/\/www.filindeblogg.nu\/wp-content\/uploads\/2012\/12\/ETC.jpg\" alt=\"\" width=\"135\" height=\"180\" \/><\/a> De m\u00e4nniskor som trakasserade invandrare och f\u00f6rst\u00f6rde flyktingf\u00f6rl\u00e4ggningen i Arboga. <a href=\"http:\/\/www.filindeblogg.nu\/?attachment_id=41267\" rel=\"attachment wp-att-41267\"><img loading=\"lazy\" class=\"alignnone  wp-image-41267\" title=\"Flyktingf\u00f6rl\u00e4ggningen\" src=\"http:\/\/www.filindeblogg.nu\/wp-content\/uploads\/2012\/12\/Flyktingf\u00f6rl\u00e4ggningen-300x168.jpg\" alt=\"\" width=\"180\" height=\"101\" srcset=\"http:\/\/www.filindeblogg.nu\/wp-content\/uploads\/2012\/12\/Flyktingf\u00f6rl\u00e4ggningen-300x168.jpg 300w, http:\/\/www.filindeblogg.nu\/wp-content\/uploads\/2012\/12\/Flyktingf\u00f6rl\u00e4ggningen.jpg 520w\" sizes=\"(max-width: 180px) 100vw, 180px\" \/><\/a> <strong>BU och en riktigt kylig istapp till er!<\/strong><\/p>\n<p><a href=\"http:\/\/www.filindeblogg.nu\/?attachment_id=41269\" rel=\"attachment wp-att-41269\"><img loading=\"lazy\" class=\"alignnone  wp-image-41269\" title=\"\u00c5rets solglimt\" src=\"http:\/\/www.filindeblogg.nu\/wp-content\/uploads\/2012\/12\/\u00c5rets-solglimt.jpg\" alt=\"\" width=\"141\" height=\"105\" \/><\/a><strong> \u00c5rets Solglimt<\/strong> g\u00e5r till alla Arbogabor som opponerade sig mot fr\u00e4mlingsfientlighet! Till <strong>Jennie, Ther\u00e9se<\/strong> och alla andra som tv\u00e4rtom engagerar sig h\u00e5rt f\u00f6r flyktingarna p\u00e5 f\u00f6rl\u00e4ggningen vid gamla <strong>Nalles!<\/strong> <a href=\"http:\/\/www.filindeblogg.nu\/?attachment_id=41270\" rel=\"attachment wp-att-41270\"><img loading=\"lazy\" class=\"alignnone size-medium wp-image-41270\" title=\"V\u00e4lkommen till Nalles\" src=\"http:\/\/www.filindeblogg.nu\/wp-content\/uploads\/2012\/12\/V\u00e4lkommen-till-Nalles-300x106.jpg\" alt=\"\" width=\"300\" height=\"106\" srcset=\"http:\/\/www.filindeblogg.nu\/wp-content\/uploads\/2012\/12\/V\u00e4lkommen-till-Nalles-300x106.jpg 300w, http:\/\/www.filindeblogg.nu\/wp-content\/uploads\/2012\/12\/V\u00e4lkommen-till-Nalles.jpg 800w\" sizes=\"(max-width: 300px) 100vw, 300px\" \/><\/a><br \/>\nOch till den invandrarkvinna som p\u00e5 knagglig svenska ringde upp mig och tackade f\u00f6r, som hon tyckte, mitt mod att protestera mot hatbrott i lokaltidningen.<\/p>\n<p style=\"text-align: center;\">L\u00e5t lilla fina Arboga bli en \u00f6ppen, varm stad igen d\u00e4r alla \u00e4r v\u00e4lkomna! <a href=\"http:\/\/www.filindeblogg.nu\/?attachment_id=41271\" rel=\"attachment wp-att-41271\"><img loading=\"lazy\" class=\"alignnone  wp-image-41271\" title=\"Arboga vid \u00e5n\" src=\"http:\/\/www.filindeblogg.nu\/wp-content\/uploads\/2012\/12\/Arboga-vid-\u00e5n.jpg\" alt=\"\" width=\"155\" height=\"116\" \/><\/a><\/p>\n<p><a href=\"http:\/\/www.filindeblogg.nu\/?attachment_id=41272\" rel=\"attachment wp-att-41272\"><img loading=\"lazy\" class=\"alignnone  wp-image-41272\" title=\"IMG_1655 (4)\" src=\"http:\/\/www.filindeblogg.nu\/wp-content\/uploads\/2012\/12\/IMG_1655-4-225x300.jpg\" alt=\"\" width=\"81\" height=\"108\" srcset=\"http:\/\/www.filindeblogg.nu\/wp-content\/uploads\/2012\/12\/IMG_1655-4-225x300.jpg 225w, http:\/\/www.filindeblogg.nu\/wp-content\/uploads\/2012\/12\/IMG_1655-4.jpg 450w\" sizes=\"(max-width: 81px) 100vw, 81px\" \/><\/a> <a href=\"http:\/\/www.filindeblogg.nu\/?attachment_id=41273\" rel=\"attachment wp-att-41273\"><img loading=\"lazy\" class=\"alignnone  wp-image-41273\" title=\"Kalenderblad\" src=\"http:\/\/www.filindeblogg.nu\/wp-content\/uploads\/2012\/12\/Kalenderblad21.jpg\" alt=\"\" width=\"109\" height=\"79\" \/><\/a><strong>Sylvester<\/strong> firas med skumpa! <strong>Grattis!<\/strong><a href=\"http:\/\/www.filindeblogg.nu\/?attachment_id=41275\" rel=\"attachment wp-att-41275\"><img loading=\"lazy\" class=\"alignnone  wp-image-41275\" title=\"vykort flicka - Kopia\" src=\"http:\/\/www.filindeblogg.nu\/wp-content\/uploads\/2012\/12\/vykort-flicka-Kopia22.jpg\" alt=\"\" width=\"56\" height=\"100\" \/><\/a><\/p>\n<p><a href=\"http:\/\/www.filindeblogg.nu\/?attachment_id=41274\" rel=\"attachment wp-att-41274\"><img loading=\"lazy\" class=\"wp-image-41274 aligncenter\" title=\"IMG_1659 (4)\" src=\"http:\/\/www.filindeblogg.nu\/wp-content\/uploads\/2012\/12\/IMG_1659-4-225x300.jpg\" alt=\"\" width=\"81\" height=\"108\" srcset=\"http:\/\/www.filindeblogg.nu\/wp-content\/uploads\/2012\/12\/IMG_1659-4-225x300.jpg 225w, http:\/\/www.filindeblogg.nu\/wp-content\/uploads\/2012\/12\/IMG_1659-4.jpg 450w\" sizes=\"(max-width: 81px) 100vw, 81px\" \/><\/a><\/p>\n<p>Ha en fin ny\u00e5rsafton &#8211; summera r\u00e4tt s\u00e5 att v\u00e5gsk\u00e5len med det goda tynger \u00f6ver! Gl\u00e4ds \u00e5t ett nytt, fr\u00e4scht \u00e5r att \u00e4lska och g\u00f6ra gott f\u00f6r!<\/p>\n<p><a href=\"http:\/\/www.filindeblogg.nu\/?attachment_id=41276\" rel=\"attachment wp-att-41276\"><img loading=\"lazy\" class=\"aligncenter size-full wp-image-41276\" title=\"Gott Nytt \u00c5r\" src=\"http:\/\/www.filindeblogg.nu\/wp-content\/uploads\/2012\/12\/Gott-Nytt-\u00c5r.jpg\" alt=\"\" width=\"296\" height=\"170\" \/><\/a><\/p>\n<p>&nbsp;<\/p>\n","protected":false},"excerpt":{"rendered":"<p>S\u00e5 var d\u00e5 \u00e5rets sista dag inne och det kan vara dags f\u00f6r en summering av dagarna som g\u00e5tt. Vissa blev goda, andra mindre bra. Viktigt \u00e4r att inte l\u00e5ta v\u00e5gsk\u00e5len tynga ner \u00e5t den negativa sidan. F\u00f6r bloggarens egen del var 2012 det \u00e5ret jag f\u00f6rlorade en av mina allra b\u00e4sta v\u00e4nner. Aldrig mer [&hellip;]<\/p>\n","protected":false},"author":1,"featured_media":0,"comment_status":"open","ping_status":"open","sticky":false,"template":"","format":"standard","meta":[],"categories":[127,132,120,101],"tags":[],"_links":{"self":[{"href":"http:\/\/www.filindeblogg.nu\/index.php?rest_route=\/wp\/v2\/posts\/41256"}],"collection":[{"href":"http:\/\/www.filindeblogg.nu\/index.php?rest_route=\/wp\/v2\/posts"}],"about":[{"href":"http:\/\/www.filindeblogg.nu\/index.php?rest_route=\/wp\/v2\/types\/post"}],"author":[{"embeddable":true,"href":"http:\/\/www.filindeblogg.nu\/index.php?rest_route=\/wp\/v2\/users\/1"}],"replies":[{"embeddable":true,"href":"http:\/\/www.filindeblogg.nu\/index.php?rest_route=%2Fwp%2Fv2%2Fcomments&post=41256"}],"version-history":[{"count":21,"href":"http:\/\/www.filindeblogg.nu\/index.php?rest_route=\/wp\/v2\/posts\/41256\/revisions"}],"predecessor-version":[{"id":41297,"href":"http:\/\/www.filindeblogg.nu\/index.php?rest_route=\/wp\/v2\/posts\/41256\/revisions\/41297"}],"wp:attachment":[{"href":"http:\/\/www.filindeblogg.nu\/index.php?rest_route=%2Fwp%2Fv2%2Fmedia&parent=41256"}],"wp:term":[{"taxonomy":"category","embeddable":true,"href":"http:\/\/www.filindeblogg.nu\/index.php?rest_route=%2Fwp%2Fv2%2Fcategories&post=41256"},{"taxonomy":"post_tag","embeddable":true,"href":"http:\/\/www.filindeblogg.nu\/index.php?rest_route=%2Fwp%2Fv2%2Ftags&post=41256"}],"curies":[{"name":"wp","href":"https:\/\/api.w.org\/{rel}","templated":true}]}}