{"id":40776,"date":"2012-12-10T09:14:52","date_gmt":"2012-12-10T08:14:52","guid":{"rendered":"http:\/\/www.filindeblogg.nu\/?p=40776"},"modified":"2012-12-10T09:14:53","modified_gmt":"2012-12-10T08:14:53","slug":"julstress-och-ond-brad-dod","status":"publish","type":"post","link":"http:\/\/www.filindeblogg.nu\/?p=40776","title":{"rendered":"Julstress och ond br\u00e5d d\u00f6d!"},"content":{"rendered":"<p><a href=\"http:\/\/www.filindeblogg.nu\/?attachment_id=40777\" rel=\"attachment wp-att-40777\"><img loading=\"lazy\" class=\"alignnone  wp-image-40777\" title=\"christmas-stress\" src=\"http:\/\/www.filindeblogg.nu\/wp-content\/uploads\/2012\/12\/christmas-stress-300x198.jpg\" alt=\"\" width=\"180\" height=\"119\" srcset=\"http:\/\/www.filindeblogg.nu\/wp-content\/uploads\/2012\/12\/christmas-stress-300x198.jpg 300w, http:\/\/www.filindeblogg.nu\/wp-content\/uploads\/2012\/12\/christmas-stress.jpg 400w\" sizes=\"(max-width: 180px) 100vw, 180px\" \/><\/a> <em>&#8221;Stressed is desserts spelled backwards!&#8221;<br \/>\n<\/em>Vem vill ha efterr\u00e4tten kryddad med panik och hets!?<\/p>\n<p>Jag brukar snappa upp saker fr\u00e5n s\u00f6ndagstidningen och s\u00e5 \u00e4ven idag! <img loading=\"lazy\" class=\"alignnone  wp-image-40778\" title=\"Stress 1\" src=\"http:\/\/www.filindeblogg.nu\/wp-content\/uploads\/2012\/12\/Stress-1-300x225.jpg\" alt=\"\" width=\"180\" height=\"135\" srcset=\"http:\/\/www.filindeblogg.nu\/wp-content\/uploads\/2012\/12\/Stress-1-300x225.jpg 300w, http:\/\/www.filindeblogg.nu\/wp-content\/uploads\/2012\/12\/Stress-1.jpg 600w\" sizes=\"(max-width: 180px) 100vw, 180px\" \/> <a href=\"http:\/\/www.dn.se\/ekonomi\/jobb\" target=\"_blank\"><strong>DN<\/strong> <\/a>skrev ig\u00e5r om stress som leder till sjukdom och d\u00f6d. <em><img loading=\"lazy\" class=\"alignnone  wp-image-40779\" title=\"Stress 2\" src=\"http:\/\/www.filindeblogg.nu\/wp-content\/uploads\/2012\/12\/Stress-2-225x300.jpg\" alt=\"\" width=\"158\" height=\"210\" srcset=\"http:\/\/www.filindeblogg.nu\/wp-content\/uploads\/2012\/12\/Stress-2-225x300.jpg 225w, http:\/\/www.filindeblogg.nu\/wp-content\/uploads\/2012\/12\/Stress-2.jpg 450w\" sizes=\"(max-width: 158px) 100vw, 158px\" \/> <strong>&#8221;Smygande stress gav honom stroke&#8221;<\/strong>.<\/em><\/p>\n<p>Medel\u00e5lders man, kunde lika g\u00e4rna eller hellre vara en kvinna, \u00e4lskar sitt jobb, blir uppskattad f\u00f6r det han eller hon g\u00f6r, k\u00e4nner hur sj\u00e4lvf\u00f6rtroendet st\u00e4rks och l\u00e4gger in en extra v\u00e4xel&#8230; Som slutar med katastrof!<\/p>\n<p><a href=\"http:\/\/www.filindeblogg.nu\/?attachment_id=40789\" rel=\"attachment wp-att-40789\"><img loading=\"lazy\" class=\"alignnone  wp-image-40789\" title=\"Susanne DN januari 1988 Utbr\u00e4nd\" src=\"http:\/\/www.filindeblogg.nu\/wp-content\/uploads\/2012\/12\/Susanne-DN-januari-1988-Utbr\u00e4nd-225x300.jpg\" alt=\"\" width=\"158\" height=\"210\" srcset=\"http:\/\/www.filindeblogg.nu\/wp-content\/uploads\/2012\/12\/Susanne-DN-januari-1988-Utbr\u00e4nd-225x300.jpg 225w, http:\/\/www.filindeblogg.nu\/wp-content\/uploads\/2012\/12\/Susanne-DN-januari-1988-Utbr\u00e4nd.jpg 450w\" sizes=\"(max-width: 158px) 100vw, 158px\" \/><\/a>\u00a0F\u00f6r knappt 15 \u00e5r sedan var jag sj\u00e4lv helsidesuppslag i DN S\u00f6ndag! Ocks\u00e5 jag hade ett fantastiskt jobb som fick mig att piska mig sj\u00e4lv \u00e4nnu mer. Ocks\u00e5 jag hade familj och fritidsintressen som skulle hinnas med. Det slutade i sammanbrott, splittrad familj, livsl\u00e5ng sjukdom och arbetsl\u00f6shet. <a href=\"http:\/\/www.filindeblogg.nu\/?attachment_id=40780\" rel=\"attachment wp-att-40780\"><img loading=\"lazy\" class=\"alignnone  wp-image-40780\" title=\"stress-and-sleep_60284248\" src=\"http:\/\/www.filindeblogg.nu\/wp-content\/uploads\/2012\/12\/stress-and-sleep_60284248-300x225.gif\" alt=\"\" width=\"180\" height=\"135\" srcset=\"http:\/\/www.filindeblogg.nu\/wp-content\/uploads\/2012\/12\/stress-and-sleep_60284248-300x225.gif 300w, http:\/\/www.filindeblogg.nu\/wp-content\/uploads\/2012\/12\/stress-and-sleep_60284248.gif 400w\" sizes=\"(max-width: 180px) 100vw, 180px\" \/><\/a><\/p>\n<p>Var det v\u00e4rt det? Sj\u00e4lvklart inte!! Man brukar s\u00e4ga &#8211; kyrkog\u00e5rdarna \u00e4r fulla av m\u00e4nniskor som trodde de var oumb\u00e4rliga!<br \/>\nDet handlar om sj\u00e4lvf\u00f6rtroende och sj\u00e4lvinsikt. Att inse vad man h\u00e5ller p\u00e5 med och det sv\u00e5raste &#8211; att bryta det! <a href=\"http:\/\/www.filindeblogg.nu\/?attachment_id=40781\" rel=\"attachment wp-att-40781\"><img loading=\"lazy\" class=\"alignnone  wp-image-40781\" title=\"Stressad kvinna\" src=\"http:\/\/www.filindeblogg.nu\/wp-content\/uploads\/2012\/12\/Stressad-kvinna-300x291.jpg\" alt=\"\" width=\"180\" height=\"175\" srcset=\"http:\/\/www.filindeblogg.nu\/wp-content\/uploads\/2012\/12\/Stressad-kvinna-300x291.jpg 300w, http:\/\/www.filindeblogg.nu\/wp-content\/uploads\/2012\/12\/Stressad-kvinna.jpg 483w\" sizes=\"(max-width: 180px) 100vw, 180px\" \/><\/a><\/p>\n<p>Att fatta hur kort livet \u00e4r och v\u00e4rdera det! Att f\u00f6rst\u00e5 att i ett kort liv \u00e4r det s\u00e5 mycket annat som m\u00e5ste prioriteras f\u00f6re jobbet!<br \/>\nHur kan chefen, yrket, arbetsplatsen vara s\u00e5 mycket mera v\u00e4rt \u00e4n din egen h\u00e4lsa och din familj? Hur kan allt annat i livet prioriteras ner f\u00f6r ett jobb?<br \/>\nOch hur kommer det sig att vi inte v\u00e5gar st\u00e4lla oss dessa fr\u00e5gor? <a href=\"http:\/\/www.filindeblogg.nu\/?attachment_id=40782\" rel=\"attachment wp-att-40782\"><img loading=\"lazy\" class=\"alignnone  wp-image-40782\" title=\"Stressad man\" src=\"http:\/\/www.filindeblogg.nu\/wp-content\/uploads\/2012\/12\/Stressad-man-290x300.jpg\" alt=\"\" width=\"174\" height=\"180\" srcset=\"http:\/\/www.filindeblogg.nu\/wp-content\/uploads\/2012\/12\/Stressad-man-290x300.jpg 290w, http:\/\/www.filindeblogg.nu\/wp-content\/uploads\/2012\/12\/Stressad-man.jpg 320w\" sizes=\"(max-width: 174px) 100vw, 174px\" \/><\/a><\/p>\n<p>DN skriver ocks\u00e5 om riskerna rent medicinskt. <a href=\"http:\/\/www.filindeblogg.nu\/?attachment_id=40783\" rel=\"attachment wp-att-40783\"><img loading=\"lazy\" class=\"alignnone  wp-image-40783\" title=\"Stress 3\" src=\"http:\/\/www.filindeblogg.nu\/wp-content\/uploads\/2012\/12\/Stress-3-225x300.jpg\" alt=\"\" width=\"135\" height=\"180\" srcset=\"http:\/\/www.filindeblogg.nu\/wp-content\/uploads\/2012\/12\/Stress-3-225x300.jpg 225w, http:\/\/www.filindeblogg.nu\/wp-content\/uploads\/2012\/12\/Stress-3.jpg 450w\" sizes=\"(max-width: 135px) 100vw, 135px\" \/><\/a> <strong><em>&#8221;H\u00f6gt blodtryck \u00e4r den st\u00f6rsta risken&#8221;. <\/em><\/strong>H\u00e5rt jobb, sjukdom och d\u00f6d&#8230;<strong><em><br \/>\n<\/em><\/strong><\/p>\n<p>Till jul\u00a0 &#8211; hur k\u00e4nns det d\u00e5? N\u00e4r jobbet &#8221;m\u00e5ste&#8221; flyta p\u00e5 trots helgdagar<a href=\"http:\/\/www.expressen.se\/nyheter\/nu-gar-reinfeldt-om-socialdemokraterna\/\" target=\"_blank\">,<\/a> julklappsink\u00f6p, matlagning och sl\u00e4ktbes\u00f6k!<br \/>\nK\u00e4nns julen fridfull och trevlig? <a href=\"http:\/\/www.filindeblogg.nu\/?attachment_id=40786\" rel=\"attachment wp-att-40786\"><img loading=\"lazy\" class=\"alignnone  wp-image-40786\" title=\"Julstress\" src=\"http:\/\/www.filindeblogg.nu\/wp-content\/uploads\/2012\/12\/Julstress.jpg\" alt=\"\" width=\"160\" height=\"114\" \/><\/a><\/p>\n<p>Och hur p\u00e5verkar v\u00e5rt beteende barn och ungdomar? <a href=\"http:\/\/www.filindeblogg.nu\/?attachment_id=40787\" rel=\"attachment wp-att-40787\"><img loading=\"lazy\" class=\"alignnone  wp-image-40787\" title=\"Stressade\" src=\"http:\/\/www.filindeblogg.nu\/wp-content\/uploads\/2012\/12\/Stressade.jpg\" alt=\"\" width=\"165\" height=\"110\" \/><\/a><\/p>\n<p>I morse h\u00f6rde jag p\u00e5<a href=\"http:\/\/www.svt.se\/nyheter\/regionalt\/mittnytt\/buller\" target=\"_blank\"><strong> SVT:s nyheter<\/strong> <\/a>att personalen vill ha bullerskydd p\u00e5 f\u00f6rskolan! F\u00f6rskolel\u00e4rarna anv\u00e4nder h\u00f6rselskydd f\u00f6r att motverka tinnitus. D\u00e5 undrar jag: &#8211; Barnen d\u00e5? Hur g\u00e5r det f\u00f6r dessa sm\u00e5 barn i en h\u00f6gljudd, bullrig och f\u00f6rmodligen stressande milj\u00f6? <a href=\"http:\/\/www.filindeblogg.nu\/?attachment_id=40788\" rel=\"attachment wp-att-40788\"><img loading=\"lazy\" class=\"alignnone  wp-image-40788\" title=\"Stressat barn\" src=\"http:\/\/www.filindeblogg.nu\/wp-content\/uploads\/2012\/12\/Stressat-barn.jpg\" alt=\"\" width=\"131\" height=\"139\" \/><\/a><br \/>\nFotot \u00e4r taget fr\u00e5n en<a href=\"http:\/\/www.myaspergerschild.com\/2007\/08\/how-to-help-your-aspergers-child-deal.html\" target=\"_blank\"> sida<\/a> om barn med <strong>Aspergers syndrom<\/strong>. Det \u00e4r h\u00e5rt f\u00f6r alla barn men det \u00e4r barnen med <strong>AS, ADHD<\/strong> och liknande egenskaper som drabbas v\u00e4rst i s\u00e5dana milj\u00f6er.<\/p>\n<p><a href=\"http:\/\/www.filindeblogg.nu\/?attachment_id=40784\" rel=\"attachment wp-att-40784\"><img loading=\"lazy\" class=\"alignnone  wp-image-40784\" title=\"Stressad bild\" src=\"http:\/\/www.filindeblogg.nu\/wp-content\/uploads\/2012\/12\/Stressad-bild.jpg\" alt=\"\" width=\"157\" height=\"115\" \/><\/a> V\u00e5ga bryta m\u00f6nstret! V\u00e5ga hoppa av! V\u00e5ga ta spr\u00e5nget ut i tomma intet &#8211; innan du knuffas \u00f6ver kanten \u00e4nd\u00e5&#8230; <a href=\"http:\/\/www.filindeblogg.nu\/?attachment_id=40785\" rel=\"attachment wp-att-40785\"><img loading=\"lazy\" class=\"alignnone  wp-image-40785\" title=\"Tr\u00e5d som brister\" src=\"http:\/\/www.filindeblogg.nu\/wp-content\/uploads\/2012\/12\/Tr\u00e5d-som-brister.jpg\" alt=\"\" width=\"161\" height=\"113\" \/><\/a><\/p>\n<p>Jag vet &#8211; been there, done that &#8211; och s\u00e5g inte stupet som n\u00e4rmade sig rekordsnabbt<a href=\"http:\/\/www.svd.se\/nyheter\/inrikes\/festens-succe-hanger-pa-detaljerna_7740948.svd\" target=\"_blank\">.<\/a> Men jag \u00f6verlevde &#8211; alla g\u00f6r inte det.<br \/>\nFundera p\u00e5 om d\u00f6den k\u00e4nns som ett OK alternativ n\u00e4r du v\u00e4grar ge upp jobbstressen?<\/p>\n<p>V\u00e5ga anta den stora utmaningen att f\u00f6r\u00e4ndra ditt liv totalt! Tagga ner, byt jobb, sudda i kalendern, S\u00c4G NEJ &#8211; och LEV!!<\/p>\n<p><a href=\"http:\/\/www.filindeblogg.nu\/?attachment_id=40790\" rel=\"attachment wp-att-40790\"><img loading=\"lazy\" class=\"alignnone  wp-image-40790\" title=\"Kalenderblad\" src=\"http:\/\/www.filindeblogg.nu\/wp-content\/uploads\/2012\/12\/Kalenderblad8.jpg\" alt=\"\" width=\"109\" height=\"79\" \/><\/a> <strong>Malin<\/strong> och <strong>Malena<\/strong> har namnsdag idag p\u00e5 <strong>Nobeldagen! Grattis<\/strong> flickor och grattis till alla Nobelpristagare! <a href=\"http:\/\/www.filindeblogg.nu\/?attachment_id=40791\" rel=\"attachment wp-att-40791\"><img loading=\"lazy\" class=\"alignnone  wp-image-40791\" title=\"vykort flicka - Kopia\" src=\"http:\/\/www.filindeblogg.nu\/wp-content\/uploads\/2012\/12\/vykort-flicka-Kopia8.jpg\" alt=\"\" width=\"47\" height=\"83\" \/><\/a><\/p>\n<p>S\u00e4nk farten till jul och ge dig sen sj\u00e4lv ett ny\u00e5rsl\u00f6fte: Hoppa av ekorrhjulet!<\/p>\n<p><a href=\"http:\/\/www.filindeblogg.nu\/?attachment_id=40793\" rel=\"attachment wp-att-40793\"><img loading=\"lazy\" class=\"alignnone  wp-image-40793\" title=\"IMG_1194 (5)\" src=\"http:\/\/www.filindeblogg.nu\/wp-content\/uploads\/2012\/12\/IMG_1194-5-300x225.jpg\" alt=\"\" width=\"180\" height=\"135\" srcset=\"http:\/\/www.filindeblogg.nu\/wp-content\/uploads\/2012\/12\/IMG_1194-5-300x225.jpg 300w, http:\/\/www.filindeblogg.nu\/wp-content\/uploads\/2012\/12\/IMG_1194-5.jpg 600w\" sizes=\"(max-width: 180px) 100vw, 180px\" \/><\/a>\u00a0Livet \u00e4r s\u00e5 mycket mer \u00e4n jobb. Jobba f\u00f6r att leva &#8211; lev inte f\u00f6r att jobba!<\/p>\n<p style=\"text-align: center;\">L\u00e5t kommande jul bli fylld av lugn och frid<br \/>\nmed julgodis utan panik!<\/p>\n<p><a href=\"http:\/\/www.filindeblogg.nu\/?attachment_id=40792\" rel=\"attachment wp-att-40792\"><img loading=\"lazy\" class=\"aligncenter size-medium wp-image-40792\" title=\"IMG_1240 (5)\" src=\"http:\/\/www.filindeblogg.nu\/wp-content\/uploads\/2012\/12\/IMG_1240-5-225x300.jpg\" alt=\"\" width=\"225\" height=\"300\" srcset=\"http:\/\/www.filindeblogg.nu\/wp-content\/uploads\/2012\/12\/IMG_1240-5-225x300.jpg 225w, http:\/\/www.filindeblogg.nu\/wp-content\/uploads\/2012\/12\/IMG_1240-5.jpg 450w\" sizes=\"(max-width: 225px) 100vw, 225px\" \/><\/a><\/p>\n<p>&nbsp;<\/p>\n<p>&nbsp;<\/p>\n","protected":false},"excerpt":{"rendered":"<p>&#8221;Stressed is desserts spelled backwards!&#8221; Vem vill ha efterr\u00e4tten kryddad med panik och hets!? Jag brukar snappa upp saker fr\u00e5n s\u00f6ndagstidningen och s\u00e5 \u00e4ven idag! DN skrev ig\u00e5r om stress som leder till sjukdom och d\u00f6d. &#8221;Smygande stress gav honom stroke&#8221;. Medel\u00e5lders man, kunde lika g\u00e4rna eller hellre vara en kvinna, \u00e4lskar sitt jobb, blir [&hellip;]<\/p>\n","protected":false},"author":1,"featured_media":0,"comment_status":"open","ping_status":"open","sticky":false,"template":"","format":"standard","meta":[],"categories":[107,100,147,149,132,151,110,140,101],"tags":[],"_links":{"self":[{"href":"http:\/\/www.filindeblogg.nu\/index.php?rest_route=\/wp\/v2\/posts\/40776"}],"collection":[{"href":"http:\/\/www.filindeblogg.nu\/index.php?rest_route=\/wp\/v2\/posts"}],"about":[{"href":"http:\/\/www.filindeblogg.nu\/index.php?rest_route=\/wp\/v2\/types\/post"}],"author":[{"embeddable":true,"href":"http:\/\/www.filindeblogg.nu\/index.php?rest_route=\/wp\/v2\/users\/1"}],"replies":[{"embeddable":true,"href":"http:\/\/www.filindeblogg.nu\/index.php?rest_route=%2Fwp%2Fv2%2Fcomments&post=40776"}],"version-history":[{"count":42,"href":"http:\/\/www.filindeblogg.nu\/index.php?rest_route=\/wp\/v2\/posts\/40776\/revisions"}],"predecessor-version":[{"id":40835,"href":"http:\/\/www.filindeblogg.nu\/index.php?rest_route=\/wp\/v2\/posts\/40776\/revisions\/40835"}],"wp:attachment":[{"href":"http:\/\/www.filindeblogg.nu\/index.php?rest_route=%2Fwp%2Fv2%2Fmedia&parent=40776"}],"wp:term":[{"taxonomy":"category","embeddable":true,"href":"http:\/\/www.filindeblogg.nu\/index.php?rest_route=%2Fwp%2Fv2%2Fcategories&post=40776"},{"taxonomy":"post_tag","embeddable":true,"href":"http:\/\/www.filindeblogg.nu\/index.php?rest_route=%2Fwp%2Fv2%2Ftags&post=40776"}],"curies":[{"name":"wp","href":"https:\/\/api.w.org\/{rel}","templated":true}]}}