{"id":39920,"date":"2012-11-17T08:13:28","date_gmt":"2012-11-17T07:13:28","guid":{"rendered":"http:\/\/www.filindeblogg.nu\/?p=39920"},"modified":"2012-11-17T08:13:28","modified_gmt":"2012-11-17T07:13:28","slug":"kattfnatt-sprakforbistring-som-ger-nya-pizzasorter-och-en-hint-om-grona-badkar","status":"publish","type":"post","link":"http:\/\/www.filindeblogg.nu\/?p=39920","title":{"rendered":"Kattfnatt, spr\u00e5kf\u00f6rbistring som ger nya pizzasorter och en hint om gr\u00f6na badkar!"},"content":{"rendered":"<p><a href=\"http:\/\/www.filindeblogg.nu\/?attachment_id=39921\" rel=\"attachment wp-att-39921\"><img loading=\"lazy\" class=\"alignnone  wp-image-39921\" title=\"17 november 2012 018\" src=\"http:\/\/www.filindeblogg.nu\/wp-content\/uploads\/2012\/11\/17-november-2012-018-225x300.jpg\" alt=\"\" width=\"135\" height=\"180\" srcset=\"http:\/\/www.filindeblogg.nu\/wp-content\/uploads\/2012\/11\/17-november-2012-018-225x300.jpg 225w, http:\/\/www.filindeblogg.nu\/wp-content\/uploads\/2012\/11\/17-november-2012-018.jpg 231w\" sizes=\"(max-width: 135px) 100vw, 135px\" \/><\/a> Man f\u00e5r inte vara m\u00f6rkr\u00e4dd n\u00e4r man drar upp persiennerna! Den h\u00e4r lilla figuren bligade in p\u00e5 mig n\u00e4r jag gick upp imorse!<\/p>\n<p>Katter \u00e4r ju som dom \u00e4r och <strong>Vilda Wilma<\/strong> \u00e4r mer \u00e4n s\u00e5! <a href=\"http:\/\/www.filindeblogg.nu\/?attachment_id=39922\" rel=\"attachment wp-att-39922\"><img loading=\"lazy\" class=\"alignnone  wp-image-39922\" title=\"17 november 2012 019\" src=\"http:\/\/www.filindeblogg.nu\/wp-content\/uploads\/2012\/11\/17-november-2012-019-225x300.jpg\" alt=\"\" width=\"135\" height=\"180\" srcset=\"http:\/\/www.filindeblogg.nu\/wp-content\/uploads\/2012\/11\/17-november-2012-019-225x300.jpg 225w, http:\/\/www.filindeblogg.nu\/wp-content\/uploads\/2012\/11\/17-november-2012-019.jpg 231w\" sizes=\"(max-width: 135px) 100vw, 135px\" \/><\/a> Sj\u00e4lvklart g\u00e5r det ju inte att ta sig in den vanliga v\u00e4gen utan det ska ske genom f\u00f6nstret om Wilma f\u00e5r best\u00e4mma. <a href=\"http:\/\/www.filindeblogg.nu\/?attachment_id=39923\" rel=\"attachment wp-att-39923\"><img loading=\"lazy\" class=\"alignnone  wp-image-39923\" title=\"17 november 2012 020\" src=\"http:\/\/www.filindeblogg.nu\/wp-content\/uploads\/2012\/11\/17-november-2012-020-225x300.jpg\" alt=\"\" width=\"135\" height=\"180\" srcset=\"http:\/\/www.filindeblogg.nu\/wp-content\/uploads\/2012\/11\/17-november-2012-020-225x300.jpg 225w, http:\/\/www.filindeblogg.nu\/wp-content\/uploads\/2012\/11\/17-november-2012-020.jpg 231w\" sizes=\"(max-width: 135px) 100vw, 135px\" \/><\/a> Och det f\u00e5r hon f\u00f6rst\u00e5s! \ud83d\ude42<\/p>\n<p><a href=\"http:\/\/www.filindeblogg.nu\/?attachment_id=39924\" rel=\"attachment wp-att-39924\"><img loading=\"lazy\" class=\"alignnone  wp-image-39924\" title=\"IMG_0628\" src=\"http:\/\/www.filindeblogg.nu\/wp-content\/uploads\/2012\/11\/IMG_0628-300x225.jpg\" alt=\"\" width=\"180\" height=\"135\" srcset=\"http:\/\/www.filindeblogg.nu\/wp-content\/uploads\/2012\/11\/IMG_0628-300x225.jpg 300w, http:\/\/www.filindeblogg.nu\/wp-content\/uploads\/2012\/11\/IMG_0628.jpg 461w\" sizes=\"(max-width: 180px) 100vw, 180px\" \/><\/a> Sen ligger hon bara d\u00e4r och v\u00e4ntar p\u00e5 att f\u00e5 frukosten serverad!<\/p>\n<p>F\u00f6r att sen f\u00f6rn\u00f6jt ta en slummer p\u00e5 maten! <a href=\"http:\/\/www.filindeblogg.nu\/?attachment_id=39925\" rel=\"attachment wp-att-39925\"><img loading=\"lazy\" class=\"alignnone  wp-image-39925\" title=\"Wilma sussar\" src=\"http:\/\/www.filindeblogg.nu\/wp-content\/uploads\/2012\/11\/Wilma-sussar-300x225.jpg\" alt=\"\" width=\"180\" height=\"135\" srcset=\"http:\/\/www.filindeblogg.nu\/wp-content\/uploads\/2012\/11\/Wilma-sussar-300x225.jpg 300w, http:\/\/www.filindeblogg.nu\/wp-content\/uploads\/2012\/11\/Wilma-sussar.jpg 461w\" sizes=\"(max-width: 180px) 100vw, 180px\" \/><\/a><\/p>\n<p>Kattfnatt!! Och jag \u00e4lskar det. \ud83d\ude09<\/p>\n<p>Vad g\u00e4ller spr\u00e5kf\u00f6rbistring s\u00e5 gjorde den att pizzan<strong> Due Stagioni Mexicana<\/strong> har uppst\u00e5tt&#8230; <a href=\"http:\/\/www.filindeblogg.nu\/?attachment_id=39926\" rel=\"attachment wp-att-39926\"><img loading=\"lazy\" class=\"alignnone  wp-image-39926\" title=\"IMG_0723 (4)\" src=\"http:\/\/www.filindeblogg.nu\/wp-content\/uploads\/2012\/11\/IMG_0723-4-300x225.jpg\" alt=\"\" width=\"180\" height=\"135\" srcset=\"http:\/\/www.filindeblogg.nu\/wp-content\/uploads\/2012\/11\/IMG_0723-4-300x225.jpg 300w, http:\/\/www.filindeblogg.nu\/wp-content\/uploads\/2012\/11\/IMG_0723-4.jpg 600w\" sizes=\"(max-width: 180px) 100vw, 180px\" \/><\/a><br \/>\nN\u00e4r bloggaren skulle best\u00e4lla 1 st <strong>Quatro Stagioni<\/strong> och en liten <strong>Mexicana<\/strong> blev det f\u00f6rvirrat. Jag tar p\u00e5 mig del av skulden f\u00f6r jag uttryckte mig nog oklart.<\/p>\n<p>D\u00f6m om v\u00e5r f\u00f6rv\u00e5ning n\u00e4r inte tv\u00e5 pizzor levererades utan en &#8211; i kombination!!<br \/>\nPizzan \u00e4r allts\u00e5 h\u00e4lften av sorten Mexicana och h\u00e4lften Quatro Stagioni!<\/p>\n<p>Vilken av \u00e5rstiderna pizzerian utesl\u00f6t blev vi inte kloka p\u00e5. (Stagioni betyder ju \u00e5rstid och av de quatro (fyra) som borde ha ing\u00e5tt blev det bara due (tv\u00e5).<br \/>\nMen gott var det\u00a0 och vi delade systerligt p\u00e5 pizzan &#8211; \u00e4ven om en ganska hungrig bloggare nog g\u00e4rna sett att hon f\u00e5tt en hel pizza f\u00f6r egen del&#8230;<\/p>\n<p>Gr\u00f6na badkar d\u00e5!? Jo, s\u00e5 h\u00e4r kan det se ut hos en del boende i <strong>Arboga<\/strong> just nu&#8230; <a href=\"http:\/\/www.filindeblogg.nu\/?attachment_id=39927\" rel=\"attachment wp-att-39927\"><img loading=\"lazy\" class=\"alignnone  wp-image-39927\" title=\"17 november 2012 016\" src=\"http:\/\/www.filindeblogg.nu\/wp-content\/uploads\/2012\/11\/17-november-2012-016-300x225.jpg\" alt=\"\" width=\"180\" height=\"135\" srcset=\"http:\/\/www.filindeblogg.nu\/wp-content\/uploads\/2012\/11\/17-november-2012-016-300x225.jpg 300w, http:\/\/www.filindeblogg.nu\/wp-content\/uploads\/2012\/11\/17-november-2012-016.jpg 720w\" sizes=\"(max-width: 180px) 100vw, 180px\" \/><\/a> K\u00e4nns det riktigt OK att kliva ner i karet f\u00f6r ett bad n\u00e4r vattnet ur kranen \u00e4r neongr\u00f6nt&#8230;?<br \/>\n<a href=\"http:\/\/www.filindeblogg.nu\/?attachment_id=39928\" rel=\"attachment wp-att-39928\"><img loading=\"lazy\" class=\"alignnone  wp-image-39928\" title=\"Info s\u00f6kes\" src=\"http:\/\/www.filindeblogg.nu\/wp-content\/uploads\/2012\/11\/Info-s\u00f6kes.jpg\" alt=\"\" width=\"128\" height=\"142\" \/><\/a>Information om el\u00e4ndet saknades ocks\u00e5 och hyresg\u00e4sten undrade oroligt om tillagning av mat i gr\u00f6nt vatten var att rekommendera&#8230;<\/p>\n<p>Men t\u00e4nk vad man l\u00e4r sig genom att blogga! Det h\u00e4r hittar jag p\u00e5 <strong>M\u00e4larenergi<\/strong>s sida! <a href=\"http:\/\/www.filindeblogg.nu\/?attachment_id=39929\" rel=\"attachment wp-att-39929\"><img loading=\"lazy\" class=\"alignnone  wp-image-39929\" title=\"pyranin\" src=\"http:\/\/www.filindeblogg.nu\/wp-content\/uploads\/2012\/11\/pyranin.png\" alt=\"\" width=\"120\" height=\"180\" \/><\/a> <strong>Pyranin!!<\/strong><\/p>\n<p>Fr\u00e5n sidan citerar jag: <em>&#8221;Pyranin \u00e4r ett natriumsalt som under l\u00e5ng tid anv\u00e4nts vid l\u00e4cks\u00f6kning i ledningar och metoden \u00e4r godk\u00e4nd av Livsmedelsverket och Milj\u00f6- och h\u00e4lsoskyddsn\u00e4mnden i V\u00e4ster\u00e5s. N\u00e5gon risk f\u00f6r f\u00e4rgp\u00e5verkan p\u00e5 tv\u00e4tt, h\u00e5r och dylikt finns inte. Men anv\u00e4nd d\u00e4remot inte gr\u00f6nf\u00e4rgat varmvatten till matlagning. En god regel \u00e4r att aldrig anv\u00e4nda varmvatten n\u00e4r du lagar mat.&#8221;<br \/>\n<\/em>L\u00e4s mera <a href=\"http:\/\/www.malarenergi.se\/privat\/fjarrvarme\/sa-fungerar-fjarrvarme\/Gront-vatten-i-fjarrvarmeledningarna\/\" target=\"_blank\"><strong>H\u00c4R<\/strong><\/a> hos <strong>M\u00e4larenergi<\/strong>!<em><\/em><\/p>\n<p>K\u00e4nns v\u00e4l &#8221;s\u00e5 d\u00e4r&#8221; kanske och information om gr\u00f6nspolningen borde v\u00e4l ha f\u00f6reg\u00e5tts i god tid innan. <a href=\"http:\/\/www.filindeblogg.nu\/?attachment_id=39930\" rel=\"attachment wp-att-39930\"><img loading=\"lazy\" class=\"alignnone  wp-image-39930\" title=\"INFORMATION\" src=\"http:\/\/www.filindeblogg.nu\/wp-content\/uploads\/2012\/11\/INFORMATION.jpg\" alt=\"\" width=\"156\" height=\"116\" \/><\/a><\/p>\n<p><a href=\"http:\/\/www.filindeblogg.nu\/?attachment_id=39931\" rel=\"attachment wp-att-39931\"><img loading=\"lazy\" class=\"alignnone  wp-image-39931\" title=\"Kalenderblad\" src=\"http:\/\/www.filindeblogg.nu\/wp-content\/uploads\/2012\/11\/Kalenderblad16.jpg\" alt=\"\" width=\"109\" height=\"79\" \/><\/a><strong>Naemi<\/strong> och <strong>Naima<\/strong> har namnsdag idag och ska firas! Dessa lite udda namn m\u00e5ste utforskas!<br \/>\n<a href=\"http:\/\/sv.wikipedia.org\/wiki\/Naemi\" target=\"_blank\"><strong>Wikipedia<\/strong><\/a> ber\u00e4ttar s\u00e5 h\u00e4r: <em>&#8221;Kvinnonamnet <strong>Naemi<\/strong> eller <strong>Naimi<\/strong> h\u00e4rstammar liksom Naima och <strong>Noemi<\/strong> fr\u00e5n hebreiskans<\/em><em>\u00a0 <\/em><em>Naomi (el Noomi) som betyder mitt behag eller den angen\u00e4ma.&#8221;<br \/>\n<\/em>En g\u00e5ng hade jag en l\u00e4rare som hette <strong>Naemi Ageborg<\/strong> och <strong>Naima Wifstrand<\/strong> var en m\u00e5ngkunnig sk\u00e5despelare som levde mellan \u00e5ren 1890-1968!\u00a0<a href=\"http:\/\/www.filindeblogg.nu\/?attachment_id=39932\" rel=\"attachment wp-att-39932\"><img loading=\"lazy\" class=\"alignnone  wp-image-39932\" title=\"Naima Wifstrand\" src=\"http:\/\/www.filindeblogg.nu\/wp-content\/uploads\/2012\/11\/Naima-Wifstrand.jpg\" alt=\"\" width=\"134\" height=\"136\" \/><\/a><br \/>\nL\u00e4s mer om Naima Wifstrand <a href=\"http:\/\/sv.wikipedia.org\/wiki\/Naima_Wifstrand\" target=\"_blank\"><strong>H\u00c4R<\/strong><\/a>!<em><br \/>\n<\/em><strong>GRATTIS<\/strong> alla med namnet! Sj\u00e4lv t\u00e4nker jag p\u00e5 namnvarianten <strong>Noomi<\/strong>! <a href=\"http:\/\/www.filindeblogg.nu\/?attachment_id=39933\" rel=\"attachment wp-att-39933\"><img loading=\"lazy\" class=\"alignnone  wp-image-39933\" title=\"Lisbeth Salander\" src=\"http:\/\/www.filindeblogg.nu\/wp-content\/uploads\/2012\/11\/Lisbeth-Salander.jpg\" alt=\"\" width=\"152\" height=\"119\" \/><\/a> <strong>Noomi Rapace<\/strong> som<strong> Lisbeth Salander<\/strong>.<em><br \/>\n<\/em><\/p>\n<p>P\u00e5 tal om att fira s\u00e5 lever vi svenskar \u00e4nnu kvar i ruset av fotbollssegern mot <strong>England<\/strong> eller hur!! <a href=\"http:\/\/www.filindeblogg.nu\/?attachment_id=39934\" rel=\"attachment wp-att-39934\"><img loading=\"lazy\" class=\"alignnone size-medium wp-image-39934\" title=\"Zlatan Magic Englands tidningar idag\" src=\"http:\/\/www.filindeblogg.nu\/wp-content\/uploads\/2012\/11\/Zlatan-Magic-Englands-tidningar-idag-300x210.jpg\" alt=\"\" width=\"300\" height=\"210\" srcset=\"http:\/\/www.filindeblogg.nu\/wp-content\/uploads\/2012\/11\/Zlatan-Magic-Englands-tidningar-idag-300x210.jpg 300w, http:\/\/www.filindeblogg.nu\/wp-content\/uploads\/2012\/11\/Zlatan-Magic-Englands-tidningar-idag.jpg 355w\" sizes=\"(max-width: 300px) 100vw, 300px\" \/><\/a><\/p>\n<p>Magiskt \u00e4r ocks\u00e5 <strong>Paris,<\/strong> som f\u00f6r \u00f6vrigt \u00e4r <strong>Zlatans<\/strong> bostadsort just nu, och jag dr\u00f6mmer mig tillbaka till staden fr\u00e5n i somras med hj\u00e4lp av min kalender &#8211; h\u00e4r bilden f\u00f6r november m\u00e5nad:<\/p>\n<p style=\"text-align: center;\"><img loading=\"lazy\" class=\"aligncenter size-medium wp-image-39935\" title=\"IMG_0703 (4)\" src=\"http:\/\/www.filindeblogg.nu\/wp-content\/uploads\/2012\/11\/IMG_0703-4-300x225.jpg\" alt=\"\" width=\"300\" height=\"225\" srcset=\"http:\/\/www.filindeblogg.nu\/wp-content\/uploads\/2012\/11\/IMG_0703-4-300x225.jpg 300w, http:\/\/www.filindeblogg.nu\/wp-content\/uploads\/2012\/11\/IMG_0703-4.jpg 600w\" sizes=\"(max-width: 300px) 100vw, 300px\" \/>Njut l\u00f6rdagen!<\/p>\n<p>&nbsp;<\/p>\n<p>&nbsp;<\/p>\n","protected":false},"excerpt":{"rendered":"<p>Man f\u00e5r inte vara m\u00f6rkr\u00e4dd n\u00e4r man drar upp persiennerna! Den h\u00e4r lilla figuren bligade in p\u00e5 mig n\u00e4r jag gick upp imorse! Katter \u00e4r ju som dom \u00e4r och Vilda Wilma \u00e4r mer \u00e4n s\u00e5! Sj\u00e4lvklart g\u00e5r det ju inte att ta sig in den vanliga v\u00e4gen utan det ska ske genom f\u00f6nstret om [&hellip;]<\/p>\n","protected":false},"author":1,"featured_media":0,"comment_status":"open","ping_status":"open","sticky":false,"template":"","format":"standard","meta":[],"categories":[127,41,100,122,149,148,130],"tags":[],"_links":{"self":[{"href":"http:\/\/www.filindeblogg.nu\/index.php?rest_route=\/wp\/v2\/posts\/39920"}],"collection":[{"href":"http:\/\/www.filindeblogg.nu\/index.php?rest_route=\/wp\/v2\/posts"}],"about":[{"href":"http:\/\/www.filindeblogg.nu\/index.php?rest_route=\/wp\/v2\/types\/post"}],"author":[{"embeddable":true,"href":"http:\/\/www.filindeblogg.nu\/index.php?rest_route=\/wp\/v2\/users\/1"}],"replies":[{"embeddable":true,"href":"http:\/\/www.filindeblogg.nu\/index.php?rest_route=%2Fwp%2Fv2%2Fcomments&post=39920"}],"version-history":[{"count":36,"href":"http:\/\/www.filindeblogg.nu\/index.php?rest_route=\/wp\/v2\/posts\/39920\/revisions"}],"predecessor-version":[{"id":39971,"href":"http:\/\/www.filindeblogg.nu\/index.php?rest_route=\/wp\/v2\/posts\/39920\/revisions\/39971"}],"wp:attachment":[{"href":"http:\/\/www.filindeblogg.nu\/index.php?rest_route=%2Fwp%2Fv2%2Fmedia&parent=39920"}],"wp:term":[{"taxonomy":"category","embeddable":true,"href":"http:\/\/www.filindeblogg.nu\/index.php?rest_route=%2Fwp%2Fv2%2Fcategories&post=39920"},{"taxonomy":"post_tag","embeddable":true,"href":"http:\/\/www.filindeblogg.nu\/index.php?rest_route=%2Fwp%2Fv2%2Ftags&post=39920"}],"curies":[{"name":"wp","href":"https:\/\/api.w.org\/{rel}","templated":true}]}}