{"id":393,"date":"2007-10-13T14:52:27","date_gmt":"2007-10-13T13:52:27","guid":{"rendered":"http:\/\/www.filindeblogg.nu\/?p=393"},"modified":"2009-06-05T04:44:30","modified_gmt":"2009-06-05T03:44:30","slug":"socialdemokratin-har-misslyckats-med-skolpolitiken","status":"publish","type":"post","link":"http:\/\/www.filindeblogg.nu\/?p=393","title":{"rendered":"&#8221;Socialdemokratin har misslyckats med skolpolitiken!&#8221;"},"content":{"rendered":"<p class=\"MsoNormal\"><strong><span style=\"font-size: 10pt; font-family: Arial\">Med gl\u00e4dje och f\u00f6rv\u00e4ntan l\u00e4ser jag i <a href=\"http:\/\/www.dn.se\/DNet\/jsp\/polopoly.jsp?d=572&amp;a=703281\">DN <\/a>att socialdemokraternas skolpolitiska r\u00e5dslagsgrupp i Stockholms l\u00e4n l\u00e4mnat in en l\u00e5ng rad bra f\u00f6rslag till partiledningen vad g\u00e4ller den idag icke-fungerande skolan!<\/span><\/strong><\/p>\n<p class=\"MsoNormal\"><strong><span style=\"font-size: 10pt; font-family: Arial\">Jag saknar dock en mycket viktig punkt i raden av prop\u00e5er \u2013 n\u00e4mligen f\u00f6rh\u00e5llandena f\u00f6r barn med neuropsykiatriska funktionshinder. Elever, normal- eller \u00f6verbeg\u00e5vade, men med diagnoserna ADHD, Aspergers syndrom och liknande tillst\u00e5nd \u2013 har idag en fullst\u00e4ndigt orimlig skolsituation! Det heter att barn har skolplikt \u2013 men det finns ingen plikt i motsatt riktning \u2013 d.v.s. skolans skyldighet att ge elever med neuropsykiatriska funktionshinder en v\u00e4rdig skolundervisning existerar inte! <\/span><\/strong><\/p>\n<p class=\"MsoNormal\"><strong><span style=\"font-size: 10pt; font-family: Arial\">Jag hoppas innerligt att de h\u00e4r eleverna inte g\u00f6ms in i de f\u00f6rslag som Stockholms l\u00e4ns skolpolitiska r\u00e5dslagsgrupp har och som inneb\u00e4r att \u201dvarna och st\u00e4nga av elever\u201d n\u00e4r det uppst\u00e5r \u201dordningsproblem\u201d.<\/span><\/strong><\/p>\n<p class=\"MsoNormal\"><strong><span style=\"font-size: 10pt; font-family: Arial\">Det vore \u00f6nskv\u00e4rt med en kommentar fr\u00e5n skolr\u00e5det om varf\u00f6r inte denna stora grupp av elever n\u00e4mns i f\u00f6rslagen.<\/span><\/strong><\/p>\n","protected":false},"excerpt":{"rendered":"<p>Med gl\u00e4dje och f\u00f6rv\u00e4ntan l\u00e4ser jag i DN att socialdemokraternas skolpolitiska r\u00e5dslagsgrupp i Stockholms l\u00e4n l\u00e4mnat in en l\u00e5ng rad bra f\u00f6rslag till partiledningen vad g\u00e4ller den idag icke-fungerande skolan! Jag saknar dock en mycket viktig punkt i raden av prop\u00e5er \u2013 n\u00e4mligen f\u00f6rh\u00e5llandena f\u00f6r barn med neuropsykiatriska funktionshinder. Elever, normal- eller \u00f6verbeg\u00e5vade, men med [&hellip;]<\/p>\n","protected":false},"author":1,"featured_media":0,"comment_status":"open","ping_status":"open","sticky":false,"template":"","format":"standard","meta":[],"categories":[1,107],"tags":[],"_links":{"self":[{"href":"http:\/\/www.filindeblogg.nu\/index.php?rest_route=\/wp\/v2\/posts\/393"}],"collection":[{"href":"http:\/\/www.filindeblogg.nu\/index.php?rest_route=\/wp\/v2\/posts"}],"about":[{"href":"http:\/\/www.filindeblogg.nu\/index.php?rest_route=\/wp\/v2\/types\/post"}],"author":[{"embeddable":true,"href":"http:\/\/www.filindeblogg.nu\/index.php?rest_route=\/wp\/v2\/users\/1"}],"replies":[{"embeddable":true,"href":"http:\/\/www.filindeblogg.nu\/index.php?rest_route=%2Fwp%2Fv2%2Fcomments&post=393"}],"version-history":[{"count":1,"href":"http:\/\/www.filindeblogg.nu\/index.php?rest_route=\/wp\/v2\/posts\/393\/revisions"}],"predecessor-version":[{"id":6095,"href":"http:\/\/www.filindeblogg.nu\/index.php?rest_route=\/wp\/v2\/posts\/393\/revisions\/6095"}],"wp:attachment":[{"href":"http:\/\/www.filindeblogg.nu\/index.php?rest_route=%2Fwp%2Fv2%2Fmedia&parent=393"}],"wp:term":[{"taxonomy":"category","embeddable":true,"href":"http:\/\/www.filindeblogg.nu\/index.php?rest_route=%2Fwp%2Fv2%2Fcategories&post=393"},{"taxonomy":"post_tag","embeddable":true,"href":"http:\/\/www.filindeblogg.nu\/index.php?rest_route=%2Fwp%2Fv2%2Ftags&post=393"}],"curies":[{"name":"wp","href":"https:\/\/api.w.org\/{rel}","templated":true}]}}