{"id":3913,"date":"2008-12-30T11:46:13","date_gmt":"2008-12-30T10:46:13","guid":{"rendered":"http:\/\/www.filindeblogg.nu\/?p=3913"},"modified":"2008-12-30T12:12:54","modified_gmt":"2008-12-30T11:12:54","slug":"2008-aret-som-gatt-pa-min-blogg","status":"publish","type":"post","link":"http:\/\/www.filindeblogg.nu\/?p=3913","title":{"rendered":"2008 \u00c5ret som g\u00e5tt &#8211; p\u00e5 min blogg"},"content":{"rendered":"<p>H\u00e4r kommer en liten \u00e5rskr\u00f6nika \u00f6ver \u00e5r 2008 p\u00e5 min blogg<a href=\"http:\/\/www.dn.se\/DNet\/jsp\/polopoly.jsp?d=3130&amp;a=868840\">!<\/a> Jag hade stora planer f\u00f6rst betr\u00e4ffande kr\u00f6nikan men kom sedan p\u00e5 andra tankar<a href=\"http:\/\/www.svd.se\/naringsliv\/nyheter\/artikel_2255099.svd\">. <\/a>Ni orkar nog inte l\u00e4sa<a href=\"http:\/\/www.aftonbladet.se\/nyheter\/article4083127.ab\">&#8230; <\/a>S\u00e5 jag tar det kortfattat<a href=\"http:\/\/sydsvenskan.se\/skane\/article402290\/Vad-minns-du-fran-2008.html\">!<\/a><\/p>\n<p><strong>Januari<\/strong><br \/>\nDenna m\u00e5nad skrev jag om <strong>Guantanamo <\/strong>som &#8221;firade&#8221; 6 \u00e5r som tortyrl\u00e4ger i USA:s namn. N\u00e5got som gjorde mig mycket uppr\u00f6rd.<br \/>\nJag fikade med <strong>Annetten Kullenberg<\/strong> och fann en underbart klok och humoristisk person! Detta tack vare Arbogas reaktion p\u00e5 &#8221;uttalanden&#8221; fr\u00e5n Annette&#8230; Jag tog helt sonika kontakt med kvinnan f\u00f6r att bilda mig en egen uppfattning. Ett initiativ som jag inte \u00e5ngrar! Tack Annette!<br \/>\nUnder januari fick jag \u00e5ter det tvivelaktiga n\u00f6jet att stifta n\u00e4rmare bekantskap med F\u00f6rs\u00e4kringskassan genom tv\u00e5ngsutredning p\u00e5 Manpower H\u00e4lsopartner i V\u00e4ster\u00e5s. Utslaget blev detsamma som mina sjukskrivande l\u00e4kare kommit fram till. L\u00e5ng n\u00e4sa F\u00f6rs\u00e4kringskassan! Men f\u00f6r vilka kostnader&#8230;<\/p>\n<p><strong>Februari<br \/>\n<\/strong>Jag skrev om &#8221;L\u00c5PA&#8221; &#8211; Lars-\u00c5ke Pettersson. Citat fr\u00e5n 20 februari:&#8221;<em><strong>Heder \u00e5t Lars-\u00c5ke Pettersson <\/strong>&#8211; numera<strong> f d <\/strong>chef f\u00f6r Kronobergsh\u00e4ktet! Att s\u00e4ga upp sig i protest mot ytterligare f\u00f6rs\u00e4mringar<a href=\"http:\/\/www.dn.se\/DNet\/jsp\/polopoly.jsp?d=1298&amp;a=744425\"> <\/a>f\u00f6r intagna p\u00e5 f\u00e5ngv\u00e5rdsanstalter visar p\u00e5 civilkurage och stor trov\u00e4rdighet!&#8221; <\/em>Och fick flera svar bl a fr\u00e5n f d intagna.<br \/>\nDottern och jag deltog vid inspelningen av &#8221;S\u00e5 ska det l\u00e5ta&#8221; vilket var en h\u00f6jdare.<\/p>\n<p><strong>Mars<\/strong><\/p>\n<p><strong><img loading=\"lazy\" class=\"alignnone size-full wp-image-3914\" title=\"mina-tulpaner-pa-mordplatsen1\" src=\"http:\/\/www.filindeblogg.nu\/wp-content\/uploads\/2008\/12\/mina-tulpaner-pa-mordplatsen1.jpg\" alt=\"mina-tulpaner-pa-mordplatsen1\" width=\"494\" height=\"200\" srcset=\"http:\/\/www.filindeblogg.nu\/wp-content\/uploads\/2008\/12\/mina-tulpaner-pa-mordplatsen1.jpg 494w, http:\/\/www.filindeblogg.nu\/wp-content\/uploads\/2008\/12\/mina-tulpaner-pa-mordplatsen1-300x121.jpg 300w\" sizes=\"(max-width: 494px) 100vw, 494px\" \/><\/strong>Pressbild<\/p>\n<p>Denna m\u00e5nad kom att domineras av det som numera kallas <strong>&#8221;Arbogamorden&#8221;<\/strong>.<br \/>\nJag l\u00e4ste om morden p\u00e5 <strong>Magazin24<\/strong>:s hemsida och blev som alla andra &#8211; chockad. Eftersom gatuadressen stod angiven begav jag mig genast dit f\u00f6r att t\u00e4nda en liten marschall och l\u00e4gga tv\u00e5 sm\u00e5 tulpanknoppar p\u00e5 mordplatsen. Marschallen och tulpanerna kom sen att visas ofta i TV och i pressen.<br \/>\nJag visste inte vilka de drabbade var &#8211; jag bara gav mig av. Det gick inte att komma fram till huset f\u00f6r hela gatan var avsp\u00e4rrad. Tv\u00e5 polism\u00e4n kom fram till mig och jag fr\u00e5gade om jag fick t\u00e4nda ljuset precis intill avsp\u00e4rrningen och det var OK.<br \/>\nP\u00e5 v\u00e4g hem ringde \u00e4ldste sonen och fr\u00e5gade om jag visste vilka det var som drabbats. &#8221;<em>-Nej&#8221;<\/em>, svarade jag. <em>&#8221;Det \u00e4r Emma Jangestig och hennes barn&#8221;<\/em> sa sonen och jag blev \u00e4nnu mer bedr\u00f6vad. Emma \u00e4r skolkamrat med sonen och jag minns henne s\u00e4rskilt tydligt fr\u00e5n ett studiebes\u00f6k d\u00e5 jag jobbade. Jag skulle ber\u00e4tta om f\u00f6retagets verksamhet f\u00f6r en h\u00f6gstadieklass. Intresset var inte s\u00e4rskilt stort bland dessa tuggummituggande, halvsovande elever &#8211; med ett undantag! Det fanns en flicka som str\u00e5lade som en sol! Hon var intresserad, positiv och glad. Utm\u00e4rkte sig helt fr\u00e5n de andra. Jag t\u00e4nkte efter bes\u00f6ket: <em>&#8221;-Den tjejen kommer det att g\u00e5 bra f\u00f6r!&#8221; <\/em>Tjejen var <strong>Emma Jangestig<\/strong>.<\/p>\n<p><strong>April<\/strong><br \/>\nI min blogg b\u00f6rjade jag <strong>&#8221;Titta till Emma&#8221;<\/strong>. Ett uttryck f\u00f6r bes\u00f6ken p\u00e5 mordplatsen med tankar, ljus och blommor. Bes\u00f6k som m\u00e5nga, m\u00e5nga andra ocks\u00e5 gjorde f\u00f6r att visa sitt deltagande.<br \/>\nGanska snart k\u00e4nde jag: <em>&#8221;-Jag m\u00e5ste g\u00f6ra n\u00e5got mer!&#8221; <\/em>Och s\u00e5 startade jag &#8221;<strong>Insamlingen till Emma<\/strong>&#8221; &#8211; en insamling som fortfarande p\u00e5g\u00e5r. Se under &#8221;Kategorier&#8221; i h\u00f6gerspalten. M\u00e5nga har bidragit till insamlingskontot &#8211; fr\u00e5n n\u00e4romr\u00e5det, fr\u00e5n hela Sverige men ocks\u00e5 fr\u00e5n utlandet.<img loading=\"lazy\" class=\"alignnone size-medium wp-image-3920\" title=\"img_1289\" src=\"http:\/\/www.filindeblogg.nu\/wp-content\/uploads\/2008\/12\/img_1289-300x225.jpg\" alt=\"img_1289\" width=\"300\" height=\"225\" srcset=\"http:\/\/www.filindeblogg.nu\/wp-content\/uploads\/2008\/12\/img_1289-300x225.jpg 300w, http:\/\/www.filindeblogg.nu\/wp-content\/uploads\/2008\/12\/img_1289.jpg 640w\" sizes=\"(max-width: 300px) 100vw, 300px\" \/> <strong>Bbl\/AT och Magazin24<\/strong> publicerade annons gratis.<\/p>\n<p><strong>Maj<\/strong><br \/>\n<strong>Minnesgudstj\u00e4nst f\u00f6r Max och Saga<\/strong> h\u00f6lls p\u00e5 pingstafton. Jag gr\u00e4t n\u00e4r Emma kom in i kyrkan, rak i ryggen men med n\u00e4stan inget h\u00e5r alls p\u00e5 sitt huvud. Trots sin stora sorg lyste hon av styrka och v\u00e4rme. Jag gr\u00e4t ocks\u00e5 n\u00e4r jag h\u00e4lsat p\u00e5<strong> Nicklas <\/strong>&#8211; och s\u00e5g sm\u00e4rtan i hans \u00f6gon.<br \/>\n<strong>Kyrkoherde Mikael Hirsch<\/strong> l\u00e4ste f\u00f6ljande dikt av <strong>Per Harling<\/strong>.<\/p>\n<p class=\"MsoNormal\"><strong><span style=\"font-size: 10pt;\">D\u00f6den \u00e4r b\u00f6rjan<br \/>\n<\/span><\/strong><span style=\"font-size: 10pt;\">En del tror <\/span><span style=\"font-size: 10pt;\">att d\u00f6den vinner \u00f6ver livet,<\/span><span style=\"font-size: 10pt;\"><br \/>\natt d\u00f6den har makt att s\u00e4tta punkt.<\/span><span style=\"font-size: 10pt;\"><br \/>\nJag tror inte det.<br \/>\nD\u00f6den kan bara s\u00e4tta kolon:<br \/>\nDet blir en forts\u00e4ttning p\u00e5 meningen,<\/span><span style=\"font-size: 10pt;\"><br \/>\np\u00e5 meningen om livet. <\/span><\/p>\n<p class=\"MsoNormal\"><span style=\"font-size: 10pt;\">En del tror<\/span><span style=\"font-size: 10pt;\"> att m\u00e4nniskor hamnar i jorden,<\/span><span style=\"font-size: 10pt;\"> f\u00f6r att f\u00f6rmultna d\u00e4r.<\/span><span style=\"font-size: 10pt;\"><br \/>\nJag tror inte det.<br \/>\nVi l\u00e4ggs som fr\u00f6n i jorden,<\/span><span style=\"font-size: 10pt;\"><br \/>\nf\u00f6r att en dag gro och blomstra <\/span><span style=\"font-size: 10pt;\">i en annan v\u00e4rld,<br \/>\n<\/span><span style=\"font-size: 10pt;\">d\u00e4r sommaren aldrig d\u00f6r. <\/span><\/p>\n<p class=\"MsoNormal\"><span style=\"font-size: 10pt;\">En del tror<\/span><span style=\"font-size: 10pt;\"> att sj\u00e4len d\u00f6r med kroppen.<br \/>\n<\/span><span style=\"font-size: 10pt;\">Jag tror inte det.<br \/>\n<\/span><span style=\"font-size: 10pt;\">Kroppen \u00e4r bara m\u00e4nniskans kokong.<br \/>\nSj\u00e4len flyger iv\u00e4g i frihet<br \/>\n<\/span><span style=\"font-size: 10pt;\">som fj\u00e4rilen \u00f6ver blomster\u00e4ngarna,<br \/>\n<\/span><span style=\"font-size: 10pt;\">befriad ur kokongens brustna skal. <\/span><\/p>\n<p class=\"MsoNormal\"><span style=\"font-size: 10pt;\">En del tror<\/span><span style=\"font-size: 10pt;\"> att d\u00f6den \u00e4r slutet.<\/span><span style=\"font-size: 10pt;\"><br \/>\nJag tror inte det.<br \/>\nD\u00f6den \u00e4r b\u00f6rjan.<br \/>\nB\u00f6rjan p\u00e5 n\u00e5got nytt<br \/>\n<\/span><\/p>\n<p class=\"MsoNormal\"><span style=\"font-size: 10pt;\"><img loading=\"lazy\" class=\"alignnone size-medium wp-image-3929\" title=\"img_1536\" src=\"http:\/\/www.filindeblogg.nu\/wp-content\/uploads\/2008\/12\/img_1536-300x225.jpg\" alt=\"img_1536\" width=\"300\" height=\"225\" srcset=\"http:\/\/www.filindeblogg.nu\/wp-content\/uploads\/2008\/12\/img_1536-300x225.jpg 300w, http:\/\/www.filindeblogg.nu\/wp-content\/uploads\/2008\/12\/img_1536.jpg 640w\" sizes=\"(max-width: 300px) 100vw, 300px\" \/><br \/>\n<\/span><\/p>\n<p class=\"MsoNormal\"><span style=\"font-size: 10pt;\"><strong>Juni<\/strong><br \/>\nPolisen jagar ett par speciella skor av typen <strong>Vans Bearcat <\/strong>som en<strong> tysk kvinna<\/strong> ska ha burit. Kvinnan \u00e4r misst\u00e4nkt f\u00f6r att ha m\u00f6rdat Max och Saga. Polisen har sv\u00e5rt att ens hitta ett par av samma sort! <img loading=\"lazy\" class=\"alignnone size-medium wp-image-3919\" title=\"img_2529\" src=\"http:\/\/www.filindeblogg.nu\/wp-content\/uploads\/2008\/12\/img_2529-300x225.jpg\" alt=\"img_2529\" width=\"300\" height=\"225\" srcset=\"http:\/\/www.filindeblogg.nu\/wp-content\/uploads\/2008\/12\/img_2529-300x225.jpg 300w, http:\/\/www.filindeblogg.nu\/wp-content\/uploads\/2008\/12\/img_2529.jpg 640w\" sizes=\"(max-width: 300px) 100vw, 300px\" \/><br \/>\nEfter en kvart hade jag f\u00e5tt tag i <strong>Marie p\u00e5 Vans kontor i Lugano, Schweiz<\/strong> som hade ett par exakt likadana skor och var villig att skicka dom till polisen i Sverige. Hon fick numret till V\u00e4ster\u00e5spolisen&#8230; Hur sv\u00e5rt kan det vara&#8230;??<\/span><\/p>\n<p class=\"MsoNormal\"><span style=\"font-size: 10pt;\"><strong>Juli<br \/>\n<\/strong>OS i Kina n\u00e4rmar sig och jag har inf\u00f6rskaffat mig en t-shirt som s\u00e4ger allt om min inst\u00e4llning till spektaklet!<br \/>\n<img loading=\"lazy\" class=\"alignnone size-medium wp-image-3916\" title=\"t-shirt-om-peking-os\" src=\"http:\/\/www.filindeblogg.nu\/wp-content\/uploads\/2008\/12\/t-shirt-om-peking-os-300x225.jpg\" alt=\"t-shirt-om-peking-os\" width=\"300\" height=\"225\" srcset=\"http:\/\/www.filindeblogg.nu\/wp-content\/uploads\/2008\/12\/t-shirt-om-peking-os-300x225.jpg 300w, http:\/\/www.filindeblogg.nu\/wp-content\/uploads\/2008\/12\/t-shirt-om-peking-os.jpg 640w\" sizes=\"(max-width: 300px) 100vw, 300px\" \/><br \/>\nJag fick ocks\u00e5 kontakt med en kinesisk bloggare som kallar sig Zola. <img loading=\"lazy\" class=\"alignnone size-full wp-image-3918\" title=\"zola\" src=\"http:\/\/www.filindeblogg.nu\/wp-content\/uploads\/2008\/12\/zola.jpg\" alt=\"zola\" width=\"124\" height=\"124\" \/><\/span><\/p>\n<p class=\"MsoNormal\"><span style=\"font-size: 10pt;\"><strong>Augusti<\/strong><br \/>\nDottern och jag ser Mamma Mia i Globen! Fantastiskt!<br \/>\n<strong>Tingsr\u00e4ttsf\u00f6rhandlingar i Arbogam\u00e5let<\/strong>. <img loading=\"lazy\" class=\"alignnone size-medium wp-image-3917\" title=\"img_4322_resize\" src=\"http:\/\/www.filindeblogg.nu\/wp-content\/uploads\/2008\/12\/img_4322_resize-300x225.jpg\" alt=\"img_4322_resize\" width=\"300\" height=\"225\" srcset=\"http:\/\/www.filindeblogg.nu\/wp-content\/uploads\/2008\/12\/img_4322_resize-300x225.jpg 300w, http:\/\/www.filindeblogg.nu\/wp-content\/uploads\/2008\/12\/img_4322_resize.jpg 614w\" sizes=\"(max-width: 300px) 100vw, 300px\" \/> H\u00e4r ses <strong>m\u00e5ls\u00e4garbitr\u00e4de Marie Fredborg<\/strong> samtala med <strong>Aftonbladets reporte<\/strong>r och fotograf <strong>Conny Sill\u00e9n<\/strong>. Tingsr\u00e4ttsf\u00f6rhandlingarna blev det sista m\u00e5l som avhandlades i det anrika <strong>Tingshuset i K\u00f6ping<\/strong>. <\/span><\/p>\n<p class=\"MsoNormal\"><span style=\"font-size: 10pt;\"><strong>September<br \/>\n<img loading=\"lazy\" class=\"alignnone size-full wp-image-3915\" title=\"s5000002\" src=\"http:\/\/www.filindeblogg.nu\/wp-content\/uploads\/2008\/12\/s5000002.jpg\" alt=\"s5000002\" width=\"336\" height=\"448\" \/> Max och Sagas otroligt vackra gravsten \u00e4r p\u00e5 plats p\u00e5 kyrkog\u00e5rden i Arboga.<\/strong><br \/>\nJag och m\u00e5nga med mig engagerar oss mot <strong>The Pirate Bay <\/strong>som godk\u00e4nner publicering av obduktionsbilder p\u00e5 de m\u00f6rdade barnen. Jag och min dotter angrips via n\u00e4tet av anh\u00e4ngare till TPB och jag g\u00f6r polisanm\u00e4lan. Fallet l\u00e4ggs s\u00e5 sm\u00e5ningom ner. Brott kan inte styrkas&#8230;<\/span><\/p>\n<p class=\"MsoNormal\"><span style=\"font-size: 10pt;\"><strong>Oktober<\/strong><br \/>\nBarnen och jag bes\u00f6ker <strong>&#8221;Bodies&#8221; <\/strong>en fantastisk utst\u00e4llning i <strong>K\u00f6penhamn<\/strong>.<br \/>\nVia bloggen, genom ins\u00e4ndare och brev till l\u00e4nsstyrelser och myndigheter protesterar jag mot <strong>varghetsen <\/strong>som uppst\u00e5r n\u00e4r \u00e4lgarna tryter och j\u00e4garna blir utan byte. F\u00f6r det uts\u00e4tts jag ocks\u00e5 f\u00f6r anonyma hot. Jag skulle g\u00f6ra om alltsammans igen &#8211; och kommer att g\u00f6ra det!<\/span><\/p>\n<p class=\"MsoNormal\"><span style=\"font-size: 10pt;\"><strong>November<\/strong><br \/>\nAlla helgons dag s\u00e5g bl.a. ut s\u00e5 h\u00e4r i Arboga:<br \/>\n<img loading=\"lazy\" class=\"alignnone size-full wp-image-3922\" title=\"alla-helgons-dag-08-max-o-saga\" src=\"http:\/\/www.filindeblogg.nu\/wp-content\/uploads\/2008\/12\/alla-helgons-dag-08-max-o-saga.jpg\" alt=\"alla-helgons-dag-08-max-o-saga\" width=\"576\" height=\"432\" srcset=\"http:\/\/www.filindeblogg.nu\/wp-content\/uploads\/2008\/12\/alla-helgons-dag-08-max-o-saga.jpg 640w, http:\/\/www.filindeblogg.nu\/wp-content\/uploads\/2008\/12\/alla-helgons-dag-08-max-o-saga-300x225.jpg 300w\" sizes=\"(max-width: 576px) 100vw, 576px\" \/><br \/>\n<\/span><\/p>\n<p class=\"MsoNormal\"><span style=\"font-size: 10pt;\"> <\/span><span style=\"font-size: 10pt;\"><strong>Barack Obama<\/strong> blev vald till president i <strong>USA<\/strong> och lovade att st\u00e4nga <strong>Guantanamo<\/strong>! Tack!<br \/>\n<img loading=\"lazy\" class=\"alignnone size-full wp-image-3923\" title=\"obama5\" src=\"http:\/\/www.filindeblogg.nu\/wp-content\/uploads\/2008\/12\/obama5.jpg\" alt=\"obama5\" width=\"200\" height=\"125\" \/><\/span><\/p>\n<p class=\"MsoNormal\"><span style=\"font-size: 10pt;\"><strong>December<\/strong><\/span><\/p>\n<p><strong><img loading=\"lazy\" class=\"alignnone size-medium wp-image-3924\" title=\"basta-adventskalendern3\" src=\"http:\/\/www.filindeblogg.nu\/wp-content\/uploads\/2008\/12\/basta-adventskalendern3-108x300.jpg\" alt=\"basta-adventskalendern3\" width=\"108\" height=\"300\" srcset=\"http:\/\/www.filindeblogg.nu\/wp-content\/uploads\/2008\/12\/basta-adventskalendern3-108x300.jpg 108w, http:\/\/www.filindeblogg.nu\/wp-content\/uploads\/2008\/12\/basta-adventskalendern3.jpg 173w\" sizes=\"(max-width: 108px) 100vw, 108px\" \/><\/strong>Jag \u00f6ppnar luckor i <strong>Adventskalendern <\/strong>varje dag p\u00e5 bloggen.<br \/>\n<strong>Hovr\u00e4ttsf\u00f6rhandlingar vid Tingsr\u00e4tten i V\u00e4ster\u00e5s.<\/strong> <img loading=\"lazy\" class=\"alignnone size-medium wp-image-3925\" title=\"hovratten-lansratten-12-dec1\" src=\"http:\/\/www.filindeblogg.nu\/wp-content\/uploads\/2008\/12\/hovratten-lansratten-12-dec1-300x225.jpg\" alt=\"hovratten-lansratten-12-dec1\" width=\"300\" height=\"225\" srcset=\"http:\/\/www.filindeblogg.nu\/wp-content\/uploads\/2008\/12\/hovratten-lansratten-12-dec1-300x225.jpg 300w, http:\/\/www.filindeblogg.nu\/wp-content\/uploads\/2008\/12\/hovratten-lansratten-12-dec1.jpg 640w\" sizes=\"(max-width: 300px) 100vw, 300px\" \/><br \/>\nVia bloggen uppmanar jag folk att t\u00e4nka till om grisen och julskinkan. Jag rasar \u00e5ter mot travsporten d\u00e4r s k grisf\u00f6sning f\u00f6rekommer.<\/p>\n<p class=\"MsoNormal\"><span style=\"font-size: 10pt;\">Ja, detta var mitt \u00e5r p\u00e5 bloggen i mycket stora drag. Den kom att pr\u00e4glas stort av den fasansfulla h\u00e4ndelsen 17 mars i Arboga. D\u00e4rf\u00f6r vill jag avsluta min \u00e5rskr\u00f6nika med ett av pressens foton som jag tycker mycket om &#8211; en bild p\u00e5 <strong>Emma<\/strong>.<\/span><\/p>\n<p class=\"MsoNormal\"><span style=\"font-size: 10pt;\"><img loading=\"lazy\" class=\"alignnone size-full wp-image-3927\" title=\"arboga440_717626w1\" src=\"http:\/\/www.filindeblogg.nu\/wp-content\/uploads\/2008\/12\/arboga440_717626w1.jpg\" alt=\"arboga440_717626w1\" width=\"440\" height=\"379\" srcset=\"http:\/\/www.filindeblogg.nu\/wp-content\/uploads\/2008\/12\/arboga440_717626w1.jpg 440w, http:\/\/www.filindeblogg.nu\/wp-content\/uploads\/2008\/12\/arboga440_717626w1-300x258.jpg 300w\" sizes=\"(max-width: 440px) 100vw, 440px\" \/><\/span><\/p>\n<p class=\"MsoNormal\"><span style=\"font-size: 10pt;\">Hennes trosvissa \u00f6gon vill jag ska visa v\u00e4gen f\u00f6r \u00e5r 2009. <\/span><\/p>\n<p class=\"MsoNormal\"><span style=\"font-size: 10pt;\">I kommande bloggar f\u00e5r ni l\u00e4sa mina <strong>Ny\u00e5rs\u00f6nskningar f\u00f6r \u00e5r 2009<br \/>\n<\/strong>men ocks\u00e5 <strong>&#8221;2008 \u00e5rs Soglimt&#8221; <\/strong>liksom <strong>&#8221;2008 \u00e5rs Istapp&#8221;<br \/>\n<\/strong>&#8221;Solglimtarna&#8221; och &#8221;Istapparna&#8221; har lokal anknytning och kanske kan vara trevliga f\u00f6r de som f\u00e5r en Solglimt och lite mer besv\u00e4rande f\u00f6r de som erh\u00e5ller Istappen&#8230; Vi f\u00e5r v\u00e4l se. H\u00e4ng med och kolla! Kanske just DU f\u00e5r n\u00e5got av &#8221;priserna&#8221;!?<br \/>\n<\/span><\/p>\n<p class=\"MsoNormal\"><span style=\"font-size: 10pt;\"><br \/>\n<\/span><\/p>\n","protected":false},"excerpt":{"rendered":"<p>H\u00e4r kommer en liten \u00e5rskr\u00f6nika \u00f6ver \u00e5r 2008 p\u00e5 min blogg! Jag hade stora planer f\u00f6rst betr\u00e4ffande kr\u00f6nikan men kom sedan p\u00e5 andra tankar. Ni orkar nog inte l\u00e4sa&#8230; S\u00e5 jag tar det kortfattat! Januari Denna m\u00e5nad skrev jag om Guantanamo som &#8221;firade&#8221; 6 \u00e5r som tortyrl\u00e4ger i USA:s namn. N\u00e5got som gjorde mig mycket [&hellip;]<\/p>\n","protected":false},"author":1,"featured_media":0,"comment_status":"open","ping_status":"open","sticky":false,"template":"","format":"standard","meta":[],"categories":[102,100,101],"tags":[],"_links":{"self":[{"href":"http:\/\/www.filindeblogg.nu\/index.php?rest_route=\/wp\/v2\/posts\/3913"}],"collection":[{"href":"http:\/\/www.filindeblogg.nu\/index.php?rest_route=\/wp\/v2\/posts"}],"about":[{"href":"http:\/\/www.filindeblogg.nu\/index.php?rest_route=\/wp\/v2\/types\/post"}],"author":[{"embeddable":true,"href":"http:\/\/www.filindeblogg.nu\/index.php?rest_route=\/wp\/v2\/users\/1"}],"replies":[{"embeddable":true,"href":"http:\/\/www.filindeblogg.nu\/index.php?rest_route=%2Fwp%2Fv2%2Fcomments&post=3913"}],"version-history":[{"count":6,"href":"http:\/\/www.filindeblogg.nu\/index.php?rest_route=\/wp\/v2\/posts\/3913\/revisions"}],"predecessor-version":[{"id":3931,"href":"http:\/\/www.filindeblogg.nu\/index.php?rest_route=\/wp\/v2\/posts\/3913\/revisions\/3931"}],"wp:attachment":[{"href":"http:\/\/www.filindeblogg.nu\/index.php?rest_route=%2Fwp%2Fv2%2Fmedia&parent=3913"}],"wp:term":[{"taxonomy":"category","embeddable":true,"href":"http:\/\/www.filindeblogg.nu\/index.php?rest_route=%2Fwp%2Fv2%2Fcategories&post=3913"},{"taxonomy":"post_tag","embeddable":true,"href":"http:\/\/www.filindeblogg.nu\/index.php?rest_route=%2Fwp%2Fv2%2Ftags&post=3913"}],"curies":[{"name":"wp","href":"https:\/\/api.w.org\/{rel}","templated":true}]}}