{"id":3820,"date":"2008-12-25T15:15:31","date_gmt":"2008-12-25T14:15:31","guid":{"rendered":"http:\/\/www.filindeblogg.nu\/?p=3820"},"modified":"2009-04-20T11:30:13","modified_gmt":"2009-04-20T10:30:13","slug":"en-julsaga","status":"publish","type":"post","link":"http:\/\/www.filindeblogg.nu\/?p=3820","title":{"rendered":"En julsaga"},"content":{"rendered":"<p><img loading=\"lazy\" class=\"alignnone size-thumbnail wp-image-3821\" title=\"angelbeleve1\" src=\"http:\/\/www.filindeblogg.nu\/wp-content\/uploads\/2008\/12\/angelbeleve1-145x150.gif\" alt=\"angelbeleve1\" width=\"145\" height=\"150\" \/> Idag gick jag en alldeles speciell promenad. Genom staden och fram till en park<a href=\"http:\/\/www.dn.se\/DNet\/jsp\/polopoly.jsp?d=147&amp;a=864997\">. <\/a>N\u00e4r jag \u00f6ppnade den svarta j\u00e4rngrinden kom tv\u00e5 sm\u00e5 barn springande emot mig. De ropade och skrattade och fr\u00e5gade om jag skulle bes\u00f6ka dom. <em>&#8211; Ja<\/em>, sa jag.<em> &#8211; Vi ska visa dig v\u00e4gen<\/em>, ropade barnen. Pojken tog min hand och den lilla flickan sprang i f\u00f6rv\u00e4g. <em>&#8211; Kom,<\/em> ropade hon och hennes bror och jag b\u00f6rjade ocks\u00e5 springa .<br \/>\nDet var f\u00f6runderligt &#8211; barnen var s\u00e5 tunt kl\u00e4dda. Pojken hade en Spidermantr\u00f6ja p\u00e5 sig men ingen jacka. Den lilla flickan hade bara en rosa prinsesskl\u00e4nning av skiraste siden. B\u00e5da sprang barfota \u00f6ver den nyfallna sn\u00f6n. <em>&#8211; Fryser ni inte,<\/em> undrade jag.<em> -Nej d\u00e5, <\/em>f\u00f6rs\u00e4krade de b\u00e5da i munnen p\u00e5 varandra. <em>&#8211; Vi leker och har s\u00e5 roligt och fryser inte alls<\/em>. <em>Kom f\u00e5r du se var vi bor!<br \/>\n<img loading=\"lazy\" class=\"alignnone size-full wp-image-3824\" title=\"tvaanglabarn2\" src=\"http:\/\/www.filindeblogg.nu\/wp-content\/uploads\/2008\/12\/tvaanglabarn2.gif\" alt=\"tvaanglabarn2\" width=\"132\" height=\"187\" \/> <img loading=\"lazy\" class=\"alignnone size-medium wp-image-3825\" title=\"julsaga-om-max-o-saga\" src=\"http:\/\/www.filindeblogg.nu\/wp-content\/uploads\/2008\/12\/julsaga-om-max-o-saga-300x225.jpg\" alt=\"julsaga-om-max-o-saga\" width=\"300\" height=\"225\" srcset=\"http:\/\/www.filindeblogg.nu\/wp-content\/uploads\/2008\/12\/julsaga-om-max-o-saga-300x225.jpg 300w, http:\/\/www.filindeblogg.nu\/wp-content\/uploads\/2008\/12\/julsaga-om-max-o-saga.jpg 640w\" sizes=\"(max-width: 300px) 100vw, 300px\" \/> <\/em>Vi gick l\u00e4ngre in i parken.<\/p>\n<p>Nu sprang de b\u00e5da f\u00f6re mig. <img loading=\"lazy\" class=\"alignnone size-medium wp-image-3827\" title=\"julsaga-2\" src=\"http:\/\/www.filindeblogg.nu\/wp-content\/uploads\/2008\/12\/julsaga-2-300x225.jpg\" alt=\"julsaga-2\" width=\"300\" height=\"225\" srcset=\"http:\/\/www.filindeblogg.nu\/wp-content\/uploads\/2008\/12\/julsaga-2-300x225.jpg 300w, http:\/\/www.filindeblogg.nu\/wp-content\/uploads\/2008\/12\/julsaga-2.jpg 640w\" sizes=\"(max-width: 300px) 100vw, 300px\" \/> Vi n\u00e4rmade oss en liten \u00e5 och de b\u00e5da barnen sprang ner till \u00e5kanten d\u00e4r de b\u00f6rjade leka med sm\u00e5 tr\u00e4b\u00e5tar. <em>&#8211; \u00c4r det inte kallt i vattnet<\/em>, undrade jag. Men pl\u00f6tsligt s\u00e5g jag gr\u00f6nskande mark d\u00e4r det f\u00f6rut varit is och sn\u00f6. Och vattnet som nyss tycktes fruset var klart och fint. <img loading=\"lazy\" class=\"alignnone size-thumbnail wp-image-3830\" title=\"anglaflicka2\" src=\"http:\/\/www.filindeblogg.nu\/wp-content\/uploads\/2008\/12\/anglaflicka2-150x150.jpg\" alt=\"anglaflicka2\" width=\"150\" height=\"150\" \/> Den lilla flickan plockade upp de vackraste blommor fr\u00e5n marken. En varm vind svepte runt mig. Jag var f\u00f6rstummad.<\/p>\n<p><img loading=\"lazy\" class=\"alignnone size-thumbnail wp-image-3832\" title=\"anglaflicka\" src=\"http:\/\/www.filindeblogg.nu\/wp-content\/uploads\/2008\/12\/anglaflicka-150x150.gif\" alt=\"anglaflicka\" width=\"150\" height=\"150\" \/> <em>-Det \u00e4r m\u00e5nga som kommer och h\u00e4lsar p\u00e5 oss<\/em>, sa flickan.<\/p>\n<p><img loading=\"lazy\" class=\"alignnone size-medium wp-image-3826\" title=\"julsaga-3\" src=\"http:\/\/www.filindeblogg.nu\/wp-content\/uploads\/2008\/12\/julsaga-3-300x225.jpg\" alt=\"julsaga-3\" width=\"300\" height=\"225\" srcset=\"http:\/\/www.filindeblogg.nu\/wp-content\/uploads\/2008\/12\/julsaga-3-300x225.jpg 300w, http:\/\/www.filindeblogg.nu\/wp-content\/uploads\/2008\/12\/julsaga-3.jpg 640w\" sizes=\"(max-width: 300px) 100vw, 300px\" \/> <em>&#8211; Ja, jag kan se det<\/em>, svarade jag.<\/p>\n<p>Jag gick sakta fram\u00e5t. <img loading=\"lazy\" class=\"alignnone size-medium wp-image-3833\" title=\"julsaga-4\" src=\"http:\/\/www.filindeblogg.nu\/wp-content\/uploads\/2008\/12\/julsaga-4-300x225.jpg\" alt=\"julsaga-4\" width=\"300\" height=\"225\" srcset=\"http:\/\/www.filindeblogg.nu\/wp-content\/uploads\/2008\/12\/julsaga-4-300x225.jpg 300w, http:\/\/www.filindeblogg.nu\/wp-content\/uploads\/2008\/12\/julsaga-4.jpg 640w\" sizes=\"(max-width: 300px) 100vw, 300px\" \/> Ja, visst \u00e4r det m\u00e5nga som bes\u00f6ker de tv\u00e5 sm\u00e5 barnen. <img loading=\"lazy\" class=\"alignnone size-thumbnail wp-image-3834\" title=\"angel1tjej1\" src=\"http:\/\/www.filindeblogg.nu\/wp-content\/uploads\/2008\/12\/angel1tjej1-150x150.jpg\" alt=\"angel1tjej1\" width=\"150\" height=\"150\" \/> Granris dekorerade med r\u00f6da band, massor av ljus och sm\u00e5 presenter. <img loading=\"lazy\" class=\"alignnone size-medium wp-image-3840\" title=\"ljus-o-stor-vit-angel-julsaga7\" src=\"http:\/\/www.filindeblogg.nu\/wp-content\/uploads\/2008\/12\/ljus-o-stor-vit-angel-julsaga7-225x300.jpg\" alt=\"ljus-o-stor-vit-angel-julsaga7\" width=\"225\" height=\"300\" srcset=\"http:\/\/www.filindeblogg.nu\/wp-content\/uploads\/2008\/12\/ljus-o-stor-vit-angel-julsaga7-225x300.jpg 225w, http:\/\/www.filindeblogg.nu\/wp-content\/uploads\/2008\/12\/ljus-o-stor-vit-angel-julsaga7.jpg 360w\" sizes=\"(max-width: 225px) 100vw, 225px\" \/><\/p>\n<p><em>&#8211; Vi har f\u00e5tt julklappar!! <img loading=\"lazy\" class=\"alignnone size-full wp-image-3835\" title=\"anglaflicka31\" src=\"http:\/\/www.filindeblogg.nu\/wp-content\/uploads\/2008\/12\/anglaflicka31.jpg\" alt=\"anglaflicka31\" width=\"111\" height=\"142\" \/><\/em><\/p>\n<p>Ja t\u00e4nk, barnen hade f\u00e5tt paket p\u00e5 julafton! <img loading=\"lazy\" class=\"alignnone size-medium wp-image-3836\" title=\"julklappar-julsaga5\" src=\"http:\/\/www.filindeblogg.nu\/wp-content\/uploads\/2008\/12\/julklappar-julsaga5-300x225.jpg\" alt=\"julklappar-julsaga5\" width=\"300\" height=\"225\" srcset=\"http:\/\/www.filindeblogg.nu\/wp-content\/uploads\/2008\/12\/julklappar-julsaga5-300x225.jpg 300w, http:\/\/www.filindeblogg.nu\/wp-content\/uploads\/2008\/12\/julklappar-julsaga5.jpg 640w\" sizes=\"(max-width: 300px) 100vw, 300px\" \/> &#8211; <em>Det d\u00e4r \u00e4r fr\u00e5n pappas bror<\/em>, sa pojken, <em>jag fick en motorcykel! En riktigt fin motorcykel!! N\u00e4r jag blir stor ska jag tar motorcykelk\u00f6rkort!<br \/>\n&#8211; Fr\u00e5n pappas bror och fr\u00e5n Carina,<\/em> utropade flickan.<em> Jag fick en mjuk,  fin nalle! <\/em>Jag tittar och beundrar. Ler \u00e5t deras glada miner. F\u00e5r syn p\u00e5 tv\u00e5 sm\u00e5, sm\u00e5 julgranar och barnen f\u00f6rs\u00e4krar att det \u00e4r deras alldeles egna julgranar!<br \/>\n<img loading=\"lazy\" class=\"alignnone size-medium wp-image-3837\" title=\"julgranar-t-max-o-saga\" src=\"http:\/\/www.filindeblogg.nu\/wp-content\/uploads\/2008\/12\/julgranar-t-max-o-saga-300x225.jpg\" alt=\"julgranar-t-max-o-saga\" width=\"300\" height=\"225\" srcset=\"http:\/\/www.filindeblogg.nu\/wp-content\/uploads\/2008\/12\/julgranar-t-max-o-saga-300x225.jpg 300w, http:\/\/www.filindeblogg.nu\/wp-content\/uploads\/2008\/12\/julgranar-t-max-o-saga.jpg 640w\" sizes=\"(max-width: 300px) 100vw, 300px\" \/> De pekar ivrigt p\u00e5 b\u00e5de glitter och julgransprydnader och visst \u00e4r det tv\u00e5 riktiga sm\u00e5 julgranar som st\u00e5r d\u00e4r. Och pl\u00f6tsligt \u00e4r barnen pyttesm\u00e5 och tar varandra i hand. Sjungande dansar de runt en av de sm\u00e5, sm\u00e5 granarna. Deras p\u00e4rlande skratt f\u00e5r mig ocks\u00e5 att b\u00f6rja skratta.<\/p>\n<p><img loading=\"lazy\" class=\"alignnone size-thumbnail wp-image-3838\" title=\"stor-och-liten-angel\" src=\"http:\/\/www.filindeblogg.nu\/wp-content\/uploads\/2008\/12\/stor-och-liten-angel-150x150.jpg\" alt=\"stor-och-liten-angel\" width=\"150\" height=\"150\" \/> &#8211; <em>Vi har f\u00e5tt pappers\u00e4nglar ocks\u00e5!<\/em> Barnen drar i mig, pekar och visar.<br \/>\n<img loading=\"lazy\" class=\"alignnone size-medium wp-image-3839\" title=\"julanglar-julsaga6\" src=\"http:\/\/www.filindeblogg.nu\/wp-content\/uploads\/2008\/12\/julanglar-julsaga6-300x225.jpg\" alt=\"julanglar-julsaga6\" width=\"300\" height=\"225\" srcset=\"http:\/\/www.filindeblogg.nu\/wp-content\/uploads\/2008\/12\/julanglar-julsaga6-300x225.jpg 300w, http:\/\/www.filindeblogg.nu\/wp-content\/uploads\/2008\/12\/julanglar-julsaga6.jpg 640w\" sizes=\"(max-width: 300px) 100vw, 300px\" \/> D\u00e4r i sn\u00f6n st\u00e5r tv\u00e5 sm\u00e5 \u00e4nglar intill ett litet lusthus. &#8211;<em> S\u00e5 fint<\/em>, s\u00e4ger jag.<\/p>\n<p><img loading=\"lazy\" class=\"alignnone size-full wp-image-3841\" title=\"tva-anglabarn1\" src=\"http:\/\/www.filindeblogg.nu\/wp-content\/uploads\/2008\/12\/tva-anglabarn1.gif\" alt=\"tva-anglabarn1\" width=\"90\" height=\"125\" \/> <em>&#8211; Har du sett porslinsgranen<\/em>, pojken pekar.<img loading=\"lazy\" class=\"alignnone size-medium wp-image-3842\" title=\"gran-med-tomtar\" src=\"http:\/\/www.filindeblogg.nu\/wp-content\/uploads\/2008\/12\/gran-med-tomtar-300x225.jpg\" alt=\"gran-med-tomtar\" width=\"300\" height=\"225\" srcset=\"http:\/\/www.filindeblogg.nu\/wp-content\/uploads\/2008\/12\/gran-med-tomtar-300x225.jpg 300w, http:\/\/www.filindeblogg.nu\/wp-content\/uploads\/2008\/12\/gran-med-tomtar.jpg 640w\" sizes=\"(max-width: 300px) 100vw, 300px\" \/><\/p>\n<p>D\u00e4r st\u00e5r en gran av porslin och tv\u00e5 sm\u00e5 tomtar busar och leker intill. <em>&#8211; Jag brukar gunga!<\/em> skrattar flickan.<br \/>\n&#8211;<em> Och jag puttar p\u00e5<\/em>, s\u00e4ger pojken.<em> &#8211; Jag lovar att jag ser till att hon aldrig, aldrig ramlar och sl\u00e5r sig.<\/em> Han stryker sin lillasyster \u00f6ver kinden. <img loading=\"lazy\" class=\"alignnone size-thumbnail wp-image-3843\" title=\"anglabarn-tva\" src=\"http:\/\/www.filindeblogg.nu\/wp-content\/uploads\/2008\/12\/anglabarn-tva-138x150.gif\" alt=\"anglabarn-tva\" width=\"138\" height=\"150\" \/><\/p>\n<p><img loading=\"lazy\" class=\"alignnone size-full wp-image-3844\" title=\"julsaga-9\" src=\"http:\/\/www.filindeblogg.nu\/wp-content\/uploads\/2008\/12\/julsaga-9.jpg\" alt=\"julsaga-9\" width=\"518\" height=\"389\" srcset=\"http:\/\/www.filindeblogg.nu\/wp-content\/uploads\/2008\/12\/julsaga-9.jpg 640w, http:\/\/www.filindeblogg.nu\/wp-content\/uploads\/2008\/12\/julsaga-9-300x225.jpg 300w\" sizes=\"(max-width: 518px) 100vw, 518px\" \/><\/p>\n<p>Ja, jag kan se att de har det s\u00e5 bra &#8211; de tv\u00e5 sm\u00e5 \u00e4nglarna som jag m\u00f6tt.<\/p>\n<p><img loading=\"lazy\" class=\"alignnone size-medium wp-image-3845\" title=\"max-o-saga-julsaga8\" src=\"http:\/\/www.filindeblogg.nu\/wp-content\/uploads\/2008\/12\/max-o-saga-julsaga8-300x225.jpg\" alt=\"max-o-saga-julsaga8\" width=\"300\" height=\"225\" srcset=\"http:\/\/www.filindeblogg.nu\/wp-content\/uploads\/2008\/12\/max-o-saga-julsaga8-300x225.jpg 300w, http:\/\/www.filindeblogg.nu\/wp-content\/uploads\/2008\/12\/max-o-saga-julsaga8.jpg 640w\" sizes=\"(max-width: 300px) 100vw, 300px\" \/> Jag t\u00e4nder ljusen jag har med mig och k\u00e4nner mig lugnare \u00e4n n\u00e4r jag gick hit.<\/p>\n<p><img loading=\"lazy\" class=\"alignnone size-full wp-image-3846\" title=\"sista-bilden-julsaga\" src=\"http:\/\/www.filindeblogg.nu\/wp-content\/uploads\/2008\/12\/sista-bilden-julsaga.jpg\" alt=\"sista-bilden-julsaga\" width=\"518\" height=\"389\" srcset=\"http:\/\/www.filindeblogg.nu\/wp-content\/uploads\/2008\/12\/sista-bilden-julsaga.jpg 640w, http:\/\/www.filindeblogg.nu\/wp-content\/uploads\/2008\/12\/sista-bilden-julsaga-300x225.jpg 300w\" sizes=\"(max-width: 518px) 100vw, 518px\" \/><\/p>\n<p>N\u00e4r jag ska g\u00e5 tar de mig i handen. Pojken p\u00e5 ena sidan och flickan p\u00e5 den andra. F\u00f6ljer mig genom parken.<br \/>\n<em>&#8211; Kommer du tillbaka<\/em>, undrar de. <em>&#8211; Ja sj\u00e4lvklart<\/em>, svarar jag<em>.<br \/>\n&#8211; Hej d\u00e5! <\/em>Snabbt som vinden far de iv\u00e4g och l\u00e4mnar mig ensam vid grinden ut mot v\u00e4rlden.<br \/>\n<em>&#8211; Ja, jag kommer tillbaka.<\/em><\/p>\n<p>Och med ens \u00e4r det gr\u00f6nskande gr\u00f6na borta, solen v\u00e4rmer inte mera och marken \u00e4r frusen precis som den var n\u00e4r jag gick in h\u00e4r f\u00f6r en stund sen. Nu ser jag inte l\u00e4ngre de tv\u00e5 sm\u00e5 \u00e4nglarna heller  . Men jag vet att dom finns. Och jag har f\u00e5tt h\u00f6ra att de har det bra. <img loading=\"lazy\" class=\"alignnone size-full wp-image-3847\" title=\"storvitangel\" src=\"http:\/\/www.filindeblogg.nu\/wp-content\/uploads\/2008\/12\/storvitangel.gif\" alt=\"storvitangel\" width=\"105\" height=\"125\" \/><\/p>\n<p>Jag drar en djup suck av l\u00e4ttnad. K\u00e4nner mig lite omtumlad. Precis n\u00e4r jag korsar \u00f6verg\u00e5ngsst\u00e4llet h\u00f6r jag R\u00e5dhusklockan sl\u00e5 tio slag. Det \u00e4r Juldagen \u00e5r 2008.<\/p>\n<p><img loading=\"lazy\" class=\"alignnone size-full wp-image-3848\" title=\"anglabarn1\" src=\"http:\/\/www.filindeblogg.nu\/wp-content\/uploads\/2008\/12\/anglabarn1.jpg\" alt=\"anglabarn1\" width=\"403\" height=\"260\" srcset=\"http:\/\/www.filindeblogg.nu\/wp-content\/uploads\/2008\/12\/anglabarn1.jpg 403w, http:\/\/www.filindeblogg.nu\/wp-content\/uploads\/2008\/12\/anglabarn1-300x193.jpg 300w\" sizes=\"(max-width: 403px) 100vw, 403px\" \/><\/p>\n<p>(Tack till Lisa vars hemsida har s\u00e5 m\u00e5nga fina \u00e4nglar!) <a href=\"http:\/\/www.lisas-place.net\/Lisas-place\/Lisas-Space\/anglabilder3.htm\">www.lisas-place.net\/Lisas-place\/Lisas-Space\/anglabilder3.htm<\/a><\/p>\n","protected":false},"excerpt":{"rendered":"<p>Idag gick jag en alldeles speciell promenad. Genom staden och fram till en park. N\u00e4r jag \u00f6ppnade den svarta j\u00e4rngrinden kom tv\u00e5 sm\u00e5 barn springande emot mig. De ropade och skrattade och fr\u00e5gade om jag skulle bes\u00f6ka dom. &#8211; Ja, sa jag. &#8211; Vi ska visa dig v\u00e4gen, ropade barnen. Pojken tog min hand och [&hellip;]<\/p>\n","protected":false},"author":1,"featured_media":0,"comment_status":"open","ping_status":"open","sticky":false,"template":"","format":"standard","meta":[],"categories":[102,100,101,105],"tags":[],"_links":{"self":[{"href":"http:\/\/www.filindeblogg.nu\/index.php?rest_route=\/wp\/v2\/posts\/3820"}],"collection":[{"href":"http:\/\/www.filindeblogg.nu\/index.php?rest_route=\/wp\/v2\/posts"}],"about":[{"href":"http:\/\/www.filindeblogg.nu\/index.php?rest_route=\/wp\/v2\/types\/post"}],"author":[{"embeddable":true,"href":"http:\/\/www.filindeblogg.nu\/index.php?rest_route=\/wp\/v2\/users\/1"}],"replies":[{"embeddable":true,"href":"http:\/\/www.filindeblogg.nu\/index.php?rest_route=%2Fwp%2Fv2%2Fcomments&post=3820"}],"version-history":[{"count":7,"href":"http:\/\/www.filindeblogg.nu\/index.php?rest_route=\/wp\/v2\/posts\/3820\/revisions"}],"predecessor-version":[{"id":5405,"href":"http:\/\/www.filindeblogg.nu\/index.php?rest_route=\/wp\/v2\/posts\/3820\/revisions\/5405"}],"wp:attachment":[{"href":"http:\/\/www.filindeblogg.nu\/index.php?rest_route=%2Fwp%2Fv2%2Fmedia&parent=3820"}],"wp:term":[{"taxonomy":"category","embeddable":true,"href":"http:\/\/www.filindeblogg.nu\/index.php?rest_route=%2Fwp%2Fv2%2Fcategories&post=3820"},{"taxonomy":"post_tag","embeddable":true,"href":"http:\/\/www.filindeblogg.nu\/index.php?rest_route=%2Fwp%2Fv2%2Ftags&post=3820"}],"curies":[{"name":"wp","href":"https:\/\/api.w.org\/{rel}","templated":true}]}}