{"id":38050,"date":"2012-09-28T06:59:48","date_gmt":"2012-09-28T05:59:48","guid":{"rendered":"http:\/\/www.filindeblogg.nu\/?p=38050"},"modified":"2012-09-28T06:59:55","modified_gmt":"2012-09-28T05:59:55","slug":"hosten-kommer","status":"publish","type":"post","link":"http:\/\/www.filindeblogg.nu\/?p=38050","title":{"rendered":"H\u00f6sten kommer&#8230;"},"content":{"rendered":"<p><a href=\"http:\/\/www.filindeblogg.nu\/?attachment_id=38051\" rel=\"attachment wp-att-38051\"><img loading=\"lazy\" class=\"alignnone  wp-image-38051\" title=\"IMG_0944 (4)\" src=\"http:\/\/www.filindeblogg.nu\/wp-content\/uploads\/2012\/09\/IMG_0944-4-225x300.jpg\" alt=\"\" width=\"135\" height=\"180\" srcset=\"http:\/\/www.filindeblogg.nu\/wp-content\/uploads\/2012\/09\/IMG_0944-4-225x300.jpg 225w, http:\/\/www.filindeblogg.nu\/wp-content\/uploads\/2012\/09\/IMG_0944-4.jpg 346w\" sizes=\"(max-width: 135px) 100vw, 135px\" \/><\/a>\u00a0H\u00f6sten n\u00e4rmar sig med stormsteg. Med den f\u00f6ljer vackra f\u00e4rger.<\/p>\n<p>Och solen sken s\u00e5 vackert mot den regnv\u00e5ta<strong> Centrumleden i Arboga<\/strong> n\u00e4r jag tog mig en promenad h\u00e4r om dagen. <a href=\"http:\/\/www.filindeblogg.nu\/?attachment_id=38052\" rel=\"attachment wp-att-38052\"><img loading=\"lazy\" class=\"alignnone  wp-image-38052\" title=\"IMG_0931 (4)\" src=\"http:\/\/www.filindeblogg.nu\/wp-content\/uploads\/2012\/09\/IMG_0931-4-300x225.jpg\" alt=\"\" width=\"180\" height=\"135\" srcset=\"http:\/\/www.filindeblogg.nu\/wp-content\/uploads\/2012\/09\/IMG_0931-4-300x225.jpg 300w, http:\/\/www.filindeblogg.nu\/wp-content\/uploads\/2012\/09\/IMG_0931-4.jpg 461w\" sizes=\"(max-width: 180px) 100vw, 180px\" \/><\/a><\/p>\n<p><a href=\"http:\/\/www.filindeblogg.nu\/?attachment_id=38053\" rel=\"attachment wp-att-38053\"><img loading=\"lazy\" class=\"alignnone  wp-image-38053\" title=\"IMG_0932 (3)\" src=\"http:\/\/www.filindeblogg.nu\/wp-content\/uploads\/2012\/09\/IMG_0932-3-225x300.jpg\" alt=\"\" width=\"135\" height=\"180\" srcset=\"http:\/\/www.filindeblogg.nu\/wp-content\/uploads\/2012\/09\/IMG_0932-3-225x300.jpg 225w, http:\/\/www.filindeblogg.nu\/wp-content\/uploads\/2012\/09\/IMG_0932-3.jpg 346w\" sizes=\"(max-width: 135px) 100vw, 135px\" \/><\/a> Tr\u00e4den har inte riktigt b\u00f6rjat skifta f\u00e4rg \u00f6verallt men l\u00f6nnen intill garaget \u00e4r grann! <a href=\"http:\/\/www.filindeblogg.nu\/?attachment_id=38054\" rel=\"attachment wp-att-38054\"><img loading=\"lazy\" class=\"alignnone  wp-image-38054\" title=\"IMG_0934 (3)\" src=\"http:\/\/www.filindeblogg.nu\/wp-content\/uploads\/2012\/09\/IMG_0934-3-225x300.jpg\" alt=\"\" width=\"135\" height=\"180\" srcset=\"http:\/\/www.filindeblogg.nu\/wp-content\/uploads\/2012\/09\/IMG_0934-3-225x300.jpg 225w, http:\/\/www.filindeblogg.nu\/wp-content\/uploads\/2012\/09\/IMG_0934-3.jpg 346w\" sizes=\"(max-width: 135px) 100vw, 135px\" \/><\/a><\/p>\n<p>\u00c4n s\u00e5 l\u00e4nge njuter jag av det vackra. Sen blir det mera jobb&#8230; N\u00e4r alla de vackra l\u00f6ven singlat ner till marken&#8230; Min trappa var s\u00e5 h\u00e4r vackert smyckad ig\u00e5r! <a href=\"http:\/\/www.filindeblogg.nu\/?attachment_id=38055\" rel=\"attachment wp-att-38055\"><img loading=\"lazy\" class=\"alignnone  wp-image-38055\" title=\"IMG_0936 (3)\" src=\"http:\/\/www.filindeblogg.nu\/wp-content\/uploads\/2012\/09\/IMG_0936-3-225x300.jpg\" alt=\"\" width=\"158\" height=\"210\" srcset=\"http:\/\/www.filindeblogg.nu\/wp-content\/uploads\/2012\/09\/IMG_0936-3-225x300.jpg 225w, http:\/\/www.filindeblogg.nu\/wp-content\/uploads\/2012\/09\/IMG_0936-3.jpg 346w\" sizes=\"(max-width: 158px) 100vw, 158px\" \/><\/a> Prickig av nedfallna vildvinsblad.<\/p>\n<p>N\u00e4r jag jobbar i tr\u00e4dg\u00e5rden blir katterna s\u00e5 glada! De gillar n\u00e4r jag \u00e4r ute med dom. H\u00e4r glada <strong>Wilma!<\/strong> <a href=\"http:\/\/www.filindeblogg.nu\/?attachment_id=38056\" rel=\"attachment wp-att-38056\"><img loading=\"lazy\" class=\"alignnone  wp-image-38056\" title=\"IMG_0930 (3)\" src=\"http:\/\/www.filindeblogg.nu\/wp-content\/uploads\/2012\/09\/IMG_0930-3-300x225.jpg\" alt=\"\" width=\"210\" height=\"158\" srcset=\"http:\/\/www.filindeblogg.nu\/wp-content\/uploads\/2012\/09\/IMG_0930-3-300x225.jpg 300w, http:\/\/www.filindeblogg.nu\/wp-content\/uploads\/2012\/09\/IMG_0930-3.jpg 461w\" sizes=\"(max-width: 210px) 100vw, 210px\" \/><\/a> Wilma \u00e4r en riktig pratkvarn och svarar alltid p\u00e5 tilltal! Det kan bli en l\u00e5ng konversation! \ud83d\ude42 <a href=\"http:\/\/www.filindeblogg.nu\/?attachment_id=38057\" rel=\"attachment wp-att-38057\"><img loading=\"lazy\" class=\"alignnone  wp-image-38057\" title=\"IMG_0929 (3)\" src=\"http:\/\/www.filindeblogg.nu\/wp-content\/uploads\/2012\/09\/IMG_0929-3-225x300.jpg\" alt=\"\" width=\"158\" height=\"210\" srcset=\"http:\/\/www.filindeblogg.nu\/wp-content\/uploads\/2012\/09\/IMG_0929-3-225x300.jpg 225w, http:\/\/www.filindeblogg.nu\/wp-content\/uploads\/2012\/09\/IMG_0929-3.jpg 346w\" sizes=\"(max-width: 158px) 100vw, 158px\" \/><\/a><\/p>\n<p>Njut de fina h\u00f6stdagarna och t\u00e4nk p\u00e5 stroferna jag avslutar bloggen med idag.<\/p>\n<p>Men f\u00f6rst namnsdagsbarnen! <a href=\"http:\/\/www.filindeblogg.nu\/?attachment_id=38058\" rel=\"attachment wp-att-38058\"><img loading=\"lazy\" class=\"alignnone  wp-image-38058\" title=\"Kalenderblad\" src=\"http:\/\/www.filindeblogg.nu\/wp-content\/uploads\/2012\/09\/Kalenderblad26.jpg\" alt=\"\" width=\"109\" height=\"79\" \/><\/a><br \/>\n<a href=\"http:\/\/www.filindeblogg.nu\/?attachment_id=38059\" rel=\"attachment wp-att-38059\"><img loading=\"lazy\" class=\"alignnone  wp-image-38059\" title=\"vykort flicka\" src=\"http:\/\/www.filindeblogg.nu\/wp-content\/uploads\/2012\/09\/vykort-flicka24.jpg\" alt=\"\" width=\"56\" height=\"100\" \/><\/a> GRATTIS LENNART OCH LEONARD IDAG FREDAGEN DEN 28 SEPTEMBER!<\/p>\n<p><img loading=\"lazy\" class=\"aligncenter size-medium wp-image-38060\" title=\"IMG_0949 (4)\" src=\"http:\/\/www.filindeblogg.nu\/wp-content\/uploads\/2012\/09\/IMG_0949-4-225x300.jpg\" alt=\"\" width=\"225\" height=\"300\" srcset=\"http:\/\/www.filindeblogg.nu\/wp-content\/uploads\/2012\/09\/IMG_0949-4-225x300.jpg 225w, http:\/\/www.filindeblogg.nu\/wp-content\/uploads\/2012\/09\/IMG_0949-4.jpg 346w\" sizes=\"(max-width: 225px) 100vw, 225px\" \/><\/p>\n<p>&nbsp;<\/p>\n<p style=\"text-align: center;\"><strong><em>V\u00e4gen hem var mycket l\u00e5ng och ingen har jag m\u00f6tt,<\/em><\/strong><br \/>\n<strong><em> nu blir kv\u00e4llarna kyliga och sena.<\/em><\/strong><br \/>\n<strong><em> Kom tr\u00f6sta mej en smula, f\u00f6r nu \u00e4r jag ganska tr\u00f6tt,<\/em><\/strong><br \/>\n<strong><em> och med ens s\u00e5 f\u00f6rf\u00e4rligt allena.<\/em><\/strong><br \/>\n<strong><em> Jag m\u00e4rkte aldrig f\u00f6rut, att m\u00f6rkret \u00e4r s\u00e5 stort,<\/em><\/strong><br \/>\n<strong><em> g\u00e5r och t\u00e4nker p\u00e5 allt det d\u00e4r man borde.<\/em><\/strong><br \/>\n<strong><em> Det \u00e4r s\u00e5 mycket saker jag skulle sagt och gjort,<\/em><\/strong><br \/>\n<strong><em> och det \u00e4r s\u00e5 v\u00e4ldigt lite jag gjorde.<\/em><\/strong><\/p>\n<p style=\"text-align: center;\">\n<strong><em> Skynda dej \u00e4lskade, skynda att \u00e4lska,<\/em><\/strong><br \/>\n<strong><em> dagarna m\u00f6rknar minut f\u00f6r minut.<\/em><\/strong><br \/>\n<strong><em> T\u00e4nd v\u00e5ra ljus, det \u00e4r n\u00e4ra till natten,<\/em><\/strong><br \/>\n<strong><em> snart \u00e4r den blommande sommaren slut.<\/em><\/strong><\/p>\n<p>&nbsp;<\/p>\n","protected":false},"excerpt":{"rendered":"<p>\u00a0H\u00f6sten n\u00e4rmar sig med stormsteg. Med den f\u00f6ljer vackra f\u00e4rger. Och solen sken s\u00e5 vackert mot den regnv\u00e5ta Centrumleden i Arboga n\u00e4r jag tog mig en promenad h\u00e4r om dagen. Tr\u00e4den har inte riktigt b\u00f6rjat skifta f\u00e4rg \u00f6verallt men l\u00f6nnen intill garaget \u00e4r grann! \u00c4n s\u00e5 l\u00e4nge njuter jag av det vackra. Sen blir det [&hellip;]<\/p>\n","protected":false},"author":1,"featured_media":0,"comment_status":"open","ping_status":"open","sticky":false,"template":"","format":"standard","meta":[],"categories":[127,41,137,100,147,101],"tags":[],"_links":{"self":[{"href":"http:\/\/www.filindeblogg.nu\/index.php?rest_route=\/wp\/v2\/posts\/38050"}],"collection":[{"href":"http:\/\/www.filindeblogg.nu\/index.php?rest_route=\/wp\/v2\/posts"}],"about":[{"href":"http:\/\/www.filindeblogg.nu\/index.php?rest_route=\/wp\/v2\/types\/post"}],"author":[{"embeddable":true,"href":"http:\/\/www.filindeblogg.nu\/index.php?rest_route=\/wp\/v2\/users\/1"}],"replies":[{"embeddable":true,"href":"http:\/\/www.filindeblogg.nu\/index.php?rest_route=%2Fwp%2Fv2%2Fcomments&post=38050"}],"version-history":[{"count":22,"href":"http:\/\/www.filindeblogg.nu\/index.php?rest_route=\/wp\/v2\/posts\/38050\/revisions"}],"predecessor-version":[{"id":38082,"href":"http:\/\/www.filindeblogg.nu\/index.php?rest_route=\/wp\/v2\/posts\/38050\/revisions\/38082"}],"wp:attachment":[{"href":"http:\/\/www.filindeblogg.nu\/index.php?rest_route=%2Fwp%2Fv2%2Fmedia&parent=38050"}],"wp:term":[{"taxonomy":"category","embeddable":true,"href":"http:\/\/www.filindeblogg.nu\/index.php?rest_route=%2Fwp%2Fv2%2Fcategories&post=38050"},{"taxonomy":"post_tag","embeddable":true,"href":"http:\/\/www.filindeblogg.nu\/index.php?rest_route=%2Fwp%2Fv2%2Ftags&post=38050"}],"curies":[{"name":"wp","href":"https:\/\/api.w.org\/{rel}","templated":true}]}}