{"id":37544,"date":"2012-09-15T11:37:10","date_gmt":"2012-09-15T10:37:10","guid":{"rendered":"http:\/\/www.filindeblogg.nu\/?p=37544"},"modified":"2012-09-15T11:37:11","modified_gmt":"2012-09-15T10:37:11","slug":"om-din-slakting-krakan-om-skrothogar-konstig-politik-och-om-en-hostpromenad","status":"publish","type":"post","link":"http:\/\/www.filindeblogg.nu\/?p=37544","title":{"rendered":"Om din sl\u00e4kting kr\u00e5kan, om skroth\u00f6gar, konstig politik och om en h\u00f6stpromenad"},"content":{"rendered":"<p><a href=\"http:\/\/www.filindeblogg.nu\/?attachment_id=37545\" rel=\"attachment wp-att-37545\"><img loading=\"lazy\" class=\"alignnone  wp-image-37545\" title=\"IMG_0717 (3)\" src=\"http:\/\/www.filindeblogg.nu\/wp-content\/uploads\/2012\/09\/IMG_0717-3-300x225.jpg\" alt=\"\" width=\"180\" height=\"135\" srcset=\"http:\/\/www.filindeblogg.nu\/wp-content\/uploads\/2012\/09\/IMG_0717-3-300x225.jpg 300w, http:\/\/www.filindeblogg.nu\/wp-content\/uploads\/2012\/09\/IMG_0717-3.jpg 461w\" sizes=\"(max-width: 180px) 100vw, 180px\" \/><\/a> F\u00f6rst promenaden! I morse tog jag min vanliga tur runt <strong>Arboga\u00e5n<\/strong> och visst \u00e4r det vackert s\u00e5 h\u00e4r p\u00e5 h\u00f6sten. Ja, inte h\u00f6st riktigt \u00e4nnu f\u00f6r tr\u00e4den har inte f\u00e4rgat sina l\u00f6v och det gr\u00f6nskar och blommar fortfarande.<\/p>\n<p>L\u00e4ngs med <strong>Norra \u00c5gatan<\/strong> ligger en skrotplats. Det \u00e4r inte <strong>Nejmans skrot<\/strong> jag menar utan <strong><a href=\"http:\/\/www.peacemonuments.se\/sv\/\" target=\"_blank\">Peace Monuments of War Material<\/a>. <\/strong>F\u00f6r f\u00f6rst ser det mest ut som en massa milit\u00e4rt skrot d\u00e4r <strong>Asoma<\/strong> en g\u00e5ng hade sin verksamhet.\u00a0<img loading=\"lazy\" class=\"alignnone  wp-image-37546\" title=\"IMG_0716 (3)\" src=\"http:\/\/www.filindeblogg.nu\/wp-content\/uploads\/2012\/09\/IMG_0716-3-300x225.jpg\" alt=\"\" width=\"180\" height=\"135\" srcset=\"http:\/\/www.filindeblogg.nu\/wp-content\/uploads\/2012\/09\/IMG_0716-3-300x225.jpg 300w, http:\/\/www.filindeblogg.nu\/wp-content\/uploads\/2012\/09\/IMG_0716-3.jpg 461w\" sizes=\"(max-width: 180px) 100vw, 180px\" \/><br \/>\nMen tittar man lite n\u00e4rmare s\u00e5 ser man att p\u00e5 kanonen n\u00e4rmast i bild finns en f\u00e5gel och delfiner hoppar intill.<br \/>\n\u00c4n ser dock det mesta ut mer som krigsmateriel \u00e4n konst. Vi f\u00e5r v\u00e4l se n\u00e4r det hela st\u00e5r klart.<br \/>\nEller \u00e4r det redan klart&#8230;?? I s\u00e5 fall \u00e4r nog fr\u00e5gan om \u00e4gandet av konstverken befogad &#8211; och var den ska placeras om det \u00e4r Arboga kommun som st\u00e5r som \u00e4gare&#8230;<\/p>\n<p><a href=\"http:\/\/www.filindeblogg.nu\/?attachment_id=37547\" rel=\"attachment wp-att-37547\"><img loading=\"lazy\" class=\"alignnone  wp-image-37547\" title=\"IMG_0720 (3)\" src=\"http:\/\/www.filindeblogg.nu\/wp-content\/uploads\/2012\/09\/IMG_0720-3-225x300.jpg\" alt=\"\" width=\"135\" height=\"180\" srcset=\"http:\/\/www.filindeblogg.nu\/wp-content\/uploads\/2012\/09\/IMG_0720-3-225x300.jpg 225w, http:\/\/www.filindeblogg.nu\/wp-content\/uploads\/2012\/09\/IMG_0720-3.jpg 346w\" sizes=\"(max-width: 135px) 100vw, 135px\" \/><\/a> R\u00f6nnarna har fullt med r\u00f6da b\u00e4r &#8211; d\u00e5 blir det en str\u00e4ng vinter, enligt s\u00e4gen. Hoppas inte, s\u00e5 k\u00e4nner bloggaren.<br \/>\nFramf\u00f6r <strong>Strandg\u00e5rden<\/strong> p\u00e5g\u00e5r n\u00e5got &#8211; men vad? <a href=\"http:\/\/www.filindeblogg.nu\/?attachment_id=37548\" rel=\"attachment wp-att-37548\"><img loading=\"lazy\" class=\"alignnone  wp-image-37548\" title=\"IMG_0723 (3)\" src=\"http:\/\/www.filindeblogg.nu\/wp-content\/uploads\/2012\/09\/IMG_0723-3-300x225.jpg\" alt=\"\" width=\"180\" height=\"135\" srcset=\"http:\/\/www.filindeblogg.nu\/wp-content\/uploads\/2012\/09\/IMG_0723-3-300x225.jpg 300w, http:\/\/www.filindeblogg.nu\/wp-content\/uploads\/2012\/09\/IMG_0723-3.jpg 461w\" sizes=\"(max-width: 180px) 100vw, 180px\" \/><\/a> Har det funnits n\u00e5got d\u00e4r f\u00f6rut som ska \u00e5tg\u00e4rdas eller \u00e4r det n\u00e5gon ny installation? Minnet sviker bloggaren. N\u00e5gon som vet?<\/p>\n<p>Utsikten fr\u00e5n <strong>Herrg\u00e5rdsbron<\/strong> \u00e4r som alltid lika vacker h\u00e4r i<strong> Arboga<\/strong>: <a href=\"http:\/\/www.filindeblogg.nu\/?attachment_id=37549\" rel=\"attachment wp-att-37549\"><img loading=\"lazy\" class=\"alignnone  wp-image-37549\" title=\"IMG_0725 (3)\" src=\"http:\/\/www.filindeblogg.nu\/wp-content\/uploads\/2012\/09\/IMG_0725-3-300x225.jpg\" alt=\"\" width=\"180\" height=\"135\" srcset=\"http:\/\/www.filindeblogg.nu\/wp-content\/uploads\/2012\/09\/IMG_0725-3-300x225.jpg 300w, http:\/\/www.filindeblogg.nu\/wp-content\/uploads\/2012\/09\/IMG_0725-3.jpg 461w\" sizes=\"(max-width: 180px) 100vw, 180px\" \/><\/a><\/p>\n<p>Promenaden var sk\u00f6n och jag tr\u00e4ffade b\u00e5de hundar och m\u00e4nniskor! Samtidigt inbillar jag mig att jag fick lite motion&#8230; \ud83d\ude42<\/p>\n<p>Hemma p\u00e5 g\u00e5rden blommar det fortfarande och fr\u00e5gan, som alltid varje \u00e5r, \u00e4r n\u00e4r man ska plocka in blomstren och r\u00e4dda dom fr\u00e5n frosten? <a href=\"http:\/\/www.filindeblogg.nu\/?attachment_id=37550\" rel=\"attachment wp-att-37550\"><img loading=\"lazy\" class=\"alignnone  wp-image-37550\" title=\"IMG_0731 (3)\" src=\"http:\/\/www.filindeblogg.nu\/wp-content\/uploads\/2012\/09\/IMG_0731-3-300x225.jpg\" alt=\"\" width=\"180\" height=\"135\" srcset=\"http:\/\/www.filindeblogg.nu\/wp-content\/uploads\/2012\/09\/IMG_0731-3-300x225.jpg 300w, http:\/\/www.filindeblogg.nu\/wp-content\/uploads\/2012\/09\/IMG_0731-3.jpg 461w\" sizes=\"(max-width: 180px) 100vw, 180px\" \/><\/a> Men \u00e4n f\u00e5r de forts\u00e4tta att blomma p\u00e5 min trapp och jag f\u00e5r ha god koll p\u00e5 v\u00e4derleksrapporterna.<\/p>\n<p>H\u00e4r om dagen antog jag ett erbjudande fr\u00e5n<strong> Svenska Dagbladet<\/strong> om helgtidning gratis 6 veckor i rad. Idag kom f\u00f6rsta tidningen och detta fann jag mycket intressant. <a href=\"http:\/\/www.filindeblogg.nu\/?attachment_id=37551\" rel=\"attachment wp-att-37551\"><img loading=\"lazy\" class=\"alignnone size-medium wp-image-37551\" title=\"IMG_0733 (3)\" src=\"http:\/\/www.filindeblogg.nu\/wp-content\/uploads\/2012\/09\/IMG_0733-3-300x225.jpg\" alt=\"\" width=\"300\" height=\"225\" srcset=\"http:\/\/www.filindeblogg.nu\/wp-content\/uploads\/2012\/09\/IMG_0733-3-300x225.jpg 300w, http:\/\/www.filindeblogg.nu\/wp-content\/uploads\/2012\/09\/IMG_0733-3.jpg 461w\" sizes=\"(max-width: 300px) 100vw, 300px\" \/><\/a><\/p>\n<p><a href=\"http:\/\/www.filindeblogg.nu\/?attachment_id=37552\" rel=\"attachment wp-att-37552\"><img loading=\"lazy\" class=\"alignnone size-full wp-image-37552\" title=\"kr\u00e5ka\" src=\"http:\/\/www.filindeblogg.nu\/wp-content\/uploads\/2012\/09\/kr\u00e5ka.jpg\" alt=\"\" width=\"245\" height=\"206\" \/><\/a>S\u00e5 h\u00e4r st\u00e5r det bland annat i artikeln:<br \/>\n<a href=\"http:\/\/www.filindeblogg.nu\/?attachment_id=37553\" rel=\"attachment wp-att-37553\"><img loading=\"lazy\" class=\"alignnone size-medium wp-image-37553\" title=\"IMG_0734 (3)\" src=\"http:\/\/www.filindeblogg.nu\/wp-content\/uploads\/2012\/09\/IMG_0734-3-300x225.jpg\" alt=\"\" width=\"300\" height=\"225\" srcset=\"http:\/\/www.filindeblogg.nu\/wp-content\/uploads\/2012\/09\/IMG_0734-3-300x225.jpg 300w, http:\/\/www.filindeblogg.nu\/wp-content\/uploads\/2012\/09\/IMG_0734-3.jpg 461w\" sizes=\"(max-width: 300px) 100vw, 300px\" \/><\/a><\/p>\n<p>Ja, jag har alltid sagt &#8211; vi ska v\u00e4rna om alla djur, f\u00e5glar och fiskar, ja \u00e4ven v\u00e4xtligheten p\u00e5 b\u00e4sta s\u00e4tt. Vem vet hur mycket djur k\u00e4nner, f\u00f6rst\u00e5r och t\u00e4nker, p\u00e5 sitt vis!?<br \/>\nUtg\u00e5 fr\u00e5n dig sj\u00e4lv, fr\u00e5n ditt eget s\u00e4tt att vilja bli bem\u00f6tt och behandlad &#8211; och lev d\u00e4refter! Det beh\u00f6ver inte till en massa forskning och bevis f\u00f6r att handla med empati och medk\u00e4nsla!<\/p>\n<p><a href=\"http:\/\/www.filindeblogg.nu\/?attachment_id=37554\" rel=\"attachment wp-att-37554\"><img loading=\"lazy\" class=\"alignnone size-medium wp-image-37554\" title=\"IMG_0735 (3)\" src=\"http:\/\/www.filindeblogg.nu\/wp-content\/uploads\/2012\/09\/IMG_0735-3-300x225.jpg\" alt=\"\" width=\"300\" height=\"225\" srcset=\"http:\/\/www.filindeblogg.nu\/wp-content\/uploads\/2012\/09\/IMG_0735-3-300x225.jpg 300w, http:\/\/www.filindeblogg.nu\/wp-content\/uploads\/2012\/09\/IMG_0735-3.jpg 461w\" sizes=\"(max-width: 300px) 100vw, 300px\" \/><\/a> <em>&#8221;Det m\u00e4rkliga \u00e4r att kr\u00e5korna \u00e4r s\u00e5 duktiga p\u00e5 att skilja m\u00e4nniskor \u00e5t p\u00e5 utseendet. Det borde vara sv\u00e5rt eftersom vi tillh\u00f6r en fr\u00e4mmande djurart &#8211; och vi sj\u00e4lv \u00e4r usla p\u00e5 att k\u00e4nna igen olika kr\u00e5kor. Kr\u00e5korna tycks faktiskt ha en st\u00f6rre medf\u00f6dd f\u00f6rm\u00e5ga p\u00e5 det h\u00e4r omr\u00e5det.&#8221;<\/em><\/p>\n<p><a href=\"http:\/\/www.filindeblogg.nu\/?attachment_id=37582\" rel=\"attachment wp-att-37582\"><img loading=\"lazy\" class=\"size-full wp-image-37582 aligncenter\" title=\"Kr\u00e5ka 2\" src=\"http:\/\/www.filindeblogg.nu\/wp-content\/uploads\/2012\/09\/Kr\u00e5ka-2.jpg\" alt=\"\" width=\"256\" height=\"192\" \/><\/a><\/p>\n<p>Tyv\u00e4rr hittar jag inte artikeln om kr\u00e5kor i Svenskans n\u00e4tupplaga men jag hittade det h\u00e4r&#8230; N\u00e5got som f\u00e5r mig att undra vad det \u00e4r f\u00f6r tidning jag f\u00e5tt till mig egentligen&#8230; <a href=\"http:\/\/www.filindeblogg.nu\/?attachment_id=37555\" rel=\"attachment wp-att-37555\"><img loading=\"lazy\" class=\"alignnone size-medium wp-image-37555\" title=\"IMG_0736 (3)\" src=\"http:\/\/www.filindeblogg.nu\/wp-content\/uploads\/2012\/09\/IMG_0736-3-225x300.jpg\" alt=\"\" width=\"225\" height=\"300\" srcset=\"http:\/\/www.filindeblogg.nu\/wp-content\/uploads\/2012\/09\/IMG_0736-3-225x300.jpg 225w, http:\/\/www.filindeblogg.nu\/wp-content\/uploads\/2012\/09\/IMG_0736-3.jpg 346w\" sizes=\"(max-width: 225px) 100vw, 225px\" \/><\/a> L\u00e4s debatten p\u00e5 Svenska Dagbladets hemsida <a href=\"http:\/\/www.svd.se\/opinion\/brannpunkt\/varfor-ska-just-sverige-ge-en-fristad_7499414.svd\" target=\"_blank\"><strong>H\u00c4R!<\/strong><\/a><\/p>\n<p><strong>S\u00e5dana uttalanden g\u00f6r mig fruktansv\u00e4rt uppr\u00f6rd! Det \u00e4r en sl\u00f6 nonchalans som visar stor brist p\u00e5 f\u00f6rst\u00e5else och ink\u00e4nnande!<br \/>\nEtt egoistiskt gn\u00e4ll fr\u00e5n svenskar som har det hur bra som helst och som s\u00e4ger saker som Gunnar Sandelin ovan &#8211;<em> &#8221;de problem som redan finns b\u00f6r prioriteras framf\u00f6r hj\u00e4lp till de syriska flyktingarna&#8221;<\/em>!<br \/>\nDet vill s\u00e4ga &#8221;l\u00e5t dom d\u00f6 d\u00e4r borta f\u00f6r vi har det ju s\u00e5 jobbigt \u00e4nd\u00e5 med alla flyktingar vi redan har&#8221;. ??? \ud83d\ude41<br \/>\nDet \u00e4r samma slapphet som n\u00e4r en allm\u00e4nhet f\u00f6rv\u00e4ntar sig att &#8221;n\u00e5gon annan&#8221; ska hj\u00e4lpa till n\u00e4r man bevittnar en olycka p\u00e5 gatan, misshandel i grannskapet eller skadeg\u00f6relse p\u00e5 fastigheten intill. Att blunda, rycka p\u00e5 axlarna &#8211;\u00a0 att inte bry sig!<br \/>\n<\/strong><\/p>\n<p><strong>Sj\u00e4lvklart ska vi hj\u00e4lpa Syriens folk!!<\/strong><\/p>\n<p>Annat p\u00e5 tapeten just nu av konstig politik f\u00e5r de h\u00e4r bilderna illustrera: <a href=\"http:\/\/www.filindeblogg.nu\/?attachment_id=37556\" rel=\"attachment wp-att-37556\"><img loading=\"lazy\" class=\"alignnone size-medium wp-image-37556\" title=\"Obama och Clinton bild fr\u00e5n Internet\" src=\"http:\/\/www.filindeblogg.nu\/wp-content\/uploads\/2012\/09\/Obama-och-Clinton-bild-fr\u00e5n-Internet-300x173.jpg\" alt=\"\" width=\"300\" height=\"173\" srcset=\"http:\/\/www.filindeblogg.nu\/wp-content\/uploads\/2012\/09\/Obama-och-Clinton-bild-fr\u00e5n-Internet-300x173.jpg 300w, http:\/\/www.filindeblogg.nu\/wp-content\/uploads\/2012\/09\/Obama-och-Clinton-bild-fr\u00e5n-Internet.jpg 500w\" sizes=\"(max-width: 300px) 100vw, 300px\" \/><\/a> Att det kan st\u00e5 n\u00e4stan j\u00e4mnt mellan demokrater och republikaner inf\u00f6r kommande val \u00e4r f\u00f6r en svensk helt of\u00f6rst\u00e5eligt! Att <strong>Romney<\/strong> skulle bli president vore att ta massor av steg tillbaka f\u00f6r ett land som tycker sig vara st\u00f6rst och b\u00e4st i v\u00e4rlden.<\/p>\n<p><a href=\"http:\/\/www.filindeblogg.nu\/?attachment_id=37557\" rel=\"attachment wp-att-37557\"><img loading=\"lazy\" class=\"alignnone size-full wp-image-37557\" title=\"Johan och Martin \u00e4r hemma\" src=\"http:\/\/www.filindeblogg.nu\/wp-content\/uploads\/2012\/09\/Johan-och-Martin-\u00e4r-hemma.jpg\" alt=\"\" width=\"300\" height=\"200\" \/><\/a> Och \u00e4ntligen kom dom hem! <strong>Johan Persson<\/strong> och <strong>Martin Schibbye<\/strong>! En hemkomst som kommer att f\u00f6ljas av m\u00e4ngder av inl\u00e4gg och debatter om s\u00e5v\u00e4l utrikes- som inrikespolitik<a href=\"http:\/\/www.aftonbladet.se\/nyheter\/article15445962.ab\" target=\"_blank\">,<\/a> s\u00e5v\u00e4l h\u00e4r som i andra l\u00e4nder<a href=\"http:\/\/www.expressen.se\/nyheter\/johans-pappa-kritisk-mot-regeringen\/\" target=\"_blank\">.<\/a><\/p>\n<p><a href=\"http:\/\/www.filindeblogg.nu\/?attachment_id=37558\" rel=\"attachment wp-att-37558\"><img loading=\"lazy\" class=\"alignnone  wp-image-37558\" title=\"Kalenderblad\" src=\"http:\/\/www.filindeblogg.nu\/wp-content\/uploads\/2012\/09\/Kalenderblad14.jpg\" alt=\"\" width=\"109\" height=\"79\" \/><\/a> <strong>Sigrid och Siri<\/strong> har namnsdag idag &#8211; och min v\u00e4n <strong>Elsa<\/strong> fyller 91!<br \/>\nS\u00e5 \u00e4ven om jag inte har n\u00e5gra namnsdagsbarn att fira idag s\u00e5 blir det t\u00e5rtkalas p\u00e5 eftermiddagen hos Elsa! <strong>GRATTIS<\/strong> s\u00e5v\u00e4l namnsdagsbarn som Elsa! <a href=\"http:\/\/www.filindeblogg.nu\/?attachment_id=37559\" rel=\"attachment wp-att-37559\"><img loading=\"lazy\" class=\"alignnone  wp-image-37559\" title=\"vykort flicka\" src=\"http:\/\/www.filindeblogg.nu\/wp-content\/uploads\/2012\/09\/vykort-flicka13.jpg\" alt=\"\" width=\"93\" height=\"166\" \/><\/a><\/p>\n<p>Avslutar med n\u00e5gra rader ur en visa som jag os\u00f6kt kom att t\u00e4nka p\u00e5 med anledning av Svenskans artikel om de kloka kr\u00e5korna:<\/p>\n<p style=\"text-align: center;\"><a href=\"http:\/\/www.filindeblogg.nu\/?attachment_id=37560\" rel=\"attachment wp-att-37560\"><img loading=\"lazy\" class=\"aligncenter  wp-image-37560\" title=\"Kr\u00e5kunge\" src=\"http:\/\/www.filindeblogg.nu\/wp-content\/uploads\/2012\/09\/Kr\u00e5kunge.jpg\" alt=\"\" width=\"155\" height=\"116\" \/><\/a><em>&#8221;D\u00e5 s\u00e5g jag en bild av en flicka, med en skadskjuten kr\u00e5ka i famn.<\/em><br \/>\n<em>Hon springer iv\u00e4g genom skogen, s\u00e5 fort som hon bara n\u00e5nsin kan.<\/em><br \/>\n<em>Hon springer med fladdrande lockar, hon springer p\u00e5 taniga ben.<\/em><br \/>\n<em>Och hon hoppas och tror och hon b\u00f6nar och ber att det inte skall vara f\u00f6rsent&#8230;<\/em>&#8221;<\/p>\n<p style=\"text-align: center;\"><a href=\"http:\/\/www.youtube.com\/watch?v=3wTTODksGtA\" target=\"_blank\"><strong>H\u00c4R<\/strong> <\/a>kan ni via <strong>Youtube<\/strong><br \/>\nh\u00f6r<strong> Mikael Wiehe<\/strong> sjunga sin visa.<\/p>\n<p style=\"text-align: center;\">Var r\u00e4dd om kr\u00e5korna!<br \/>\nVar r\u00e4dd om alla djur och allt levande!<br \/>\nDet g\u00e4ller sj\u00e4lvklart \u00e4ven m\u00e4nniskor och<strong> Syriens<\/strong> folk!<\/p>\n<p style=\"text-align: center;\"><a href=\"http:\/\/www.filindeblogg.nu\/?attachment_id=37561\" rel=\"attachment wp-att-37561\"><img loading=\"lazy\" class=\"aligncenter size-medium wp-image-37561\" title=\"IMG_0730 (3)\" src=\"http:\/\/www.filindeblogg.nu\/wp-content\/uploads\/2012\/09\/IMG_0730-3-300x225.jpg\" alt=\"\" width=\"300\" height=\"225\" srcset=\"http:\/\/www.filindeblogg.nu\/wp-content\/uploads\/2012\/09\/IMG_0730-3-300x225.jpg 300w, http:\/\/www.filindeblogg.nu\/wp-content\/uploads\/2012\/09\/IMG_0730-3.jpg 461w\" sizes=\"(max-width: 300px) 100vw, 300px\" \/><\/a><\/p>\n<pre><em><span style=\"font-family: arial;\">\r\n<\/span><\/em><\/pre>\n<pre><span style=\"font-family: arial;\">\r\n<\/span><\/pre>\n","protected":false},"excerpt":{"rendered":"<p>F\u00f6rst promenaden! I morse tog jag min vanliga tur runt Arboga\u00e5n och visst \u00e4r det vackert s\u00e5 h\u00e4r p\u00e5 h\u00f6sten. Ja, inte h\u00f6st riktigt \u00e4nnu f\u00f6r tr\u00e4den har inte f\u00e4rgat sina l\u00f6v och det gr\u00f6nskar och blommar fortfarande. L\u00e4ngs med Norra \u00c5gatan ligger en skrotplats. Det \u00e4r inte Nejmans skrot jag menar utan Peace Monuments [&hellip;]<\/p>\n","protected":false},"author":1,"featured_media":0,"comment_status":"open","ping_status":"open","sticky":false,"template":"","format":"standard","meta":[],"categories":[100,149,145,119,101,116],"tags":[],"_links":{"self":[{"href":"http:\/\/www.filindeblogg.nu\/index.php?rest_route=\/wp\/v2\/posts\/37544"}],"collection":[{"href":"http:\/\/www.filindeblogg.nu\/index.php?rest_route=\/wp\/v2\/posts"}],"about":[{"href":"http:\/\/www.filindeblogg.nu\/index.php?rest_route=\/wp\/v2\/types\/post"}],"author":[{"embeddable":true,"href":"http:\/\/www.filindeblogg.nu\/index.php?rest_route=\/wp\/v2\/users\/1"}],"replies":[{"embeddable":true,"href":"http:\/\/www.filindeblogg.nu\/index.php?rest_route=%2Fwp%2Fv2%2Fcomments&post=37544"}],"version-history":[{"count":60,"href":"http:\/\/www.filindeblogg.nu\/index.php?rest_route=\/wp\/v2\/posts\/37544\/revisions"}],"predecessor-version":[{"id":37622,"href":"http:\/\/www.filindeblogg.nu\/index.php?rest_route=\/wp\/v2\/posts\/37544\/revisions\/37622"}],"wp:attachment":[{"href":"http:\/\/www.filindeblogg.nu\/index.php?rest_route=%2Fwp%2Fv2%2Fmedia&parent=37544"}],"wp:term":[{"taxonomy":"category","embeddable":true,"href":"http:\/\/www.filindeblogg.nu\/index.php?rest_route=%2Fwp%2Fv2%2Fcategories&post=37544"},{"taxonomy":"post_tag","embeddable":true,"href":"http:\/\/www.filindeblogg.nu\/index.php?rest_route=%2Fwp%2Fv2%2Ftags&post=37544"}],"curies":[{"name":"wp","href":"https:\/\/api.w.org\/{rel}","templated":true}]}}