{"id":37150,"date":"2012-09-04T07:23:04","date_gmt":"2012-09-04T06:23:04","guid":{"rendered":"http:\/\/www.filindeblogg.nu\/?p=37150"},"modified":"2012-09-04T16:27:02","modified_gmt":"2012-09-04T15:27:02","slug":"os-brons-till-arboga-och-andra-os-brons","status":"publish","type":"post","link":"http:\/\/www.filindeblogg.nu\/?p=37150","title":{"rendered":"OS-brons till Arboga och andra OS-brons!"},"content":{"rendered":"<p><a href=\"http:\/\/www.filindeblogg.nu\/?attachment_id=37151\" rel=\"attachment wp-att-37151\"><img loading=\"lazy\" class=\"alignnone  wp-image-37151\" title=\"IMG_0327 (3)\" src=\"http:\/\/www.filindeblogg.nu\/wp-content\/uploads\/2012\/09\/IMG_0327-3-225x300.jpg\" alt=\"\" width=\"158\" height=\"210\" srcset=\"http:\/\/www.filindeblogg.nu\/wp-content\/uploads\/2012\/09\/IMG_0327-3-225x300.jpg 225w, http:\/\/www.filindeblogg.nu\/wp-content\/uploads\/2012\/09\/IMG_0327-3.jpg 346w\" sizes=\"(max-width: 158px) 100vw, 158px\" \/><\/a> Dagens <a href=\"http:\/\/bblat.se\/nyheter\/sport\/1.1792767-paralympics-brons-till-emil-andersson\" target=\"_blank\"><strong>Arboga Tidning<\/strong><\/a>!<\/p>\n<p>Arbogasonen <strong>Emil Andersson<\/strong> har tagit <strong>OS-brons i Paralymics i London<\/strong>! <a href=\"http:\/\/www.filindeblogg.nu\/?attachment_id=37153\" rel=\"attachment wp-att-37153\"><img loading=\"lazy\" class=\"alignnone  wp-image-37153\" title=\"IMG_0326 (3)\" src=\"http:\/\/www.filindeblogg.nu\/wp-content\/uploads\/2012\/09\/IMG_0326-31-300x225.jpg\" alt=\"\" width=\"180\" height=\"135\" srcset=\"http:\/\/www.filindeblogg.nu\/wp-content\/uploads\/2012\/09\/IMG_0326-31-300x225.jpg 300w, http:\/\/www.filindeblogg.nu\/wp-content\/uploads\/2012\/09\/IMG_0326-31.jpg 461w\" sizes=\"(max-width: 180px) 100vw, 180px\" \/><\/a> <strong>GRATTIS<\/strong> till den duktige bordtennisspelaren! <a href=\"http:\/\/www.filindeblogg.nu\/?attachment_id=37154\" rel=\"attachment wp-att-37154\"><img loading=\"lazy\" class=\"alignnone  wp-image-37154\" title=\"IMG_0328 (3)\" src=\"http:\/\/www.filindeblogg.nu\/wp-content\/uploads\/2012\/09\/IMG_0328-3-225x300.jpg\" alt=\"\" width=\"158\" height=\"210\" srcset=\"http:\/\/www.filindeblogg.nu\/wp-content\/uploads\/2012\/09\/IMG_0328-3-225x300.jpg 225w, http:\/\/www.filindeblogg.nu\/wp-content\/uploads\/2012\/09\/IMG_0328-3.jpg 346w\" sizes=\"(max-width: 158px) 100vw, 158px\" \/><\/a><\/p>\n<p>N\u00e4r jag h\u00f6r talas om<strong> OS i London<\/strong> och bronsmedaljer kommer jag omedelbart att t\u00e4nka p\u00e5 en morfar! Inte min morfar utan <strong>Ann L\u00f6fgrens<\/strong>! <a href=\"http:\/\/www.filindeblogg.nu\/?attachment_id=37155\" rel=\"attachment wp-att-37155\"><img loading=\"lazy\" class=\"alignnone  wp-image-37155\" title=\"Ann L\u00f6fgren\" src=\"http:\/\/www.filindeblogg.nu\/wp-content\/uploads\/2012\/09\/Ann-L\u00f6fgren.jpg\" alt=\"\" width=\"76\" height=\"101\" \/><\/a><br \/>\nAnn hade en morfar, han \u00e4r d\u00f6d idag, som ocks\u00e5 tog brons! I OS!\u00a0 I London!\u00a0 Men det var \u00e5r 1948!<br \/>\n<a href=\"http:\/\/www.filindeblogg.nu\/?attachment_id=37156\" rel=\"attachment wp-att-37156\"><img loading=\"lazy\" class=\"alignnone  wp-image-37156\" title=\"Brons till Anns morfar\" src=\"http:\/\/www.filindeblogg.nu\/wp-content\/uploads\/2012\/09\/Brons-till-Anns-morfar-225x300.jpg\" alt=\"\" width=\"180\" height=\"240\" srcset=\"http:\/\/www.filindeblogg.nu\/wp-content\/uploads\/2012\/09\/Brons-till-Anns-morfar-225x300.jpg 225w, http:\/\/www.filindeblogg.nu\/wp-content\/uploads\/2012\/09\/Brons-till-Anns-morfar.jpg 252w\" sizes=\"(max-width: 180px) 100vw, 180px\" \/><\/a> H\u00e4r ses <strong>Thure Johansson<\/strong> till h\u00f6ger p\u00e5 prispallen! H\u00e4rligt!\u00a0 Medaljen togs i brottning, fri stil, flugvikt. <a href=\"http:\/\/www.filindeblogg.nu\/?attachment_id=37157\" rel=\"attachment wp-att-37157\"><img loading=\"lazy\" class=\"alignnone size-full wp-image-37157\" title=\"Ann L\u00f6fgrens morfar OS-medalj\u00f6r i London\" src=\"http:\/\/www.filindeblogg.nu\/wp-content\/uploads\/2012\/09\/Ann-L\u00f6fgrens-morfar-OS-medalj\u00f6r-i-London.jpg\" alt=\"\" width=\"180\" height=\"240\" \/><\/a><\/p>\n<p>Ann \u00e4r stolt \u00f6ver detta, vilket jag ocks\u00e5 sj\u00e4lvklart skulle vara, men \u00e4r kanske lite f\u00f6r blyg f\u00f6r att tipsa lokalpressen om det. D\u00e4rf\u00f6r har jag tagit mig friheten&#8230; Bilderna finns i Anns \u00e4go.<br \/>\nSen vet jag inte om Thure Johansson var fr\u00e5n v\u00e5ra trakter h\u00e4r i KAK men STORT \u00e4r det \u00e4nd\u00e5! Grattis morfar och grattis Ann!<br \/>\nAnn bor med sin familj utanf\u00f6r <strong>Kungs\u00f6r<\/strong>.<\/p>\n<p>Klicka <a href=\"http:\/\/sv.wikipedia.org\/wiki\/Svenska_medaljer_vid_olympiska_sommarspel#Brons_10\" target=\"_blank\"><strong>H\u00c4R<\/strong> <\/a>f\u00f6r att komma till <strong>Wikipedia<\/strong> om alla svenska medaljer i Olympiska spel. Scrolla ner till London 1948 och brons s\u00e5 hittar ni Thure, Anns morfar! EXTRA GRATTIS till Ann och hennes morfar f\u00f6r morfar Thure skulle ha fyllt 100 \u00e5r om en vecka om han hade levat! Samma f\u00f6delsedag som bloggaren! <a href=\"http:\/\/www.filindeblogg.nu\/?attachment_id=37191\" rel=\"attachment wp-att-37191\"><img loading=\"lazy\" class=\"alignnone  wp-image-37191\" title=\"GRATTIS\" src=\"http:\/\/www.filindeblogg.nu\/wp-content\/uploads\/2012\/09\/GRATTIS.jpg\" alt=\"\" width=\"140\" height=\"130\" \/><\/a><\/p>\n<p>Om Ann vill ber\u00e4tta lite mer om morfar s\u00e5 \u00e4r hon v\u00e4lkommen med kommentarer h\u00e4r p\u00e5 bloggen! Eller kontakta mig personligen!<\/p>\n<p>Annat som man f\u00e5r via lokalpressen \u00e4r det h\u00e4r: <a href=\"http:\/\/www.filindeblogg.nu\/?attachment_id=37158\" rel=\"attachment wp-att-37158\"><img loading=\"lazy\" class=\"alignnone  wp-image-37158\" title=\"IMG_0329 (3)\" src=\"http:\/\/www.filindeblogg.nu\/wp-content\/uploads\/2012\/09\/IMG_0329-3-225x300.jpg\" alt=\"\" width=\"158\" height=\"210\" srcset=\"http:\/\/www.filindeblogg.nu\/wp-content\/uploads\/2012\/09\/IMG_0329-3-225x300.jpg 225w, http:\/\/www.filindeblogg.nu\/wp-content\/uploads\/2012\/09\/IMG_0329-3.jpg 346w\" sizes=\"(max-width: 158px) 100vw, 158px\" \/><\/a> H\u00f6stens program fr\u00e5n <strong>V\u00e4ster\u00e5s Konserthus<\/strong>, en f\u00f6r mig efterl\u00e4ngtad reklambilaga!<\/p>\n<p>Och p\u00e5 direkten bokade jag biljett &#8211; till det h\u00e4r: <a href=\"http:\/\/www.filindeblogg.nu\/?attachment_id=37159\" rel=\"attachment wp-att-37159\"><img loading=\"lazy\" class=\"alignnone size-medium wp-image-37159\" title=\"IMG_0330 (3)\" src=\"http:\/\/www.filindeblogg.nu\/wp-content\/uploads\/2012\/09\/IMG_0330-3-225x300.jpg\" alt=\"\" width=\"225\" height=\"300\" srcset=\"http:\/\/www.filindeblogg.nu\/wp-content\/uploads\/2012\/09\/IMG_0330-3-225x300.jpg 225w, http:\/\/www.filindeblogg.nu\/wp-content\/uploads\/2012\/09\/IMG_0330-3.jpg 346w\" sizes=\"(max-width: 225px) 100vw, 225px\" \/><\/a><\/p>\n<p>Vill du ocks\u00e5 l\u00e4sa om vad V\u00e4ster\u00e5s Konserthus har att bjuda p\u00e5 &#8211; klicka <a href=\"http:\/\/www.vmu.nu\/events\/Konserthuset\" target=\"_blank\"><strong>H\u00c4R<\/strong><\/a>!<\/p>\n<p><a href=\"http:\/\/www.filindeblogg.nu\/?attachment_id=37160\" rel=\"attachment wp-att-37160\"><img loading=\"lazy\" class=\"alignnone  wp-image-37160\" title=\"Kalenderblad\" src=\"http:\/\/www.filindeblogg.nu\/wp-content\/uploads\/2012\/09\/Kalenderblad3.jpg\" alt=\"\" width=\"109\" height=\"79\" \/><\/a><strong> GRATTIS GISELA<\/strong> idag den 4 september! <strong>Giselle<\/strong> p\u00e5 franska och i svensk maskulin form <strong>Gisle<\/strong>. <a href=\"http:\/\/www.filindeblogg.nu\/?attachment_id=37161\" rel=\"attachment wp-att-37161\"><img loading=\"lazy\" class=\"alignnone  wp-image-37161\" title=\"vykort flicka\" src=\"http:\/\/www.filindeblogg.nu\/wp-content\/uploads\/2012\/09\/vykort-flicka3.jpg\" alt=\"\" width=\"93\" height=\"166\" \/><\/a><\/p>\n<p>&nbsp;<\/p>\n","protected":false},"excerpt":{"rendered":"<p>Dagens Arboga Tidning! Arbogasonen Emil Andersson har tagit OS-brons i Paralymics i London! GRATTIS till den duktige bordtennisspelaren! N\u00e4r jag h\u00f6r talas om OS i London och bronsmedaljer kommer jag omedelbart att t\u00e4nka p\u00e5 en morfar! Inte min morfar utan Ann L\u00f6fgrens! Ann hade en morfar, han \u00e4r d\u00f6d idag, som ocks\u00e5 tog brons! I [&hellip;]<\/p>\n","protected":false},"author":1,"featured_media":0,"comment_status":"open","ping_status":"open","sticky":false,"template":"","format":"standard","meta":[],"categories":[127,100,149,148,101],"tags":[],"_links":{"self":[{"href":"http:\/\/www.filindeblogg.nu\/index.php?rest_route=\/wp\/v2\/posts\/37150"}],"collection":[{"href":"http:\/\/www.filindeblogg.nu\/index.php?rest_route=\/wp\/v2\/posts"}],"about":[{"href":"http:\/\/www.filindeblogg.nu\/index.php?rest_route=\/wp\/v2\/types\/post"}],"author":[{"embeddable":true,"href":"http:\/\/www.filindeblogg.nu\/index.php?rest_route=\/wp\/v2\/users\/1"}],"replies":[{"embeddable":true,"href":"http:\/\/www.filindeblogg.nu\/index.php?rest_route=%2Fwp%2Fv2%2Fcomments&post=37150"}],"version-history":[{"count":31,"href":"http:\/\/www.filindeblogg.nu\/index.php?rest_route=\/wp\/v2\/posts\/37150\/revisions"}],"predecessor-version":[{"id":37193,"href":"http:\/\/www.filindeblogg.nu\/index.php?rest_route=\/wp\/v2\/posts\/37150\/revisions\/37193"}],"wp:attachment":[{"href":"http:\/\/www.filindeblogg.nu\/index.php?rest_route=%2Fwp%2Fv2%2Fmedia&parent=37150"}],"wp:term":[{"taxonomy":"category","embeddable":true,"href":"http:\/\/www.filindeblogg.nu\/index.php?rest_route=%2Fwp%2Fv2%2Fcategories&post=37150"},{"taxonomy":"post_tag","embeddable":true,"href":"http:\/\/www.filindeblogg.nu\/index.php?rest_route=%2Fwp%2Fv2%2Ftags&post=37150"}],"curies":[{"name":"wp","href":"https:\/\/api.w.org\/{rel}","templated":true}]}}