{"id":35828,"date":"2012-08-08T08:57:05","date_gmt":"2012-08-08T07:57:05","guid":{"rendered":"http:\/\/www.filindeblogg.nu\/?p=35828"},"modified":"2012-08-08T08:57:06","modified_gmt":"2012-08-08T07:57:06","slug":"medeltiden-ar-har-besok-arboga","status":"publish","type":"post","link":"http:\/\/www.filindeblogg.nu\/?p=35828","title":{"rendered":"Medeltiden \u00e4r h\u00e4r! Bes\u00f6k Arboga!"},"content":{"rendered":"<p><a href=\"http:\/\/www.filindeblogg.nu\/?attachment_id=35829\" rel=\"attachment wp-att-35829\"><img loading=\"lazy\" class=\"alignnone  wp-image-35829\" title=\"IMG_9165 (3)\" src=\"http:\/\/www.filindeblogg.nu\/wp-content\/uploads\/2012\/08\/IMG_9165-31-225x300.jpg\" alt=\"\" width=\"135\" height=\"180\" srcset=\"http:\/\/www.filindeblogg.nu\/wp-content\/uploads\/2012\/08\/IMG_9165-31-225x300.jpg 225w, http:\/\/www.filindeblogg.nu\/wp-content\/uploads\/2012\/08\/IMG_9165-31.jpg 346w\" sizes=\"(max-width: 135px) 100vw, 135px\" \/><\/a> Idag, onsdag 8\/8, startar<strong> Medeltidsdagarna i Arboga!<\/strong> Har du inte programmet &#8211; <a href=\"http:\/\/www.filindeblogg.nu\/?attachment_id=35830\" rel=\"attachment wp-att-35830\"><img loading=\"lazy\" class=\"alignnone  wp-image-35830\" title=\"IMG_9166 (3)\" src=\"http:\/\/www.filindeblogg.nu\/wp-content\/uploads\/2012\/08\/IMG_9166-31-300x225.jpg\" alt=\"\" width=\"180\" height=\"135\" srcset=\"http:\/\/www.filindeblogg.nu\/wp-content\/uploads\/2012\/08\/IMG_9166-31-300x225.jpg 300w, http:\/\/www.filindeblogg.nu\/wp-content\/uploads\/2012\/08\/IMG_9166-31.jpg 461w\" sizes=\"(max-width: 180px) 100vw, 180px\" \/><\/a> kan du l\u00e4sa det <a href=\"http:\/\/www.arbogamedeltid.se\/index.php?option=com_content&amp;view=section&amp;layout=blog&amp;id=19&amp;Itemid=64\" target=\"_blank\"><strong>H\u00c4R<\/strong><\/a> &#8211; p\u00e5 <strong>Arboga Medeltids<\/strong> hemsida!<\/p>\n<p>Till de h\u00e4r dagarna i <strong>Arboga<\/strong> str\u00f6mmar det massor av folk! Nya bes\u00f6kare och gamla liksom &#8221;\u00e5terv\u00e4ndare&#8221; som ser ett bra tillf\u00e4lle att f\u00e5 tr\u00e4ffa sina gamla v\u00e4nner fr\u00e5n f\u00f6rr! Bes\u00f6k n\u00e5got av matst\u00e4llena och se sj\u00e4lva! <a href=\"http:\/\/www.filindeblogg.nu\/?attachment_id=35831\" rel=\"attachment wp-att-35831\"><img loading=\"lazy\" class=\"alignnone size-medium wp-image-35831\" title=\"IMG_9167 (2)\" src=\"http:\/\/www.filindeblogg.nu\/wp-content\/uploads\/2012\/08\/IMG_9167-2-225x300.jpg\" alt=\"\" width=\"225\" height=\"300\" srcset=\"http:\/\/www.filindeblogg.nu\/wp-content\/uploads\/2012\/08\/IMG_9167-2-225x300.jpg 225w, http:\/\/www.filindeblogg.nu\/wp-content\/uploads\/2012\/08\/IMG_9167-2.jpg 346w\" sizes=\"(max-width: 225px) 100vw, 225px\" \/><\/a><\/p>\n<p>Och kom g\u00e4rna medeltida kl\u00e4dd! <a href=\"http:\/\/www.filindeblogg.nu\/?attachment_id=35832\" rel=\"attachment wp-att-35832\"><img loading=\"lazy\" class=\"alignnone  wp-image-35832\" title=\"IMG_9168 (3)\" src=\"http:\/\/www.filindeblogg.nu\/wp-content\/uploads\/2012\/08\/IMG_9168-3-225x300.jpg\" alt=\"\" width=\"158\" height=\"210\" srcset=\"http:\/\/www.filindeblogg.nu\/wp-content\/uploads\/2012\/08\/IMG_9168-3-225x300.jpg 225w, http:\/\/www.filindeblogg.nu\/wp-content\/uploads\/2012\/08\/IMG_9168-3.jpg 346w\" sizes=\"(max-width: 158px) 100vw, 158px\" \/><\/a><\/p>\n<p>F\u00f6r varje dag blir det mer och fler evenemang och medeltida spektakel! <a href=\"http:\/\/www.filindeblogg.nu\/?attachment_id=35834\" rel=\"attachment wp-att-35834\"><img loading=\"lazy\" class=\"alignnone  wp-image-35834\" title=\"IMG_9169 (3)\" src=\"http:\/\/www.filindeblogg.nu\/wp-content\/uploads\/2012\/08\/IMG_9169-31-300x228.jpg\" alt=\"\" width=\"180\" height=\"137\" srcset=\"http:\/\/www.filindeblogg.nu\/wp-content\/uploads\/2012\/08\/IMG_9169-31-300x228.jpg 300w, http:\/\/www.filindeblogg.nu\/wp-content\/uploads\/2012\/08\/IMG_9169-31.jpg 423w\" sizes=\"(max-width: 180px) 100vw, 180px\" \/><\/a> Ett bes\u00f6k i Arboga dessa dagar ger n\u00e5got f\u00f6r var och en! H\u00f6jdpunkten \u00e4r f\u00f6rst\u00e5s helgen men riddarspel och kapprodd b\u00f6rjar redan imorgon!<\/p>\n<p style=\"text-align: center;\"><strong>V\u00c4LKOMMEN TILL ARBOGA I MEDELTIDEN!<\/strong><\/p>\n<p style=\"text-align: left;\"><a href=\"http:\/\/www.filindeblogg.nu\/?attachment_id=35835\" rel=\"attachment wp-att-35835\"><img loading=\"lazy\" class=\"alignnone  wp-image-35835\" title=\"4 aug 2012 003\" src=\"http:\/\/www.filindeblogg.nu\/wp-content\/uploads\/2012\/08\/4-aug-2012-003-225x300.jpg\" alt=\"\" width=\"135\" height=\"180\" srcset=\"http:\/\/www.filindeblogg.nu\/wp-content\/uploads\/2012\/08\/4-aug-2012-003-225x300.jpg 225w, http:\/\/www.filindeblogg.nu\/wp-content\/uploads\/2012\/08\/4-aug-2012-003.jpg 231w\" sizes=\"(max-width: 135px) 100vw, 135px\" \/><\/a> Inf\u00f6r stundande Medeltid och hemkommande barn bakade bloggaren medeltidsbullar! \ud83d\ude09 <a href=\"http:\/\/www.filindeblogg.nu\/?attachment_id=35836\" rel=\"attachment wp-att-35836\"><img loading=\"lazy\" class=\"alignnone  wp-image-35836\" title=\"4 aug 2012 007\" src=\"http:\/\/www.filindeblogg.nu\/wp-content\/uploads\/2012\/08\/4-aug-2012-007-225x300.jpg\" alt=\"\" width=\"135\" height=\"180\" srcset=\"http:\/\/www.filindeblogg.nu\/wp-content\/uploads\/2012\/08\/4-aug-2012-007-225x300.jpg 225w, http:\/\/www.filindeblogg.nu\/wp-content\/uploads\/2012\/08\/4-aug-2012-007.jpg 231w\" sizes=\"(max-width: 135px) 100vw, 135px\" \/><\/a> \u00c4gget som blev kvar efter att bullarna penslats fick katten <strong>Curry<\/strong> &#8211; p\u00e5 sin gr\u00e4ddhylla! \ud83d\ude42 <a href=\"http:\/\/www.filindeblogg.nu\/?attachment_id=35837\" rel=\"attachment wp-att-35837\"><img loading=\"lazy\" class=\"alignnone  wp-image-35837\" title=\"4 aug 2012 004\" src=\"http:\/\/www.filindeblogg.nu\/wp-content\/uploads\/2012\/08\/4-aug-2012-004-225x300.jpg\" alt=\"\" width=\"158\" height=\"210\" srcset=\"http:\/\/www.filindeblogg.nu\/wp-content\/uploads\/2012\/08\/4-aug-2012-004-225x300.jpg 225w, http:\/\/www.filindeblogg.nu\/wp-content\/uploads\/2012\/08\/4-aug-2012-004.jpg 231w\" sizes=\"(max-width: 158px) 100vw, 158px\" \/><\/a><\/p>\n<p style=\"text-align: left;\">En och annan bulle slank ner lite f\u00f6re de h\u00e4r dagarna ska erk\u00e4nnas&#8230; <a href=\"http:\/\/www.filindeblogg.nu\/?attachment_id=35838\" rel=\"attachment wp-att-35838\"><img loading=\"lazy\" class=\"alignnone  wp-image-35838\" title=\"IMG_9019 (3)\" src=\"http:\/\/www.filindeblogg.nu\/wp-content\/uploads\/2012\/08\/IMG_9019-3-300x225.jpg\" alt=\"\" width=\"180\" height=\"135\" srcset=\"http:\/\/www.filindeblogg.nu\/wp-content\/uploads\/2012\/08\/IMG_9019-3-300x225.jpg 300w, http:\/\/www.filindeblogg.nu\/wp-content\/uploads\/2012\/08\/IMG_9019-3.jpg 461w\" sizes=\"(max-width: 180px) 100vw, 180px\" \/><\/a> Dom lite fulare offrade sig bloggaren att \u00e4ta upp&#8230; En geting gillade ocks\u00e5 bullen skarpt! <a href=\"http:\/\/www.filindeblogg.nu\/?attachment_id=35839\" rel=\"attachment wp-att-35839\"><img loading=\"lazy\" class=\"alignnone size-medium wp-image-35839\" title=\"Geting och bulle Copyright Susanne W Linde 120804\" src=\"http:\/\/www.filindeblogg.nu\/wp-content\/uploads\/2012\/08\/Geting-och-bulle-Copyright-Susanne-W-Linde-120804-300x225.jpg\" alt=\"\" width=\"300\" height=\"225\" srcset=\"http:\/\/www.filindeblogg.nu\/wp-content\/uploads\/2012\/08\/Geting-och-bulle-Copyright-Susanne-W-Linde-120804-300x225.jpg 300w, http:\/\/www.filindeblogg.nu\/wp-content\/uploads\/2012\/08\/Geting-och-bulle-Copyright-Susanne-W-Linde-120804.jpg 461w\" sizes=\"(max-width: 300px) 100vw, 300px\" \/><\/a><\/p>\n<p style=\"text-align: left;\"><a href=\"http:\/\/www.filindeblogg.nu\/?attachment_id=35840\" rel=\"attachment wp-att-35840\"><img loading=\"lazy\" class=\"alignnone  wp-image-35840\" title=\"IMG_9177 (3)\" src=\"http:\/\/www.filindeblogg.nu\/wp-content\/uploads\/2012\/08\/IMG_9177-3-300x225.jpg\" alt=\"\" width=\"180\" height=\"135\" srcset=\"http:\/\/www.filindeblogg.nu\/wp-content\/uploads\/2012\/08\/IMG_9177-3-300x225.jpg 300w, http:\/\/www.filindeblogg.nu\/wp-content\/uploads\/2012\/08\/IMG_9177-3.jpg 461w\" sizes=\"(max-width: 180px) 100vw, 180px\" \/><\/a> Ig\u00e5r bj\u00f6d sonen p\u00e5 spagetti och sin egenh\u00e4ndigt komponerade pastas\u00e5s. Ljuvlig var den!<br \/>\nDoften lockade Curry &#8211; f\u00f6rst\u00e5s&#8230; <a href=\"http:\/\/www.filindeblogg.nu\/?attachment_id=35841\" rel=\"attachment wp-att-35841\"><img loading=\"lazy\" class=\"alignnone  wp-image-35841\" title=\"IMG_9178 (3)\" src=\"http:\/\/www.filindeblogg.nu\/wp-content\/uploads\/2012\/08\/IMG_9178-3-300x225.jpg\" alt=\"\" width=\"180\" height=\"135\" srcset=\"http:\/\/www.filindeblogg.nu\/wp-content\/uploads\/2012\/08\/IMG_9178-3-300x225.jpg 300w, http:\/\/www.filindeblogg.nu\/wp-content\/uploads\/2012\/08\/IMG_9178-3.jpg 461w\" sizes=\"(max-width: 180px) 100vw, 180px\" \/><\/a> V\u00e4nda sig p\u00e5 ett f\u00f6nsterbleck \u00e4r inte helt enkelt. <a href=\"http:\/\/www.filindeblogg.nu\/?attachment_id=35842\" rel=\"attachment wp-att-35842\"><img loading=\"lazy\" class=\"alignnone  wp-image-35842\" title=\"IMG_9179 (3)\" src=\"http:\/\/www.filindeblogg.nu\/wp-content\/uploads\/2012\/08\/IMG_9179-3-225x300.jpg\" alt=\"\" width=\"135\" height=\"180\" srcset=\"http:\/\/www.filindeblogg.nu\/wp-content\/uploads\/2012\/08\/IMG_9179-3-225x300.jpg 225w, http:\/\/www.filindeblogg.nu\/wp-content\/uploads\/2012\/08\/IMG_9179-3.jpg 346w\" sizes=\"(max-width: 135px) 100vw, 135px\" \/><\/a> Men g\u00e5r f\u00f6rst\u00e5s hur bra som helst om man \u00e4r katt! <a href=\"http:\/\/www.filindeblogg.nu\/?attachment_id=35843\" rel=\"attachment wp-att-35843\"><img loading=\"lazy\" class=\"alignnone  wp-image-35843\" title=\"IMG_9180 (3)\" src=\"http:\/\/www.filindeblogg.nu\/wp-content\/uploads\/2012\/08\/IMG_9180-3-225x300.jpg\" alt=\"\" width=\"135\" height=\"180\" srcset=\"http:\/\/www.filindeblogg.nu\/wp-content\/uploads\/2012\/08\/IMG_9180-3-225x300.jpg 225w, http:\/\/www.filindeblogg.nu\/wp-content\/uploads\/2012\/08\/IMG_9180-3.jpg 346w\" sizes=\"(max-width: 135px) 100vw, 135px\" \/><\/a> <em>&#8221;- Oj, vad det ser gott ut!&#8221;<\/em> tycks Curry t\u00e4nka. Men b\u00e4st att s\u00e4tta sig p\u00e5 stolen som fint folk! <a href=\"http:\/\/www.filindeblogg.nu\/?attachment_id=35844\" rel=\"attachment wp-att-35844\"><img loading=\"lazy\" class=\"alignnone  wp-image-35844\" title=\"IMG_9181 (3)\" src=\"http:\/\/www.filindeblogg.nu\/wp-content\/uploads\/2012\/08\/IMG_9181-3-225x300.jpg\" alt=\"\" width=\"135\" height=\"180\" srcset=\"http:\/\/www.filindeblogg.nu\/wp-content\/uploads\/2012\/08\/IMG_9181-3-225x300.jpg 225w, http:\/\/www.filindeblogg.nu\/wp-content\/uploads\/2012\/08\/IMG_9181-3.jpg 346w\" sizes=\"(max-width: 135px) 100vw, 135px\" \/><\/a><br \/>\nJo d\u00e5, akrobatiken gav utdelning &#8211; han fick smaka!! \ud83d\ude42<\/p>\n<p style=\"text-align: left;\"><a href=\"http:\/\/www.filindeblogg.nu\/?attachment_id=35845\" rel=\"attachment wp-att-35845\"><img loading=\"lazy\" class=\"alignnone size-full wp-image-35845\" title=\"Kalenderblad\" src=\"http:\/\/www.filindeblogg.nu\/wp-content\/uploads\/2012\/08\/Kalenderblad5.jpg\" alt=\"\" width=\"182\" height=\"132\" \/><\/a> Namnsdag idag har Sylvia alltsedan 1901. Men 1986 fick Sylvia s\u00e4llskap av Silvia! Som en gest mot kungahuset kant\u00e4nka. V\u00e5r drottning b\u00e4r ju namnet Silvia.\u00a0<a href=\"http:\/\/www.filindeblogg.nu\/?attachment_id=35848\" rel=\"attachment wp-att-35848\"><img loading=\"lazy\" class=\"alignnone  wp-image-35848\" title=\"Drottning Silvia som barn\" src=\"http:\/\/www.filindeblogg.nu\/wp-content\/uploads\/2012\/08\/Drottning-Silvia-som-barn-183x300.jpg\" alt=\"\" width=\"128\" height=\"210\" srcset=\"http:\/\/www.filindeblogg.nu\/wp-content\/uploads\/2012\/08\/Drottning-Silvia-som-barn-183x300.jpg 183w, http:\/\/www.filindeblogg.nu\/wp-content\/uploads\/2012\/08\/Drottning-Silvia-som-barn.jpg 440w\" sizes=\"(max-width: 128px) 100vw, 128px\" \/><\/a> Som liten flicka i <strong>Brasilien<\/strong> anade hon nog inte att hon en dag skulle bli drottning och f\u00e5 en egen flaggdag. <a href=\"http:\/\/www.filindeblogg.nu\/?attachment_id=35846\" rel=\"attachment wp-att-35846\"><img loading=\"lazy\" class=\"alignnone  wp-image-35846\" title=\"IMG_9189 (3)\" src=\"http:\/\/www.filindeblogg.nu\/wp-content\/uploads\/2012\/08\/IMG_9189-3-225x300.jpg\" alt=\"\" width=\"135\" height=\"180\" srcset=\"http:\/\/www.filindeblogg.nu\/wp-content\/uploads\/2012\/08\/IMG_9189-3-225x300.jpg 225w, http:\/\/www.filindeblogg.nu\/wp-content\/uploads\/2012\/08\/IMG_9189-3.jpg 346w\" sizes=\"(max-width: 135px) 100vw, 135px\" \/><\/a><br \/>\nF\u00f6r 8 augusti \u00e4r allm\u00e4n flaggdag och <strong>Felix<\/strong> och jag har sett till att flaggan hissats p\u00e5 <strong>Glasbl\u00e5sarg\u00e5rden<\/strong> som sig b\u00f6r! <a href=\"http:\/\/www.filindeblogg.nu\/?attachment_id=35847\" rel=\"attachment wp-att-35847\"><img loading=\"lazy\" class=\"alignnone  wp-image-35847\" title=\"IMG_9184 (2)\" src=\"http:\/\/www.filindeblogg.nu\/wp-content\/uploads\/2012\/08\/IMG_9184-2-300x244.jpg\" alt=\"\" width=\"180\" height=\"146\" srcset=\"http:\/\/www.filindeblogg.nu\/wp-content\/uploads\/2012\/08\/IMG_9184-2-300x244.jpg 300w, http:\/\/www.filindeblogg.nu\/wp-content\/uploads\/2012\/08\/IMG_9184-2.jpg 397w\" sizes=\"(max-width: 180px) 100vw, 180px\" \/><\/a><\/p>\n<p style=\"text-align: left;\">Visste ni f\u00f6rresten att f\u00f6re 1901 s\u00e5 hyllades\u00a0 <strong>Cyriakus<\/strong> den 8 augusti! Cyriakus var en diakon i <strong>Rom<\/strong> som blev martyr \u00e5r 303. <a href=\"http:\/\/www.filindeblogg.nu\/?attachment_id=35849\" rel=\"attachment wp-att-35849\"><img loading=\"lazy\" class=\"alignnone size-full wp-image-35849\" title=\"150px-SaintCyriacus\" src=\"http:\/\/www.filindeblogg.nu\/wp-content\/uploads\/2012\/08\/150px-SaintCyriacus.jpg\" alt=\"\" width=\"150\" height=\"242\" \/><\/a><br \/>\nNamnsdagsbarnen gratuleras f\u00f6rst\u00e5s \u00e4ven idag! <a href=\"http:\/\/www.filindeblogg.nu\/?attachment_id=35850\" rel=\"attachment wp-att-35850\"><img loading=\"lazy\" class=\"alignnone  wp-image-35850\" title=\"vykort flicka\" src=\"http:\/\/www.filindeblogg.nu\/wp-content\/uploads\/2012\/08\/vykort-flicka4.jpg\" alt=\"\" width=\"93\" height=\"166\" \/><\/a><\/p>\n<p style=\"text-align: left;\">Sj\u00e4lv firar jag ingenting s\u00e4rskilt just idag &#8211; och det g\u00f6r jag med n\u00e5got av de godaste jag vet. Snabbsaltad gurka p\u00e5 h\u00e5rd macka! Kaffe latte till det f\u00f6rst\u00e5s! Ha en fin dag med eller utan medeltid!<\/p>\n<p style=\"text-align: left;\"><a href=\"http:\/\/www.filindeblogg.nu\/?attachment_id=35851\" rel=\"attachment wp-att-35851\"><img loading=\"lazy\" class=\"aligncenter size-medium wp-image-35851\" title=\"IMG_9190 (3)\" src=\"http:\/\/www.filindeblogg.nu\/wp-content\/uploads\/2012\/08\/IMG_9190-3-300x225.jpg\" alt=\"\" width=\"300\" height=\"225\" srcset=\"http:\/\/www.filindeblogg.nu\/wp-content\/uploads\/2012\/08\/IMG_9190-3-300x225.jpg 300w, http:\/\/www.filindeblogg.nu\/wp-content\/uploads\/2012\/08\/IMG_9190-3.jpg 461w\" sizes=\"(max-width: 300px) 100vw, 300px\" \/><\/a><\/p>\n<p style=\"text-align: left;\">\n<p>&nbsp;<\/p>\n","protected":false},"excerpt":{"rendered":"<p>Idag, onsdag 8\/8, startar Medeltidsdagarna i Arboga! Har du inte programmet &#8211; kan du l\u00e4sa det H\u00c4R &#8211; p\u00e5 Arboga Medeltids hemsida! Till de h\u00e4r dagarna i Arboga str\u00f6mmar det massor av folk! Nya bes\u00f6kare och gamla liksom &#8221;\u00e5terv\u00e4ndare&#8221; som ser ett bra tillf\u00e4lle att f\u00e5 tr\u00e4ffa sina gamla v\u00e4nner fr\u00e5n f\u00f6rr! Bes\u00f6k n\u00e5got av [&hellip;]<\/p>\n","protected":false},"author":1,"featured_media":0,"comment_status":"open","ping_status":"open","sticky":false,"template":"","format":"standard","meta":[],"categories":[127,115,41,137,126,114,100,149,101],"tags":[],"_links":{"self":[{"href":"http:\/\/www.filindeblogg.nu\/index.php?rest_route=\/wp\/v2\/posts\/35828"}],"collection":[{"href":"http:\/\/www.filindeblogg.nu\/index.php?rest_route=\/wp\/v2\/posts"}],"about":[{"href":"http:\/\/www.filindeblogg.nu\/index.php?rest_route=\/wp\/v2\/types\/post"}],"author":[{"embeddable":true,"href":"http:\/\/www.filindeblogg.nu\/index.php?rest_route=\/wp\/v2\/users\/1"}],"replies":[{"embeddable":true,"href":"http:\/\/www.filindeblogg.nu\/index.php?rest_route=%2Fwp%2Fv2%2Fcomments&post=35828"}],"version-history":[{"count":26,"href":"http:\/\/www.filindeblogg.nu\/index.php?rest_route=\/wp\/v2\/posts\/35828\/revisions"}],"predecessor-version":[{"id":35877,"href":"http:\/\/www.filindeblogg.nu\/index.php?rest_route=\/wp\/v2\/posts\/35828\/revisions\/35877"}],"wp:attachment":[{"href":"http:\/\/www.filindeblogg.nu\/index.php?rest_route=%2Fwp%2Fv2%2Fmedia&parent=35828"}],"wp:term":[{"taxonomy":"category","embeddable":true,"href":"http:\/\/www.filindeblogg.nu\/index.php?rest_route=%2Fwp%2Fv2%2Fcategories&post=35828"},{"taxonomy":"post_tag","embeddable":true,"href":"http:\/\/www.filindeblogg.nu\/index.php?rest_route=%2Fwp%2Fv2%2Ftags&post=35828"}],"curies":[{"name":"wp","href":"https:\/\/api.w.org\/{rel}","templated":true}]}}