{"id":3552,"date":"2008-12-13T08:17:05","date_gmt":"2008-12-13T07:17:05","guid":{"rendered":"http:\/\/www.filindeblogg.nu\/?p=3552"},"modified":"2008-12-13T08:20:24","modified_gmt":"2008-12-13T07:20:24","slug":"en-riktigt-snoig-lucia","status":"publish","type":"post","link":"http:\/\/www.filindeblogg.nu\/?p=3552","title":{"rendered":"En riktigt sn\u00f6ig Lucia! :-)"},"content":{"rendered":"<p><a href=\"http:\/\/www.filindeblogg.nu\/wp-content\/uploads\/2008\/12\/fullmane-13-dec-2008.jpg\"><img loading=\"lazy\" class=\"alignnone size-medium wp-image-3553\" title=\"fullmane-13-dec-2008\" src=\"http:\/\/www.filindeblogg.nu\/wp-content\/uploads\/2008\/12\/fullmane-13-dec-2008-300x225.jpg\" alt=\"\" width=\"300\" height=\"225\" srcset=\"http:\/\/www.filindeblogg.nu\/wp-content\/uploads\/2008\/12\/fullmane-13-dec-2008-300x225.jpg 300w, http:\/\/www.filindeblogg.nu\/wp-content\/uploads\/2008\/12\/fullmane-13-dec-2008.jpg 640w\" sizes=\"(max-width: 300px) 100vw, 300px\" \/><\/a>S\u00e5 h\u00e4r lyste fullm\u00e5nen in <strong>Lucia-dagen!<\/strong> Fotot tog jag i natt d\u00e5 jag h\u00e4mtade dottern i <strong>K\u00f6ping<\/strong>.<\/p>\n<p><strong>LUCIA &#8211; firar vi idag!<\/strong> Jag b\u00f6rjar det firandet med luck\u00f6ppning!<\/p>\n<p><a href=\"http:\/\/www.filindeblogg.nu\/wp-content\/uploads\/2008\/12\/lucka-13.jpg\"><img loading=\"lazy\" class=\"alignnone size-medium wp-image-3554\" title=\"lucka-13\" src=\"http:\/\/www.filindeblogg.nu\/wp-content\/uploads\/2008\/12\/lucka-13-300x225.jpg\" alt=\"\" width=\"300\" height=\"225\" srcset=\"http:\/\/www.filindeblogg.nu\/wp-content\/uploads\/2008\/12\/lucka-13-300x225.jpg 300w, http:\/\/www.filindeblogg.nu\/wp-content\/uploads\/2008\/12\/lucka-13.jpg 640w\" sizes=\"(max-width: 300px) 100vw, 300px\" \/><\/a>Lucka 13 \u00e4r ett litet f\u00f6nster. Framf\u00f6r finns en balkong d\u00e4r tre sm\u00e5 tomtebarn st\u00e5r. Medan den ene bl\u00e5ser fanfar sjunger den lilla flickan ur sin s\u00e5ngbok. Barnet i r\u00f6d tomteluva njuter av b\u00e5de s\u00e5ng, musik och utsikt. Kanske dr\u00f6mmer han om kommande klappar.<\/p>\n<p>Lite n\u00e4rmare!<a href=\"http:\/\/www.filindeblogg.nu\/wp-content\/uploads\/2008\/12\/lucka-13-narmare.jpg\"><img loading=\"lazy\" class=\"alignnone size-medium wp-image-3555\" title=\"lucka-13-narmare\" src=\"http:\/\/www.filindeblogg.nu\/wp-content\/uploads\/2008\/12\/lucka-13-narmare-300x225.jpg\" alt=\"\" width=\"300\" height=\"225\" srcset=\"http:\/\/www.filindeblogg.nu\/wp-content\/uploads\/2008\/12\/lucka-13-narmare-300x225.jpg 300w, http:\/\/www.filindeblogg.nu\/wp-content\/uploads\/2008\/12\/lucka-13-narmare.jpg 640w\" sizes=\"(max-width: 300px) 100vw, 300px\" \/><\/a> \u00c5 s\u00e5 \u00f6ppnar vi! <a href=\"http:\/\/www.filindeblogg.nu\/wp-content\/uploads\/2008\/12\/lucka-13-oppen.jpg\"><img loading=\"lazy\" class=\"alignnone size-medium wp-image-3556\" title=\"lucka-13-oppen\" src=\"http:\/\/www.filindeblogg.nu\/wp-content\/uploads\/2008\/12\/lucka-13-oppen-300x225.jpg\" alt=\"\" width=\"300\" height=\"225\" srcset=\"http:\/\/www.filindeblogg.nu\/wp-content\/uploads\/2008\/12\/lucka-13-oppen-300x225.jpg 300w, http:\/\/www.filindeblogg.nu\/wp-content\/uploads\/2008\/12\/lucka-13-oppen.jpg 640w\" sizes=\"(max-width: 300px) 100vw, 300px\" \/><\/a>Ett r\u00f6tt ljus finns inne i f\u00f6nstret till lucka 13. Ljusstaken \u00e4r formad som en f\u00e5gel. Kanske det \u00e4r en fredsduva?<\/p>\n<p>Traditionskalendern s\u00e4ger f\u00f6ljande:<a href=\"http:\/\/www.filindeblogg.nu\/wp-content\/uploads\/2008\/12\/religion-13.jpg\"><img loading=\"lazy\" class=\"alignnone size-medium wp-image-3557\" title=\"religion-13\" src=\"http:\/\/www.filindeblogg.nu\/wp-content\/uploads\/2008\/12\/religion-13-300x225.jpg\" alt=\"\" width=\"300\" height=\"225\" srcset=\"http:\/\/www.filindeblogg.nu\/wp-content\/uploads\/2008\/12\/religion-13-300x225.jpg 300w, http:\/\/www.filindeblogg.nu\/wp-content\/uploads\/2008\/12\/religion-13.jpg 640w\" sizes=\"(max-width: 300px) 100vw, 300px\" \/><\/a><\/p>\n<p>I Lantm\u00e4nnens kalender f\u00e5r vi veta att det kr\u00e4vs minst 100 000 krokusar f\u00f6r att utvinna 1 kg torkad saffran!! Inte undra p\u00e5 att saffran \u00e4r dyrt&#8230; Det st\u00e5r ocks\u00e5 att lussekattens saffransgula f\u00e4rg kom till f\u00f6r att skr\u00e4mma bort den ljusskygge dj\u00e4vulen! Tro det den som vill &#8211; men Lantm\u00e4n ljuger v\u00e4l inte?<\/p>\n<p>H\u00e4r ser ni min egen gula lilla lussekatt!<a href=\"http:\/\/www.filindeblogg.nu\/wp-content\/uploads\/2008\/12\/wilma-var-egen-lilla-lussekatt.jpg\"><img loading=\"lazy\" class=\"alignnone size-medium wp-image-3558\" title=\"wilma-var-egen-lilla-lussekatt\" src=\"http:\/\/www.filindeblogg.nu\/wp-content\/uploads\/2008\/12\/wilma-var-egen-lilla-lussekatt-300x225.jpg\" alt=\"\" width=\"300\" height=\"225\" srcset=\"http:\/\/www.filindeblogg.nu\/wp-content\/uploads\/2008\/12\/wilma-var-egen-lilla-lussekatt-300x225.jpg 300w, http:\/\/www.filindeblogg.nu\/wp-content\/uploads\/2008\/12\/wilma-var-egen-lilla-lussekatt.jpg 640w\" sizes=\"(max-width: 300px) 100vw, 300px\" \/><\/a>Hon heter <strong>Wilma<\/strong> och visst ser hon s\u00e5 d\u00e4r h\u00e4rligt gyllenbrun ut i f\u00e4rgen &#8211; precis som lussekatter ska vara! \ud83d\ude42<\/p>\n<p>H\u00e4r f\u00f6ljer n\u00e5gra bilder fr\u00e5n natten och v\u00e5r sn\u00f6iga g\u00e5rd!<\/p>\n<p><a href=\"http:\/\/www.filindeblogg.nu\/wp-content\/uploads\/2008\/12\/garden-i-sno-12-dec-08.jpg\"><img loading=\"lazy\" class=\"alignnone size-medium wp-image-3559\" title=\"garden-i-sno-12-dec-08\" src=\"http:\/\/www.filindeblogg.nu\/wp-content\/uploads\/2008\/12\/garden-i-sno-12-dec-08-300x225.jpg\" alt=\"\" width=\"300\" height=\"225\" srcset=\"http:\/\/www.filindeblogg.nu\/wp-content\/uploads\/2008\/12\/garden-i-sno-12-dec-08-300x225.jpg 300w, http:\/\/www.filindeblogg.nu\/wp-content\/uploads\/2008\/12\/garden-i-sno-12-dec-08.jpg 640w\" sizes=\"(max-width: 300px) 100vw, 300px\" \/><\/a>Cyklarna gl\u00f6mde vi ta in i h\u00f6stas&#8230;<\/p>\n<p><a href=\"http:\/\/www.filindeblogg.nu\/wp-content\/uploads\/2008\/12\/snotyngd-gard.jpg\"><img loading=\"lazy\" class=\"alignnone size-medium wp-image-3560\" title=\"snotyngd-gard\" src=\"http:\/\/www.filindeblogg.nu\/wp-content\/uploads\/2008\/12\/snotyngd-gard-300x225.jpg\" alt=\"\" width=\"300\" height=\"225\" srcset=\"http:\/\/www.filindeblogg.nu\/wp-content\/uploads\/2008\/12\/snotyngd-gard-300x225.jpg 300w, http:\/\/www.filindeblogg.nu\/wp-content\/uploads\/2008\/12\/snotyngd-gard.jpg 640w\" sizes=\"(max-width: 300px) 100vw, 300px\" \/><\/a>Syrenbers\u00e5n liksom spireabusken klarar n\u00e4stan inte tyngden av all sn\u00f6!<a href=\"http:\/\/www.filindeblogg.nu\/wp-content\/uploads\/2008\/12\/curry-flyr-in-fran-snon.jpg\"><img loading=\"lazy\" class=\"alignnone size-full wp-image-3561\" title=\"curry-flyr-in-fran-snon\" src=\"http:\/\/www.filindeblogg.nu\/wp-content\/uploads\/2008\/12\/curry-flyr-in-fran-snon.jpg\" alt=\"\" width=\"500\" height=\"375\" srcset=\"http:\/\/www.filindeblogg.nu\/wp-content\/uploads\/2008\/12\/curry-flyr-in-fran-snon.jpg 640w, http:\/\/www.filindeblogg.nu\/wp-content\/uploads\/2008\/12\/curry-flyr-in-fran-snon-300x225.jpg 300w\" sizes=\"(max-width: 500px) 100vw, 500px\" \/><\/a>Katten <strong>Curry <\/strong>finner det b\u00e4st att fly in! Han gillar inte sn\u00f6 och kl\u00e4ttrar upp p\u00e5 sin stege mot kattluckan.<\/p>\n<p>En bild fr\u00e5n<strong> H\u00f6kartorget i K\u00f6ping<\/strong>:<a href=\"http:\/\/www.filindeblogg.nu\/wp-content\/uploads\/2008\/12\/hokartorget-i-sno-11-dec.jpg\"><img loading=\"lazy\" class=\"alignnone size-medium wp-image-3562\" title=\"hokartorget-i-sno-11-dec\" src=\"http:\/\/www.filindeblogg.nu\/wp-content\/uploads\/2008\/12\/hokartorget-i-sno-11-dec-300x225.jpg\" alt=\"\" width=\"300\" height=\"225\" srcset=\"http:\/\/www.filindeblogg.nu\/wp-content\/uploads\/2008\/12\/hokartorget-i-sno-11-dec-300x225.jpg 300w, http:\/\/www.filindeblogg.nu\/wp-content\/uploads\/2008\/12\/hokartorget-i-sno-11-dec.jpg 640w\" sizes=\"(max-width: 300px) 100vw, 300px\" \/><\/a><\/p>\n<p>Avslutar med en bild fr\u00e5n v\u00e5rt hus<a href=\"http:\/\/www.filindeblogg.nu\/wp-content\/uploads\/2008\/12\/o-nyg-6-i-sno-12-dec-08.jpg\"><img loading=\"lazy\" class=\"alignnone size-full wp-image-3563\" title=\"o-nyg-6-i-sno-12-dec-08\" src=\"http:\/\/www.filindeblogg.nu\/wp-content\/uploads\/2008\/12\/o-nyg-6-i-sno-12-dec-08.jpg\" alt=\"\" width=\"360\" height=\"480\" srcset=\"http:\/\/www.filindeblogg.nu\/wp-content\/uploads\/2008\/12\/o-nyg-6-i-sno-12-dec-08.jpg 360w, http:\/\/www.filindeblogg.nu\/wp-content\/uploads\/2008\/12\/o-nyg-6-i-sno-12-dec-08-225x300.jpg 225w\" sizes=\"(max-width: 360px) 100vw, 360px\" \/><\/a> F\u00f6nstret som det lyser i g\u00e5r till en l\u00e4genhet som faktiskt \u00e4r <strong>ledig att hyra <\/strong>m\u00f6blerad fr\u00e5n februari n\u00e4sta \u00e5r. Intresserade kan h\u00f6ra av sig till mig!<\/p>\n<p><strong>Ha en sk\u00f6n LUCIA!<\/strong> Sj\u00e4lv ska jag p\u00e5 Julfest i <strong>Stockholm!<\/strong> \u00c5terkommer om det med bilder, f\u00f6rhoppningsvis.<br \/>\nMen innan dess har jag \u00f6ppet 10 &#8211; 12 i min lilla butik! <strong>Lilla Husets Keramik<\/strong> h\u00e5ller \u00f6ppet \u00e4ven imorgon, s\u00f6ndag, mellan 12-18, OM jag har n\u00e5gra varor kvar att s\u00e4lja d\u00e5 f\u00f6rst\u00e5s&#8230; V\u00e4lkommen!<\/p>\n","protected":false},"excerpt":{"rendered":"<p>S\u00e5 h\u00e4r lyste fullm\u00e5nen in Lucia-dagen! Fotot tog jag i natt d\u00e5 jag h\u00e4mtade dottern i K\u00f6ping. LUCIA &#8211; firar vi idag! Jag b\u00f6rjar det firandet med luck\u00f6ppning! Lucka 13 \u00e4r ett litet f\u00f6nster. Framf\u00f6r finns en balkong d\u00e4r tre sm\u00e5 tomtebarn st\u00e5r. Medan den ene bl\u00e5ser fanfar sjunger den lilla flickan ur sin s\u00e5ngbok. [&hellip;]<\/p>\n","protected":false},"author":1,"featured_media":0,"comment_status":"open","ping_status":"open","sticky":false,"template":"","format":"standard","meta":[],"categories":[41,100,101],"tags":[],"_links":{"self":[{"href":"http:\/\/www.filindeblogg.nu\/index.php?rest_route=\/wp\/v2\/posts\/3552"}],"collection":[{"href":"http:\/\/www.filindeblogg.nu\/index.php?rest_route=\/wp\/v2\/posts"}],"about":[{"href":"http:\/\/www.filindeblogg.nu\/index.php?rest_route=\/wp\/v2\/types\/post"}],"author":[{"embeddable":true,"href":"http:\/\/www.filindeblogg.nu\/index.php?rest_route=\/wp\/v2\/users\/1"}],"replies":[{"embeddable":true,"href":"http:\/\/www.filindeblogg.nu\/index.php?rest_route=%2Fwp%2Fv2%2Fcomments&post=3552"}],"version-history":[{"count":2,"href":"http:\/\/www.filindeblogg.nu\/index.php?rest_route=\/wp\/v2\/posts\/3552\/revisions"}],"predecessor-version":[{"id":3565,"href":"http:\/\/www.filindeblogg.nu\/index.php?rest_route=\/wp\/v2\/posts\/3552\/revisions\/3565"}],"wp:attachment":[{"href":"http:\/\/www.filindeblogg.nu\/index.php?rest_route=%2Fwp%2Fv2%2Fmedia&parent=3552"}],"wp:term":[{"taxonomy":"category","embeddable":true,"href":"http:\/\/www.filindeblogg.nu\/index.php?rest_route=%2Fwp%2Fv2%2Fcategories&post=3552"},{"taxonomy":"post_tag","embeddable":true,"href":"http:\/\/www.filindeblogg.nu\/index.php?rest_route=%2Fwp%2Fv2%2Ftags&post=3552"}],"curies":[{"name":"wp","href":"https:\/\/api.w.org\/{rel}","templated":true}]}}