{"id":35048,"date":"2012-07-18T09:58:05","date_gmt":"2012-07-18T08:58:05","guid":{"rendered":"http:\/\/www.filindeblogg.nu\/?p=35048"},"modified":"2012-07-18T09:58:05","modified_gmt":"2012-07-18T08:58:05","slug":"gnalligt-och-lite-snallt-i-ankdammsnytt","status":"publish","type":"post","link":"http:\/\/www.filindeblogg.nu\/?p=35048","title":{"rendered":"Gn\u00e4lligt &#8211; och lite sn\u00e4llt i Ankdammsnytt!"},"content":{"rendered":"<p><a href=\"http:\/\/www.filindeblogg.nu\/?attachment_id=35072\" rel=\"attachment wp-att-35072\"><img loading=\"lazy\" class=\"alignnone size-full wp-image-35072\" title=\"Badanka liten s\u00f6t\" src=\"http:\/\/www.filindeblogg.nu\/wp-content\/uploads\/2012\/07\/Badanka-liten-s\u00f6t2.jpg\" alt=\"\" width=\"111\" height=\"42\" \/><\/a>\u00a0Det finns tydligen ett TV-program som borde passa mig bra. <a href=\"http:\/\/www.svtplay.se\/extra-gnalligt\" target=\"_blank\"><strong>&#8221;Extra gn\u00e4lligt&#8221;<\/strong><\/a> heter det och g\u00e5r i <strong>SVT<\/strong>. Serien presenteras s\u00e5 h\u00e4r: <em>&#8221;Griniga medel\u00e5lders kvinnor kommenterar allt mellan himmel och jord&#8221;<\/em>.<\/p>\n<p>Nja, grinig och gn\u00e4llig k\u00e4nner jag mig nog inte. Jag \u00e4r bara en s\u00e5dan person som inte kan h\u00e5lla tyst &#8211; och det g\u00e4ller s\u00e5v\u00e4l n\u00e4r n\u00e5got \u00e4r d\u00e5ligt som n\u00e4r det \u00e4r bra. Det sistn\u00e4mnda \u00e4r det inte lika m\u00e5nga som delar viljan att uttrycka &#8211; ber\u00f6mma n\u00e5gonting. Det \u00e4r nog s\u00e5 viktigt! Varf\u00f6r \u00e4r det s\u00e5 l\u00e4tt att klaga men s\u00e5 sv\u00e5rt att s\u00e4ga n\u00e5got positivt om och till n\u00e5gon?<\/p>\n<p>Nu till dagens &#8221;gn\u00e4ll&#8221;! F\u00f6rst lokalt: <a href=\"http:\/\/www.filindeblogg.nu\/?attachment_id=35049\" rel=\"attachment wp-att-35049\"><img loading=\"lazy\" class=\"alignnone size-medium wp-image-35049\" title=\"Posten brevl\u00e5da\" src=\"http:\/\/www.filindeblogg.nu\/wp-content\/uploads\/2012\/07\/Posten-brevl\u00e5da-125x300.jpg\" alt=\"\" width=\"125\" height=\"300\" \/><\/a> Vill man posta ett brev p\u00e5 helgen i <strong>Arboga<\/strong> och hoppas att det delas ut p\u00e5 m\u00e5ndagen f\u00e5r man se upp!<br \/>\nAv de brevl\u00e5dor som finns uppsatta (m\u00e5nga har f\u00f6rsvunnit med \u00e5ren = Posten rationaliserar) s\u00e5 finns tv\u00e5 (2) d\u00e4r du kan f\u00f6rv\u00e4nta dig att posten t\u00f6ms kl 13 p\u00e5 s\u00f6ndagen.<br \/>\nMen &#8211; dessa \u00e4r proppfulla redan p\u00e5 l\u00f6rdagen! Jag skulle posta ett viktigt brev till en myndighet i l\u00f6rdags vid lunchtid och fann att brevl\u00e5dan vid <strong>Arboga Station<\/strong> var s\u00e5 full med post att jag fick plocka ur en del och f\u00f6rs\u00f6ka pressa tillbaka posten igen ihop med mitt eget brev.<br \/>\nHur tryggt k\u00e4nns det? Hur l\u00e4tt \u00e4r det inte att plocka upp brev och l\u00e4sa eller f\u00f6rst\u00f6ra f\u00f6r den som tycker s\u00e5dant \u00e4r &#8221;kul&#8221; en l\u00f6rdagskv\u00e4ll? Str\u00e5ket runt Arboga Station \u00e4r ett tillh\u00e5ll f\u00f6r unga kv\u00e4llstid och s\u00e4rskilt p\u00e5 helger.<br \/>\nGn\u00e4ll? Nej, oro och \u00f6nskan om f\u00f6r\u00e4ndring! Djupare brevl\u00e5dor och fler t\u00f6mda under helgen.<\/p>\n<p>Gn\u00e4ll 2 &#8211; lokalt. H\u00e4ckar! <a href=\"http:\/\/www.filindeblogg.nu\/?attachment_id=35050\" rel=\"attachment wp-att-35050\"><img loading=\"lazy\" class=\"alignnone size-medium wp-image-35050\" title=\"Klippa h\u00e4ck\" src=\"http:\/\/www.filindeblogg.nu\/wp-content\/uploads\/2012\/07\/Klippa-h\u00e4ck-300x111.jpg\" alt=\"\" width=\"300\" height=\"111\" srcset=\"http:\/\/www.filindeblogg.nu\/wp-content\/uploads\/2012\/07\/Klippa-h\u00e4ck-300x111.jpg 300w, http:\/\/www.filindeblogg.nu\/wp-content\/uploads\/2012\/07\/Klippa-h\u00e4ck.jpg 369w\" sizes=\"(max-width: 300px) 100vw, 300px\" \/><\/a><br \/>\nEn nyinflyttad granne g\u00e5r till tings f\u00f6r att f\u00e5 s\u00e5ga ner en h\u00e4ck mellan sig sj\u00e4lv och grannen som bott d\u00e4r i &#8221;hundra \u00e5r&#8221;. Resultatet &#8211; ett litet kalhygge och en infekterad grannkontakt. Varf\u00f6r g\u00f6r man s\u00e5?<\/p>\n<p><a href=\"http:\/\/www.filindeblogg.nu\/?attachment_id=35051\" rel=\"attachment wp-att-35051\"><img loading=\"lazy\" class=\"alignnone  wp-image-35051\" title=\"Heijkenskj\u00f6ldska sjukhuset\" src=\"http:\/\/www.filindeblogg.nu\/wp-content\/uploads\/2012\/07\/Heijkenskj\u00f6ldska-sjukhuset-300x225.jpg\" alt=\"\" width=\"180\" height=\"135\" srcset=\"http:\/\/www.filindeblogg.nu\/wp-content\/uploads\/2012\/07\/Heijkenskj\u00f6ldska-sjukhuset-300x225.jpg 300w, http:\/\/www.filindeblogg.nu\/wp-content\/uploads\/2012\/07\/Heijkenskj\u00f6ldska-sjukhuset.jpg 640w\" sizes=\"(max-width: 180px) 100vw, 180px\" \/><\/a>\u00a0 Jag har l\u00e4st om turerna i lokalpressen men inte brytt mig s\u00e4rskilt. H\u00e4r om dagen cyklade jag f\u00f6rbi n\u00e4mnda grannar och fann en mycket h\u00e5rt nedklippt h\u00e4ck. Den nedklippta h\u00e4cken skulle sl\u00e4ppa in mer ljus, tyckte den nyinflyttade grannen men skillnaden kan inte vara s\u00e4rskilt stor med tanke p\u00e5 l\u00e4get i norr med tr\u00e4d och hus runt omkring. Tv\u00e4rtom blir det nu insyn fr\u00e5n grannarna &#8211; \u00e5t b\u00e5da h\u00e5ll.<br \/>\nJa ja, inte min sak men jag undrar hur man kan strida till doms f\u00f6r en s\u00e5dan sak. ??<\/p>\n<p>Gn\u00e4ll nummer 3 lokalt: <a href=\"http:\/\/www.filindeblogg.nu\/?attachment_id=35052\" rel=\"attachment wp-att-35052\"><img loading=\"lazy\" class=\"alignnone  wp-image-35052\" title=\"IMG_8265 (3)\" src=\"http:\/\/www.filindeblogg.nu\/wp-content\/uploads\/2012\/07\/IMG_8265-3-225x300.jpg\" alt=\"\" width=\"158\" height=\"210\" srcset=\"http:\/\/www.filindeblogg.nu\/wp-content\/uploads\/2012\/07\/IMG_8265-3-225x300.jpg 225w, http:\/\/www.filindeblogg.nu\/wp-content\/uploads\/2012\/07\/IMG_8265-3.jpg 346w\" sizes=\"(max-width: 158px) 100vw, 158px\" \/><\/a> <strong><em>&#8221;H\u00f6ga fl\u00f6den f\u00e5r konsekvenser&#8221;<\/em><\/strong> skriver <a href=\"http:\/\/bblat.se\/nyheter\/arboga\" target=\"_blank\"><strong>Arboga Tidning<\/strong> <\/a>idag. Javisst \u00e4r det s\u00e5! \u00c4nd\u00e5 envisas de styrande i <strong>Arboga<\/strong> att s\u00e4ga sig vilja satsa p\u00e5 \u00e5n\u00e4ra boenden. Hur t\u00e4nker man d\u00e5? <strong><br \/>\nSMHI<\/strong> m fl varnar f\u00f6r \u00e4nnu mer regn och \u00e4nnu fler \u00f6versv\u00e4mningar i framtiden. Visst \u00e4r det fantastiskt fint att bo n\u00e4ra vatten men inte lika kul n\u00e4r vattnet str\u00f6mmar in p\u00e5 g\u00e5rdar och i k\u00e4llare.<\/p>\n<p>I oktober 2010 skrev jag en blogg om en annan plats som skulle kunna ge n\u00e4rhet till <strong>Arboga\u00e5n<\/strong> &#8211; den h\u00e4r: <a href=\"http:\/\/www.filindeblogg.nu\/?attachment_id=35053\" rel=\"attachment wp-att-35053\"><img loading=\"lazy\" class=\"alignnone size-medium wp-image-35053\" title=\"Silon Arboga\" src=\"http:\/\/www.filindeblogg.nu\/wp-content\/uploads\/2012\/07\/Silon-Arboga-300x221.jpg\" alt=\"\" width=\"300\" height=\"221\" srcset=\"http:\/\/www.filindeblogg.nu\/wp-content\/uploads\/2012\/07\/Silon-Arboga-300x221.jpg 300w, http:\/\/www.filindeblogg.nu\/wp-content\/uploads\/2012\/07\/Silon-Arboga.jpg 640w\" sizes=\"(max-width: 300px) 100vw, 300px\" \/><\/a> <strong>Den gamla silon i Arboga<\/strong>. Varf\u00f6r inte satsa p\u00e5 det ist\u00e4llet? N\u00e4ra \u00e5n och centralt med en fantastisk utsikt! <strong>Bergmansparken<\/strong> intill med gr\u00f6nska och b\u00e5tplats nedanf\u00f6r!<br \/>\nL\u00e4s min blogg fr\u00e5n 27 oktober 2010 genom att klicka <a href=\"http:\/\/www.filindeblogg.nu\/?p=445\" target=\"_blank\"><strong>H\u00c4R<\/strong><\/a>!<\/p>\n<p>Lite riksgn\u00e4ll ocks\u00e5! I<strong> DN S\u00f6ndag<\/strong> fanns ett reportage om <strong>B\u00e5stad<\/strong>. <a href=\"http:\/\/www.filindeblogg.nu\/?attachment_id=35055\" rel=\"attachment wp-att-35055\"><img loading=\"lazy\" class=\"alignnone  wp-image-35055\" title=\"IMG_8226 (3)\" src=\"http:\/\/www.filindeblogg.nu\/wp-content\/uploads\/2012\/07\/IMG_8226-3-300x225.jpg\" alt=\"\" width=\"180\" height=\"135\" srcset=\"http:\/\/www.filindeblogg.nu\/wp-content\/uploads\/2012\/07\/IMG_8226-3-300x225.jpg 300w, http:\/\/www.filindeblogg.nu\/wp-content\/uploads\/2012\/07\/IMG_8226-3.jpg 461w\" sizes=\"(max-width: 180px) 100vw, 180px\" \/><\/a> <strong>&#8221;Sm\u00e5staden som blev en festmetropol&#8221;<\/strong>. D\u00e4r kan man l\u00e4sa att stekarna, partyprissarna, festar men g\u00e5r s\u00e4llan p\u00e5 n\u00e5gon tennismatch&#8230;<\/p>\n<p>F\u00f6r n\u00e5gra \u00e5r sedan skulle det <strong>&#8221;vaskas&#8221;<\/strong> i B\u00e5stad! D v s man best\u00e4ller in en flaska <strong>Champagne<\/strong> och h\u00e4ller sen ut den i vasken. Sjukt? Bara f\u00f6rnamnet.<br \/>\n2011 blev det<strong> &#8221;traska&#8221;<\/strong> som g\u00e4llde ist\u00e4llet: <a href=\"http:\/\/www.filindeblogg.nu\/?attachment_id=35056\" rel=\"attachment wp-att-35056\"><img loading=\"lazy\" class=\"alignnone size-medium wp-image-35056\" title=\"IMG_8225 (3)\" src=\"http:\/\/www.filindeblogg.nu\/wp-content\/uploads\/2012\/07\/IMG_8225-3-300x225.jpg\" alt=\"\" width=\"300\" height=\"225\" srcset=\"http:\/\/www.filindeblogg.nu\/wp-content\/uploads\/2012\/07\/IMG_8225-3-300x225.jpg 300w, http:\/\/www.filindeblogg.nu\/wp-content\/uploads\/2012\/07\/IMG_8225-3.jpg 461w\" sizes=\"(max-width: 300px) 100vw, 300px\" \/><\/a> Man k\u00f6per en flaska Champagne och l\u00e4mnar den or\u00f6rd och g\u00e5r d\u00e4rifr\u00e5n. ?? Jag bara skakar p\u00e5 huvudet.<br \/>\nL\u00e4s hela reportaget<a href=\"http:\/\/www.dn.se\/livsstil\/smastaden-som-blev-en-festmetropol\" target=\"_blank\"><strong> H\u00c4R<\/strong><\/a> under vinjetten <strong>DN.se Livsstil<\/strong> (Livsstil!?)<\/p>\n<p>Jag har varit mer \u00e4n 20 \u00e5r i <strong>Sk\u00e5ne<\/strong> om somrarna i stugan med adress B\u00e5stad. P\u00e5 grund av flashigheten och \u00f6verklasstilen \u00e5kte vi alltid till <strong>\u00c4ngelholm<\/strong> ist\u00e4llet och handlade. D\u00e4rmed sagt vad jag tycker om tjusiga B\u00e5stad om sommaren.<\/p>\n<p>Sen kan man gn\u00e4lla \u00f6ver d\u00e5liga filmer som man segar sig igenom. Den h\u00e4r till exempel: <a href=\"http:\/\/www.filindeblogg.nu\/?attachment_id=35063\" rel=\"attachment wp-att-35063\"><img loading=\"lazy\" class=\"alignnone  wp-image-35063\" title=\"Red road\" src=\"http:\/\/www.filindeblogg.nu\/wp-content\/uploads\/2012\/07\/Red-road-202x300.jpg\" alt=\"\" width=\"121\" height=\"180\" srcset=\"http:\/\/www.filindeblogg.nu\/wp-content\/uploads\/2012\/07\/Red-road-202x300.jpg 202w, http:\/\/www.filindeblogg.nu\/wp-content\/uploads\/2012\/07\/Red-road.jpg 214w\" sizes=\"(max-width: 121px) 100vw, 121px\" \/><\/a> Naturligtvis skulle vi ha anat or\u00e5d n\u00e4r <strong>&#8221;Filmklubbens&#8221;<\/strong> <strong>Fredrik Sahlin<\/strong> \u00f6ver\u00f6ste filmen med lovord f\u00f6r att sen s\u00e4ga:<em> -Nej, gl\u00f6m allt vad jag sa<\/em>.<br \/>\nDessutom retade jag mig p\u00e5 att Sahlin skulle l\u00e5ta precis som <strong>Nils-Petter Sundgren<\/strong> n\u00e4r han presenterade filmen.<br \/>\n\u00c4nd\u00e5 var han b\u00e4ttre att se och h\u00f6ra \u00e4n <strong>Orvar S\u00e4fstr\u00f6m<\/strong>. <a href=\"http:\/\/www.filindeblogg.nu\/?attachment_id=35064\" rel=\"attachment wp-att-35064\"><img loading=\"lazy\" class=\"alignnone  wp-image-35064\" title=\"Orvar S\u00e4fstr\u00f6m\" src=\"http:\/\/www.filindeblogg.nu\/wp-content\/uploads\/2012\/07\/Orvar-S\u00e4fstr\u00f6m-300x128.jpg\" alt=\"\" width=\"180\" height=\"77\" srcset=\"http:\/\/www.filindeblogg.nu\/wp-content\/uploads\/2012\/07\/Orvar-S\u00e4fstr\u00f6m-300x128.jpg 300w, http:\/\/www.filindeblogg.nu\/wp-content\/uploads\/2012\/07\/Orvar-S\u00e4fstr\u00f6m.jpg 467w\" sizes=\"(max-width: 180px) 100vw, 180px\" \/><\/a> Nog om presentat\u00f6rerna &#8211; filmen var urtrist med en osannolik handling. Tycker den &#8221;gn\u00e4lliga&#8221; versionen av bloggaren.<\/p>\n<p><a href=\"http:\/\/www.filindeblogg.nu\/?attachment_id=35054\" rel=\"attachment wp-att-35054\"><img loading=\"lazy\" class=\"alignnone  wp-image-35054\" title=\"IMG_8227 (3)\" src=\"http:\/\/www.filindeblogg.nu\/wp-content\/uploads\/2012\/07\/IMG_8227-3-225x300.jpg\" alt=\"\" width=\"135\" height=\"180\" srcset=\"http:\/\/www.filindeblogg.nu\/wp-content\/uploads\/2012\/07\/IMG_8227-3-225x300.jpg 225w, http:\/\/www.filindeblogg.nu\/wp-content\/uploads\/2012\/07\/IMG_8227-3.jpg 346w\" sizes=\"(max-width: 135px) 100vw, 135px\" \/><\/a> <strong>Pigge Werkelin<\/strong> f\u00f6rnekar sig aldrig. Han har l\u00e4nge tagit massmedia till hj\u00e4lp f\u00f6r sina olika aff\u00e4rsverksamheter men det h\u00e4r tyckte jag var lite \u00f6ver gr\u00e4nsen. Att licensbetalarna som finansierar publicservicef\u00f6retaget <strong>Sveriges Radio<\/strong> d\u00e4rmed ska hj\u00e4lpa Werkelin att f\u00f6rverkliga <em>&#8221;Dr\u00f6mstugan&#8221;<\/em>! ??<\/p>\n<p><strong>Mats Svegfors<\/strong>, <strong>VD f\u00f6r Sveriges Radio<\/strong> svarar s\u00e5 h\u00e4r i mail till mig n\u00e4r jag &#8221;gn\u00e4ller&#8221;: <em>&#8221;Pigge Werkelin s\u00e4tter in en annons d\u00e4r han p\u00e5st\u00e5r att vi har gjort n\u00e5got som vi inte har gjort. Vi har gjort satir av hans besynnerliga aff\u00e4rsverksamhet, dvs raka motsatsen till vad han p\u00e5st\u00e5r i sin annons. Hur ska vi kunna hindra detta. M\u00f6jligen kan Du reagera mot att DN tar in annonsen.&#8221;<\/em><\/p>\n<p>Nej, n\u00e5gon dr\u00f6mstuga t\u00e4nker jag inte skaffa men jag har mitt eget dr\u00f6mboende \u00e4nd\u00e5! <a href=\"http:\/\/www.filindeblogg.nu\/?attachment_id=35057\" rel=\"attachment wp-att-35057\"><img loading=\"lazy\" class=\"alignnone  wp-image-35057\" title=\"IMG_8249 (3)\" src=\"http:\/\/www.filindeblogg.nu\/wp-content\/uploads\/2012\/07\/IMG_8249-3-300x225.jpg\" alt=\"\" width=\"180\" height=\"135\" srcset=\"http:\/\/www.filindeblogg.nu\/wp-content\/uploads\/2012\/07\/IMG_8249-3-300x225.jpg 300w, http:\/\/www.filindeblogg.nu\/wp-content\/uploads\/2012\/07\/IMG_8249-3.jpg 461w\" sizes=\"(max-width: 180px) 100vw, 180px\" \/><\/a> Nu kommer det sn\u00e4lla i bloggen allts\u00e5! \ud83d\ude42<br \/>\nBland ogr\u00e4s och mossmatta ist\u00e4llet f\u00f6r gr\u00e4smatta sprider sig smultronen! <a href=\"http:\/\/www.filindeblogg.nu\/?attachment_id=35058\" rel=\"attachment wp-att-35058\"><img loading=\"lazy\" class=\"alignnone  wp-image-35058\" title=\"IMG_8253 (3)\" src=\"http:\/\/www.filindeblogg.nu\/wp-content\/uploads\/2012\/07\/IMG_8253-3-300x225.jpg\" alt=\"\" width=\"180\" height=\"135\" srcset=\"http:\/\/www.filindeblogg.nu\/wp-content\/uploads\/2012\/07\/IMG_8253-3-300x225.jpg 300w, http:\/\/www.filindeblogg.nu\/wp-content\/uploads\/2012\/07\/IMG_8253-3.jpg 461w\" sizes=\"(max-width: 180px) 100vw, 180px\" \/><\/a><\/p>\n<p>Har man tur blir det en str\u00e5lande solsommardag och katterna blir glada \u00f6ver s\u00e4llskap ute! <a href=\"http:\/\/www.filindeblogg.nu\/?attachment_id=35059\" rel=\"attachment wp-att-35059\"><img loading=\"lazy\" class=\"alignnone  wp-image-35059\" title=\"IMG_8240 (3)\" src=\"http:\/\/www.filindeblogg.nu\/wp-content\/uploads\/2012\/07\/IMG_8240-3-300x225.jpg\" alt=\"\" width=\"180\" height=\"135\" srcset=\"http:\/\/www.filindeblogg.nu\/wp-content\/uploads\/2012\/07\/IMG_8240-3-300x225.jpg 300w, http:\/\/www.filindeblogg.nu\/wp-content\/uploads\/2012\/07\/IMG_8240-3.jpg 461w\" sizes=\"(max-width: 180px) 100vw, 180px\" \/><\/a> <strong>Felix<\/strong> \u00e4r klok och tar skydd i skuggan n\u00e4r solen str\u00e5lar hett mitt p\u00e5 dagen.<br \/>\n<strong>Wilma<\/strong> str\u00e4cker ut sig och myser. <a href=\"http:\/\/www.filindeblogg.nu\/?attachment_id=35060\" rel=\"attachment wp-att-35060\"><img loading=\"lazy\" class=\"alignnone  wp-image-35060\" title=\"IMG_8250 (3)\" src=\"http:\/\/www.filindeblogg.nu\/wp-content\/uploads\/2012\/07\/IMG_8250-3-300x225.jpg\" alt=\"\" width=\"180\" height=\"135\" srcset=\"http:\/\/www.filindeblogg.nu\/wp-content\/uploads\/2012\/07\/IMG_8250-3-300x225.jpg 300w, http:\/\/www.filindeblogg.nu\/wp-content\/uploads\/2012\/07\/IMG_8250-3.jpg 461w\" sizes=\"(max-width: 180px) 100vw, 180px\" \/><\/a> <strong>Curry<\/strong> f\u00f6rs\u00f6ker ta sig ut f\u00f6nsterv\u00e4gen&#8230; <a href=\"http:\/\/www.filindeblogg.nu\/?attachment_id=35061\" rel=\"attachment wp-att-35061\"><img loading=\"lazy\" class=\"alignnone  wp-image-35061\" title=\"005\" src=\"http:\/\/www.filindeblogg.nu\/wp-content\/uploads\/2012\/07\/005-225x300.jpg\" alt=\"\" width=\"158\" height=\"210\" srcset=\"http:\/\/www.filindeblogg.nu\/wp-content\/uploads\/2012\/07\/005-225x300.jpg 225w, http:\/\/www.filindeblogg.nu\/wp-content\/uploads\/2012\/07\/005.jpg 231w\" sizes=\"(max-width: 158px) 100vw, 158px\" \/><\/a> Inte l\u00e4tt f\u00f6r en tjock katt i sina b\u00e4sta \u00e5r&#8230; <a href=\"http:\/\/www.filindeblogg.nu\/?attachment_id=35062\" rel=\"attachment wp-att-35062\"><img loading=\"lazy\" class=\"alignnone  wp-image-35062\" title=\"006\" src=\"http:\/\/www.filindeblogg.nu\/wp-content\/uploads\/2012\/07\/006-225x300.jpg\" alt=\"\" width=\"158\" height=\"210\" srcset=\"http:\/\/www.filindeblogg.nu\/wp-content\/uploads\/2012\/07\/006-225x300.jpg 225w, http:\/\/www.filindeblogg.nu\/wp-content\/uploads\/2012\/07\/006.jpg 231w\" sizes=\"(max-width: 158px) 100vw, 158px\" \/><\/a> Det gick inte, kan jag avsl\u00f6ja! \ud83d\ude42<\/p>\n<p>Sen kan himlen pl\u00f6tsligt te sig s\u00e5 h\u00e4r&#8230; <a href=\"http:\/\/www.filindeblogg.nu\/?attachment_id=35065\" rel=\"attachment wp-att-35065\"><img loading=\"lazy\" class=\"alignnone  wp-image-35065\" title=\"IMG_8244 (3)\" src=\"http:\/\/www.filindeblogg.nu\/wp-content\/uploads\/2012\/07\/IMG_8244-3-300x207.jpg\" alt=\"\" width=\"180\" height=\"124\" srcset=\"http:\/\/www.filindeblogg.nu\/wp-content\/uploads\/2012\/07\/IMG_8244-3-300x207.jpg 300w, http:\/\/www.filindeblogg.nu\/wp-content\/uploads\/2012\/07\/IMG_8244-3.jpg 461w\" sizes=\"(max-width: 180px) 100vw, 180px\" \/><\/a> D\u00e5 blir Felix sur och l\u00e4gger sig p\u00e5 det h\u00e4r viset tills morsan fixat solsken (!?) &#8211; eller hetssprungit med honom till matsk\u00e5len (det \u00e4r tacksamt nog ett alternativ). <a href=\"http:\/\/www.filindeblogg.nu\/?attachment_id=35066\" rel=\"attachment wp-att-35066\"><img loading=\"lazy\" class=\"alignnone  wp-image-35066\" title=\"001\" src=\"http:\/\/www.filindeblogg.nu\/wp-content\/uploads\/2012\/07\/001-225x300.jpg\" alt=\"\" width=\"180\" height=\"240\" srcset=\"http:\/\/www.filindeblogg.nu\/wp-content\/uploads\/2012\/07\/001-225x300.jpg 225w, http:\/\/www.filindeblogg.nu\/wp-content\/uploads\/2012\/07\/001.jpg 231w\" sizes=\"(max-width: 180px) 100vw, 180px\" \/><\/a><\/p>\n<p>Vilda Wilma blir mindre vild vid d\u00e5ligt v\u00e4der och sussar gott ist\u00e4llet. <a href=\"http:\/\/www.filindeblogg.nu\/?attachment_id=35067\" rel=\"attachment wp-att-35067\"><img loading=\"lazy\" class=\"alignnone  wp-image-35067\" title=\"022\" src=\"http:\/\/www.filindeblogg.nu\/wp-content\/uploads\/2012\/07\/022-225x300.jpg\" alt=\"\" width=\"180\" height=\"240\" srcset=\"http:\/\/www.filindeblogg.nu\/wp-content\/uploads\/2012\/07\/022-225x300.jpg 225w, http:\/\/www.filindeblogg.nu\/wp-content\/uploads\/2012\/07\/022.jpg 231w\" sizes=\"(max-width: 180px) 100vw, 180px\" \/><\/a><\/p>\n<p>Kv\u00e4llen ig\u00e5r var fin och det var bara att njuta och gl\u00e4djas. Inget gn\u00e4ll alls! <a href=\"http:\/\/www.filindeblogg.nu\/?attachment_id=35068\" rel=\"attachment wp-att-35068\"><img loading=\"lazy\" class=\"alignnone  wp-image-35068\" title=\"IMG_8259 (3)\" src=\"http:\/\/www.filindeblogg.nu\/wp-content\/uploads\/2012\/07\/IMG_8259-3-225x300.jpg\" alt=\"\" width=\"158\" height=\"210\" srcset=\"http:\/\/www.filindeblogg.nu\/wp-content\/uploads\/2012\/07\/IMG_8259-3-225x300.jpg 225w, http:\/\/www.filindeblogg.nu\/wp-content\/uploads\/2012\/07\/IMG_8259-3.jpg 346w\" sizes=\"(max-width: 158px) 100vw, 158px\" \/><\/a><\/p>\n<p>Jag avslutar bloggen idag med <strong>Prins Folke av Norrbotten<\/strong> och hans matmor <strong>Miriam<\/strong>. Vi h\u00e5ller tummarna att lille prinsen snart \u00e4r p\u00e5 benen! Vad g\u00e4ller Prinsen och Miriam \u00e4r det bara goda och sn\u00e4lla tankar som g\u00e4ller.<\/p>\n<p><a href=\"http:\/\/www.filindeblogg.nu\/?attachment_id=35069\" rel=\"attachment wp-att-35069\"><img loading=\"lazy\" class=\"aligncenter  wp-image-35069\" title=\"Prinsen med nappflaska\" src=\"http:\/\/www.filindeblogg.nu\/wp-content\/uploads\/2012\/07\/Prinsen-med-nappflaska.jpg\" alt=\"\" width=\"245\" height=\"138\" \/><\/a><\/p>\n<p>&nbsp;<\/p>\n<p>&nbsp;<\/p>\n<p>&nbsp;<\/p>\n","protected":false},"excerpt":{"rendered":"<p>\u00a0Det finns tydligen ett TV-program som borde passa mig bra. &#8221;Extra gn\u00e4lligt&#8221; heter det och g\u00e5r i SVT. Serien presenteras s\u00e5 h\u00e4r: &#8221;Griniga medel\u00e5lders kvinnor kommenterar allt mellan himmel och jord&#8221;. Nja, grinig och gn\u00e4llig k\u00e4nner jag mig nog inte. Jag \u00e4r bara en s\u00e5dan person som inte kan h\u00e5lla tyst &#8211; och det g\u00e4ller [&hellip;]<\/p>\n","protected":false},"author":1,"featured_media":0,"comment_status":"open","ping_status":"open","sticky":false,"template":"","format":"standard","meta":[],"categories":[118,127,41,137,100,132,101],"tags":[],"_links":{"self":[{"href":"http:\/\/www.filindeblogg.nu\/index.php?rest_route=\/wp\/v2\/posts\/35048"}],"collection":[{"href":"http:\/\/www.filindeblogg.nu\/index.php?rest_route=\/wp\/v2\/posts"}],"about":[{"href":"http:\/\/www.filindeblogg.nu\/index.php?rest_route=\/wp\/v2\/types\/post"}],"author":[{"embeddable":true,"href":"http:\/\/www.filindeblogg.nu\/index.php?rest_route=\/wp\/v2\/users\/1"}],"replies":[{"embeddable":true,"href":"http:\/\/www.filindeblogg.nu\/index.php?rest_route=%2Fwp%2Fv2%2Fcomments&post=35048"}],"version-history":[{"count":48,"href":"http:\/\/www.filindeblogg.nu\/index.php?rest_route=\/wp\/v2\/posts\/35048\/revisions"}],"predecessor-version":[{"id":35118,"href":"http:\/\/www.filindeblogg.nu\/index.php?rest_route=\/wp\/v2\/posts\/35048\/revisions\/35118"}],"wp:attachment":[{"href":"http:\/\/www.filindeblogg.nu\/index.php?rest_route=%2Fwp%2Fv2%2Fmedia&parent=35048"}],"wp:term":[{"taxonomy":"category","embeddable":true,"href":"http:\/\/www.filindeblogg.nu\/index.php?rest_route=%2Fwp%2Fv2%2Fcategories&post=35048"},{"taxonomy":"post_tag","embeddable":true,"href":"http:\/\/www.filindeblogg.nu\/index.php?rest_route=%2Fwp%2Fv2%2Ftags&post=35048"}],"curies":[{"name":"wp","href":"https:\/\/api.w.org\/{rel}","templated":true}]}}