{"id":35020,"date":"2012-07-17T10:47:25","date_gmt":"2012-07-17T09:47:25","guid":{"rendered":"http:\/\/www.filindeblogg.nu\/?p=35020"},"modified":"2012-07-17T10:47:26","modified_gmt":"2012-07-17T09:47:26","slug":"prins-folke-av-norrbotten-och-hur-du-kan-hjalpa-honom","status":"publish","type":"post","link":"http:\/\/www.filindeblogg.nu\/?p=35020","title":{"rendered":"Prins Folke av Norrbotten &#8211; och hur du kan hj\u00e4lpa honom!"},"content":{"rendered":"<p><a href=\"http:\/\/www.filindeblogg.nu\/?attachment_id=35021\" rel=\"attachment wp-att-35021\"><img loading=\"lazy\" class=\"alignnone size-full wp-image-35021\" title=\"Lilla-f\u00f6let-bild-2-300x168\" src=\"http:\/\/www.filindeblogg.nu\/wp-content\/uploads\/2012\/07\/Lilla-f\u00f6let-bild-2-300x1681.jpg\" alt=\"\" width=\"300\" height=\"168\" \/><\/a> Visst minns du lille <strong>Prins Folke av Norrbotten<\/strong>!? Det lilla f\u00f6let som efter l\u00e5ng v\u00e4ntan f\u00f6ddes p\u00e5 den kungliga f\u00f6delsedagen 14 juli!<\/p>\n<p><a href=\"http:\/\/www.filindeblogg.nu\/?attachment_id=35024\" rel=\"attachment wp-att-35024\"><img loading=\"lazy\" class=\"alignnone size-medium wp-image-35024\" title=\"Lilla f\u00f6let och mamma Nettan\" src=\"http:\/\/www.filindeblogg.nu\/wp-content\/uploads\/2012\/07\/Lilla-f\u00f6let-och-mamma-Nettan-300x300.jpg\" alt=\"\" width=\"300\" height=\"300\" srcset=\"http:\/\/www.filindeblogg.nu\/wp-content\/uploads\/2012\/07\/Lilla-f\u00f6let-och-mamma-Nettan-300x300.jpg 300w, http:\/\/www.filindeblogg.nu\/wp-content\/uploads\/2012\/07\/Lilla-f\u00f6let-och-mamma-Nettan-150x150.jpg 150w, http:\/\/www.filindeblogg.nu\/wp-content\/uploads\/2012\/07\/Lilla-f\u00f6let-och-mamma-Nettan.jpg 403w\" sizes=\"(max-width: 300px) 100vw, 300px\" \/><\/a>\u00a0Lille prinsen har det besv\u00e4rligt! Han har sv\u00e5rt att st\u00e5 p\u00e5 sina l\u00e5nga ben och har f\u00e5tt problem med en svullen led.<\/p>\n<p><strong> Miriam<\/strong>, som \u00e4ger lille prinsen sliter f\u00f6r fullt f\u00f6r honom. Mj\u00f6lkar ur stoet varannan timma och ger i nappflaska, f\u00f6rs\u00f6ker f\u00e5 honom att st\u00e5 p\u00e5 benen, har f\u00e5tt hj\u00e4lp av veterin\u00e4r att spola en svullen led o.s.v. Prinsen har varit utr\u00e4knad flera g\u00e5nger&#8230;<\/p>\n<p>Men lille Prins Folke \u00e4r en k\u00e4mpe med en enorm livsvilja. Ser hur han str\u00e4cker sin l\u00e5nga hals f\u00f6r att n\u00e5 sin mammas juver! <a href=\"http:\/\/www.filindeblogg.nu\/?attachment_id=35025\" rel=\"attachment wp-att-35025\"><img loading=\"lazy\" class=\"alignnone size-medium wp-image-35025\" title=\"Prins Folke diar\" src=\"http:\/\/www.filindeblogg.nu\/wp-content\/uploads\/2012\/07\/Prins-Folke-diar-300x300.jpg\" alt=\"\" width=\"300\" height=\"300\" srcset=\"http:\/\/www.filindeblogg.nu\/wp-content\/uploads\/2012\/07\/Prins-Folke-diar-300x300.jpg 300w, http:\/\/www.filindeblogg.nu\/wp-content\/uploads\/2012\/07\/Prins-Folke-diar-150x150.jpg 150w, http:\/\/www.filindeblogg.nu\/wp-content\/uploads\/2012\/07\/Prins-Folke-diar.jpg 403w\" sizes=\"(max-width: 300px) 100vw, 300px\" \/><\/a><\/p>\n<p>Men mediciner kostar pengar och jag t\u00e4nkte f\u00f6r mig sj\u00e4lv: <strong><em>&#8211; Om jag inte kan hj\u00e4lpa till p\u00e5 plats i Boden &#8211; vad kan jag d\u00e5 g\u00f6ra? Jo, starta en insamling!<\/em><\/strong><\/p>\n<p><a href=\"http:\/\/www.filindeblogg.nu\/?attachment_id=35022\" rel=\"attachment wp-att-35022\"><img loading=\"lazy\" class=\"alignnone  wp-image-35022\" title=\"IMG_8235 (3)\" src=\"http:\/\/www.filindeblogg.nu\/wp-content\/uploads\/2012\/07\/IMG_8235-3-300x225.jpg\" alt=\"\" width=\"144\" height=\"108\" srcset=\"http:\/\/www.filindeblogg.nu\/wp-content\/uploads\/2012\/07\/IMG_8235-3-300x225.jpg 300w, http:\/\/www.filindeblogg.nu\/wp-content\/uploads\/2012\/07\/IMG_8235-3.jpg 461w\" sizes=\"(max-width: 144px) 100vw, 144px\" \/><\/a> <strong>S\u00c5 ALLA SOM VILL HJ\u00c4LPA LILLE PRINS FOLKE AV NORRBOTTEN ATT \u00d6VERLEVA &#8211; S\u00c4TT G\u00c4RNA IN EN SLANT TILL MIRIAM!<\/strong><br \/>\nMiriams kontonummer p\u00e5 <strong>Swedbank<\/strong> \u00e4r <strong>8201-6 974 101 121-8<\/strong> !<\/p>\n<p>Har du en slant \u00f6ver och vill vara givmild &#8211; g\u00f6r det g\u00e4rna! Minsta lilla \u00e4r v\u00e4rt s\u00e5 mycket! <a href=\"http:\/\/www.filindeblogg.nu\/?attachment_id=35023\" rel=\"attachment wp-att-35023\"><img loading=\"lazy\" class=\"alignnone  wp-image-35023\" title=\"IMG_8234 (3)\" src=\"http:\/\/www.filindeblogg.nu\/wp-content\/uploads\/2012\/07\/IMG_8234-3-300x225.jpg\" alt=\"\" width=\"144\" height=\"108\" srcset=\"http:\/\/www.filindeblogg.nu\/wp-content\/uploads\/2012\/07\/IMG_8234-3-300x225.jpg 300w, http:\/\/www.filindeblogg.nu\/wp-content\/uploads\/2012\/07\/IMG_8234-3.jpg 461w\" sizes=\"(max-width: 144px) 100vw, 144px\" \/><\/a><\/p>\n<p style=\"text-align: center;\"><strong>Visst ska lille Prins Folke av Norrbotten \u00f6verleva!<\/strong><\/p>\n<p style=\"text-align: center;\"><a href=\"http:\/\/www.filindeblogg.nu\/?attachment_id=35026\" rel=\"attachment wp-att-35026\"><img loading=\"lazy\" class=\"aligncenter  wp-image-35026\" title=\"IMG_8230 (3)\" src=\"http:\/\/www.filindeblogg.nu\/wp-content\/uploads\/2012\/07\/IMG_8230-3-300x225.jpg\" alt=\"\" width=\"180\" height=\"135\" srcset=\"http:\/\/www.filindeblogg.nu\/wp-content\/uploads\/2012\/07\/IMG_8230-3-300x225.jpg 300w, http:\/\/www.filindeblogg.nu\/wp-content\/uploads\/2012\/07\/IMG_8230-3.jpg 461w\" sizes=\"(max-width: 180px) 100vw, 180px\" \/><\/a><\/p>\n<p style=\"text-align: center;\">Hur l\u00e4rde jag k\u00e4nna <strong>Miriam Jaakola<\/strong> fr\u00e5n Boden?<br \/>\nJo, genom <strong>ADHD<\/strong> och <strong>Aspergers syndrom<\/strong>.<br \/>\nMiriam f\u00f6rel\u00e4ser om <a href=\"http:\/\/www.attention-riks.se\/\">neuropsykiatriska funktionshinder<\/a>.<\/p>\n<p>&nbsp;<\/p>\n","protected":false},"excerpt":{"rendered":"<p>Visst minns du lille Prins Folke av Norrbotten!? Det lilla f\u00f6let som efter l\u00e5ng v\u00e4ntan f\u00f6ddes p\u00e5 den kungliga f\u00f6delsedagen 14 juli! \u00a0Lille prinsen har det besv\u00e4rligt! Han har sv\u00e5rt att st\u00e5 p\u00e5 sina l\u00e5nga ben och har f\u00e5tt problem med en svullen led. Miriam, som \u00e4ger lille prinsen sliter f\u00f6r fullt f\u00f6r honom. Mj\u00f6lkar [&hellip;]<\/p>\n","protected":false},"author":1,"featured_media":0,"comment_status":"open","ping_status":"open","sticky":false,"template":"","format":"standard","meta":[],"categories":[107,144,100,101,116],"tags":[],"_links":{"self":[{"href":"http:\/\/www.filindeblogg.nu\/index.php?rest_route=\/wp\/v2\/posts\/35020"}],"collection":[{"href":"http:\/\/www.filindeblogg.nu\/index.php?rest_route=\/wp\/v2\/posts"}],"about":[{"href":"http:\/\/www.filindeblogg.nu\/index.php?rest_route=\/wp\/v2\/types\/post"}],"author":[{"embeddable":true,"href":"http:\/\/www.filindeblogg.nu\/index.php?rest_route=\/wp\/v2\/users\/1"}],"replies":[{"embeddable":true,"href":"http:\/\/www.filindeblogg.nu\/index.php?rest_route=%2Fwp%2Fv2%2Fcomments&post=35020"}],"version-history":[{"count":20,"href":"http:\/\/www.filindeblogg.nu\/index.php?rest_route=\/wp\/v2\/posts\/35020\/revisions"}],"predecessor-version":[{"id":35046,"href":"http:\/\/www.filindeblogg.nu\/index.php?rest_route=\/wp\/v2\/posts\/35020\/revisions\/35046"}],"wp:attachment":[{"href":"http:\/\/www.filindeblogg.nu\/index.php?rest_route=%2Fwp%2Fv2%2Fmedia&parent=35020"}],"wp:term":[{"taxonomy":"category","embeddable":true,"href":"http:\/\/www.filindeblogg.nu\/index.php?rest_route=%2Fwp%2Fv2%2Fcategories&post=35020"},{"taxonomy":"post_tag","embeddable":true,"href":"http:\/\/www.filindeblogg.nu\/index.php?rest_route=%2Fwp%2Fv2%2Ftags&post=35020"}],"curies":[{"name":"wp","href":"https:\/\/api.w.org\/{rel}","templated":true}]}}