{"id":34040,"date":"2012-06-13T10:41:21","date_gmt":"2012-06-13T09:41:21","guid":{"rendered":"http:\/\/www.filindeblogg.nu\/?p=34040"},"modified":"2012-06-13T10:41:21","modified_gmt":"2012-06-13T09:41:21","slug":"flykten-fran-alcatraz-och-greven-av-monte-cristo","status":"publish","type":"post","link":"http:\/\/www.filindeblogg.nu\/?p=34040","title":{"rendered":"Flykten fr\u00e5n Alcatraz och Greven av Monte Cristo"},"content":{"rendered":"<p><a href=\"http:\/\/www.filindeblogg.nu\/?attachment_id=34041\" rel=\"attachment wp-att-34041\"><img loading=\"lazy\" class=\"alignnone  wp-image-34041\" title=\"alcatraz_943261c\" src=\"http:\/\/www.filindeblogg.nu\/wp-content\/uploads\/2012\/06\/alcatraz_943261c-300x199.jpg\" alt=\"\" width=\"180\" height=\"119\" srcset=\"http:\/\/www.filindeblogg.nu\/wp-content\/uploads\/2012\/06\/alcatraz_943261c-300x199.jpg 300w, http:\/\/www.filindeblogg.nu\/wp-content\/uploads\/2012\/06\/alcatraz_943261c.jpg 485w\" sizes=\"(max-width: 180px) 100vw, 180px\" \/><\/a> Innaf\u00f6r <strong>Golden Gate<\/strong> n\u00e4ra <strong>San Fransisco i USA<\/strong> ligger det \u00f6k\u00e4nda<strong> Alcatraz.<\/strong>\u00a0<a href=\"http:\/\/www.filindeblogg.nu\/?attachment_id=34044\" rel=\"attachment wp-att-34044\"><img loading=\"lazy\" class=\"alignnone size-full wp-image-34044\" title=\"F\u00f6nster i Alcatraz\" src=\"http:\/\/www.filindeblogg.nu\/wp-content\/uploads\/2012\/06\/F\u00f6nster-i-Alcatraz.jpg\" alt=\"\" width=\"140\" height=\"99\" \/><\/a> En g\u00e5ng v\u00e4rldens mest rymnings\u00e4kra f\u00e4ngelse. <a href=\"http:\/\/www.filindeblogg.nu\/?attachment_id=34042\" rel=\"attachment wp-att-34042\"><img loading=\"lazy\" class=\"alignnone  wp-image-34042\" title=\"Inne i Alcatraz\" src=\"http:\/\/www.filindeblogg.nu\/wp-content\/uploads\/2012\/06\/Inne-i-Alcatraz.jpg\" alt=\"\" width=\"155\" height=\"116\" \/><\/a><br \/>\nIdag turistattraktion. <a href=\"http:\/\/www.filindeblogg.nu\/?attachment_id=34043\" rel=\"attachment wp-att-34043\"><img loading=\"lazy\" class=\"alignnone  wp-image-34043\" title=\"Turister p\u00e5 v\u00e4g mot Alcatraz\" src=\"http:\/\/www.filindeblogg.nu\/wp-content\/uploads\/2012\/06\/Turister-p\u00e5-v\u00e4g-mot-Alcatraz.jpg\" alt=\"\" width=\"156\" height=\"116\" \/><\/a> En f\u00e4rja p\u00e5 v\u00e4g med turister till \u00f6n. <a href=\"http:\/\/www.filindeblogg.nu\/?attachment_id=34045\" rel=\"attachment wp-att-34045\"><img loading=\"lazy\" class=\"alignnone  wp-image-34045\" title=\"Inuti Alcatraz\" src=\"http:\/\/www.filindeblogg.nu\/wp-content\/uploads\/2012\/06\/Inuti-Alcatraz.jpg\" alt=\"\" width=\"165\" height=\"110\" \/><\/a> H\u00e4r kan man &#8221;leka&#8221; livstidsf\u00e5nge f\u00f6r en stund. <a href=\"http:\/\/www.filindeblogg.nu\/?attachment_id=34046\" rel=\"attachment wp-att-34046\"><img loading=\"lazy\" class=\"alignnone  wp-image-34046\" title=\"Inuti Alcatraz 2\" src=\"http:\/\/www.filindeblogg.nu\/wp-content\/uploads\/2012\/06\/Inuti-Alcatraz-2.jpg\" alt=\"\" width=\"165\" height=\"110\" \/><\/a> Personligen skulle jag m\u00e5 lite d\u00e5ligt av att g\u00e5 d\u00e4r. S\u00e4kert sitter en del av \u00e5ngesten och vanmakten kvar i v\u00e4ggarna.<\/p>\n<p><a href=\"http:\/\/www.filindeblogg.nu\/?attachment_id=34047\" rel=\"attachment wp-att-34047\"><img loading=\"lazy\" class=\"alignnone size-medium wp-image-34047\" title=\"alcaetta bild fr\u00e5n Internet\" src=\"http:\/\/www.filindeblogg.nu\/wp-content\/uploads\/2012\/06\/alcaetta-bild-fr\u00e5n-Internet-300x83.jpg\" alt=\"\" width=\"300\" height=\"83\" srcset=\"http:\/\/www.filindeblogg.nu\/wp-content\/uploads\/2012\/06\/alcaetta-bild-fr\u00e5n-Internet-300x83.jpg 300w, http:\/\/www.filindeblogg.nu\/wp-content\/uploads\/2012\/06\/alcaetta-bild-fr\u00e5n-Internet.jpg 480w\" sizes=\"(max-width: 300px) 100vw, 300px\" \/><\/a> Anledningen till att jag skriver bloggen om Alcatraz \u00e4r att i m\u00e5ndags var det 50 \u00e5r sedan tre f\u00e5ngar \u00e4nd\u00e5 lyckades rymma fr\u00e5n f\u00e4ngelset Alcatraz. <strong>Frank Morris<\/strong> och br\u00f6derna <strong>John och Clarence Anglin<\/strong>, f\u00e4ngslade f\u00f6r bland annat bankr\u00e5n, rymde p\u00e5 ett spektakul\u00e4rt s\u00e4tt.<\/p>\n<p>M\u00e4nnen hade under flera m\u00e5naders tid gr\u00e4vt h\u00e5l i sina cellv\u00e4ggar med hj\u00e4lp av skedar och sm\u00f6rknivar. H\u00e5len hade t\u00e4ckts av kartongbitar som m\u00e5lats om f\u00f6r att se ut som luftventiler.<br \/>\nSamma natt som rymningen \u00e4gde rum gick Frank Morris och br\u00f6derna Anglin in i sina celler som vanligt. Klockan 21.30 kontrollr\u00e4knades avdelningens f\u00e5ngar inf\u00f6r natten. En vakt som gick sin runda m\u00e4rkte inget s\u00e4rskilt n\u00e4r han passerade Frank Morris och br\u00f6derna Anglins celler under natten. Vad han inte visste var att f\u00e5ngarna hade placerat papier-mach\u00e9-huvuden i s\u00e4ngarna, och klistrat p\u00e5 riktigt h\u00e5r fr\u00e5n f\u00e4ngelsets frisersalong<a href=\"http:\/\/www.dn.se\/nyheter\/varlden\/flykten-fran-alcatraz-fortfarande-en-gata\" target=\"_blank\">.<\/a><br \/>\n<strong>N\u00e5gon g\u00e5ng under <\/strong>natten kr\u00f6p trion igenom h\u00e5len i v\u00e4ggarna, kl\u00e4ttrade upp p\u00e5 f\u00e4ngelsets tak och tog sig \u00f6ver tv\u00e5 staket med taggtr\u00e5d innan de slutligen n\u00e5dde vattnet och med hj\u00e4lp av en enkel flotte tillverkad av regnrockar flydde. Flotten hittades senare p\u00e5 en \u00f6 i n\u00e4rheten. Man befarade att de drunknat men inga kroppar har \u00e5terfunnits och ingen har h\u00f6rt av de tre m\u00e4nnen sedan dess.<\/p>\n<p><a href=\"http:\/\/www.filindeblogg.nu\/?attachment_id=34048\" rel=\"attachment wp-att-34048\"><img loading=\"lazy\" class=\"alignnone size-medium wp-image-34048\" title=\"Foton d\u00e5 och nu kanske\" src=\"http:\/\/www.filindeblogg.nu\/wp-content\/uploads\/2012\/06\/Foton-d\u00e5-och-nu-kanske-300x199.jpg\" alt=\"\" width=\"300\" height=\"199\" srcset=\"http:\/\/www.filindeblogg.nu\/wp-content\/uploads\/2012\/06\/Foton-d\u00e5-och-nu-kanske-300x199.jpg 300w, http:\/\/www.filindeblogg.nu\/wp-content\/uploads\/2012\/06\/Foton-d\u00e5-och-nu-kanske.jpg 485w\" sizes=\"(max-width: 300px) 100vw, 300px\" \/><\/a> S\u00e5 h\u00e4r t\u00e4nker man sig att de tre m\u00e4nnen ser ut idag &#8211; om de lever och \u00e4r i s\u00e5 fall i 80-\u00e5rs\u00e5ldern<a href=\"http:\/\/www.aftonbladet.se\/nyheter\/article14958239.ab\" target=\"_blank\">.<\/a> Bild fr\u00e5n <strong>Svenska Dagbladets<\/strong> hemsida och du kan l\u00e4sa mer om den mytomspunna rymningen i <strong>Svenskan<\/strong> genom att klicka<a href=\"http:\/\/www.svd.se\/kultur\/understrecket\/rymmarna-jagas-annu-efter-50-ar_7269075.svd\" target=\"_blank\"><strong> H\u00c4R!<\/strong><\/a><\/p>\n<p>Rymningen har filmatiserats, bland annat med <strong>Clint Eastwood<\/strong> i en av rollerna &#8211;<strong><em> &#8221;Flykten fr\u00e5n Alcatraz&#8221;.<\/em><\/strong><a href=\"http:\/\/www.filindeblogg.nu\/?attachment_id=34049\" rel=\"attachment wp-att-34049\"><img loading=\"lazy\" class=\"alignnone  wp-image-34049\" title=\"Escape from Alcatraz\" src=\"http:\/\/www.filindeblogg.nu\/wp-content\/uploads\/2012\/06\/Escape-from-Alcatraz-202x300.jpg\" alt=\"\" width=\"121\" height=\"180\" srcset=\"http:\/\/www.filindeblogg.nu\/wp-content\/uploads\/2012\/06\/Escape-from-Alcatraz-202x300.jpg 202w, http:\/\/www.filindeblogg.nu\/wp-content\/uploads\/2012\/06\/Escape-from-Alcatraz.jpg 214w\" sizes=\"(max-width: 121px) 100vw, 121px\" \/><\/a><\/p>\n<p>Kanske fick de tre f\u00e5ngarna inspiration av <strong>Alexander Dumas d.\u00e4.<\/strong> roman <em><strong>&#8221;Greven av Monte Cristo&#8221;<\/strong><\/em>? <a href=\"http:\/\/www.filindeblogg.nu\/?attachment_id=34050\" rel=\"attachment wp-att-34050\"><img loading=\"lazy\" class=\"alignnone size-full wp-image-34050\" title=\"Greven av Monte Cristo\" src=\"http:\/\/www.filindeblogg.nu\/wp-content\/uploads\/2012\/06\/Greven-av-Monte-Cristo.jpg\" alt=\"\" width=\"100\" height=\"149\" \/><\/a> Filmad flera g\u00e5nger. Jag s\u00e5g sj\u00e4lv en av filmerna nyligen och den var verkligen sp\u00e4nnande. Greven av Monte Cristo flydde fr\u00e5n \u00f6n <strong>If<\/strong> utanf\u00f6r <strong>Marseille<\/strong> i <strong>Frankrike<\/strong>. <strong>F\u00e4stningen Ch\u00e2teau d&#8217;If<\/strong> var f\u00e4ngelse 1580 &#8211; 1890, nu \u00f6ppen f\u00f6r allm\u00e4nheten. <a href=\"http:\/\/www.filindeblogg.nu\/?attachment_id=34051\" rel=\"attachment wp-att-34051\"><img loading=\"lazy\" class=\"alignnone size-full wp-image-34051\" title=\"250px-20030614-204_Marseille_Ch\u00e2teau_d'If_From_Ferry\" src=\"http:\/\/www.filindeblogg.nu\/wp-content\/uploads\/2012\/06\/250px-20030614-204_Marseille_Ch\u00e2teau_dIf_From_Ferry.jpg\" alt=\"\" width=\"250\" height=\"131\" \/><\/a> L\u00e4s mer om f\u00e4stningen via <strong>Wikipedia<\/strong> genom att klicka <a href=\"http:\/\/sv.wikipedia.org\/wiki\/If_(f\u00e4ngelse)\" target=\"_blank\"><strong>H\u00c4R!<\/strong><\/a><\/p>\n<p>Om boken Greven av Monte Cristo kan du l\u00e4sa<a href=\"http:\/\/sv.wikipedia.org\/wiki\/Greven_av_Monte_Cristo\" target=\"_blank\"><strong> H\u00c4R!<\/strong><\/a>\u00a0 <a href=\"http:\/\/www.filindeblogg.nu\/?attachment_id=34052\" rel=\"attachment wp-att-34052\"><img loading=\"lazy\" class=\"alignnone size-full wp-image-34052\" title=\"Boken\" src=\"http:\/\/www.filindeblogg.nu\/wp-content\/uploads\/2012\/06\/Boken.jpg\" alt=\"\" width=\"112\" height=\"174\" \/><\/a><\/p>\n<p><a href=\"http:\/\/www.filindeblogg.nu\/?attachment_id=34053\" rel=\"attachment wp-att-34053\"><img loading=\"lazy\" class=\"alignnone  wp-image-34053\" title=\"IMG_7034 (3)\" src=\"http:\/\/www.filindeblogg.nu\/wp-content\/uploads\/2012\/06\/IMG_7034-3-300x225.jpg\" alt=\"\" width=\"180\" height=\"135\" srcset=\"http:\/\/www.filindeblogg.nu\/wp-content\/uploads\/2012\/06\/IMG_7034-3-300x225.jpg 300w, http:\/\/www.filindeblogg.nu\/wp-content\/uploads\/2012\/06\/IMG_7034-3.jpg 461w\" sizes=\"(max-width: 180px) 100vw, 180px\" \/><\/a>\u00a0Fly fr\u00e5n vattenmassor fick Arbogaborna g\u00f6ra ig\u00e5r efter ett rej\u00e4lt \u00e5skv\u00e4der! <a href=\"http:\/\/www.filindeblogg.nu\/?attachment_id=34054\" rel=\"attachment wp-att-34054\"><img loading=\"lazy\" class=\"alignnone  wp-image-34054\" title=\"J\u00e4rnv\u00e4gstunneln vid Stureleden i Arboga vattenfylld\" src=\"http:\/\/www.filindeblogg.nu\/wp-content\/uploads\/2012\/06\/J\u00e4rnv\u00e4gstunneln-vid-Stureleden-i-Arboga-vattenfylld-300x225.jpg\" alt=\"\" width=\"180\" height=\"135\" srcset=\"http:\/\/www.filindeblogg.nu\/wp-content\/uploads\/2012\/06\/J\u00e4rnv\u00e4gstunneln-vid-Stureleden-i-Arboga-vattenfylld-300x225.jpg 300w, http:\/\/www.filindeblogg.nu\/wp-content\/uploads\/2012\/06\/J\u00e4rnv\u00e4gstunneln-vid-Stureleden-i-Arboga-vattenfylld.jpg 461w\" sizes=\"(max-width: 180px) 100vw, 180px\" \/><\/a><\/p>\n<p>Tunneln under j\u00e4rnv\u00e4gsbron efter<strong> Stureleden<\/strong> stod under vatten. <a href=\"http:\/\/www.filindeblogg.nu\/?attachment_id=34055\" rel=\"attachment wp-att-34055\"><img loading=\"lazy\" class=\"alignnone  wp-image-34055\" title=\"IMG_7032 (3)\" src=\"http:\/\/www.filindeblogg.nu\/wp-content\/uploads\/2012\/06\/IMG_7032-3-300x225.jpg\" alt=\"\" width=\"180\" height=\"135\" srcset=\"http:\/\/www.filindeblogg.nu\/wp-content\/uploads\/2012\/06\/IMG_7032-3-300x225.jpg 300w, http:\/\/www.filindeblogg.nu\/wp-content\/uploads\/2012\/06\/IMG_7032-3.jpg 461w\" sizes=\"(max-width: 180px) 100vw, 180px\" \/><\/a><\/p>\n<p>\u00c4ven <strong>Kungs\u00f6rsv\u00e4gen<\/strong> hade problem med vattenfyllda brunnar. <a href=\"http:\/\/www.filindeblogg.nu\/?attachment_id=34056\" rel=\"attachment wp-att-34056\"><img loading=\"lazy\" class=\"alignnone  wp-image-34056\" title=\"Vattenm\u00e4ngder p\u00e5 Kungs\u00f6rv\u00e4gen i Arboga\" src=\"http:\/\/www.filindeblogg.nu\/wp-content\/uploads\/2012\/06\/Vattenm\u00e4ngder-p\u00e5-Kungs\u00f6rv\u00e4gen-i-Arboga-300x225.jpg\" alt=\"\" width=\"180\" height=\"135\" srcset=\"http:\/\/www.filindeblogg.nu\/wp-content\/uploads\/2012\/06\/Vattenm\u00e4ngder-p\u00e5-Kungs\u00f6rv\u00e4gen-i-Arboga-300x225.jpg 300w, http:\/\/www.filindeblogg.nu\/wp-content\/uploads\/2012\/06\/Vattenm\u00e4ngder-p\u00e5-Kungs\u00f6rv\u00e4gen-i-Arboga.jpg 461w\" sizes=\"(max-width: 180px) 100vw, 180px\" \/><\/a><\/p>\n<p>Idag \u00e4r det lugnt och framkomligt! Till och med solsken emellan\u00e5t! Det gillar katterna! <a href=\"http:\/\/www.filindeblogg.nu\/?attachment_id=34057\" rel=\"attachment wp-att-34057\"><img loading=\"lazy\" class=\"alignnone  wp-image-34057\" title=\"IMG_7054 (3)\" src=\"http:\/\/www.filindeblogg.nu\/wp-content\/uploads\/2012\/06\/IMG_7054-3-251x300.jpg\" alt=\"\" width=\"151\" height=\"180\" srcset=\"http:\/\/www.filindeblogg.nu\/wp-content\/uploads\/2012\/06\/IMG_7054-3-251x300.jpg 251w, http:\/\/www.filindeblogg.nu\/wp-content\/uploads\/2012\/06\/IMG_7054-3.jpg 346w\" sizes=\"(max-width: 151px) 100vw, 151px\" \/><\/a> D\u00e5 vill de ut! H\u00e4r v\u00e4ntar <strong>Wilma <\/strong>p\u00e5 att bli utsl\u00e4ppt!<\/p>\n<p><strong>Curry<\/strong> slinker ut fort! <a href=\"http:\/\/www.filindeblogg.nu\/?attachment_id=34058\" rel=\"attachment wp-att-34058\"><img loading=\"lazy\" class=\"alignnone  wp-image-34058\" title=\"IMG_7064 (3)\" src=\"http:\/\/www.filindeblogg.nu\/wp-content\/uploads\/2012\/06\/IMG_7064-3-225x300.jpg\" alt=\"\" width=\"158\" height=\"210\" srcset=\"http:\/\/www.filindeblogg.nu\/wp-content\/uploads\/2012\/06\/IMG_7064-3-225x300.jpg 225w, http:\/\/www.filindeblogg.nu\/wp-content\/uploads\/2012\/06\/IMG_7064-3.jpg 346w\" sizes=\"(max-width: 158px) 100vw, 158px\" \/><\/a><strong> Felix<\/strong>, redan ute, undrar varf\u00f6r inte &#8221;morsan&#8221; ocks\u00e5 kommer med ut! <a href=\"http:\/\/www.filindeblogg.nu\/?attachment_id=34059\" rel=\"attachment wp-att-34059\"><img loading=\"lazy\" class=\"alignnone  wp-image-34059\" title=\"IMG_7055 (2)\" src=\"http:\/\/www.filindeblogg.nu\/wp-content\/uploads\/2012\/06\/IMG_7055-2-225x300.jpg\" alt=\"\" width=\"158\" height=\"210\" srcset=\"http:\/\/www.filindeblogg.nu\/wp-content\/uploads\/2012\/06\/IMG_7055-2-225x300.jpg 225w, http:\/\/www.filindeblogg.nu\/wp-content\/uploads\/2012\/06\/IMG_7055-2.jpg 346w\" sizes=\"(max-width: 158px) 100vw, 158px\" \/><\/a><\/p>\n<p style=\"text-align: center;\">Ha en sk\u00f6n onsdag! I regn som solsken!<\/p>\n<p style=\"text-align: center;\"><a href=\"http:\/\/www.filindeblogg.nu\/?attachment_id=34060\" rel=\"attachment wp-att-34060\"><img loading=\"lazy\" class=\"aligncenter  wp-image-34060\" title=\"IMG_7059 (3)\" src=\"http:\/\/www.filindeblogg.nu\/wp-content\/uploads\/2012\/06\/IMG_7059-3-225x300.jpg\" alt=\"\" width=\"158\" height=\"210\" srcset=\"http:\/\/www.filindeblogg.nu\/wp-content\/uploads\/2012\/06\/IMG_7059-3-225x300.jpg 225w, http:\/\/www.filindeblogg.nu\/wp-content\/uploads\/2012\/06\/IMG_7059-3.jpg 346w\" sizes=\"(max-width: 158px) 100vw, 158px\" \/><\/a><\/p>\n<p>&nbsp;<\/p>\n<p>&nbsp;<\/p>\n<p>&nbsp;<\/p>\n","protected":false},"excerpt":{"rendered":"<p>Innaf\u00f6r Golden Gate n\u00e4ra San Fransisco i USA ligger det \u00f6k\u00e4nda Alcatraz.\u00a0 En g\u00e5ng v\u00e4rldens mest rymnings\u00e4kra f\u00e4ngelse. Idag turistattraktion. En f\u00e4rja p\u00e5 v\u00e4g med turister till \u00f6n. H\u00e4r kan man &#8221;leka&#8221; livstidsf\u00e5nge f\u00f6r en stund. Personligen skulle jag m\u00e5 lite d\u00e5ligt av att g\u00e5 d\u00e4r. S\u00e4kert sitter en del av \u00e5ngesten och vanmakten kvar [&hellip;]<\/p>\n","protected":false},"author":1,"featured_media":0,"comment_status":"open","ping_status":"open","sticky":false,"template":"","format":"standard","meta":[],"categories":[127,106,41,100,101],"tags":[],"_links":{"self":[{"href":"http:\/\/www.filindeblogg.nu\/index.php?rest_route=\/wp\/v2\/posts\/34040"}],"collection":[{"href":"http:\/\/www.filindeblogg.nu\/index.php?rest_route=\/wp\/v2\/posts"}],"about":[{"href":"http:\/\/www.filindeblogg.nu\/index.php?rest_route=\/wp\/v2\/types\/post"}],"author":[{"embeddable":true,"href":"http:\/\/www.filindeblogg.nu\/index.php?rest_route=\/wp\/v2\/users\/1"}],"replies":[{"embeddable":true,"href":"http:\/\/www.filindeblogg.nu\/index.php?rest_route=%2Fwp%2Fv2%2Fcomments&post=34040"}],"version-history":[{"count":18,"href":"http:\/\/www.filindeblogg.nu\/index.php?rest_route=\/wp\/v2\/posts\/34040\/revisions"}],"predecessor-version":[{"id":34078,"href":"http:\/\/www.filindeblogg.nu\/index.php?rest_route=\/wp\/v2\/posts\/34040\/revisions\/34078"}],"wp:attachment":[{"href":"http:\/\/www.filindeblogg.nu\/index.php?rest_route=%2Fwp%2Fv2%2Fmedia&parent=34040"}],"wp:term":[{"taxonomy":"category","embeddable":true,"href":"http:\/\/www.filindeblogg.nu\/index.php?rest_route=%2Fwp%2Fv2%2Fcategories&post=34040"},{"taxonomy":"post_tag","embeddable":true,"href":"http:\/\/www.filindeblogg.nu\/index.php?rest_route=%2Fwp%2Fv2%2Ftags&post=34040"}],"curies":[{"name":"wp","href":"https:\/\/api.w.org\/{rel}","templated":true}]}}