{"id":33945,"date":"2012-06-10T09:27:00","date_gmt":"2012-06-10T08:27:00","guid":{"rendered":"http:\/\/www.filindeblogg.nu\/?p=33945"},"modified":"2012-06-10T09:27:00","modified_gmt":"2012-06-10T08:27:00","slug":"dagens-predikan-darens-tander-och-andra-pahopp","status":"publish","type":"post","link":"http:\/\/www.filindeblogg.nu\/?p=33945","title":{"rendered":"Dagens predikan: D\u00e5rens t\u00e4nder och andra p\u00e5hopp"},"content":{"rendered":"<p>F\u00f6r en tid sedan pratade jag med en \u00e4ldre farbror som beskrev sin nya grannes barn. Han tyckte att den lilla flickan hade, vad han kallade, &#8221;d\u00e5rens t\u00e4nder&#8221;. Jag vet inte vad han f\u00e5tt det ifr\u00e5n kanske <strong>&#8221;Stefan och Krister&#8221;<\/strong>? <a href=\"http:\/\/www.filindeblogg.nu\/?attachment_id=33946\" rel=\"attachment wp-att-33946\"><img loading=\"lazy\" class=\"alignnone  wp-image-33946\" title=\"D\u00e5rens t\u00e4nder\" src=\"http:\/\/www.filindeblogg.nu\/wp-content\/uploads\/2012\/06\/D\u00e5rens-t\u00e4nder.jpg\" alt=\"\" width=\"155\" height=\"116\" \/><\/a> &#8221;Skojiga t\u00e4nder&#8221; som man kan k\u00f6pa i sk\u00e4mtaff\u00e4rer. <a href=\"http:\/\/www.filindeblogg.nu\/?attachment_id=33947\" rel=\"attachment wp-att-33947\"><img loading=\"lazy\" class=\"alignnone size-full wp-image-33947\" title=\"Skojt\u00e4nder\" src=\"http:\/\/www.filindeblogg.nu\/wp-content\/uploads\/2012\/06\/Skojt\u00e4nder.jpg\" alt=\"\" width=\"96\" height=\"102\" \/><\/a> Till exempel p\u00e5 <strong>Buttericks<\/strong>. <a href=\"http:\/\/www.filindeblogg.nu\/?attachment_id=33948\" rel=\"attachment wp-att-33948\"><img loading=\"lazy\" class=\"alignnone  wp-image-33948\" title=\"45282-9-299_kanintander\" src=\"http:\/\/www.filindeblogg.nu\/wp-content\/uploads\/2012\/06\/45282-9-299_kanintander.jpg\" alt=\"\" width=\"93\" height=\"149\" \/><\/a> Sk\u00e4mt som ska vara kul men som \u00e4r en fruktansv\u00e4rd pl\u00e5ga f\u00f6r den som har t\u00e4nderna p\u00e5 riktigt, i verkliga livet. <a href=\"http:\/\/www.filindeblogg.nu\/?attachment_id=33949\" rel=\"attachment wp-att-33949\"><img loading=\"lazy\" class=\"alignnone size-full wp-image-33949\" title=\"T\u00e4nder \u00f6verbett\" src=\"http:\/\/www.filindeblogg.nu\/wp-content\/uploads\/2012\/06\/T\u00e4nder-\u00f6verbett.jpg\" alt=\"\" width=\"160\" height=\"106\" \/><\/a><br \/>\nT\u00e4nder som g\u00e5r att r\u00e4tta till om personen f\u00e5r r\u00e4tt hj\u00e4lp. <a href=\"http:\/\/www.filindeblogg.nu\/?attachment_id=33950\" rel=\"attachment wp-att-33950\"><img loading=\"lazy\" class=\"alignnone size-full wp-image-33950\" title=\"Fix overbite\" src=\"http:\/\/www.filindeblogg.nu\/wp-content\/uploads\/2012\/06\/Fix-overbite.jpg\" alt=\"\" width=\"160\" height=\"116\" \/><\/a> Via tandreglering med tandst\u00e4llning. <a href=\"http:\/\/www.filindeblogg.nu\/?attachment_id=33951\" rel=\"attachment wp-att-33951\"><img loading=\"lazy\" class=\"alignnone size-full wp-image-33951\" title=\"69x75_children_and_orthodontics_ref_guide\" src=\"http:\/\/www.filindeblogg.nu\/wp-content\/uploads\/2012\/06\/69x75_children_and_orthodontics_ref_guide.jpg\" alt=\"\" width=\"69\" height=\"75\" \/><\/a><\/p>\n<p>Men hur m\u00e5nga barn har inte f\u00e5tt \u00f6knamn p\u00e5 grund av sina t\u00e4nder! S\u00e5dant g\u00f6r mig ledsen. Jag tror inte den \u00e4ldre farbrorn menade att vara elak n\u00e4r han kallade den lilla flickans t\u00e4nder f\u00f6r &#8221;d\u00e5rens&#8221;. Han var bara f\u00f6rhastad och obet\u00e4nksam.<\/p>\n<p><a href=\"http:\/\/www.filindeblogg.nu\/?attachment_id=33952\" rel=\"attachment wp-att-33952\"><img loading=\"lazy\" class=\"alignnone size-medium wp-image-33952\" title=\"Malt_942775c\" src=\"http:\/\/www.filindeblogg.nu\/wp-content\/uploads\/2012\/06\/Malt_942775c-300x199.jpg\" alt=\"\" width=\"300\" height=\"199\" srcset=\"http:\/\/www.filindeblogg.nu\/wp-content\/uploads\/2012\/06\/Malt_942775c-300x199.jpg 300w, http:\/\/www.filindeblogg.nu\/wp-content\/uploads\/2012\/06\/Malt_942775c.jpg 485w\" sizes=\"(max-width: 300px) 100vw, 300px\" \/><\/a>\u00a0 F\u00f6rhastat och obet\u00e4nksamt men ocks\u00e5 idiotiskt var uttalandet fr\u00e5n den norske psykiatriprofessorn <strong>Ulrik Fredrik Malt<\/strong> om <strong>Anders Behring Breivik<\/strong>!\u00a0 Han p\u00e5st\u00e5r att Breivik har s\u00e5v\u00e4l <strong>Aspergers syndrom<\/strong> som <strong>Tourettes syndrom<\/strong> utan att han tr\u00e4ffat honom f\u00f6r unders\u00f6kning.<\/p>\n<p>Jag reagerade med best\u00f6rtning n\u00e4r jag h\u00f6rde detta och det gjorde \u00e4ven <strong>Carina Hellstr\u00f6m<\/strong>, \u00f6verl\u00e4kare och specialist i psykiatri. Hon skriver idag i <strong>Svenska Dagbladet<\/strong> under vinjetten <strong>Br\u00e4nnpunkt<\/strong> &#8211; men med en lite annan vinkling \u00e4n den jag g\u00f6r. <a href=\"http:\/\/www.filindeblogg.nu\/?attachment_id=33953\" rel=\"attachment wp-att-33953\"><img loading=\"lazy\" class=\"alignnone size-full wp-image-33953\" title=\"CarinaHellstrom_942781b\" src=\"http:\/\/www.filindeblogg.nu\/wp-content\/uploads\/2012\/06\/CarinaHellstrom_942781b.jpg\" alt=\"\" width=\"145\" height=\"96\" \/><\/a><\/p>\n<p>Hon skriver i debattartikeln bland annat, citat: <em>&#8221;Diagnoser som \u00e4r livsl\u00e5nga f\u00e5r inte kastas p\u00e5 n\u00e5gon p\u00e5 detta s\u00e4tt. Inte ens p\u00e5 en massm\u00f6rdare, det \u00e4r min \u00e5sikt.&#8221; <\/em>Hon forts\u00e4tter sedan med en utl\u00e4ggning om \u00f6vergrepp mot Breivik &#8211; vilket v\u00e4l i och f\u00f6r sig kan vara fallet.<\/p>\n<p>Det jag sj\u00e4lv reagerar starkt p\u00e5 \u00e4r hur l\u00e4ttvindigt diagnoser som Aspergers syndrom och ADHD kastas p\u00e5 m\u00f6rdare och andra v\u00e5ldsverkare! Uttalanden som blir stora, svarta rubriker i tidningarna och till ytterligare sv\u00e5r b\u00f6rda f\u00f6r de m\u00e4nniskor som faktiskt ha neuropsykiatriska diagnoser<a href=\"http:\/\/www.expressen.se\/nyheter\/breivik-far-utbrott-nar-amnet-blir-sex\/\" target=\"_blank\">.<\/a><\/p>\n<p><strong>ATT HA ASPERGERS SYNDROM ELLER ADHD BETYDER INTE ATT MAN \u00c4R EN POTENTIELL M\u00d6RDARE!!<\/strong><\/p>\n<p>Titta runt omkring dig! Fundera lite \u00f6ver kompisarna i bekantskapskretsen. T\u00e4nk p\u00e5 dina arbetskamrater. Jag \u00e4r helt s\u00e4ker p\u00e5 att n\u00e5gon av alla du k\u00e4nner, har kontakt med eller umg\u00e5s med &#8211; har n\u00e5gon av dessa egenskaper<a href=\"http:\/\/www.aftonbladet.se\/nyheter\/article14949856.ab\" target=\"_blank\">,<\/a> som jag v\u00e4ljer att kalla det<a href=\"http:\/\/www.dn.se\/nyheter\/varlden\/breiviks-psyke-i-fokus-i-ratten\" target=\"_blank\">.<\/a><\/p>\n<p>Att han Aspergers syndrom eller ADHD inneb\u00e4r INTE att man \u00e4r ointelligent, inte har moral och etik, inte har begrepp och r\u00e4tt och fel!<\/p>\n<p>L\u00c4S P\u00c5!<br \/>\nTill exempel via <strong>Riksf\u00f6rbundet Attention<\/strong> <a href=\"http:\/\/www.attention-riks.se\/\" target=\"_blank\"><strong>H\u00c4R<\/strong> <\/a>eller <strong>Autism och Aspergerf\u00f6rbundet<\/strong> <a href=\"http:\/\/www.autism.se\/\" target=\"_blank\"><strong>H\u00c4R!<\/strong><\/a>\u00a0\u00a0 <img loading=\"lazy\" class=\"alignnone  wp-image-33954\" title=\"olgafront\" src=\"http:\/\/www.filindeblogg.nu\/wp-content\/uploads\/2012\/06\/olgafront-284x300.jpg\" alt=\"\" width=\"119\" height=\"126\" srcset=\"http:\/\/www.filindeblogg.nu\/wp-content\/uploads\/2012\/06\/olgafront-284x300.jpg 284w, http:\/\/www.filindeblogg.nu\/wp-content\/uploads\/2012\/06\/olgafront.jpg 370w\" sizes=\"(max-width: 119px) 100vw, 119px\" \/><br \/>\nH\u00e4r p\u00e5 <a href=\"http:\/\/user.tninet.se\/~fxg297r\/nep_tourettes_syndrom.htm\" target=\"_blank\"><strong>NeuroN\u00e4tet<\/strong><\/a> hittar du information om <strong>Tourettes syndrom!<\/strong><\/p>\n<p>Tyv\u00e4rr \u00e4r det inte helt ovanligt att m\u00e4nniskor som jobbar inom psykiatrin inte ens sj\u00e4lva\u00a0 har koll p\u00e5 begreppen.<\/p>\n<p>Vill du l\u00e4sa Carina Hellstr\u00f6ms artikel i Svenskan &#8211; klicka <a href=\"http:\/\/www.svd.se\/opinion\/brannpunkt\/norsk-psykiatri-tycks-ha-glomt-bort-all-etik_7265197.svd\" target=\"_blank\"><strong>H\u00c4R!<\/strong><\/a> Rubriken lyder: <em><strong>&#8221;Norsk psykiatri tycks har gl\u00f6mt bort all etik&#8221;<\/strong><\/em>. Det kan jag h\u00e5lla med om Carina Hellstr\u00f6m.<\/p>\n<p>Sluta kasta ur dig p\u00e5hopp och elaka anm\u00e4rkningar! T\u00e4nk dig f\u00f6r innan du g\u00f6r ogrundade, felaktiga uttalanden som s\u00e5rar m\u00e4nniskor och g\u00f6r livet \u00e4n sv\u00e5rare!<\/p>\n<p style=\"text-align: center;\"><a href=\"http:\/\/www.filindeblogg.nu\/?attachment_id=33956\" rel=\"attachment wp-att-33956\"><img loading=\"lazy\" class=\"aligncenter size-medium wp-image-33956\" title=\"IMG_6961\" src=\"http:\/\/www.filindeblogg.nu\/wp-content\/uploads\/2012\/06\/IMG_69611-300x225.jpg\" alt=\"\" width=\"300\" height=\"225\" srcset=\"http:\/\/www.filindeblogg.nu\/wp-content\/uploads\/2012\/06\/IMG_69611-300x225.jpg 300w, http:\/\/www.filindeblogg.nu\/wp-content\/uploads\/2012\/06\/IMG_69611.jpg 461w\" sizes=\"(max-width: 300px) 100vw, 300px\" \/><\/a>Rosor fr\u00e5n mina f\u00f6r\u00e4ldrars tr\u00e4dg\u00e5rd.<\/p>\n<p>&nbsp;<\/p>\n<p>&nbsp;<\/p>\n<p>&nbsp;<\/p>\n<p>&nbsp;<\/p>\n","protected":false},"excerpt":{"rendered":"<p>F\u00f6r en tid sedan pratade jag med en \u00e4ldre farbror som beskrev sin nya grannes barn. Han tyckte att den lilla flickan hade, vad han kallade, &#8221;d\u00e5rens t\u00e4nder&#8221;. Jag vet inte vad han f\u00e5tt det ifr\u00e5n kanske &#8221;Stefan och Krister&#8221;? &#8221;Skojiga t\u00e4nder&#8221; som man kan k\u00f6pa i sk\u00e4mtaff\u00e4rer. Till exempel p\u00e5 Buttericks. Sk\u00e4mt som ska [&hellip;]<\/p>\n","protected":false},"author":1,"featured_media":0,"comment_status":"open","ping_status":"open","sticky":false,"template":"","format":"standard","meta":[],"categories":[107,100,101,124,130],"tags":[],"_links":{"self":[{"href":"http:\/\/www.filindeblogg.nu\/index.php?rest_route=\/wp\/v2\/posts\/33945"}],"collection":[{"href":"http:\/\/www.filindeblogg.nu\/index.php?rest_route=\/wp\/v2\/posts"}],"about":[{"href":"http:\/\/www.filindeblogg.nu\/index.php?rest_route=\/wp\/v2\/types\/post"}],"author":[{"embeddable":true,"href":"http:\/\/www.filindeblogg.nu\/index.php?rest_route=\/wp\/v2\/users\/1"}],"replies":[{"embeddable":true,"href":"http:\/\/www.filindeblogg.nu\/index.php?rest_route=%2Fwp%2Fv2%2Fcomments&post=33945"}],"version-history":[{"count":18,"href":"http:\/\/www.filindeblogg.nu\/index.php?rest_route=\/wp\/v2\/posts\/33945\/revisions"}],"predecessor-version":[{"id":33974,"href":"http:\/\/www.filindeblogg.nu\/index.php?rest_route=\/wp\/v2\/posts\/33945\/revisions\/33974"}],"wp:attachment":[{"href":"http:\/\/www.filindeblogg.nu\/index.php?rest_route=%2Fwp%2Fv2%2Fmedia&parent=33945"}],"wp:term":[{"taxonomy":"category","embeddable":true,"href":"http:\/\/www.filindeblogg.nu\/index.php?rest_route=%2Fwp%2Fv2%2Fcategories&post=33945"},{"taxonomy":"post_tag","embeddable":true,"href":"http:\/\/www.filindeblogg.nu\/index.php?rest_route=%2Fwp%2Fv2%2Ftags&post=33945"}],"curies":[{"name":"wp","href":"https:\/\/api.w.org\/{rel}","templated":true}]}}