{"id":33853,"date":"2012-06-06T08:35:45","date_gmt":"2012-06-06T07:35:45","guid":{"rendered":"http:\/\/www.filindeblogg.nu\/?p=33853"},"modified":"2012-06-06T08:35:45","modified_gmt":"2012-06-06T07:35:45","slug":"sveriges-nationaldag","status":"publish","type":"post","link":"http:\/\/www.filindeblogg.nu\/?p=33853","title":{"rendered":"Sveriges Nationaldag"},"content":{"rendered":"<p><a href=\"http:\/\/www.filindeblogg.nu\/?attachment_id=33854\" rel=\"attachment wp-att-33854\"><img loading=\"lazy\" class=\"alignnone size-full wp-image-33854\" title=\"swedennational12-sr\" src=\"http:\/\/www.filindeblogg.nu\/wp-content\/uploads\/2012\/06\/swedennational12-sr.png\" alt=\"\" width=\"114\" height=\"41\" \/><\/a>S\u00e5 h\u00e4r ser <a href=\"http:\/\/www.google.se\/\" target=\"_blank\"><strong>Google<\/strong><\/a> ut idag f\u00f6r den som s\u00f6ker d\u00e4r! Det \u00e4r <strong>Sveriges Nationaldag<\/strong>!<\/p>\n<p><a href=\"http:\/\/www.filindeblogg.nu\/?attachment_id=33857\" rel=\"attachment wp-att-33857\"><img loading=\"lazy\" class=\"alignnone  wp-image-33857\" title=\"Svenska flaggan\" src=\"http:\/\/www.filindeblogg.nu\/wp-content\/uploads\/2012\/06\/Svenska-flaggan.jpg\" alt=\"\" width=\"73\" height=\"46\" \/><\/a>\u00a0 Och hur blev den det? Vi svenskar har alltid tyckt att norrm\u00e4nnen verkar ha s\u00e5 roligt p\u00e5 sitt syttende maj och jag tror vi \u00e4r lite avundsjuka!<\/p>\n<p>Men varf\u00f6r blev det just 6 juni? Jo, den dagen valdes <strong>Gustav Vasa<\/strong> till Sveriges konung \u00e5r 1523. <a href=\"http:\/\/www.filindeblogg.nu\/?attachment_id=33855\" rel=\"attachment wp-att-33855\"><img loading=\"lazy\" class=\"alignnone size-full wp-image-33855\" title=\"Gustav Vasa\" src=\"http:\/\/www.filindeblogg.nu\/wp-content\/uploads\/2012\/06\/Gustav-Vasa.jpg\" alt=\"\" width=\"120\" height=\"160\" \/><\/a><\/p>\n<p>\u00c4ven 1809 \u00e5rs regeringsform utf\u00e4rdades den 6 juni. Dagen firades d\u00e5 som &#8221;Svenska flaggans dag&#8221; och det var f\u00f6rst 1983 som\u00a0 den fick status som nationaldag.\u00a0 <a href=\"http:\/\/www.filindeblogg.nu\/?attachment_id=33858\" rel=\"attachment wp-att-33858\"><img loading=\"lazy\" class=\"alignnone  wp-image-33858\" title=\"Svenska flaggan\" src=\"http:\/\/www.filindeblogg.nu\/wp-content\/uploads\/2012\/06\/Svenska-flaggan1.jpg\" alt=\"\" width=\"73\" height=\"46\" \/><\/a><br \/>\n2005 blev 6 juni helgdag och det betyder att i \u00e5r \u00e4r onsdagen den 6 juni en ledig dag, en s\u00e5 kallad &#8221;r\u00f6d dag&#8221;.<\/p>\n<p>Men sedan 1996 \u00e4r 6 juni ocks\u00e5 en &#8221;salutdag&#8221;. Vad \u00e4r d\u00e5 det? Jo, allt st\u00e5r att finna p\u00e5<a href=\"http:\/\/sv.wikipedia.org\/wiki\/Sveriges_nationaldag\" target=\"_blank\"><strong> Wikipedia<\/strong><\/a> och s\u00e5 h\u00e4r beskrivs &#8221;salutdagen&#8221;:<\/p>\n<p><em><strong><a href=\"http:\/\/www.filindeblogg.nu\/?attachment_id=33856\" rel=\"attachment wp-att-33856\"><img loading=\"lazy\" class=\"alignnone  wp-image-33856\" title=\"Salutering\" src=\"http:\/\/www.filindeblogg.nu\/wp-content\/uploads\/2012\/06\/Salutering.jpg\" alt=\"\" width=\"165\" height=\"110\" \/><\/a>\u00a0 Salut<\/strong><\/em> ges normalt i Sverige p\u00e5 sex officiella salutdagar i en salutomg\u00e5ng om 21 skott med 5 sek mellan skotten med b\u00f6rjan p\u00e5 f\u00f6rsta slaget klockan 12.00 (s\u00f6ndagar och helgdagar kl 13.00). Denna salutomg\u00e5ng om 21 skott \u00e4r enligt internationell praxis en officiell hedersbetygelse som ges f\u00f6r nationen vid till exempel nationaldagen.<\/p>\n<p>Salutstationer finns p\u00e5<strong> Skeppsholmen, Kastellholmne, Kungshall (Karlskrona), F\u00e5r\u00f6sund, Boden, Kusth\u00f6jden (H\u00e4rn\u00f6sand), Vaxholms f\u00e4stning <\/strong>och<strong> Skansen<\/strong> <strong>Lejonet (G\u00f6teborg)<\/strong>.\u00a0 <a href=\"http:\/\/www.filindeblogg.nu\/?attachment_id=33859\" rel=\"attachment wp-att-33859\"><img loading=\"lazy\" class=\"alignnone  wp-image-33859\" title=\"Svenska flaggan\" src=\"http:\/\/www.filindeblogg.nu\/wp-content\/uploads\/2012\/06\/Svenska-flaggan2.jpg\" alt=\"\" width=\"73\" height=\"46\" \/><\/a><\/p>\n<p>H\u00e4r hemma p\u00e5<strong> Glasbl\u00e5sarg\u00e5rden<\/strong> hissar jag sj\u00e4lvklart den svenska flaggan p\u00e5 v\u00e5r nationaldag. Men det bryr sig katterna inte ett dugg om. Trots lite solsken anar dom regn och har g\u00e5tt och lagt sig. <a href=\"http:\/\/www.filindeblogg.nu\/?attachment_id=33860\" rel=\"attachment wp-att-33860\"><img loading=\"lazy\" class=\"alignnone  wp-image-33860\" title=\"Curry sover\" src=\"http:\/\/www.filindeblogg.nu\/wp-content\/uploads\/2012\/06\/Curry-sover-300x225.jpg\" alt=\"\" width=\"180\" height=\"135\" srcset=\"http:\/\/www.filindeblogg.nu\/wp-content\/uploads\/2012\/06\/Curry-sover-300x225.jpg 300w, http:\/\/www.filindeblogg.nu\/wp-content\/uploads\/2012\/06\/Curry-sover.jpg 461w\" sizes=\"(max-width: 180px) 100vw, 180px\" \/><\/a><\/p>\n<p>Ja, nog k\u00e4nns det lite tungt i huvudet som om ov\u00e4der \u00e4r p\u00e5 g\u00e5ng. Kanske man borde g\u00f6ra som <strong>Curry<\/strong> och sussa lite p\u00e5 \u00f6rat. <a href=\"http:\/\/www.filindeblogg.nu\/?attachment_id=33861\" rel=\"attachment wp-att-33861\"><img loading=\"lazy\" class=\"alignnone  wp-image-33861\" title=\"Curry sover n\u00e4rmare\" src=\"http:\/\/www.filindeblogg.nu\/wp-content\/uploads\/2012\/06\/Curry-sover-n\u00e4rmare-300x225.jpg\" alt=\"\" width=\"180\" height=\"135\" srcset=\"http:\/\/www.filindeblogg.nu\/wp-content\/uploads\/2012\/06\/Curry-sover-n\u00e4rmare-300x225.jpg 300w, http:\/\/www.filindeblogg.nu\/wp-content\/uploads\/2012\/06\/Curry-sover-n\u00e4rmare.jpg 461w\" sizes=\"(max-width: 180px) 100vw, 180px\" \/><\/a><\/p>\n<p style=\"text-align: center;\"><strong>Ha en sk\u00f6n nationaldag &#8211; den 6 juni 2012!<\/strong><\/p>\n<p style=\"text-align: center;\"><a href=\"http:\/\/www.filindeblogg.nu\/?attachment_id=33862\" rel=\"attachment wp-att-33862\"><img loading=\"lazy\" class=\"aligncenter size-medium wp-image-33862\" title=\"Svenska flaggan hissad h\u00e4r hemma\" src=\"http:\/\/www.filindeblogg.nu\/wp-content\/uploads\/2012\/06\/Svenska-flaggan-hissad-h\u00e4r-hemma-300x225.jpg\" alt=\"\" width=\"300\" height=\"225\" srcset=\"http:\/\/www.filindeblogg.nu\/wp-content\/uploads\/2012\/06\/Svenska-flaggan-hissad-h\u00e4r-hemma-300x225.jpg 300w, http:\/\/www.filindeblogg.nu\/wp-content\/uploads\/2012\/06\/Svenska-flaggan-hissad-h\u00e4r-hemma.jpg 461w\" sizes=\"(max-width: 300px) 100vw, 300px\" \/><\/a><\/p>\n<p>&nbsp;<\/p>\n<p>&nbsp;<\/p>\n<p>&nbsp;<\/p>\n<p>&nbsp;<\/p>\n","protected":false},"excerpt":{"rendered":"<p>S\u00e5 h\u00e4r ser Google ut idag f\u00f6r den som s\u00f6ker d\u00e4r! Det \u00e4r Sveriges Nationaldag! \u00a0 Och hur blev den det? Vi svenskar har alltid tyckt att norrm\u00e4nnen verkar ha s\u00e5 roligt p\u00e5 sitt syttende maj och jag tror vi \u00e4r lite avundsjuka! Men varf\u00f6r blev det just 6 juni? Jo, den dagen valdes Gustav [&hellip;]<\/p>\n","protected":false},"author":1,"featured_media":0,"comment_status":"open","ping_status":"open","sticky":false,"template":"","format":"standard","meta":[],"categories":[41,137,126,114,100,101],"tags":[],"_links":{"self":[{"href":"http:\/\/www.filindeblogg.nu\/index.php?rest_route=\/wp\/v2\/posts\/33853"}],"collection":[{"href":"http:\/\/www.filindeblogg.nu\/index.php?rest_route=\/wp\/v2\/posts"}],"about":[{"href":"http:\/\/www.filindeblogg.nu\/index.php?rest_route=\/wp\/v2\/types\/post"}],"author":[{"embeddable":true,"href":"http:\/\/www.filindeblogg.nu\/index.php?rest_route=\/wp\/v2\/users\/1"}],"replies":[{"embeddable":true,"href":"http:\/\/www.filindeblogg.nu\/index.php?rest_route=%2Fwp%2Fv2%2Fcomments&post=33853"}],"version-history":[{"count":6,"href":"http:\/\/www.filindeblogg.nu\/index.php?rest_route=\/wp\/v2\/posts\/33853\/revisions"}],"predecessor-version":[{"id":33868,"href":"http:\/\/www.filindeblogg.nu\/index.php?rest_route=\/wp\/v2\/posts\/33853\/revisions\/33868"}],"wp:attachment":[{"href":"http:\/\/www.filindeblogg.nu\/index.php?rest_route=%2Fwp%2Fv2%2Fmedia&parent=33853"}],"wp:term":[{"taxonomy":"category","embeddable":true,"href":"http:\/\/www.filindeblogg.nu\/index.php?rest_route=%2Fwp%2Fv2%2Fcategories&post=33853"},{"taxonomy":"post_tag","embeddable":true,"href":"http:\/\/www.filindeblogg.nu\/index.php?rest_route=%2Fwp%2Fv2%2Ftags&post=33853"}],"curies":[{"name":"wp","href":"https:\/\/api.w.org\/{rel}","templated":true}]}}