{"id":33570,"date":"2012-05-30T08:22:18","date_gmt":"2012-05-30T07:22:18","guid":{"rendered":"http:\/\/www.filindeblogg.nu\/?p=33570"},"modified":"2012-05-30T08:22:19","modified_gmt":"2012-05-30T07:22:19","slug":"blogg-med-doftminne","status":"publish","type":"post","link":"http:\/\/www.filindeblogg.nu\/?p=33570","title":{"rendered":"Blogg med doftminne"},"content":{"rendered":"<p><a href=\"http:\/\/www.filindeblogg.nu\/?attachment_id=33571\" rel=\"attachment wp-att-33571\"><img loading=\"lazy\" class=\"alignnone  wp-image-33571\" title=\"IMG_6439 (3)\" src=\"http:\/\/www.filindeblogg.nu\/wp-content\/uploads\/2012\/05\/IMG_6439-3-300x225.jpg\" alt=\"\" width=\"180\" height=\"135\" srcset=\"http:\/\/www.filindeblogg.nu\/wp-content\/uploads\/2012\/05\/IMG_6439-3-300x225.jpg 300w, http:\/\/www.filindeblogg.nu\/wp-content\/uploads\/2012\/05\/IMG_6439-3.jpg 461w\" sizes=\"(max-width: 180px) 100vw, 180px\" \/><\/a> Bloggaren gillar minnen. Som h\u00e4r &#8211; sn\u00e4ckor och stenar fr\u00e5n<strong> Capri<\/strong> utanf\u00f6r <strong>Str\u00f6mstad<\/strong>. Alla foton jag tar f\u00e5r mig ocks\u00e5 att minnas. De s\u00e4tter ig\u00e5ng hj\u00e4rnkontoret som raskt plockar fram fler minnesbilder med hj\u00e4lpa av fotografierna.<\/p>\n<p>Men n\u00e4r f\u00e5r vi doftminnen? <a href=\"http:\/\/www.filindeblogg.nu\/?attachment_id=33572\" rel=\"attachment wp-att-33572\"><img loading=\"lazy\" class=\"alignnone  wp-image-33572\" title=\"IMG_6667 (3)\" src=\"http:\/\/www.filindeblogg.nu\/wp-content\/uploads\/2012\/05\/IMG_6667-3-300x225.jpg\" alt=\"\" width=\"180\" height=\"135\" srcset=\"http:\/\/www.filindeblogg.nu\/wp-content\/uploads\/2012\/05\/IMG_6667-3-300x225.jpg 300w, http:\/\/www.filindeblogg.nu\/wp-content\/uploads\/2012\/05\/IMG_6667-3.jpg 461w\" sizes=\"(max-width: 180px) 100vw, 180px\" \/><\/a> Jag menar m\u00f6jlighet att lagra dofter p\u00e5 ett minneskort? F\u00f6r vi vet ju alla vilka minnen dofter ocks\u00e5 kan framkalla. L\u00e4ppstiftet <strong>Chantung nr 33<\/strong> f\u00e5r till exempel mig raskt f\u00f6rflyttad till den allra f\u00f6rsta ton\u00e5rstiden bara p\u00e5 ett litet kick. Om man nu f\u00e5r tag i ett s\u00e5dant l\u00e4ppstift f\u00f6rst\u00e5s&#8230;<\/p>\n<p>Samtidigt kan vissa bilder f\u00e5 en att faktiskt k\u00e4nna dofter.\u00a0<a href=\"http:\/\/www.filindeblogg.nu\/?attachment_id=33573\" rel=\"attachment wp-att-33573\"><img loading=\"lazy\" class=\"alignnone  wp-image-33573\" title=\"IMG_6679 (3)\" src=\"http:\/\/www.filindeblogg.nu\/wp-content\/uploads\/2012\/05\/IMG_6679-3-300x225.jpg\" alt=\"\" width=\"180\" height=\"135\" srcset=\"http:\/\/www.filindeblogg.nu\/wp-content\/uploads\/2012\/05\/IMG_6679-3-300x225.jpg 300w, http:\/\/www.filindeblogg.nu\/wp-content\/uploads\/2012\/05\/IMG_6679-3.jpg 461w\" sizes=\"(max-width: 180px) 100vw, 180px\" \/><\/a> Jag ska f\u00f6rs\u00f6ka f\u00f6rmedla det idag i min blogg.<\/p>\n<p><a href=\"http:\/\/www.filindeblogg.nu\/?attachment_id=33574\" rel=\"attachment wp-att-33574\"><img loading=\"lazy\" class=\"alignnone  wp-image-33574\" title=\"IMG_6645 (2)\" src=\"http:\/\/www.filindeblogg.nu\/wp-content\/uploads\/2012\/05\/IMG_6645-2-225x300.jpg\" alt=\"\" width=\"135\" height=\"180\" srcset=\"http:\/\/www.filindeblogg.nu\/wp-content\/uploads\/2012\/05\/IMG_6645-2-225x300.jpg 225w, http:\/\/www.filindeblogg.nu\/wp-content\/uploads\/2012\/05\/IMG_6645-2.jpg 346w\" sizes=\"(max-width: 135px) 100vw, 135px\" \/><\/a> Sovrumsf\u00f6nstret. Med f\u00f6nstret p\u00e5 gl\u00e4nt str\u00f6mmar de ljuvligaste dofter in. <a href=\"http:\/\/www.filindeblogg.nu\/?attachment_id=33575\" rel=\"attachment wp-att-33575\"><img loading=\"lazy\" class=\"alignnone  wp-image-33575\" title=\"IMG_6646 (2)\" src=\"http:\/\/www.filindeblogg.nu\/wp-content\/uploads\/2012\/05\/IMG_6646-2-225x300.jpg\" alt=\"\" width=\"135\" height=\"180\" srcset=\"http:\/\/www.filindeblogg.nu\/wp-content\/uploads\/2012\/05\/IMG_6646-2-225x300.jpg 225w, http:\/\/www.filindeblogg.nu\/wp-content\/uploads\/2012\/05\/IMG_6646-2.jpg 346w\" sizes=\"(max-width: 135px) 100vw, 135px\" \/><\/a> Hela f\u00f6nstret blir snart t\u00e4ckt av dessa underbara blommor &#8211; kaprifolens! <a href=\"http:\/\/www.filindeblogg.nu\/?attachment_id=33576\" rel=\"attachment wp-att-33576\"><img loading=\"lazy\" class=\"alignnone  wp-image-33576\" title=\"IMG_6651 (2)\" src=\"http:\/\/www.filindeblogg.nu\/wp-content\/uploads\/2012\/05\/IMG_6651-2-225x300.jpg\" alt=\"\" width=\"135\" height=\"180\" srcset=\"http:\/\/www.filindeblogg.nu\/wp-content\/uploads\/2012\/05\/IMG_6651-2-225x300.jpg 225w, http:\/\/www.filindeblogg.nu\/wp-content\/uploads\/2012\/05\/IMG_6651-2.jpg 346w\" sizes=\"(max-width: 135px) 100vw, 135px\" \/><\/a> De lutar sig mot min ruta. <a href=\"http:\/\/www.filindeblogg.nu\/?attachment_id=33577\" rel=\"attachment wp-att-33577\"><img loading=\"lazy\" class=\"alignnone  wp-image-33577\" title=\"IMG_6655 (2)\" src=\"http:\/\/www.filindeblogg.nu\/wp-content\/uploads\/2012\/05\/IMG_6655-2-225x300.jpg\" alt=\"\" width=\"135\" height=\"180\" srcset=\"http:\/\/www.filindeblogg.nu\/wp-content\/uploads\/2012\/05\/IMG_6655-2-225x300.jpg 225w, http:\/\/www.filindeblogg.nu\/wp-content\/uploads\/2012\/05\/IMG_6655-2.jpg 346w\" sizes=\"(max-width: 135px) 100vw, 135px\" \/><\/a> Tittar in till mig &#8211; \u00a0 <a href=\"http:\/\/www.filindeblogg.nu\/?attachment_id=33578\" rel=\"attachment wp-att-33578\"><img loading=\"lazy\" class=\"alignnone  wp-image-33578\" title=\"IMG_6656 (2)\" src=\"http:\/\/www.filindeblogg.nu\/wp-content\/uploads\/2012\/05\/IMG_6656-2-225x300.jpg\" alt=\"\" width=\"135\" height=\"180\" srcset=\"http:\/\/www.filindeblogg.nu\/wp-content\/uploads\/2012\/05\/IMG_6656-2-225x300.jpg 225w, http:\/\/www.filindeblogg.nu\/wp-content\/uploads\/2012\/05\/IMG_6656-2.jpg 346w\" sizes=\"(max-width: 135px) 100vw, 135px\" \/><\/a> och f\u00e5r mig att \u00f6ppna. <a href=\"http:\/\/www.filindeblogg.nu\/?attachment_id=33580\" rel=\"attachment wp-att-33580\"><img loading=\"lazy\" class=\"alignnone  wp-image-33580\" title=\"IMG_6660 (2)\" src=\"http:\/\/www.filindeblogg.nu\/wp-content\/uploads\/2012\/05\/IMG_6660-2-225x300.jpg\" alt=\"\" width=\"135\" height=\"180\" srcset=\"http:\/\/www.filindeblogg.nu\/wp-content\/uploads\/2012\/05\/IMG_6660-2-225x300.jpg 225w, http:\/\/www.filindeblogg.nu\/wp-content\/uploads\/2012\/05\/IMG_6660-2.jpg 346w\" sizes=\"(max-width: 135px) 100vw, 135px\" \/><\/a><br \/>\nF\u00e5r sen hela rummet att fyllas av denna ljuvliga, milda doft. <a href=\"http:\/\/www.filindeblogg.nu\/?attachment_id=33579\" rel=\"attachment wp-att-33579\"><img loading=\"lazy\" class=\"alignnone  wp-image-33579\" title=\"IMG_6662 (2)\" src=\"http:\/\/www.filindeblogg.nu\/wp-content\/uploads\/2012\/05\/IMG_6662-2-225x300.jpg\" alt=\"\" width=\"135\" height=\"180\" srcset=\"http:\/\/www.filindeblogg.nu\/wp-content\/uploads\/2012\/05\/IMG_6662-2-225x300.jpg 225w, http:\/\/www.filindeblogg.nu\/wp-content\/uploads\/2012\/05\/IMG_6662-2.jpg 346w\" sizes=\"(max-width: 135px) 100vw, 135px\" \/><\/a><\/p>\n<p><a href=\"http:\/\/www.filindeblogg.nu\/?attachment_id=33582\" rel=\"attachment wp-att-33582\"><img loading=\"lazy\" class=\"alignnone  wp-image-33582\" title=\"IMG_6675 (2)\" src=\"http:\/\/www.filindeblogg.nu\/wp-content\/uploads\/2012\/05\/IMG_6675-2-225x300.jpg\" alt=\"\" width=\"135\" height=\"180\" srcset=\"http:\/\/www.filindeblogg.nu\/wp-content\/uploads\/2012\/05\/IMG_6675-2-225x300.jpg 225w, http:\/\/www.filindeblogg.nu\/wp-content\/uploads\/2012\/05\/IMG_6675-2.jpg 346w\" sizes=\"(max-width: 135px) 100vw, 135px\" \/><\/a>\u00a0Men det \u00e4r inte bara kaprifolen som gl\u00e4der mig nu. <a href=\"http:\/\/www.filindeblogg.nu\/?attachment_id=33581\" rel=\"attachment wp-att-33581\"><img loading=\"lazy\" class=\"alignnone  wp-image-33581\" title=\"IMG_6678 (4)\" src=\"http:\/\/www.filindeblogg.nu\/wp-content\/uploads\/2012\/05\/IMG_6678-4-300x227.jpg\" alt=\"\" width=\"180\" height=\"136\" srcset=\"http:\/\/www.filindeblogg.nu\/wp-content\/uploads\/2012\/05\/IMG_6678-4-300x227.jpg 300w, http:\/\/www.filindeblogg.nu\/wp-content\/uploads\/2012\/05\/IMG_6678-4.jpg 417w\" sizes=\"(max-width: 180px) 100vw, 180px\" \/><\/a> Syrenbers\u00e5erna sk\u00e4nker ocks\u00e5 h\u00e4rlig doft till omgivningen! <a href=\"http:\/\/www.filindeblogg.nu\/?attachment_id=33583\" rel=\"attachment wp-att-33583\"><img loading=\"lazy\" class=\"alignnone  wp-image-33583\" title=\"IMG_6683 (3)\" src=\"http:\/\/www.filindeblogg.nu\/wp-content\/uploads\/2012\/05\/IMG_6683-3-225x300.jpg\" alt=\"\" width=\"135\" height=\"180\" srcset=\"http:\/\/www.filindeblogg.nu\/wp-content\/uploads\/2012\/05\/IMG_6683-3-225x300.jpg 225w, http:\/\/www.filindeblogg.nu\/wp-content\/uploads\/2012\/05\/IMG_6683-3.jpg 346w\" sizes=\"(max-width: 135px) 100vw, 135px\" \/><\/a><br \/>\nDenna ljuvliga blomma! <a href=\"http:\/\/www.filindeblogg.nu\/?attachment_id=33584\" rel=\"attachment wp-att-33584\"><img loading=\"lazy\" class=\"alignnone  wp-image-33584\" title=\"IMG_6680 (3)\" src=\"http:\/\/www.filindeblogg.nu\/wp-content\/uploads\/2012\/05\/IMG_6680-3-300x225.jpg\" alt=\"\" width=\"180\" height=\"135\" srcset=\"http:\/\/www.filindeblogg.nu\/wp-content\/uploads\/2012\/05\/IMG_6680-3-300x225.jpg 300w, http:\/\/www.filindeblogg.nu\/wp-content\/uploads\/2012\/05\/IMG_6680-3.jpg 461w\" sizes=\"(max-width: 180px) 100vw, 180px\" \/><\/a><\/p>\n<p>Jag suckar f\u00f6rn\u00f6jt av v\u00e4lbehag. Strosar sen runt lite p\u00e5 g\u00e5rden och ser hur allt gr\u00f6nskar och blommar. <a href=\"http:\/\/www.filindeblogg.nu\/?attachment_id=33585\" rel=\"attachment wp-att-33585\"><img loading=\"lazy\" class=\"alignnone  wp-image-33585\" title=\"IMG_6681 (2)\" src=\"http:\/\/www.filindeblogg.nu\/wp-content\/uploads\/2012\/05\/IMG_6681-2-300x225.jpg\" alt=\"\" width=\"180\" height=\"135\" srcset=\"http:\/\/www.filindeblogg.nu\/wp-content\/uploads\/2012\/05\/IMG_6681-2-300x225.jpg 300w, http:\/\/www.filindeblogg.nu\/wp-content\/uploads\/2012\/05\/IMG_6681-2.jpg 461w\" sizes=\"(max-width: 180px) 100vw, 180px\" \/><\/a> S\u00e5 gr\u00f6nt, s\u00e5 gr\u00f6nt &#8211; och mitt i allt blomman med de viktiga budskapet &#8211; f\u00f6rg\u00e4tmigej. <a href=\"http:\/\/www.filindeblogg.nu\/?attachment_id=33586\" rel=\"attachment wp-att-33586\"><img loading=\"lazy\" class=\"alignnone  wp-image-33586\" title=\"IMG_6682 (2)\" src=\"http:\/\/www.filindeblogg.nu\/wp-content\/uploads\/2012\/05\/IMG_6682-2-300x225.jpg\" alt=\"\" width=\"180\" height=\"135\" srcset=\"http:\/\/www.filindeblogg.nu\/wp-content\/uploads\/2012\/05\/IMG_6682-2-300x225.jpg 300w, http:\/\/www.filindeblogg.nu\/wp-content\/uploads\/2012\/05\/IMG_6682-2.jpg 461w\" sizes=\"(max-width: 180px) 100vw, 180px\" \/><\/a><\/p>\n<p>Snart blir det smultron ocks\u00e5! De v\u00e4xer vilt intill katten <strong>Hasses<\/strong> grav. <a href=\"http:\/\/www.filindeblogg.nu\/?attachment_id=33587\" rel=\"attachment wp-att-33587\"><img loading=\"lazy\" class=\"alignnone  wp-image-33587\" title=\"IMG_6687\" src=\"http:\/\/www.filindeblogg.nu\/wp-content\/uploads\/2012\/05\/IMG_6687-300x225.jpg\" alt=\"\" width=\"180\" height=\"135\" srcset=\"http:\/\/www.filindeblogg.nu\/wp-content\/uploads\/2012\/05\/IMG_6687-300x225.jpg 300w, http:\/\/www.filindeblogg.nu\/wp-content\/uploads\/2012\/05\/IMG_6687.jpg 461w\" sizes=\"(max-width: 180px) 100vw, 180px\" \/><\/a><\/p>\n<p>Doftminnen, minnen, fotografier. Det f\u00e5r mig att t\u00e4nka p\u00e5 hur det s\u00e5g ut h\u00e4r n\u00e4r <strong>Glasbl\u00e5sarg\u00e5rden<\/strong> var ung! <a href=\"http:\/\/www.filindeblogg.nu\/?attachment_id=33588\" rel=\"attachment wp-att-33588\"><img loading=\"lazy\" class=\"alignnone size-medium wp-image-33588\" title=\"IMG_6688 (3)\" src=\"http:\/\/www.filindeblogg.nu\/wp-content\/uploads\/2012\/05\/IMG_6688-3-300x172.jpg\" alt=\"\" width=\"300\" height=\"172\" srcset=\"http:\/\/www.filindeblogg.nu\/wp-content\/uploads\/2012\/05\/IMG_6688-3-300x172.jpg 300w, http:\/\/www.filindeblogg.nu\/wp-content\/uploads\/2012\/05\/IMG_6688-3.jpg 461w\" sizes=\"(max-width: 300px) 100vw, 300px\" \/><\/a> H\u00e4r vid<strong> Stora Nygatan<\/strong> som gatan hette d\u00e5, strax efter \u00e5r 1900. Den lilla tullstugan intill, intakt innan den f\u00f6rst\u00f6rdes till kiosk. Mitt emot ligger <strong>J\u00e4rnv\u00e4gshotellet<\/strong>. En idyll &#8211; d\u00e5 som nu.<\/p>\n<p>Glasbl\u00e5sarg\u00e5rden var byggd som arbetarbostad till glasbl\u00e5sarna vid <strong>Arboga Glasbruk<\/strong>. <a href=\"http:\/\/www.filindeblogg.nu\/?attachment_id=33589\" rel=\"attachment wp-att-33589\"><img loading=\"lazy\" class=\"alignnone  wp-image-33589\" title=\"IMG_6690 (3)\" src=\"http:\/\/www.filindeblogg.nu\/wp-content\/uploads\/2012\/05\/IMG_6690-3-300x225.jpg\" alt=\"\" width=\"180\" height=\"135\" srcset=\"http:\/\/www.filindeblogg.nu\/wp-content\/uploads\/2012\/05\/IMG_6690-3-300x225.jpg 300w, http:\/\/www.filindeblogg.nu\/wp-content\/uploads\/2012\/05\/IMG_6690-3.jpg 461w\" sizes=\"(max-width: 180px) 100vw, 180px\" \/><\/a> Det h\u00e4r fotot har jag f\u00e5tt fr\u00e5n <strong>Elsbeth Larsson<\/strong> som en g\u00e5ng bodde h\u00e4r i huset som liten flicka. Hennes far \u00e4gde en kiosk mitt emot och n\u00e4r den skulle rivas till f\u00f6rm\u00e5n f\u00f6r nya bostadshus fick han ta \u00f6ver den gamla tullstugan. Kommunen gav sitt l\u00f6fte att f\u00e5 bygga om den till kiosk. Min dr\u00f6m \u00e4r att f\u00e5 \u00e5terst\u00e4lla det till ett litet hus igen.<\/p>\n<p>Dr\u00f6mmar, minnen &#8211; visst \u00e4r det h\u00e4rligt att kunna dr\u00f6mma och minnas! Kanske f\u00e5r vi en dag ett doftminne till kameran? Tills dess f\u00e5r ni imaginera de ljuvliga f\u00f6rsommardofterna i min blogg.<\/p>\n<p>Avslutar med en bild fr\u00e5n i helgen. Katten <strong>Felix<\/strong> vilar tr\u00f6tt p\u00e5 g\u00e5rden efter all sol och v\u00e4rme.<\/p>\n<p><a href=\"http:\/\/www.filindeblogg.nu\/?attachment_id=33590\" rel=\"attachment wp-att-33590\"><img loading=\"lazy\" class=\"aligncenter size-medium wp-image-33590\" title=\"Varm Felix vilar ute\" src=\"http:\/\/www.filindeblogg.nu\/wp-content\/uploads\/2012\/05\/Varm-Felix-vilar-ute-225x300.jpg\" alt=\"\" width=\"225\" height=\"300\" srcset=\"http:\/\/www.filindeblogg.nu\/wp-content\/uploads\/2012\/05\/Varm-Felix-vilar-ute-225x300.jpg 225w, http:\/\/www.filindeblogg.nu\/wp-content\/uploads\/2012\/05\/Varm-Felix-vilar-ute.jpg 346w\" sizes=\"(max-width: 225px) 100vw, 225px\" \/><\/a><\/p>\n<p>&nbsp;<\/p>\n","protected":false},"excerpt":{"rendered":"<p>Bloggaren gillar minnen. Som h\u00e4r &#8211; sn\u00e4ckor och stenar fr\u00e5n Capri utanf\u00f6r Str\u00f6mstad. Alla foton jag tar f\u00e5r mig ocks\u00e5 att minnas. De s\u00e4tter ig\u00e5ng hj\u00e4rnkontoret som raskt plockar fram fler minnesbilder med hj\u00e4lpa av fotografierna. Men n\u00e4r f\u00e5r vi doftminnen? Jag menar m\u00f6jlighet att lagra dofter p\u00e5 ett minneskort? F\u00f6r vi vet ju alla [&hellip;]<\/p>\n","protected":false},"author":1,"featured_media":0,"comment_status":"open","ping_status":"open","sticky":false,"template":"","format":"standard","meta":[],"categories":[41,137,100,132,101],"tags":[],"_links":{"self":[{"href":"http:\/\/www.filindeblogg.nu\/index.php?rest_route=\/wp\/v2\/posts\/33570"}],"collection":[{"href":"http:\/\/www.filindeblogg.nu\/index.php?rest_route=\/wp\/v2\/posts"}],"about":[{"href":"http:\/\/www.filindeblogg.nu\/index.php?rest_route=\/wp\/v2\/types\/post"}],"author":[{"embeddable":true,"href":"http:\/\/www.filindeblogg.nu\/index.php?rest_route=\/wp\/v2\/users\/1"}],"replies":[{"embeddable":true,"href":"http:\/\/www.filindeblogg.nu\/index.php?rest_route=%2Fwp%2Fv2%2Fcomments&post=33570"}],"version-history":[{"count":16,"href":"http:\/\/www.filindeblogg.nu\/index.php?rest_route=\/wp\/v2\/posts\/33570\/revisions"}],"predecessor-version":[{"id":33606,"href":"http:\/\/www.filindeblogg.nu\/index.php?rest_route=\/wp\/v2\/posts\/33570\/revisions\/33606"}],"wp:attachment":[{"href":"http:\/\/www.filindeblogg.nu\/index.php?rest_route=%2Fwp%2Fv2%2Fmedia&parent=33570"}],"wp:term":[{"taxonomy":"category","embeddable":true,"href":"http:\/\/www.filindeblogg.nu\/index.php?rest_route=%2Fwp%2Fv2%2Fcategories&post=33570"},{"taxonomy":"post_tag","embeddable":true,"href":"http:\/\/www.filindeblogg.nu\/index.php?rest_route=%2Fwp%2Fv2%2Ftags&post=33570"}],"curies":[{"name":"wp","href":"https:\/\/api.w.org\/{rel}","templated":true}]}}