{"id":32046,"date":"2012-04-21T12:52:22","date_gmt":"2012-04-21T11:52:22","guid":{"rendered":"http:\/\/www.filindeblogg.nu\/?p=32046"},"modified":"2012-04-21T12:52:23","modified_gmt":"2012-04-21T11:52:23","slug":"overtidsarbetet-skenar-jag-var-ett-skenande-tag","status":"publish","type":"post","link":"http:\/\/www.filindeblogg.nu\/?p=32046","title":{"rendered":"\u00d6vertidsarbetet skenar! Jag var ett skenande t\u00e5g&#8230;"},"content":{"rendered":"<p><a href=\"http:\/\/www.filindeblogg.nu\/?attachment_id=32047\" rel=\"attachment wp-att-32047\"><img loading=\"lazy\" class=\"alignnone  wp-image-32047\" title=\"Utbr\u00e4nd 2\" src=\"http:\/\/www.filindeblogg.nu\/wp-content\/uploads\/2012\/04\/Utbr\u00e4nd-2.jpg\" alt=\"\" width=\"157\" height=\"116\" \/><\/a>\u00a0I veckan l\u00e4ste jag bl.a. i <strong>DN<\/strong> om att \u00f6vertidsarbetet \u00f6kar dramatiskt<a href=\"http:\/\/www.expressen.se\/nyheter\/darfor-slutade-kent-persson-att-dricka\/\" target=\"_blank\">.<\/a> Jag citerar ur DN: <strong><em>&#8221;F\u00f6rra \u00e5rets \u00f6vertid motsvarar i antal timmar \u00f6ver 115.000 heltidsjobb. Till det kommer obetald \u00f6vertid motsvarande ungef\u00e4r 25.000 jobb. Det visar en ny rapport fr\u00e5n TCO.&#8221;<\/em><\/strong><\/p>\n<p>Vidare st\u00e5r det: <em>&#8221;TCO ser det som ett problem att arbetsgivarnas \u00f6kande behov av arbetstimmar inte snabbare leder till fler nyanst\u00e4llningar.&#8221;<\/em> Det betyder m.a.o. att de som har jobb f\u00e5r mer och fler arbetsuppgifter n\u00e4r arbetsgivaren inte anst\u00e4ller<a href=\"http:\/\/www.aftonbladet.se\/nyheter\/article14712937.ab\" target=\"_blank\">.<\/a> <a href=\"http:\/\/www.filindeblogg.nu\/?attachment_id=32049\" rel=\"attachment wp-att-32049\"><img loading=\"lazy\" class=\"alignnone  wp-image-32049\" title=\"Utbr\u00e4nd 3\" src=\"http:\/\/www.filindeblogg.nu\/wp-content\/uploads\/2012\/04\/Utbr\u00e4nd-3.gif\" alt=\"\" width=\"142\" height=\"200\" srcset=\"http:\/\/www.filindeblogg.nu\/wp-content\/uploads\/2012\/04\/Utbr\u00e4nd-3.gif 237w, http:\/\/www.filindeblogg.nu\/wp-content\/uploads\/2012\/04\/Utbr\u00e4nd-3-212x300.gif 212w\" sizes=\"(max-width: 142px) 100vw, 142px\" \/><\/a><\/p>\n<p><em>&#8221;TCO:s <strong>Eva Nordmark<\/strong> sl\u00e5r fast att cheferna, som alltid \u00e4r skyldiga att f\u00f6ra anteckningar om \u00f6vertiden, m\u00e5ste ges f\u00f6ruts\u00e4ttningar att ha koll p\u00e5 sin personals arbete, \u00e4ven n\u00e4r vi arbetar flexibelt.&#8221;<\/em><\/p>\n<p><em>&#8221;\u2013\u2009Det \u00e4r ocks\u00e5 viktigt att arbetskamrater ser varandra och tillsammans lyfter fr\u00e5gan om arbetsbelastningen \u00e4r oh\u00e5llbar.&#8221;<\/em><a href=\"http:\/\/www.filindeblogg.nu\/?attachment_id=32048\" rel=\"attachment wp-att-32048\"><img loading=\"lazy\" class=\"alignnone  wp-image-32048\" title=\"Utbr\u00e4nd\" src=\"http:\/\/www.filindeblogg.nu\/wp-content\/uploads\/2012\/04\/Utbr\u00e4nd.gif\" alt=\"\" width=\"180\" height=\"120\" srcset=\"http:\/\/www.filindeblogg.nu\/wp-content\/uploads\/2012\/04\/Utbr\u00e4nd.gif 500w, http:\/\/www.filindeblogg.nu\/wp-content\/uploads\/2012\/04\/Utbr\u00e4nd-300x199.gif 300w\" sizes=\"(max-width: 180px) 100vw, 180px\" \/><\/a><\/p>\n<p>L\u00e4s artikeln i DN genom att klicka<a href=\"http:\/\/www.dn.se\/ekonomi\/jobb\/dramatisk-okning-av-overtid\" target=\"_blank\"><strong> H\u00c4R!<\/strong><\/a><\/p>\n<p>N\u00e4r ska vi l\u00e4ra oss? N\u00e4r ska de ansvariga f\u00f6rst\u00e5? F\u00f6r mycket jobb sl\u00e5r ut m\u00e4nniskokraft p\u00e5 ett f\u00f6r\u00f6dande vis! Ist\u00e4llet borde alla ha en normal arbetsb\u00f6rda och fler anst\u00e4llningar g\u00f6ras n\u00e4r m\u00e4ngden arbetsuppgifter \u00f6kar!<\/p>\n<p>Jag vet vad jag talar om &#8211; jag \u00e4r en av alla utbr\u00e4nda<a href=\"http:\/\/hd.se\/konsument\/2012\/04\/21\/tidig-pension-kan-bli-en-falla\/\" target=\"_blank\">,<\/a> f\u00f6rverkade m\u00e4nniskor<a href=\"http:\/\/www.svd.se\/naringsliv\/nyheter\/sverige\/roda-korset-sparkar-70-anstallda_7074983.svd\" target=\"_blank\">. <\/a><\/p>\n<p><a href=\"http:\/\/www.filindeblogg.nu\/?attachment_id=32050\" rel=\"attachment wp-att-32050\"><img loading=\"lazy\" class=\"alignnone  wp-image-32050\" title=\"Skenande t\u00e5g 1\" src=\"http:\/\/www.filindeblogg.nu\/wp-content\/uploads\/2012\/04\/Skenande-t\u00e5g-1.jpg\" alt=\"\" width=\"144\" height=\"115\" \/><\/a> Jag var ett skenande t\u00e5g! Mer jobb, \u00f6kade krav &#8211; jobba, jobba, jobba! <a href=\"http:\/\/www.filindeblogg.nu\/?attachment_id=32051\" rel=\"attachment wp-att-32051\"><img loading=\"lazy\" class=\"alignnone  wp-image-32051\" title=\"Skenande t\u00e5g 2\" src=\"http:\/\/www.filindeblogg.nu\/wp-content\/uploads\/2012\/04\/Skenande-t\u00e5g-2.jpg\" alt=\"\" width=\"165\" height=\"110\" \/><\/a> N\u00e4r t\u00e5get tappade fart var det bara att \u00f6ka trycket ytterligare!<br \/>\nMer! Fortare! <a href=\"http:\/\/www.filindeblogg.nu\/?attachment_id=32052\" rel=\"attachment wp-att-32052\"><img loading=\"lazy\" class=\"alignnone size-full wp-image-32052\" title=\"Skenande\" src=\"http:\/\/www.filindeblogg.nu\/wp-content\/uploads\/2012\/04\/Skenande.jpg\" alt=\"\" width=\"275\" height=\"183\" \/><\/a><\/p>\n<p>H\u00e5llplatserna i livet skenade jag bara f\u00f6rbi! <a href=\"http:\/\/www.filindeblogg.nu\/?attachment_id=32053\" rel=\"attachment wp-att-32053\"><img loading=\"lazy\" class=\"alignnone size-full wp-image-32053\" title=\"Skenande t\u00e5g 3\" src=\"http:\/\/www.filindeblogg.nu\/wp-content\/uploads\/2012\/04\/Skenande-t\u00e5g-3.jpg\" alt=\"\" width=\"260\" height=\"194\" \/><\/a> Allt det vackra runt omkring hann jag aldrig se&#8230; <a href=\"http:\/\/www.filindeblogg.nu\/?attachment_id=32054\" rel=\"attachment wp-att-32054\"><img loading=\"lazy\" class=\"alignnone size-full wp-image-32054\" title=\"Skenar f\u00f6rbi\" src=\"http:\/\/www.filindeblogg.nu\/wp-content\/uploads\/2012\/04\/Skenar-f\u00f6rbi.jpg\" alt=\"\" width=\"261\" height=\"193\" \/><\/a><\/p>\n<p>Kraschen blev f\u00f6r\u00f6dande&#8230; <a href=\"http:\/\/www.filindeblogg.nu\/?attachment_id=32055\" rel=\"attachment wp-att-32055\"><img loading=\"lazy\" class=\"alignnone size-full wp-image-32055\" title=\"T\u00e5gkrasch 2\" src=\"http:\/\/www.filindeblogg.nu\/wp-content\/uploads\/2012\/04\/T\u00e5gkrasch-2.jpg\" alt=\"\" width=\"290\" height=\"174\" \/><\/a> Skadorna sv\u00e5ra&#8230;<a href=\"http:\/\/www.filindeblogg.nu\/?attachment_id=32056\" rel=\"attachment wp-att-32056\"><img loading=\"lazy\" class=\"alignnone size-full wp-image-32056\" title=\"T\u00e5gkrasch\" src=\"http:\/\/www.filindeblogg.nu\/wp-content\/uploads\/2012\/04\/T\u00e5gkrasch.jpg\" alt=\"\" width=\"271\" height=\"186\" \/><\/a><\/p>\n<p><a href=\"http:\/\/www.filindeblogg.nu\/?attachment_id=32057\" rel=\"attachment wp-att-32057\"><img loading=\"lazy\" class=\"alignnone  wp-image-32057\" title=\"Litet bl\u00e5tt t\u00e5g\" src=\"http:\/\/www.filindeblogg.nu\/wp-content\/uploads\/2012\/04\/Litet-bl\u00e5tt-t\u00e5g.jpg\" alt=\"\" width=\"120\" height=\"120\" srcset=\"http:\/\/www.filindeblogg.nu\/wp-content\/uploads\/2012\/04\/Litet-bl\u00e5tt-t\u00e5g.jpg 200w, http:\/\/www.filindeblogg.nu\/wp-content\/uploads\/2012\/04\/Litet-bl\u00e5tt-t\u00e5g-150x150.jpg 150w\" sizes=\"(max-width: 120px) 100vw, 120px\" \/><\/a>\u00a0Redan fr\u00e5n f\u00f6rsta b\u00f6rjan var jag ett litet bl\u00e5tt t\u00e5g. Min mamma kallade mig s\u00e5 &#8211; det lilla bl\u00e5 t\u00e5get. Ni vet, som i sagoboken! <a href=\"http:\/\/www.filindeblogg.nu\/?attachment_id=32058\" rel=\"attachment wp-att-32058\"><img loading=\"lazy\" class=\"alignnone size-full wp-image-32058\" title=\"Lilla bl\u00e5 t\u00e5get drar\" src=\"http:\/\/www.filindeblogg.nu\/wp-content\/uploads\/2012\/04\/Lilla-bl\u00e5-t\u00e5get-drar.jpg\" alt=\"\" width=\"260\" height=\"194\" \/><\/a> T\u00e5get som hj\u00e4lpte alla andra t\u00e5g att f\u00f6ra med sig presenterna till barnen p\u00e5 andra sidan berget. Som skulle klara allt.<br \/>\nMen det kom branta nedf\u00f6rsbackar ocks\u00e5&#8230; <a href=\"http:\/\/www.filindeblogg.nu\/?attachment_id=32059\" rel=\"attachment wp-att-32059\"><img loading=\"lazy\" class=\"alignnone size-full wp-image-32059\" title=\"Det lilla bl\u00e5 t\u00e5get\" src=\"http:\/\/www.filindeblogg.nu\/wp-content\/uploads\/2012\/04\/Det-lilla-bl\u00e5-t\u00e5get.jpg\" alt=\"\" width=\"234\" height=\"216\" \/><\/a><\/p>\n<p>Det var inte helt OK att vara ett bl\u00e5tt t\u00e5g f\u00f6r mitt bl\u00e5a t\u00e5g saknade en mycket viktig vagn &#8211; den h\u00e4r: <a href=\"http:\/\/www.filindeblogg.nu\/?attachment_id=32060\" rel=\"attachment wp-att-32060\"><img loading=\"lazy\" class=\"alignnone  wp-image-32060\" title=\"Caboose\" src=\"http:\/\/www.filindeblogg.nu\/wp-content\/uploads\/2012\/04\/Caboose.jpg\" alt=\"\" width=\"170\" height=\"146\" \/><\/a> Bromsvagnen!<br \/>\nBromsvagnar fanns f\u00f6rr p\u00e5 t\u00e5gen f\u00f6r att hejda farten n\u00e4r t\u00e5get gick f\u00f6r fort. <a href=\"http:\/\/www.filindeblogg.nu\/?attachment_id=32062\" rel=\"attachment wp-att-32062\"><img loading=\"lazy\" class=\"alignnone size-full wp-image-32062\" title=\"Bromsvagn eventuellt\" src=\"http:\/\/www.filindeblogg.nu\/wp-content\/uploads\/2012\/04\/Bromsvagn-eventuellt1.jpg\" alt=\"\" width=\"240\" height=\"153\" \/><\/a><\/p>\n<p>Mitt skenande t\u00e5g saknade bromsvagn&#8230; D\u00e4rf\u00f6r gick det som det gick.<\/p>\n<p>Idag \u00e4r jag ett vilset t\u00e5g som tuffar fram p\u00e5 ett obest\u00e4mt s\u00e4tt. Ibland skenar jag igen och ibland st\u00e5r mitt t\u00e5g helt stilla. Jag f\u00f6rs\u00f6ker skaffa mig en bromsvagn, kanske beh\u00f6ver jag tv\u00e5 &#8211; men de \u00e4r inte l\u00e4tta att finna.<\/p>\n<p>TCO flaggar f\u00f6r \u00f6kat \u00f6vertidsarbete men min fackf\u00f6rening <a href=\"http:\/\/www.unionen.se\/\" target=\"_blank\"><strong>Unionen<\/strong><\/a> har inte gjort mycket f\u00f6r vare sig mig eller andra medlemmar vad g\u00e4ller jobbtryck och utbr\u00e4ndshetsyndrom.<br \/>\nFackf\u00f6reningar \u00f6verlag har dessutom mer eller mindre \u00f6vergett kraven p\u00e5 kortare arbetstid &#8211; trots att medlemmarna vill se det! Facket har blivit en papperstiger! <a href=\"http:\/\/www.filindeblogg.nu\/?attachment_id=32063\" rel=\"attachment wp-att-32063\"><img loading=\"lazy\" class=\"alignnone size-full wp-image-32063\" title=\"Papperstiger\" src=\"http:\/\/www.filindeblogg.nu\/wp-content\/uploads\/2012\/04\/Papperstiger.jpg\" alt=\"\" width=\"124\" height=\"292\" \/><\/a><\/p>\n<p>Om inte fackf\u00f6reningarna h\u00f6rsammar medlemmarnas behov &#8211; vem ska d\u00e5 g\u00f6ra det? En regering som vill att vi jobbar till 75?<\/p>\n<p><strong>Kan ingen se att nuvarande syns\u00e4tt \u00e4r att bita sig sj\u00e4lv i svansen! Man sliter ut kompetent folk samtidigt som man st\u00e4nger ut m\u00e4ngder av m\u00e4nniskor fr\u00e5n arbete \u00f6ver huvud taget!<\/strong><\/p>\n<p style=\"text-align: left;\">Det \u00e4r dags f\u00f6r fler att f\u00f6rse sig med bromsvagnar! Blir de inte allm\u00e4nt f\u00f6rekommande s\u00e5 f\u00e5r man f\u00f6rs\u00f6ka bygga sig en egen. Som jag g\u00f6r&#8230;<\/p>\n<p style=\"text-align: center;\"><a href=\"http:\/\/www.filindeblogg.nu\/?attachment_id=32064\" rel=\"attachment wp-att-32064\"><img loading=\"lazy\" class=\"aligncenter  wp-image-32064\" title=\"B&amp;A Caboose\" src=\"http:\/\/www.filindeblogg.nu\/wp-content\/uploads\/2012\/04\/BA-Caboose.jpg\" alt=\"\" width=\"210\" height=\"153\" srcset=\"http:\/\/www.filindeblogg.nu\/wp-content\/uploads\/2012\/04\/BA-Caboose.jpg 500w, http:\/\/www.filindeblogg.nu\/wp-content\/uploads\/2012\/04\/BA-Caboose-300x218.jpg 300w\" sizes=\"(max-width: 210px) 100vw, 210px\" \/><\/a><\/p>\n<p>&nbsp;<\/p>\n<p>&nbsp;<\/p>\n<p>&nbsp;<\/p>\n","protected":false},"excerpt":{"rendered":"<p>\u00a0I veckan l\u00e4ste jag bl.a. i DN om att \u00f6vertidsarbetet \u00f6kar dramatiskt. Jag citerar ur DN: &#8221;F\u00f6rra \u00e5rets \u00f6vertid motsvarar i antal timmar \u00f6ver 115.000 heltidsjobb. Till det kommer obetald \u00f6vertid motsvarande ungef\u00e4r 25.000 jobb. Det visar en ny rapport fr\u00e5n TCO.&#8221; Vidare st\u00e5r det: &#8221;TCO ser det som ett problem att arbetsgivarnas \u00f6kande behov [&hellip;]<\/p>\n","protected":false},"author":1,"featured_media":0,"comment_status":"open","ping_status":"open","sticky":false,"template":"","format":"standard","meta":[],"categories":[125,100,132,101],"tags":[],"_links":{"self":[{"href":"http:\/\/www.filindeblogg.nu\/index.php?rest_route=\/wp\/v2\/posts\/32046"}],"collection":[{"href":"http:\/\/www.filindeblogg.nu\/index.php?rest_route=\/wp\/v2\/posts"}],"about":[{"href":"http:\/\/www.filindeblogg.nu\/index.php?rest_route=\/wp\/v2\/types\/post"}],"author":[{"embeddable":true,"href":"http:\/\/www.filindeblogg.nu\/index.php?rest_route=\/wp\/v2\/users\/1"}],"replies":[{"embeddable":true,"href":"http:\/\/www.filindeblogg.nu\/index.php?rest_route=%2Fwp%2Fv2%2Fcomments&post=32046"}],"version-history":[{"count":36,"href":"http:\/\/www.filindeblogg.nu\/index.php?rest_route=\/wp\/v2\/posts\/32046\/revisions"}],"predecessor-version":[{"id":32100,"href":"http:\/\/www.filindeblogg.nu\/index.php?rest_route=\/wp\/v2\/posts\/32046\/revisions\/32100"}],"wp:attachment":[{"href":"http:\/\/www.filindeblogg.nu\/index.php?rest_route=%2Fwp%2Fv2%2Fmedia&parent=32046"}],"wp:term":[{"taxonomy":"category","embeddable":true,"href":"http:\/\/www.filindeblogg.nu\/index.php?rest_route=%2Fwp%2Fv2%2Fcategories&post=32046"},{"taxonomy":"post_tag","embeddable":true,"href":"http:\/\/www.filindeblogg.nu\/index.php?rest_route=%2Fwp%2Fv2%2Ftags&post=32046"}],"curies":[{"name":"wp","href":"https:\/\/api.w.org\/{rel}","templated":true}]}}