{"id":31874,"date":"2012-04-17T09:17:45","date_gmt":"2012-04-17T08:17:45","guid":{"rendered":"http:\/\/www.filindeblogg.nu\/?p=31874"},"modified":"2012-04-17T09:18:21","modified_gmt":"2012-04-17T08:18:21","slug":"manniskan-spar-och-gud-rar","status":"publish","type":"post","link":"http:\/\/www.filindeblogg.nu\/?p=31874","title":{"rendered":"M\u00e4nniskan sp\u00e5r och Gud r\u00e5r&#8230; Om vilda djur, sjuka som \u00e4r friska och om Cirkus Muller!"},"content":{"rendered":"<p><a href=\"http:\/\/www.filindeblogg.nu\/?attachment_id=31875\" rel=\"attachment wp-att-31875\"><img loading=\"lazy\" class=\"alignnone  wp-image-31875\" title=\"Flicka tittar upp i skyn\" src=\"http:\/\/www.filindeblogg.nu\/wp-content\/uploads\/2012\/04\/Flicka-tittar-upp-i-skyn.jpg\" alt=\"\" width=\"166\" height=\"110\" \/><\/a> Ja, det \u00e4r ett tales\u00e4tt &#8211; att m\u00e4nniskan sp\u00e5r men Gud r\u00e5r. N\u00e4r jag s\u00f6ker efter uttrycket p\u00e5 n\u00e4tet hittar jag en forts\u00e4ttning &#8211; men den f\u00e5r <em>&#8221;Livets Ord&#8221;<\/em> st\u00e5 f\u00f6r som publicerat det: <em>&#8221;M\u00e4nniskan sp\u00e5r och Gud r\u00e5r och fan g\u00f6r som han vill, sa gumman&#8221;<\/em>. Vilket uttryck som \u00e4r r\u00e4tt, den korta eller den l\u00e4ngre, l\u00e5ter jag vara osagt men n\u00e5gonting ligger det i tales\u00e4ttet.<\/p>\n<p>Jag t\u00e4nker p\u00e5 hur vi m\u00e4nniskor st\u00e4ller till det h\u00e4r p\u00e5 jorden, v\u00e5r vackra, rika planet. Hur vi r\u00f6jer, f\u00f6rst\u00f6r, utrotar och manipulerar. H\u00e4r om dagen l\u00e4ste jag i<a href=\"http:\/\/www.svd.se\/kultur\/mammutens-aterkomst-fran-urtiden_7005805.svd\" target=\"_blank\"><strong> Svenska Dagbladet<\/strong><\/a> att, citat:<em> &#8221;Med hj\u00e4lp av DNA fr\u00e5n v\u00e4lbevarade mammutar hoppas forskare kunna befrukta elefanter, och p\u00e5 s\u00e5 vis \u00e5terskapa levande mammutar&#8221;<\/em>. <a href=\"http:\/\/www.filindeblogg.nu\/?attachment_id=31876\" rel=\"attachment wp-att-31876\"><img loading=\"lazy\" class=\"alignnone size-full wp-image-31876\" title=\"Mammutar\" src=\"http:\/\/www.filindeblogg.nu\/wp-content\/uploads\/2012\/04\/Mammutar.jpg\" alt=\"\" width=\"259\" height=\"194\" \/><\/a> Jaha!? \u00c4r det s\u00e5dana vi vill ha tillbaka &#8211; och i s\u00e5 fall varf\u00f6r? Kan det d\u00e5 ocks\u00e5 bli aktuellt att injicera t ex lodjur med DNA fr\u00e5n detta djur: <a href=\"http:\/\/www.filindeblogg.nu\/?attachment_id=31877\" rel=\"attachment wp-att-31877\"><img loading=\"lazy\" class=\"alignnone size-full wp-image-31877\" title=\"Sabeltandad tiger\" src=\"http:\/\/www.filindeblogg.nu\/wp-content\/uploads\/2012\/04\/Sabeltandad-tiger.jpg\" alt=\"\" width=\"200\" height=\"141\" \/><\/a> Den sabeltandade tigern! Vad kommer h\u00e4rn\u00e4st? D\u00e5 kanske en varg siktad p\u00e5 golfbanan i <strong>Surahammar<\/strong> \u00e4r peanuts &#8211; eller? <strong><\/strong><\/p>\n<p><strong>Radio P4<\/strong> rapporterade om att en varg setts p\u00e5 f\u00e4ltet i Sura. Om det nu var en varg &#8211; det var sv\u00e5rt att se p\u00e5 fotot som visades. Djuret var s\u00e5 l\u00e5ngt borta att det lika g\u00e4rna kunde ha varit en hund. Men men, nu g\u00e5r det v\u00e4l rikslarm&#8230; <a href=\"http:\/\/www.filindeblogg.nu\/?attachment_id=31878\" rel=\"attachment wp-att-31878\"><img loading=\"lazy\" class=\"alignnone size-full wp-image-31878\" title=\"VARGTJUT\" src=\"http:\/\/www.filindeblogg.nu\/wp-content\/uploads\/2012\/04\/VARGTJUT2.jpg\" alt=\"\" width=\"101\" height=\"125\" \/><\/a><\/p>\n<p>Jag pratade med en polisman h\u00e4r om dagen och han var lika f\u00f6rundrad som jag \u00f6ver att m\u00e4nniskor haussar upp sig f\u00f6r ett par vargar (som ingen knappt har sett) medan de bj\u00f6rnar som vandrar kring i v\u00e5rt omr\u00e5de talas det mindre om. En bj\u00f6rn i tr\u00e4ngd situation kan vara mycket farlig f\u00f6r en m\u00e4nniska &#8211; det finns flera bevis f\u00f6r det \u00e5rligen i <strong>Sverige<\/strong>. N\u00e5gra liknande rapporter om vargar finns inte. <a href=\"http:\/\/www.filindeblogg.nu\/?attachment_id=31879\" rel=\"attachment wp-att-31879\"><img loading=\"lazy\" class=\"alignnone size-full wp-image-31879\" title=\"Bj\u00f6rn\" src=\"http:\/\/www.filindeblogg.nu\/wp-content\/uploads\/2012\/04\/Bj\u00f6rn.jpg\" alt=\"\" width=\"181\" height=\"278\" \/><\/a><\/p>\n<p>Och alla dessa vildsvin som kan f\u00f6rst\u00f6ra en hel \u00e5ker eller tr\u00e4dg\u00e5rd \u00f6ver en natt &#8211; inga ins\u00e4ndarspalter om dom! Vildsvin fanns f\u00f6r l\u00e4nge sedan i <strong>Sverige<\/strong> men utrotades p\u00e5 1600-talet. Sen har de inplanterats igen av m\u00e4nniskan! <a href=\"http:\/\/www.filindeblogg.nu\/?attachment_id=31881\" rel=\"attachment wp-att-31881\"><img loading=\"lazy\" class=\"alignnone size-medium wp-image-31881\" title=\"Vildsvin p\u00e5 v\u00e4g\" src=\"http:\/\/www.filindeblogg.nu\/wp-content\/uploads\/2012\/04\/Vildsvin-p\u00e5-v\u00e4g-300x158.jpg\" alt=\"\" width=\"300\" height=\"158\" srcset=\"http:\/\/www.filindeblogg.nu\/wp-content\/uploads\/2012\/04\/Vildsvin-p\u00e5-v\u00e4g-300x158.jpg 300w, http:\/\/www.filindeblogg.nu\/wp-content\/uploads\/2012\/04\/Vildsvin-p\u00e5-v\u00e4g.jpg 309w\" sizes=\"(max-width: 300px) 100vw, 300px\" \/><\/a><\/p>\n<p><em> &#8221;Numera finns det gott om vildsvin i stora delar G\u00f6taland och Svealand. Dal\u00e4lven kan historiskt ses som en nordgr\u00e4ns f\u00f6r arten. Enligt olika bed\u00f6mare fanns det 2006 mellan 50\u00a0000 och 80\u00a0000 individer och 2009-2010 uppgav olika k\u00e4llor en stam p\u00e5 150\u00a0000-300\u00a0000 vildsvin i Sverige.<sup id=\"cite_ref-1\">[2]<\/sup><sup id=\"cite_ref-2\">[3]<\/sup> <span style=\"text-decoration: underline;\">Det h\u00e4vdas att den snabba spridningen i delar av Sverige har skett p\u00e5 grund av illegal utplantering av vildsvin<\/span>.&#8221; <\/em>Citat fr\u00e5n Wikipedia &#8211; l\u00e4s mera <a href=\"http:\/\/sv.wikipedia.org\/wiki\/Vildsvin_i_Sverige\" target=\"_blank\"><strong>H\u00c4R!<\/strong><\/a><\/p>\n<p>M\u00e4nniskan sp\u00e5r, Gud r\u00e5r och fan g\u00f6r som han vill&#8230;<\/p>\n<p>Detsamma g\u00e4ller det svenska samh\u00e4llet och hur m\u00e4nniskor behandlas h\u00e4r. <a href=\"http:\/\/www.filindeblogg.nu\/?attachment_id=31882\" rel=\"attachment wp-att-31882\"><img loading=\"lazy\" class=\"alignnone size-full wp-image-31882\" title=\"Sjuk nej frisk\" src=\"http:\/\/www.filindeblogg.nu\/wp-content\/uploads\/2012\/04\/Sjuk-nej-frisk.jpg\" alt=\"\" width=\"198\" height=\"254\" \/><\/a> <strong><em>&#8221;Detta \u00e4r en automatisk telefonsvarare p\u00e5 F\u00f6rs\u00e4kringskassan, enligt ett f\u00e4rskt regeringsbeslut \u00e4r ni med st\u00f6rsta sannolikhet frisk s\u00e5 pallra er iv\u00e4g till jobbet nu!&#8221;<\/em><\/strong><\/p>\n<p>Sjuka \u00e4r inte sjuka utan friska, det har regeringen best\u00e4mt! <a href=\"http:\/\/www.filindeblogg.nu\/?attachment_id=31883\" rel=\"attachment wp-att-31883\"><img loading=\"lazy\" class=\"alignnone size-full wp-image-31883\" title=\"Fkassa\" src=\"http:\/\/www.filindeblogg.nu\/wp-content\/uploads\/2012\/04\/Fkassa.jpg\" alt=\"\" width=\"224\" height=\"225\" srcset=\"http:\/\/www.filindeblogg.nu\/wp-content\/uploads\/2012\/04\/Fkassa.jpg 224w, http:\/\/www.filindeblogg.nu\/wp-content\/uploads\/2012\/04\/Fkassa-150x150.jpg 150w\" sizes=\"(max-width: 224px) 100vw, 224px\" \/><\/a>\u00c4r du arbetsl\u00f6s \u00e4r det lika illa &#8211; ingen hj\u00e4lp att f\u00e5! Inte fr\u00e5n Arbetsf\u00f6rmedlingen i alla fall! <a href=\"http:\/\/www.filindeblogg.nu\/?attachment_id=31884\" rel=\"attachment wp-att-31884\"><img loading=\"lazy\" class=\"alignnone size-full wp-image-31884\" title=\"Af 1\" src=\"http:\/\/www.filindeblogg.nu\/wp-content\/uploads\/2012\/04\/Af-1.jpg\" alt=\"\" width=\"267\" height=\"189\" \/><\/a>Det \u00e4r skamligt hur denna myndighet hanterar de pengar de har till f\u00f6rfogande &#8211; och hur de behandlar m\u00e4nniskor som vill jobba! <a href=\"http:\/\/www.filindeblogg.nu\/?attachment_id=31885\" rel=\"attachment wp-att-31885\"><img loading=\"lazy\" class=\"alignnone size-full wp-image-31885\" title=\"Fas3\" src=\"http:\/\/www.filindeblogg.nu\/wp-content\/uploads\/2012\/04\/Fas3.jpg\" alt=\"\" width=\"265\" height=\"190\" \/><\/a> P\u00e5 Aftonbladets hemsida l\u00e4ser jag dessutom att Arbetsf\u00f6rmedlingen SPARADE 3,1 MILJARDER i fjol!! L\u00e4s <a href=\"http:\/\/www.aftonbladet.se\/nyheter\/article14683062.ab\" target=\"_blank\"><strong>H\u00c4R!<\/strong><\/a><br \/>\nDet st\u00e5r vidare, citat: <strong><em>&#8221;P\u00e5 fem \u00e5r har Arbetsf\u00f6rmedlingen skickat tillbaka n\u00e4ra 18 miljarder till statskassan.&#8221; <\/em><\/strong>Det \u00e4r allts\u00e5 pengar som \u00e4r \u00f6ronm\u00e4rkta ur statskassan f\u00f6r att st\u00f6dja och hj\u00e4lpa m\u00e4nniskor tillbaka till jobb igen! Skandal! <a href=\"http:\/\/www.filindeblogg.nu\/?attachment_id=31886\" rel=\"attachment wp-att-31886\"><img loading=\"lazy\" class=\"alignnone  wp-image-31886\" title=\"Arbetsl\u00f6s\" src=\"http:\/\/www.filindeblogg.nu\/wp-content\/uploads\/2012\/04\/Arbetsl\u00f6s.jpg\" alt=\"\" width=\"174\" height=\"104\" \/><\/a><\/p>\n<p>S\u00e5 om m\u00e4nniskan slutade best\u00e4mma en massa dumheter, inte n\u00f6dv\u00e4ndigtvis lyssnar till Gud men g\u00e4rna till sitt inre och sin magk\u00e4nsla &#8211; s\u00e5 skulle vi f\u00e5 det b\u00e4ttre! Det g\u00e4ller s\u00e5v\u00e4l utrotning resp inplantering av vilda djur, experimenterande med sjuka och arbetsl\u00f6sa m\u00e4nniskor men ocks\u00e5 det otroligt anm\u00e4rkningsv\u00e4rda att vr\u00e4ka in statliga miljoner i ett bilf\u00f6retag p\u00e5 fallrepet.<\/p>\n<p>Idag undras det f\u00f6rv\u00e5nat fr\u00e5n vissa h\u00e5ll &#8211; hur kan <strong>SAAB<\/strong> ha skulder p\u00e5 13 miljarder!? Ja, hur!? \ud83d\ude41 Numera s\u00e4ger pellej\u00f6nsen <strong>Muller<\/strong> nada till reportrarna. Dumma Sverige gick p\u00e5 hans pladder innan trots att kallats <em>&#8221;v\u00e4rldens farligaste man&#8221;<\/em> och hade rykte om sig att ha k\u00f6rt flera f\u00f6retag i botten.\u00a0 <a href=\"http:\/\/www.filindeblogg.nu\/?attachment_id=31887\" rel=\"attachment wp-att-31887\"><img loading=\"lazy\" class=\"alignnone size-full wp-image-31887\" title=\"Cirkus Muller\" src=\"http:\/\/www.filindeblogg.nu\/wp-content\/uploads\/2012\/04\/Cirkus-Muller.jpg\" alt=\"\" width=\"70\" height=\"110\" \/><\/a> <strong><em>&#8221;Cirkus Muller&#8221;<\/em><\/strong> &#8211; en bok om el\u00e4ndet, skriven av <strong>Jens B Nordstr\u00f6m<\/strong> &#8211; finna bl.a. p\u00e5<a href=\"http:\/\/www.bokus.com\/bok\/9789170921674\/cirkus-muller\/\" target=\"_blank\"><strong> Bokus<\/strong><\/a>.<\/p>\n<p>Det \u00e4r inte l\u00e4tt f\u00f6r den lilla, lilla m\u00e4nniskan att st\u00e5 upp mot det stora, stora samh\u00e4llet. Men ge inte upp! Tro p\u00e5 dig sj\u00e4lv! G\u00e5 p\u00e5 magk\u00e4nslan och l\u00e5t ingen kn\u00e4cka dig!<\/p>\n<p style=\"text-align: center;\">Lite positiva ord fr\u00e5n mitt goda Chai-te igen!<\/p>\n<p style=\"text-align: center;\"><a href=\"http:\/\/www.filindeblogg.nu\/?attachment_id=31888\" rel=\"attachment wp-att-31888\"><img loading=\"lazy\" class=\"alignnone size-medium wp-image-31888\" title=\"IMG_5011 (2)\" src=\"http:\/\/www.filindeblogg.nu\/wp-content\/uploads\/2012\/04\/IMG_5011-2-300x225.jpg\" alt=\"\" width=\"300\" height=\"225\" srcset=\"http:\/\/www.filindeblogg.nu\/wp-content\/uploads\/2012\/04\/IMG_5011-2-300x225.jpg 300w, http:\/\/www.filindeblogg.nu\/wp-content\/uploads\/2012\/04\/IMG_5011-2.jpg 461w\" sizes=\"(max-width: 300px) 100vw, 300px\" \/><\/a><\/p>\n<p style=\"text-align: center;\"><strong><em>&#8221;Chances multiply if you grab them!&#8221;<\/em><\/strong><\/p>\n<p style=\"text-align: center;\">Chanserna flerdubblas om du grabbar tag i dom!<\/p>\n<p>&nbsp;<\/p>\n<p>&nbsp;<\/p>\n","protected":false},"excerpt":{"rendered":"<p>Ja, det \u00e4r ett tales\u00e4tt &#8211; att m\u00e4nniskan sp\u00e5r men Gud r\u00e5r. N\u00e4r jag s\u00f6ker efter uttrycket p\u00e5 n\u00e4tet hittar jag en forts\u00e4ttning &#8211; men den f\u00e5r &#8221;Livets Ord&#8221; st\u00e5 f\u00f6r som publicerat det: &#8221;M\u00e4nniskan sp\u00e5r och Gud r\u00e5r och fan g\u00f6r som han vill, sa gumman&#8221;. Vilket uttryck som \u00e4r r\u00e4tt, den korta eller [&hellip;]<\/p>\n","protected":false},"author":1,"featured_media":0,"comment_status":"open","ping_status":"open","sticky":false,"template":"","format":"standard","meta":[],"categories":[125,100,122,128,101,116,133],"tags":[],"_links":{"self":[{"href":"http:\/\/www.filindeblogg.nu\/index.php?rest_route=\/wp\/v2\/posts\/31874"}],"collection":[{"href":"http:\/\/www.filindeblogg.nu\/index.php?rest_route=\/wp\/v2\/posts"}],"about":[{"href":"http:\/\/www.filindeblogg.nu\/index.php?rest_route=\/wp\/v2\/types\/post"}],"author":[{"embeddable":true,"href":"http:\/\/www.filindeblogg.nu\/index.php?rest_route=\/wp\/v2\/users\/1"}],"replies":[{"embeddable":true,"href":"http:\/\/www.filindeblogg.nu\/index.php?rest_route=%2Fwp%2Fv2%2Fcomments&post=31874"}],"version-history":[{"count":22,"href":"http:\/\/www.filindeblogg.nu\/index.php?rest_route=\/wp\/v2\/posts\/31874\/revisions"}],"predecessor-version":[{"id":31910,"href":"http:\/\/www.filindeblogg.nu\/index.php?rest_route=\/wp\/v2\/posts\/31874\/revisions\/31910"}],"wp:attachment":[{"href":"http:\/\/www.filindeblogg.nu\/index.php?rest_route=%2Fwp%2Fv2%2Fmedia&parent=31874"}],"wp:term":[{"taxonomy":"category","embeddable":true,"href":"http:\/\/www.filindeblogg.nu\/index.php?rest_route=%2Fwp%2Fv2%2Fcategories&post=31874"},{"taxonomy":"post_tag","embeddable":true,"href":"http:\/\/www.filindeblogg.nu\/index.php?rest_route=%2Fwp%2Fv2%2Ftags&post=31874"}],"curies":[{"name":"wp","href":"https:\/\/api.w.org\/{rel}","templated":true}]}}