{"id":3169,"date":"2008-11-13T09:36:28","date_gmt":"2008-11-13T08:36:28","guid":{"rendered":"http:\/\/www.filindeblogg.nu\/?p=3169"},"modified":"2008-11-14T09:21:16","modified_gmt":"2008-11-14T08:21:16","slug":"veckans-babe-en-av-tarzanbroderna","status":"publish","type":"post","link":"http:\/\/www.filindeblogg.nu\/?p=3169","title":{"rendered":"Veckans Babe &#8211; en av Tarzanbr\u00f6derna!!"},"content":{"rendered":"<p><a href=\"http:\/\/www.filindeblogg.nu\/wp-content\/uploads\/2008\/11\/ung-stig-thoren_resize1.jpg\"><img loading=\"lazy\" class=\"alignnone size-medium wp-image-3170\" title=\"ung-stig-thoren_resize1\" src=\"http:\/\/www.filindeblogg.nu\/wp-content\/uploads\/2008\/11\/ung-stig-thoren_resize1-300x225.jpg\" alt=\"\" width=\"300\" height=\"225\" srcset=\"http:\/\/www.filindeblogg.nu\/wp-content\/uploads\/2008\/11\/ung-stig-thoren_resize1-300x225.jpg 300w, http:\/\/www.filindeblogg.nu\/wp-content\/uploads\/2008\/11\/ung-stig-thoren_resize1.jpg 614w\" sizes=\"(max-width: 300px) 100vw, 300px\" \/><\/a>Detta \u00e4r <strong>VECKANS BABE!! STIG THOR\u00c8N!<br \/>\n<\/strong><\/p>\n<p><a href=\"http:\/\/www.filindeblogg.nu\/wp-content\/uploads\/2008\/11\/stig-thoren-1_resize.jpg\"><img loading=\"lazy\" class=\"alignnone size-full wp-image-3171\" title=\"stig-thoren-1_resize\" src=\"http:\/\/www.filindeblogg.nu\/wp-content\/uploads\/2008\/11\/stig-thoren-1_resize.jpg\" alt=\"\" width=\"500\" height=\"375\" srcset=\"http:\/\/www.filindeblogg.nu\/wp-content\/uploads\/2008\/11\/stig-thoren-1_resize.jpg 614w, http:\/\/www.filindeblogg.nu\/wp-content\/uploads\/2008\/11\/stig-thoren-1_resize-300x225.jpg 300w\" sizes=\"(max-width: 500px) 100vw, 500px\" \/><\/a><\/p>\n<p>Veckans babe \u00e4r den \u00e4ldste hittills! F\u00f6dd 1924 som \u00e4ldsta barnet i en syskonskara som skulle bli 11! H\u00e4r ser ni STIG med sina syskon i en tidig bild.<\/p>\n<p>Pappa <strong>Valfrid <\/strong>och mamma<strong> Judit<\/strong> fostrade sina barn i en liten torpstuga v\u00e4ster om Arboga. Stig ber\u00e4ttar att 13 personer samsades i 1 rum och k\u00f6k. <em>&#8221;-N\u00e4r man gick upp p\u00e5 morgonen fick man se till var man satte f\u00f6tterna s\u00e5 man inte trampade p\u00e5 n\u00e5gon av alla som l\u00e5g och sov p\u00e5 golvet&#8221;<\/em> s\u00e4ger Stig.<\/p>\n<p><strong>Valfrid Thor\u00e9n<\/strong> s\u00e5g ut s\u00e5 h\u00e4r:<a href=\"http:\/\/www.filindeblogg.nu\/wp-content\/uploads\/2008\/11\/stig-thoren-2_resize.jpg\"><img loading=\"lazy\" class=\"alignnone size-medium wp-image-3172\" title=\"stig-thoren-2_resize\" src=\"http:\/\/www.filindeblogg.nu\/wp-content\/uploads\/2008\/11\/stig-thoren-2_resize-225x300.jpg\" alt=\"\" width=\"225\" height=\"300\" srcset=\"http:\/\/www.filindeblogg.nu\/wp-content\/uploads\/2008\/11\/stig-thoren-2_resize-225x300.jpg 225w, http:\/\/www.filindeblogg.nu\/wp-content\/uploads\/2008\/11\/stig-thoren-2_resize.jpg 461w\" sizes=\"(max-width: 225px) 100vw, 225px\" \/><\/a> En snygg karl eller hur!!<\/p>\n<p><a href=\"http:\/\/www.filindeblogg.nu\/wp-content\/uploads\/2008\/11\/stig-thoren-3_resize.jpg\"><img loading=\"lazy\" class=\"alignnone size-full wp-image-3173\" title=\"stig-thoren-3_resize\" src=\"http:\/\/www.filindeblogg.nu\/wp-content\/uploads\/2008\/11\/stig-thoren-3_resize.jpg\" alt=\"\" width=\"500\" height=\"375\" srcset=\"http:\/\/www.filindeblogg.nu\/wp-content\/uploads\/2008\/11\/stig-thoren-3_resize.jpg 614w, http:\/\/www.filindeblogg.nu\/wp-content\/uploads\/2008\/11\/stig-thoren-3_resize-300x225.jpg 300w\" sizes=\"(max-width: 500px) 100vw, 500px\" \/><\/a><\/p>\n<p>6 till antalet var br\u00f6derna Thor\u00e9n! I mittens ses veckans babe &#8211; Stig!<\/p>\n<p>Jag fr\u00e5gar Stig varf\u00f6r de kallades <strong><em>&#8221;Tarzanbr\u00f6derna&#8221;? <\/em><\/strong><br \/>\n&#8221;<em>-Ja, vi kl\u00e4ttrade ju i tr\u00e4na&#8221; <\/em>s\u00e4ger Stig. Fast sen ber\u00e4ttar han att det var inte alla pojkarna Thor\u00e9n som var skogsarbetare. Han sj\u00e4lv jobbade l\u00e4nge som ladug\u00e5rdsf\u00f6rman.<\/p>\n<p>Jag undrade hur det gick ihop med hans k\u00e4nsla f\u00f6r djur. Stig \u00e4lskar djur och s\u00e4ger att jobbet f\u00f6r det mesta var bra. <em>&#8221;-Men det var hemskt att b\u00e4ra ut de sm\u00e5 tjurkalvarna till slakt&#8221;<\/em> s\u00e4ger han och ruskar p\u00e5 huvudet.<br \/>\nHan \u00e4r glad \u00f6ver att jag tycker om djur. Hans syster ber\u00e4ttat att jag \u00e4r en riktigt stor djurv\u00e4n. Jag nickar inst\u00e4mmande. Stig s\u00e4ger att han inte tycker om j\u00e4gare och n\u00e4r det \u00e4r inslag om jakt p\u00e5 TV s\u00e5 st\u00e4nger han av. Annars betyder TV:n mycket f\u00f6r Stig nu n\u00e4r han \u00e4r 84 och inte \u00e4r lika alert som f\u00f6rr.<br \/>\nAllm\u00e4nheten har nog m\u00e4rkt av Stigs djurv\u00e4nlighet. Han brukar mata \u00e4nderna i \u00e5n om vintrarna.<\/p>\n<p>Men \u00e5ter till <strong>Tarzanbr\u00f6derna!<\/strong> Jag avsl\u00f6jar f\u00f6r Stig att jag var j\u00e4tter\u00e4dd f\u00f6r honom och hans br\u00f6der n\u00e4r jag var liten. <em>&#8221;Akta dig f\u00f6r tarzanbr\u00f6derna!&#8221;<\/em><strong> <\/strong>sa de \u00e4ldre barnen och det gjorde man.<br \/>\nJag minns en g\u00e5ng n\u00e4r vi var p\u00e5 skolutflykt till skogen och vi pl\u00f6tsligt fick se ett g\u00e4ng karlar sitta p\u00e5 en timmerplats och dricka kaffe. <strong>&#8221;-TARZANBR\u00d6DERNA!&#8221;<\/strong> skrek n\u00e5gon och vi sprang f\u00f6r glatta livet!<\/p>\n<p>N\u00e4r jag ber\u00e4ttar det f\u00f6r Stig s\u00e5 skakar han p\u00e5 huvudet. <em>&#8221;-Och vi som var v\u00e4rldens sn\u00e4llaste&#8221;<\/em> s\u00e4ger han och skrattar.<\/p>\n<p><a href=\"http:\/\/www.filindeblogg.nu\/wp-content\/uploads\/2008\/11\/stig-thoren-4_resize.jpg\"><img loading=\"lazy\" class=\"alignnone size-full wp-image-3174\" title=\"stig-thoren-4_resize\" src=\"http:\/\/www.filindeblogg.nu\/wp-content\/uploads\/2008\/11\/stig-thoren-4_resize.jpg\" alt=\"\" width=\"461\" height=\"614\" srcset=\"http:\/\/www.filindeblogg.nu\/wp-content\/uploads\/2008\/11\/stig-thoren-4_resize.jpg 461w, http:\/\/www.filindeblogg.nu\/wp-content\/uploads\/2008\/11\/stig-thoren-4_resize-225x300.jpg 225w\" sizes=\"(max-width: 461px) 100vw, 461px\" \/><\/a>S\u00e5 h\u00e4r s\u00e5g han ut n\u00e4r det begav sig!<strong> Veckans Babe &#8211; Stig Thor\u00e9n fr\u00e5n Arboga! En riktig snygging! <\/strong>Och det g\u00e4ller nu som d\u00e5!<\/p>\n<p><a href=\"http:\/\/www.filindeblogg.nu\/wp-content\/uploads\/2008\/11\/stig-thoren-letar-efter-bilder_resize.jpg\"><img loading=\"lazy\" class=\"alignnone size-full wp-image-3175\" title=\"stig-thoren-letar-efter-bilder_resize\" src=\"http:\/\/www.filindeblogg.nu\/wp-content\/uploads\/2008\/11\/stig-thoren-letar-efter-bilder_resize.jpg\" alt=\"\" width=\"500\" height=\"375\" srcset=\"http:\/\/www.filindeblogg.nu\/wp-content\/uploads\/2008\/11\/stig-thoren-letar-efter-bilder_resize.jpg 614w, http:\/\/www.filindeblogg.nu\/wp-content\/uploads\/2008\/11\/stig-thoren-letar-efter-bilder_resize-300x225.jpg 300w\" sizes=\"(max-width: 500px) 100vw, 500px\" \/><\/a>Jag vill g\u00e4rna se fler foton och Stig letar.<\/p>\n<p><a href=\"http:\/\/www.filindeblogg.nu\/wp-content\/uploads\/2008\/11\/stig-thoren-mc-1_resize.jpg\"><img loading=\"lazy\" class=\"alignnone size-full wp-image-3176\" title=\"stig-thoren-mc-1_resize\" src=\"http:\/\/www.filindeblogg.nu\/wp-content\/uploads\/2008\/11\/stig-thoren-mc-1_resize.jpg\" alt=\"\" width=\"461\" height=\"614\" srcset=\"http:\/\/www.filindeblogg.nu\/wp-content\/uploads\/2008\/11\/stig-thoren-mc-1_resize.jpg 461w, http:\/\/www.filindeblogg.nu\/wp-content\/uploads\/2008\/11\/stig-thoren-mc-1_resize-225x300.jpg 225w\" sizes=\"(max-width: 461px) 100vw, 461px\" \/><\/a>Stig \u00e4lskar motorcyklar och \u00e4gde m\u00e5nga under \u00e5rens lopp!<br \/>\nN\u00e4r jag ber\u00e4ttar f\u00f6r min pappa om bes\u00f6ket hos Stig s\u00e5 minns han att Stig Thor\u00e9n bytte MC ofta och hade de finaste motorcyklarna. Det v\u00e4ckte uppseende i lilla Arboga.<\/p>\n<p><a href=\"http:\/\/www.filindeblogg.nu\/wp-content\/uploads\/2008\/11\/stig-thoren-mc2_resize.jpg\"><img loading=\"lazy\" class=\"alignnone size-full wp-image-3177\" title=\"stig-thoren-mc2_resize\" src=\"http:\/\/www.filindeblogg.nu\/wp-content\/uploads\/2008\/11\/stig-thoren-mc2_resize.jpg\" alt=\"\" width=\"461\" height=\"614\" srcset=\"http:\/\/www.filindeblogg.nu\/wp-content\/uploads\/2008\/11\/stig-thoren-mc2_resize.jpg 461w, http:\/\/www.filindeblogg.nu\/wp-content\/uploads\/2008\/11\/stig-thoren-mc2_resize-225x300.jpg 225w\" sizes=\"(max-width: 461px) 100vw, 461px\" \/><\/a><\/p>\n<p>L\u00e4nge hade han kvar intresset f\u00f6r motorcyklar. Numera h\u00e5ller Stig sig till MC-tidningar.<\/p>\n<p><a href=\"http:\/\/www.filindeblogg.nu\/wp-content\/uploads\/2008\/11\/stig-thoren-letar-efter-annu-fler-bilder_resize.jpg\"><img loading=\"lazy\" class=\"alignnone size-medium wp-image-3178\" title=\"stig-thoren-letar-efter-annu-fler-bilder_resize\" src=\"http:\/\/www.filindeblogg.nu\/wp-content\/uploads\/2008\/11\/stig-thoren-letar-efter-annu-fler-bilder_resize-300x225.jpg\" alt=\"\" width=\"300\" height=\"225\" srcset=\"http:\/\/www.filindeblogg.nu\/wp-content\/uploads\/2008\/11\/stig-thoren-letar-efter-annu-fler-bilder_resize-300x225.jpg 300w, http:\/\/www.filindeblogg.nu\/wp-content\/uploads\/2008\/11\/stig-thoren-letar-efter-annu-fler-bilder_resize.jpg 614w\" sizes=\"(max-width: 300px) 100vw, 300px\" \/><\/a>Stig har flera st\u00e4llen d\u00e4r det finns fotografier.<\/p>\n<p><a href=\"http:\/\/www.filindeblogg.nu\/wp-content\/uploads\/2008\/11\/stig-thoren-har-hittat-bilder_resize.jpg\"><img loading=\"lazy\" class=\"alignnone size-full wp-image-3179\" title=\"stig-thoren-har-hittat-bilder_resize\" src=\"http:\/\/www.filindeblogg.nu\/wp-content\/uploads\/2008\/11\/stig-thoren-har-hittat-bilder_resize.jpg\" alt=\"\" width=\"500\" height=\"375\" srcset=\"http:\/\/www.filindeblogg.nu\/wp-content\/uploads\/2008\/11\/stig-thoren-har-hittat-bilder_resize.jpg 614w, http:\/\/www.filindeblogg.nu\/wp-content\/uploads\/2008\/11\/stig-thoren-har-hittat-bilder_resize-300x225.jpg 300w\" sizes=\"(max-width: 500px) 100vw, 500px\" \/><\/a>Vid k\u00f6ksbordet f\u00e5r jag se de olika motorcyklar som Stig har \u00e4gt.<\/p>\n<p><a href=\"http:\/\/www.filindeblogg.nu\/wp-content\/uploads\/2008\/11\/stig-thorens-mcbilder_resize.jpg\"><img loading=\"lazy\" class=\"alignnone size-medium wp-image-3180\" title=\"stig-thorens-mcbilder_resize\" src=\"http:\/\/www.filindeblogg.nu\/wp-content\/uploads\/2008\/11\/stig-thorens-mcbilder_resize-225x300.jpg\" alt=\"\" width=\"225\" height=\"300\" srcset=\"http:\/\/www.filindeblogg.nu\/wp-content\/uploads\/2008\/11\/stig-thorens-mcbilder_resize-225x300.jpg 225w, http:\/\/www.filindeblogg.nu\/wp-content\/uploads\/2008\/11\/stig-thorens-mcbilder_resize.jpg 461w\" sizes=\"(max-width: 225px) 100vw, 225px\" \/><\/a>Foton<a href=\"http:\/\/www.filindeblogg.nu\/wp-content\/uploads\/2008\/11\/stig-thorens-mcbilder-2_resize.jpg\"><img loading=\"lazy\" class=\"alignnone size-medium wp-image-3181\" title=\"stig-thorens-mcbilder-2_resize\" src=\"http:\/\/www.filindeblogg.nu\/wp-content\/uploads\/2008\/11\/stig-thorens-mcbilder-2_resize-225x300.jpg\" alt=\"\" width=\"225\" height=\"300\" srcset=\"http:\/\/www.filindeblogg.nu\/wp-content\/uploads\/2008\/11\/stig-thorens-mcbilder-2_resize-225x300.jpg 225w, http:\/\/www.filindeblogg.nu\/wp-content\/uploads\/2008\/11\/stig-thorens-mcbilder-2_resize.jpg 461w\" sizes=\"(max-width: 225px) 100vw, 225px\" \/><\/a><\/p>\n<p>Stig Thor\u00e9n k\u00f6r inte MC l\u00e4ngre men ber\u00e4ttar g\u00e4rna livfullt om sina minnen!<\/p>\n<p><a href=\"http:\/\/www.filindeblogg.nu\/wp-content\/uploads\/2008\/11\/stig-thoren-sista-bilden-pa-bloggen_resize.jpg\"><img loading=\"lazy\" class=\"alignnone size-full wp-image-3182\" title=\"stig-thoren-sista-bilden-pa-bloggen_resize\" src=\"http:\/\/www.filindeblogg.nu\/wp-content\/uploads\/2008\/11\/stig-thoren-sista-bilden-pa-bloggen_resize.jpg\" alt=\"\" width=\"500\" height=\"375\" srcset=\"http:\/\/www.filindeblogg.nu\/wp-content\/uploads\/2008\/11\/stig-thoren-sista-bilden-pa-bloggen_resize.jpg 614w, http:\/\/www.filindeblogg.nu\/wp-content\/uploads\/2008\/11\/stig-thoren-sista-bilden-pa-bloggen_resize-300x225.jpg 300w\" sizes=\"(max-width: 500px) 100vw, 500px\" \/><\/a><\/p>\n<p>Lika pillimarisk som alltid \u00e4r han &#8211; <strong>Stig Thor\u00e9n! <\/strong><br \/>\nGlimten i \u00f6gat och ett glatt hum\u00f6r har pr\u00e4glat hans s\u00e4tt s\u00e5 l\u00e4nge jag k\u00e4nt honom. En kille v\u00e4l v\u00e4rd att utn\u00e4mnas till <strong>VECKANS BABE!<\/strong><\/p>\n<p>Jag avslutar bloggen om Veckans Babe &#8211; Stig &#8211; med en bild fr\u00e5n lokaltidningen, publicerad i augusti f\u00f6rra \u00e5ret. Den visar <strong>hela syskongruppen Thor\u00e9n f\u00f6rutom Sven<\/strong> som avled f\u00f6r n\u00e5gra \u00e5r sedan. Storebror f\u00f6r hela skaran &#8211; Stig &#8211; st\u00e5r l\u00e4ngst till v\u00e4nster, \u00f6vriga \u00e4r Karin M\u00f6ller, \u00c5ke Thor\u00e9n, Lilly M\u00e5rdh, Arne Thor\u00e9n, Ellen Ray, Allan Thor\u00e9n, Jenny Lilja Thor\u00e9n, Folke Thor\u00e9n och Svea Thor\u00e9n.<\/p>\n<p><a href=\"http:\/\/www.filindeblogg.nu\/wp-content\/uploads\/2008\/11\/syskonen-thoren-10-aug-2007_resize.jpg\"><img loading=\"lazy\" class=\"alignnone size-full wp-image-3183\" title=\"syskonen-thoren-10-aug-2007_resize\" src=\"http:\/\/www.filindeblogg.nu\/wp-content\/uploads\/2008\/11\/syskonen-thoren-10-aug-2007_resize.jpg\" alt=\"\" width=\"500\" height=\"375\" srcset=\"http:\/\/www.filindeblogg.nu\/wp-content\/uploads\/2008\/11\/syskonen-thoren-10-aug-2007_resize.jpg 614w, http:\/\/www.filindeblogg.nu\/wp-content\/uploads\/2008\/11\/syskonen-thoren-10-aug-2007_resize-300x225.jpg 300w\" sizes=\"(max-width: 500px) 100vw, 500px\" \/><\/a><\/p>\n","protected":false},"excerpt":{"rendered":"<p>Detta \u00e4r VECKANS BABE!! STIG THOR\u00c8N! Veckans babe \u00e4r den \u00e4ldste hittills! F\u00f6dd 1924 som \u00e4ldsta barnet i en syskonskara som skulle bli 11! H\u00e4r ser ni STIG med sina syskon i en tidig bild. Pappa Valfrid och mamma Judit fostrade sina barn i en liten torpstuga v\u00e4ster om Arboga. Stig ber\u00e4ttar att 13 personer [&hellip;]<\/p>\n","protected":false},"author":1,"featured_media":0,"comment_status":"open","ping_status":"open","sticky":false,"template":"","format":"standard","meta":[],"categories":[100,103],"tags":[],"_links":{"self":[{"href":"http:\/\/www.filindeblogg.nu\/index.php?rest_route=\/wp\/v2\/posts\/3169"}],"collection":[{"href":"http:\/\/www.filindeblogg.nu\/index.php?rest_route=\/wp\/v2\/posts"}],"about":[{"href":"http:\/\/www.filindeblogg.nu\/index.php?rest_route=\/wp\/v2\/types\/post"}],"author":[{"embeddable":true,"href":"http:\/\/www.filindeblogg.nu\/index.php?rest_route=\/wp\/v2\/users\/1"}],"replies":[{"embeddable":true,"href":"http:\/\/www.filindeblogg.nu\/index.php?rest_route=%2Fwp%2Fv2%2Fcomments&post=3169"}],"version-history":[{"count":3,"href":"http:\/\/www.filindeblogg.nu\/index.php?rest_route=\/wp\/v2\/posts\/3169\/revisions"}],"predecessor-version":[{"id":3196,"href":"http:\/\/www.filindeblogg.nu\/index.php?rest_route=\/wp\/v2\/posts\/3169\/revisions\/3196"}],"wp:attachment":[{"href":"http:\/\/www.filindeblogg.nu\/index.php?rest_route=%2Fwp%2Fv2%2Fmedia&parent=3169"}],"wp:term":[{"taxonomy":"category","embeddable":true,"href":"http:\/\/www.filindeblogg.nu\/index.php?rest_route=%2Fwp%2Fv2%2Fcategories&post=3169"},{"taxonomy":"post_tag","embeddable":true,"href":"http:\/\/www.filindeblogg.nu\/index.php?rest_route=%2Fwp%2Fv2%2Ftags&post=3169"}],"curies":[{"name":"wp","href":"https:\/\/api.w.org\/{rel}","templated":true}]}}