{"id":31594,"date":"2012-04-12T10:57:14","date_gmt":"2012-04-12T09:57:14","guid":{"rendered":"http:\/\/www.filindeblogg.nu\/?p=31594"},"modified":"2012-04-12T14:20:43","modified_gmt":"2012-04-12T13:20:43","slug":"ute-och-cyklar-om-prarievargar-adhd-och-andra-problem","status":"publish","type":"post","link":"http:\/\/www.filindeblogg.nu\/?p=31594","title":{"rendered":"Ute och cyklar &#8211; om pr\u00e4rievargar, ADHD och andra &#8221;problem&#8221;"},"content":{"rendered":"<p>Nej, idag tog jag apostlah\u00e4starna som vanligt och inte cykeln &#8211; men mer om cyklande mot slutet&#8230;<br \/>\nJag m\u00e5ste \u00e5ter f\u00f6r\u00e4ra er lite fler bilder fr\u00e5n samma gamla vanliga promenadrunda men t\u00e4nk s\u00e5 vyerna \u00e4ndras beroende p\u00e5 v\u00e4dret och vilka man m\u00f6ter!<\/p>\n<p><a href=\"http:\/\/www.filindeblogg.nu\/?attachment_id=31595\" rel=\"attachment wp-att-31595\"><img loading=\"lazy\" class=\"alignnone  wp-image-31595\" title=\"IMG_4870 (3)\" src=\"http:\/\/www.filindeblogg.nu\/wp-content\/uploads\/2012\/04\/IMG_4870-3-225x300.jpg\" alt=\"\" width=\"135\" height=\"180\" srcset=\"http:\/\/www.filindeblogg.nu\/wp-content\/uploads\/2012\/04\/IMG_4870-3-225x300.jpg 225w, http:\/\/www.filindeblogg.nu\/wp-content\/uploads\/2012\/04\/IMG_4870-3.jpg 346w\" sizes=\"(max-width: 135px) 100vw, 135px\" \/><\/a> Grannflickan med kompis p\u00e5 v\u00e4g till skolan. Bloggarens gamla vanliga promenad allts\u00e5&#8230; <a href=\"http:\/\/www.filindeblogg.nu\/?attachment_id=31596\" rel=\"attachment wp-att-31596\"><img loading=\"lazy\" class=\"alignnone  wp-image-31596\" title=\"IMG_4872 (3)\" src=\"http:\/\/www.filindeblogg.nu\/wp-content\/uploads\/2012\/04\/IMG_4872-3-225x300.jpg\" alt=\"\" width=\"135\" height=\"180\" srcset=\"http:\/\/www.filindeblogg.nu\/wp-content\/uploads\/2012\/04\/IMG_4872-3-225x300.jpg 225w, http:\/\/www.filindeblogg.nu\/wp-content\/uploads\/2012\/04\/IMG_4872-3.jpg 346w\" sizes=\"(max-width: 135px) 100vw, 135px\" \/><\/a><br \/>\n<strong>Gillbergs<\/strong> stod i v\u00e4gen! <a href=\"http:\/\/www.filindeblogg.nu\/?attachment_id=31597\" rel=\"attachment wp-att-31597\"><img loading=\"lazy\" class=\"alignnone  wp-image-31597\" title=\"IMG_4879 (3)\" src=\"http:\/\/www.filindeblogg.nu\/wp-content\/uploads\/2012\/04\/IMG_4879-3-225x300.jpg\" alt=\"\" width=\"135\" height=\"180\" srcset=\"http:\/\/www.filindeblogg.nu\/wp-content\/uploads\/2012\/04\/IMG_4879-3-225x300.jpg 225w, http:\/\/www.filindeblogg.nu\/wp-content\/uploads\/2012\/04\/IMG_4879-3.jpg 346w\" sizes=\"(max-width: 135px) 100vw, 135px\" \/><\/a> Killen fr\u00e5n <strong>Gillbergs Milj\u00f6frakt<\/strong> spolade omr\u00e5det d\u00e4r jag gick men upph\u00f6rde sn\u00e4llt n\u00e4r jag passerade. <a href=\"http:\/\/www.filindeblogg.nu\/?attachment_id=31598\" rel=\"attachment wp-att-31598\"><img loading=\"lazy\" class=\"alignnone  wp-image-31598\" title=\"IMG_4880 (3)\" src=\"http:\/\/www.filindeblogg.nu\/wp-content\/uploads\/2012\/04\/IMG_4880-3-225x300.jpg\" alt=\"\" width=\"135\" height=\"180\" srcset=\"http:\/\/www.filindeblogg.nu\/wp-content\/uploads\/2012\/04\/IMG_4880-3-225x300.jpg 225w, http:\/\/www.filindeblogg.nu\/wp-content\/uploads\/2012\/04\/IMG_4880-3.jpg 346w\" sizes=\"(max-width: 135px) 100vw, 135px\" \/><\/a><\/p>\n<p>Vy fr\u00e5n &#8221;cykelbron&#8221; \u00e5t \u00f6st: <a href=\"http:\/\/www.filindeblogg.nu\/?attachment_id=31599\" rel=\"attachment wp-att-31599\"><img loading=\"lazy\" class=\"alignnone  wp-image-31599\" title=\"IMG_4881 (3)\" src=\"http:\/\/www.filindeblogg.nu\/wp-content\/uploads\/2012\/04\/IMG_4881-3-300x225.jpg\" alt=\"\" width=\"180\" height=\"135\" srcset=\"http:\/\/www.filindeblogg.nu\/wp-content\/uploads\/2012\/04\/IMG_4881-3-300x225.jpg 300w, http:\/\/www.filindeblogg.nu\/wp-content\/uploads\/2012\/04\/IMG_4881-3.jpg 461w\" sizes=\"(max-width: 180px) 100vw, 180px\" \/><\/a> Och \u00e5t andra h\u00e5llet: <a href=\"http:\/\/www.filindeblogg.nu\/?attachment_id=31600\" rel=\"attachment wp-att-31600\"><img loading=\"lazy\" class=\"alignnone  wp-image-31600\" title=\"IMG_4884 (3)\" src=\"http:\/\/www.filindeblogg.nu\/wp-content\/uploads\/2012\/04\/IMG_4884-3-300x225.jpg\" alt=\"\" width=\"180\" height=\"135\" srcset=\"http:\/\/www.filindeblogg.nu\/wp-content\/uploads\/2012\/04\/IMG_4884-3-300x225.jpg 300w, http:\/\/www.filindeblogg.nu\/wp-content\/uploads\/2012\/04\/IMG_4884-3.jpg 461w\" sizes=\"(max-width: 180px) 100vw, 180px\" \/><\/a> Molnen g\u00f6r bilderna mer dramatiska.<br \/>\nH\u00e4r kommer fler: <a href=\"http:\/\/www.filindeblogg.nu\/?attachment_id=31601\" rel=\"attachment wp-att-31601\"><img loading=\"lazy\" class=\"alignnone  wp-image-31601\" title=\"IMG_4885 (3)\" src=\"http:\/\/www.filindeblogg.nu\/wp-content\/uploads\/2012\/04\/IMG_4885-3-300x225.jpg\" alt=\"\" width=\"180\" height=\"135\" srcset=\"http:\/\/www.filindeblogg.nu\/wp-content\/uploads\/2012\/04\/IMG_4885-3-300x225.jpg 300w, http:\/\/www.filindeblogg.nu\/wp-content\/uploads\/2012\/04\/IMG_4885-3.jpg 461w\" sizes=\"(max-width: 180px) 100vw, 180px\" \/><\/a><br \/>\nDen h\u00e4r bilden tycker jag \u00e4r s\u00e4rskilt vacker: <a href=\"http:\/\/www.filindeblogg.nu\/?attachment_id=31602\" rel=\"attachment wp-att-31602\"><img loading=\"lazy\" class=\"alignnone  wp-image-31602\" title=\"IMG_4889 (3)\" src=\"http:\/\/www.filindeblogg.nu\/wp-content\/uploads\/2012\/04\/IMG_4889-3-300x225.jpg\" alt=\"\" width=\"180\" height=\"135\" srcset=\"http:\/\/www.filindeblogg.nu\/wp-content\/uploads\/2012\/04\/IMG_4889-3-300x225.jpg 300w, http:\/\/www.filindeblogg.nu\/wp-content\/uploads\/2012\/04\/IMG_4889-3.jpg 461w\" sizes=\"(max-width: 180px) 100vw, 180px\" \/><\/a> Den dramatiska himlen i bl\u00e5 toner, det bl\u00e5a vattnet och de bl\u00e5 husen p\u00e5 andra sidan.<\/p>\n<p><a href=\"http:\/\/www.filindeblogg.nu\/?attachment_id=31603\" rel=\"attachment wp-att-31603\"><img loading=\"lazy\" class=\"alignnone  wp-image-31603\" title=\"IMG_4893 (3)\" src=\"http:\/\/www.filindeblogg.nu\/wp-content\/uploads\/2012\/04\/IMG_4893-3-225x300.jpg\" alt=\"\" width=\"135\" height=\"180\" srcset=\"http:\/\/www.filindeblogg.nu\/wp-content\/uploads\/2012\/04\/IMG_4893-3-225x300.jpg 225w, http:\/\/www.filindeblogg.nu\/wp-content\/uploads\/2012\/04\/IMG_4893-3.jpg 346w\" sizes=\"(max-width: 135px) 100vw, 135px\" \/><\/a> Vad vore <strong>Arboga<\/strong> utan sin \u00e5! <a href=\"http:\/\/www.filindeblogg.nu\/?attachment_id=31604\" rel=\"attachment wp-att-31604\"><img loading=\"lazy\" class=\"alignnone  wp-image-31604\" title=\"IMG_4895 (3)\" src=\"http:\/\/www.filindeblogg.nu\/wp-content\/uploads\/2012\/04\/IMG_4895-3-225x300.jpg\" alt=\"\" width=\"135\" height=\"180\" srcset=\"http:\/\/www.filindeblogg.nu\/wp-content\/uploads\/2012\/04\/IMG_4895-3-225x300.jpg 225w, http:\/\/www.filindeblogg.nu\/wp-content\/uploads\/2012\/04\/IMG_4895-3.jpg 346w\" sizes=\"(max-width: 135px) 100vw, 135px\" \/><\/a><\/p>\n<p>\u00c5rensningen \u00e4r i g\u00e5ng igen. <a href=\"http:\/\/www.filindeblogg.nu\/?attachment_id=31605\" rel=\"attachment wp-att-31605\"><img loading=\"lazy\" class=\"alignnone  wp-image-31605\" title=\"IMG_4897 (3)\" src=\"http:\/\/www.filindeblogg.nu\/wp-content\/uploads\/2012\/04\/IMG_4897-3-300x225.jpg\" alt=\"\" width=\"180\" height=\"135\" srcset=\"http:\/\/www.filindeblogg.nu\/wp-content\/uploads\/2012\/04\/IMG_4897-3-300x225.jpg 300w, http:\/\/www.filindeblogg.nu\/wp-content\/uploads\/2012\/04\/IMG_4897-3.jpg 461w\" sizes=\"(max-width: 180px) 100vw, 180px\" \/><\/a><br \/>\nUt p\u00e5 vattnet: <a href=\"http:\/\/www.filindeblogg.nu\/?attachment_id=31606\" rel=\"attachment wp-att-31606\"><img loading=\"lazy\" class=\"alignnone  wp-image-31606\" title=\"IMG_4898 (3)\" src=\"http:\/\/www.filindeblogg.nu\/wp-content\/uploads\/2012\/04\/IMG_4898-3-300x225.jpg\" alt=\"\" width=\"180\" height=\"135\" srcset=\"http:\/\/www.filindeblogg.nu\/wp-content\/uploads\/2012\/04\/IMG_4898-3-300x225.jpg 300w, http:\/\/www.filindeblogg.nu\/wp-content\/uploads\/2012\/04\/IMG_4898-3.jpg 461w\" sizes=\"(max-width: 180px) 100vw, 180px\" \/><\/a><\/p>\n<p>P\u00e5 kajkanten p\u00e5gick morgontv\u00e4tten! <a href=\"http:\/\/www.filindeblogg.nu\/?attachment_id=31607\" rel=\"attachment wp-att-31607\"><img loading=\"lazy\" class=\"alignnone  wp-image-31607\" title=\"IMG_4899 (3)\" src=\"http:\/\/www.filindeblogg.nu\/wp-content\/uploads\/2012\/04\/IMG_4899-3-300x225.jpg\" alt=\"\" width=\"180\" height=\"135\" srcset=\"http:\/\/www.filindeblogg.nu\/wp-content\/uploads\/2012\/04\/IMG_4899-3-300x225.jpg 300w, http:\/\/www.filindeblogg.nu\/wp-content\/uploads\/2012\/04\/IMG_4899-3.jpg 461w\" sizes=\"(max-width: 180px) 100vw, 180px\" \/><\/a><\/p>\n<p>Uppe p\u00e5 <strong>Herrg\u00e5rdsbron<\/strong> s\u00e5g jag detta: <a href=\"http:\/\/www.filindeblogg.nu\/?attachment_id=31608\" rel=\"attachment wp-att-31608\"><img loading=\"lazy\" class=\"alignnone  wp-image-31608\" title=\"IMG_4902 (3)\" src=\"http:\/\/www.filindeblogg.nu\/wp-content\/uploads\/2012\/04\/IMG_4902-3-225x300.jpg\" alt=\"\" width=\"135\" height=\"180\" srcset=\"http:\/\/www.filindeblogg.nu\/wp-content\/uploads\/2012\/04\/IMG_4902-3-225x300.jpg 225w, http:\/\/www.filindeblogg.nu\/wp-content\/uploads\/2012\/04\/IMG_4902-3.jpg 346w\" sizes=\"(max-width: 135px) 100vw, 135px\" \/><\/a> <strong>&#8221;Norsylingen p\u00e5 l\u00f6rdag&#8221;<\/strong>! D\u00e5 kommer det att vara fullt med folk h\u00e4r nedanf\u00f6r Herrg\u00e5rdsbron: <a href=\"http:\/\/www.filindeblogg.nu\/?attachment_id=31609\" rel=\"attachment wp-att-31609\"><img loading=\"lazy\" class=\"alignnone  wp-image-31609\" title=\"IMG_4903 (3)\" src=\"http:\/\/www.filindeblogg.nu\/wp-content\/uploads\/2012\/04\/IMG_4903-3-300x225.jpg\" alt=\"\" width=\"180\" height=\"135\" srcset=\"http:\/\/www.filindeblogg.nu\/wp-content\/uploads\/2012\/04\/IMG_4903-3-300x225.jpg 300w, http:\/\/www.filindeblogg.nu\/wp-content\/uploads\/2012\/04\/IMG_4903-3.jpg 461w\" sizes=\"(max-width: 180px) 100vw, 180px\" \/><\/a> I dagens Arboga Tidning kan du l\u00e4sa mer om evenemanget som allts\u00e5 \u00e4r nu p\u00e5 l\u00f6rdag med start klockan 10! <a href=\"http:\/\/www.filindeblogg.nu\/?attachment_id=31610\" rel=\"attachment wp-att-31610\"><img loading=\"lazy\" class=\"alignnone  wp-image-31610\" title=\"IMG_4915 (3)\" src=\"http:\/\/www.filindeblogg.nu\/wp-content\/uploads\/2012\/04\/IMG_4915-3-300x225.jpg\" alt=\"\" width=\"180\" height=\"135\" srcset=\"http:\/\/www.filindeblogg.nu\/wp-content\/uploads\/2012\/04\/IMG_4915-3-300x225.jpg 300w, http:\/\/www.filindeblogg.nu\/wp-content\/uploads\/2012\/04\/IMG_4915-3.jpg 461w\" sizes=\"(max-width: 180px) 100vw, 180px\" \/><\/a> Klicka H\u00c4R f\u00f6r att komma till <a href=\"http:\/\/bblat.se\/nyheter\/arboga\" target=\"_blank\"><strong>Bbl\/AT<\/strong><\/a> d\u00e4r du ocks\u00e5 kan l\u00e4sa om en udda st\u00f6ld.<br \/>\nN\u00e5gon har brutit sig in i ett hus i V<strong>\u00e4stra Skedvi<\/strong>\u00a0 f\u00f6r att stj\u00e4la en uppstoppad pr\u00e4rievarg!! Det verkar knappt finnas n\u00e5gra gr\u00e4nser f\u00f6r varghatet kan det tyckas. Alla vargar &#8211; levande som d\u00f6da &#8211; ska bort fr\u00e5n l\u00e4net. \ud83d\ude09 L\u00e4s mer<a href=\"http:\/\/bblat.se\/nyheter\/koping\/1.1614975-prarievarg-stulen-i-vastra-skedvi\" target=\"_blank\"><strong> H\u00c4R!<\/strong><\/a><br \/>\nH\u00e4r en bild p\u00e5 en levande pr\u00e4rievarg\/koyote: <a href=\"http:\/\/www.filindeblogg.nu\/?attachment_id=31611\" rel=\"attachment wp-att-31611\"><img loading=\"lazy\" class=\"alignnone size-full wp-image-31611\" title=\"Levande pr\u00e4rievarg\" src=\"http:\/\/www.filindeblogg.nu\/wp-content\/uploads\/2012\/04\/Levande-pr\u00e4rievarg.jpg\" alt=\"\" width=\"276\" height=\"183\" \/><\/a><\/p>\n<p>I dagens blad l\u00e4ste jag annat om vargar i l\u00e4net: <a href=\"http:\/\/www.filindeblogg.nu\/?attachment_id=31612\" rel=\"attachment wp-att-31612\"><img loading=\"lazy\" class=\"alignnone  wp-image-31612\" title=\"IMG_4916 (3)\" src=\"http:\/\/www.filindeblogg.nu\/wp-content\/uploads\/2012\/04\/IMG_4916-3-300x225.jpg\" alt=\"\" width=\"180\" height=\"135\" srcset=\"http:\/\/www.filindeblogg.nu\/wp-content\/uploads\/2012\/04\/IMG_4916-3-300x225.jpg 300w, http:\/\/www.filindeblogg.nu\/wp-content\/uploads\/2012\/04\/IMG_4916-3.jpg 461w\" sizes=\"(max-width: 180px) 100vw, 180px\" \/><\/a> S\u00e5 kan det ocks\u00e5 g\u00e5!<\/p>\n<p>Jag tycker j\u00e4gare som blir skogstokiga av vargar \u00e4r ute och cyklar.<br \/>\nCykla kan man g\u00f6ra om man har en s\u00e5dan. N\u00e5gon blev av med sin damtralla f\u00f6rra \u00e5ret f\u00f6r den h\u00e4r cykeln har st\u00e5tt i n\u00e4rheten av bloggarens hem i snart ett \u00e5rs tid. <a href=\"http:\/\/www.filindeblogg.nu\/?attachment_id=31613\" rel=\"attachment wp-att-31613\"><img loading=\"lazy\" class=\"alignnone  wp-image-31613\" title=\"IMG_4904 (3)\" src=\"http:\/\/www.filindeblogg.nu\/wp-content\/uploads\/2012\/04\/IMG_4904-3-225x300.jpg\" alt=\"\" width=\"135\" height=\"180\" srcset=\"http:\/\/www.filindeblogg.nu\/wp-content\/uploads\/2012\/04\/IMG_4904-3-225x300.jpg 225w, http:\/\/www.filindeblogg.nu\/wp-content\/uploads\/2012\/04\/IMG_4904-3.jpg 346w\" sizes=\"(max-width: 135px) 100vw, 135px\" \/><\/a> Fastkedjad och s\u00e5 till den milda grad att flera som f\u00f6rs\u00f6kt f\u00e5 loss den med alla m\u00f6jliga och om\u00f6jliga tillhyggen g\u00e5tt bet. S\u00e5 k\u00e4nner n\u00e5gon igen sin cykel &#8211; och har nyckeln till l\u00e5set &#8211; kom och h\u00e4mta den! <a href=\"http:\/\/www.filindeblogg.nu\/?attachment_id=31614\" rel=\"attachment wp-att-31614\"><img loading=\"lazy\" class=\"alignnone  wp-image-31614\" title=\"IMG_4905 (3)\" src=\"http:\/\/www.filindeblogg.nu\/wp-content\/uploads\/2012\/04\/IMG_4905-3-300x225.jpg\" alt=\"\" width=\"180\" height=\"135\" srcset=\"http:\/\/www.filindeblogg.nu\/wp-content\/uploads\/2012\/04\/IMG_4905-3-300x225.jpg 300w, http:\/\/www.filindeblogg.nu\/wp-content\/uploads\/2012\/04\/IMG_4905-3.jpg 461w\" sizes=\"(max-width: 180px) 100vw, 180px\" \/><\/a><\/p>\n<p><a href=\"http:\/\/www.filindeblogg.nu\/?attachment_id=31615\" rel=\"attachment wp-att-31615\"><img loading=\"lazy\" class=\"alignnone  wp-image-31615\" title=\"Cykla\" src=\"http:\/\/www.filindeblogg.nu\/wp-content\/uploads\/2012\/04\/Cykla.jpg\" alt=\"\" width=\"124\" height=\"146\" \/><\/a>\u00a0Ute och cykla kan man allts\u00e5 vara b\u00e5de bokstavligen och bildligt. N\u00e5got som g\u00f6r bloggaren ledsen ibland, arg ibland men mestadels uppgiven \u00e4r alla som av olika anledningar har &#8221;l\u00f6sningen&#8221; f\u00f6r m\u00e4nniskor med <strong>ADHD<\/strong> och andra egenskaper. Och d\u00e5 menar jag icke-vetenskapliga l\u00f6sningar, ibland rena gesch\u00e4ft. <a href=\"http:\/\/www.filindeblogg.nu\/?attachment_id=31616\" rel=\"attachment wp-att-31616\"><img loading=\"lazy\" class=\"alignnone  wp-image-31616\" title=\"adhd_90231814\" src=\"http:\/\/www.filindeblogg.nu\/wp-content\/uploads\/2012\/04\/adhd_90231814-300x225.jpg\" alt=\"\" width=\"180\" height=\"135\" srcset=\"http:\/\/www.filindeblogg.nu\/wp-content\/uploads\/2012\/04\/adhd_90231814-300x225.jpg 300w, http:\/\/www.filindeblogg.nu\/wp-content\/uploads\/2012\/04\/adhd_90231814.jpg 400w\" sizes=\"(max-width: 180px) 100vw, 180px\" \/><\/a><\/p>\n<p>Anledningarna kan vara av ren godhet. Att vilja v\u00e4l men inte f\u00f6rst\u00e5 ett dugg. Det kan ocks\u00e5 handla om pengar. H\u00e4r om dagen s\u00e5g jag detta p\u00e5 en Internetsida:<br \/>\n&#8221;<em><strong>Har du funderat p\u00e5 varf\u00f6r barn \u00e4r livligare \u00e4n de varit och varf\u00f6r antalet &#8221;bokstavsprognoser&#8221; \u00f6kat starkt de senaste \u00e5ren? Kanske svaret finns i en teori om att de barn som f\u00f6tts sedan mitten av 90-talet har ett mer utvecklat medvetande \u00e4n tidigare generationer. Vi f\u00f6rst\u00e5r dem helt enkelt inte.<br \/>\nBarbro Sol Bronsberg kommer till K\u00f6ping den 25\/4 kl 18-21 och har en f\u00f6rel\u00e4sning om indigo- och kristallbarn.&#8221;<\/strong><\/em><\/p>\n<p>En f\u00f6rel\u00e4sning om att f\u00f6rst\u00e5 sig p\u00e5 &#8221;bokstavsdiagnoser&#8221;. Jag kontaktade f\u00f6rst\u00e5s n\u00e5gra av de inblandade och det visade sig att n\u00e5gon saknade r\u00e4tt mycket av information runt de aktuella diagnoserna medan en annan ville att vi skulle betrakta auror och behandla vissa auror mer varsamt. <a href=\"http:\/\/www.filindeblogg.nu\/?attachment_id=31617\" rel=\"attachment wp-att-31617\"><img loading=\"lazy\" class=\"alignnone size-full wp-image-31617\" title=\"Aura\" src=\"http:\/\/www.filindeblogg.nu\/wp-content\/uploads\/2012\/04\/Aura.jpg\" alt=\"\" width=\"144\" height=\"206\" \/><\/a><br \/>\nBloggaren funderar p\u00e5 om det m\u00f6jligen kan k\u00e4nnas mysigare att ha ett litet &#8221;kristallbarn&#8221; \u00e4n en &#8221;st\u00f6kig unge&#8221;.<\/p>\n<p><a href=\"http:\/\/www.filindeblogg.nu\/?attachment_id=31618\" rel=\"attachment wp-att-31618\"><img loading=\"lazy\" class=\"alignnone  wp-image-31618\" title=\"Flickors-ADD-och-en-knivskarp-v\u00e5rdgaranti-2\" src=\"http:\/\/www.filindeblogg.nu\/wp-content\/uploads\/2012\/04\/Flickors-ADD-och-en-knivskarp-v\u00e5rdgaranti-2-216x300.jpg\" alt=\"\" width=\"130\" height=\"180\" srcset=\"http:\/\/www.filindeblogg.nu\/wp-content\/uploads\/2012\/04\/Flickors-ADD-och-en-knivskarp-v\u00e5rdgaranti-2-216x300.jpg 216w, http:\/\/www.filindeblogg.nu\/wp-content\/uploads\/2012\/04\/Flickors-ADD-och-en-knivskarp-v\u00e5rdgaranti-2-739x1024.jpg 739w, http:\/\/www.filindeblogg.nu\/wp-content\/uploads\/2012\/04\/Flickors-ADD-och-en-knivskarp-v\u00e5rdgaranti-2.jpg 867w\" sizes=\"(max-width: 130px) 100vw, 130px\" \/><\/a>\u00a0 Samma dag fick jag ett brev med e-posten, det h\u00e4r:<\/p>\n<p><strong><em>Jag komm<\/em><\/strong><strong><em>er till K\u00f6ping den 17 april och f\u00f6rel\u00e4ser om \u201dDen borttappade diagnosen\u201d, npf och d\u00e5 framf\u00f6rallt add. \u00c4r ni intresserade av finnas d\u00e4r med ett bokbord s\u00e5 \u00e4r ni hj\u00e4rtligt v\u00e4lkomna. H\u00f6r av dig i s\u00e5 fall till mig s\u00e5 f\u00e5r vi prata mer.\u00a0<\/em><\/strong><\/p>\n<p><a href=\"http:\/\/www.filindeblogg.nu\/?attachment_id=31619\" rel=\"attachment wp-att-31619\"><img loading=\"lazy\" class=\"alignnone  wp-image-31619\" title=\"ADHD snurr\" src=\"http:\/\/www.filindeblogg.nu\/wp-content\/uploads\/2012\/04\/ADHD-snurr-300x281.jpg\" alt=\"\" width=\"180\" height=\"169\" srcset=\"http:\/\/www.filindeblogg.nu\/wp-content\/uploads\/2012\/04\/ADHD-snurr-300x281.jpg 300w, http:\/\/www.filindeblogg.nu\/wp-content\/uploads\/2012\/04\/ADHD-snurr.jpg 322w\" sizes=\"(max-width: 180px) 100vw, 180px\" \/><\/a> Ett sammelsurium av f\u00f6rel\u00e4sningar och \u00e5sikter &#8211; och snart, h\u00e4r i K\u00f6ping!<br \/>\nDet finns ocks\u00e5 id\u00e9er om att TV-tittande ger ADHD liksom f\u00f6r mycket datoranv\u00e4ndande. Socker och godis ger ADHD, s\u00e4ger n\u00e5gra &#8211; medan andra skyller p\u00e5 f\u00f6r\u00e4ldrars d\u00e5liga uppfostran.<br \/>\nHur ska m\u00e4nniskor veta? F\u00f6rst\u00e5? Kunna hj\u00e4lpa? N\u00e4r det sk\u00f6ljer \u00f6ver m\u00e4ngder av information &#8211; n\u00e5gra riktiga, andra tvivelaktiga.\u00a0 <a href=\"http:\/\/www.filindeblogg.nu\/?attachment_id=31624\" rel=\"attachment wp-att-31624\"><img loading=\"lazy\" class=\"alignnone size-full wp-image-31624\" title=\"This is what ADHD feels like\" src=\"http:\/\/www.filindeblogg.nu\/wp-content\/uploads\/2012\/04\/This-is-what-ADHD-feels-like.jpg\" alt=\"\" width=\"180\" height=\"180\" srcset=\"http:\/\/www.filindeblogg.nu\/wp-content\/uploads\/2012\/04\/This-is-what-ADHD-feels-like.jpg 180w, http:\/\/www.filindeblogg.nu\/wp-content\/uploads\/2012\/04\/This-is-what-ADHD-feels-like-150x150.jpg 150w\" sizes=\"(max-width: 180px) 100vw, 180px\" \/><\/a><\/p>\n<p>Jag anser mig ha en del erfarenhet av ADHD, ADD och Aspergers syndrom och jag v\u00e4rjer mig f\u00f6r alla dumheter som marknadsf\u00f6rs &#8211; av dumsn\u00e4llhet eller av girighet.<br \/>\nF\u00f6r de som verkligen vill ha information g\u00e5 in p\u00e5 <strong>Riksf\u00f6rbundet Attentions<\/strong> hemsida genom att klicka <a href=\"http:\/\/www.attention-riks.se\/\" target=\"_blank\"><strong>H\u00c4R!<\/strong><\/a> D\u00e4r kan du ta del av projektarbeten och utbildningar. <a href=\"http:\/\/www.filindeblogg.nu\/?attachment_id=31620\" rel=\"attachment wp-att-31620\"><img loading=\"lazy\" class=\"alignnone  wp-image-31620\" title=\"Attention Utbildning liten logga\" src=\"http:\/\/www.filindeblogg.nu\/wp-content\/uploads\/2012\/04\/Attention-Utbildning-liten-logga-300x99.jpg\" alt=\"\" width=\"180\" height=\"59\" srcset=\"http:\/\/www.filindeblogg.nu\/wp-content\/uploads\/2012\/04\/Attention-Utbildning-liten-logga-300x99.jpg 300w, http:\/\/www.filindeblogg.nu\/wp-content\/uploads\/2012\/04\/Attention-Utbildning-liten-logga.jpg 366w\" sizes=\"(max-width: 180px) 100vw, 180px\" \/><\/a><br \/>\n<strong>Autism- och Aspergersf\u00f6rbundet<\/strong> \u00e4r en annan organisation jag rekommenderar. Klicka <a href=\"http:\/\/www.autism.se\/\" target=\"_blank\"><strong>H\u00c4R<\/strong><\/a> f\u00f6r att komma till den. <a href=\"http:\/\/www.filindeblogg.nu\/?attachment_id=31621\" rel=\"attachment wp-att-31621\"><img loading=\"lazy\" class=\"alignnone  wp-image-31621\" title=\"autism_logga\" src=\"http:\/\/www.filindeblogg.nu\/wp-content\/uploads\/2012\/04\/autism_logga-300x80.gif\" alt=\"\" width=\"180\" height=\"48\" srcset=\"http:\/\/www.filindeblogg.nu\/wp-content\/uploads\/2012\/04\/autism_logga-300x80.gif 300w, http:\/\/www.filindeblogg.nu\/wp-content\/uploads\/2012\/04\/autism_logga.gif 304w\" sizes=\"(max-width: 180px) 100vw, 180px\" \/><\/a><\/p>\n<p><a href=\"http:\/\/www.filindeblogg.nu\/?attachment_id=31622\" rel=\"attachment wp-att-31622\"><img loading=\"lazy\" class=\"alignnone  wp-image-31622\" title=\"IMG_4908 (3)\" src=\"http:\/\/www.filindeblogg.nu\/wp-content\/uploads\/2012\/04\/IMG_4908-3-225x300.jpg\" alt=\"\" width=\"135\" height=\"180\" srcset=\"http:\/\/www.filindeblogg.nu\/wp-content\/uploads\/2012\/04\/IMG_4908-3-225x300.jpg 225w, http:\/\/www.filindeblogg.nu\/wp-content\/uploads\/2012\/04\/IMG_4908-3.jpg 346w\" sizes=\"(max-width: 135px) 100vw, 135px\" \/><\/a> <strong>G\u00e5 inte p\u00e5 allt! Tro gott men var selektiv. Inse ocks\u00e5 att det inte finns n\u00e5gon &#8221;normalmall&#8221; som m\u00e4nniskor ska tillh\u00f6ra. Respektera varandra som vi \u00e4r!<\/strong><\/p>\n<p>Nog cyklat, f\u00f6rl\u00e5t bloggat, f\u00f6r idag! \ud83d\ude09<\/p>\n<p><a href=\"http:\/\/www.filindeblogg.nu\/?attachment_id=31623\" rel=\"attachment wp-att-31623\"><img loading=\"lazy\" class=\"wp-image-31623 aligncenter\" title=\"IMG_4914 (3)\" src=\"http:\/\/www.filindeblogg.nu\/wp-content\/uploads\/2012\/04\/IMG_4914-3-300x225.jpg\" alt=\"\" width=\"180\" height=\"135\" srcset=\"http:\/\/www.filindeblogg.nu\/wp-content\/uploads\/2012\/04\/IMG_4914-3-300x225.jpg 300w, http:\/\/www.filindeblogg.nu\/wp-content\/uploads\/2012\/04\/IMG_4914-3.jpg 461w\" sizes=\"(max-width: 180px) 100vw, 180px\" \/><\/a><\/p>\n<p>&nbsp;<\/p>\n<p>&nbsp;<\/p>\n","protected":false},"excerpt":{"rendered":"<p>Nej, idag tog jag apostlah\u00e4starna som vanligt och inte cykeln &#8211; men mer om cyklande mot slutet&#8230; Jag m\u00e5ste \u00e5ter f\u00f6r\u00e4ra er lite fler bilder fr\u00e5n samma gamla vanliga promenadrunda men t\u00e4nk s\u00e5 vyerna \u00e4ndras beroende p\u00e5 v\u00e4dret och vilka man m\u00f6ter! Grannflickan med kompis p\u00e5 v\u00e4g till skolan. Bloggarens gamla vanliga promenad allts\u00e5&#8230; Gillbergs [&hellip;]<\/p>\n","protected":false},"author":1,"featured_media":0,"comment_status":"open","ping_status":"open","sticky":false,"template":"","format":"standard","meta":[],"categories":[1,127,107,100,101,116,124,130],"tags":[],"_links":{"self":[{"href":"http:\/\/www.filindeblogg.nu\/index.php?rest_route=\/wp\/v2\/posts\/31594"}],"collection":[{"href":"http:\/\/www.filindeblogg.nu\/index.php?rest_route=\/wp\/v2\/posts"}],"about":[{"href":"http:\/\/www.filindeblogg.nu\/index.php?rest_route=\/wp\/v2\/types\/post"}],"author":[{"embeddable":true,"href":"http:\/\/www.filindeblogg.nu\/index.php?rest_route=\/wp\/v2\/users\/1"}],"replies":[{"embeddable":true,"href":"http:\/\/www.filindeblogg.nu\/index.php?rest_route=%2Fwp%2Fv2%2Fcomments&post=31594"}],"version-history":[{"count":44,"href":"http:\/\/www.filindeblogg.nu\/index.php?rest_route=\/wp\/v2\/posts\/31594\/revisions"}],"predecessor-version":[{"id":31669,"href":"http:\/\/www.filindeblogg.nu\/index.php?rest_route=\/wp\/v2\/posts\/31594\/revisions\/31669"}],"wp:attachment":[{"href":"http:\/\/www.filindeblogg.nu\/index.php?rest_route=%2Fwp%2Fv2%2Fmedia&parent=31594"}],"wp:term":[{"taxonomy":"category","embeddable":true,"href":"http:\/\/www.filindeblogg.nu\/index.php?rest_route=%2Fwp%2Fv2%2Fcategories&post=31594"},{"taxonomy":"post_tag","embeddable":true,"href":"http:\/\/www.filindeblogg.nu\/index.php?rest_route=%2Fwp%2Fv2%2Ftags&post=31594"}],"curies":[{"name":"wp","href":"https:\/\/api.w.org\/{rel}","templated":true}]}}