{"id":31224,"date":"2012-04-03T06:44:52","date_gmt":"2012-04-03T05:44:52","guid":{"rendered":"http:\/\/www.filindeblogg.nu\/?p=31224"},"modified":"2012-04-03T06:44:54","modified_gmt":"2012-04-03T05:44:54","slug":"3-april-och-64-pa-morgonen","status":"publish","type":"post","link":"http:\/\/www.filindeblogg.nu\/?p=31224","title":{"rendered":"3 april och -6,4 p\u00e5 morgonen"},"content":{"rendered":"<p>Ja, s\u00e5 \u00e4r det &#8211; 3 april och -6,4 p\u00e5 morgonen. Inget konstigt med det. Det kallas aprilv\u00e4der! \ud83d\ude42 Gilla&#8217;t eller inte.<\/p>\n<p>N\u00e5got som bloggaren absolut inte gillar \u00e4r diskriminering! Det f\u00f6rekommer tyv\u00e4rr r\u00e4tt ofta \u00e4ven i v\u00e5rt s k v\u00e4lf\u00e4rdsland. Ig\u00e5r reagerade jag starkt p\u00e5 <strong>K\u00f6pings Socialtj\u00e4nst<\/strong> och idag finns ins\u00e4ndare med i <strong>B\u00e4rgslagsbladet\/Arboga Tidning<\/strong>: <a href=\"http:\/\/www.filindeblogg.nu\/?attachment_id=31225\" rel=\"attachment wp-att-31225\"><img loading=\"lazy\" class=\"alignnone size-medium wp-image-31225\" title=\"IMG_4631 (2)\" src=\"http:\/\/www.filindeblogg.nu\/wp-content\/uploads\/2012\/04\/IMG_4631-2-225x300.jpg\" alt=\"\" width=\"225\" height=\"300\" srcset=\"http:\/\/www.filindeblogg.nu\/wp-content\/uploads\/2012\/04\/IMG_4631-2-225x300.jpg 225w, http:\/\/www.filindeblogg.nu\/wp-content\/uploads\/2012\/04\/IMG_4631-2.jpg 346w\" sizes=\"(max-width: 225px) 100vw, 225px\" \/><\/a> Har du inte tidningen och vill l\u00e4sa &#8211; g\u00e5 in p\u00e5 <strong>Bbl\/AT<\/strong>:s hemsida s\u00e5 hittar du ins\u00e4ndaren <a href=\"http:\/\/bblat.se\/asikter\/dialog\/1.1604121-upprorande-diskriminering\" target=\"_blank\"><strong>H\u00c4R!<\/strong><\/a><\/p>\n<p>Visst m\u00e5ste vi v\u00e4l kunna kr\u00e4va lite mer av m\u00e4nniskor som ska arbeta med just funktionshinder! Samtidigt vet jag att det verkligen inte \u00e4r sj\u00e4lvklart. Jag har erfarenhet av l\u00e4kare inom psykiatrin som inte vetat s\u00e4rskilt mycket om vare sig Aspergers syndrom eller ADHD.\u00a0 <a href=\"http:\/\/www.filindeblogg.nu\/?attachment_id=31226\" rel=\"attachment wp-att-31226\"><img loading=\"lazy\" class=\"alignnone size-full wp-image-31226\" title=\"ADHD\" src=\"http:\/\/www.filindeblogg.nu\/wp-content\/uploads\/2012\/04\/ADHD.jpg\" alt=\"\" width=\"267\" height=\"189\" \/><\/a><br \/>\n\u00c4nnu s\u00e4mre har det varit med skolpersonalen&#8230; Men med upplysning och med protester mot illa behandling kan vi \u00e4ndra p\u00e5 detta.<br \/>\nNu hoppas jag verkligen att de personer med psykiska funktionshinder i <strong>K\u00f6ping<\/strong> som blivit snuvade p\u00e5 sommarjobben f\u00e5r en andra chans. Det ska de bara ha!<\/p>\n<p><a href=\"http:\/\/www.filindeblogg.nu\/?attachment_id=31227\" rel=\"attachment wp-att-31227\"><img loading=\"lazy\" class=\"alignnone  wp-image-31227\" title=\"IMG_4628 (3)\" src=\"http:\/\/www.filindeblogg.nu\/wp-content\/uploads\/2012\/04\/IMG_4628-3-300x225.jpg\" alt=\"\" width=\"180\" height=\"135\" srcset=\"http:\/\/www.filindeblogg.nu\/wp-content\/uploads\/2012\/04\/IMG_4628-3-300x225.jpg 300w, http:\/\/www.filindeblogg.nu\/wp-content\/uploads\/2012\/04\/IMG_4628-3.jpg 461w\" sizes=\"(max-width: 180px) 100vw, 180px\" \/><\/a>\u00a0 T\u00e4nk om vi alla kunde ha lite mer f\u00f6rdragsamhet med varandra. Inte vara s\u00e5 r\u00e4dda f\u00f6r det ok\u00e4nda och kanske annorlunda. D\u00e5 kunde alla i lugn och ro njuta f\u00e5 njuta av en kall men vacker aprilmorgon.<\/p>\n<p>Utsikt fr\u00e5n f\u00f6nstret. <a href=\"http:\/\/www.filindeblogg.nu\/?attachment_id=31228\" rel=\"attachment wp-att-31228\"><img loading=\"lazy\" class=\"alignnone  wp-image-31228\" title=\"IMG_4625 (2)\" src=\"http:\/\/www.filindeblogg.nu\/wp-content\/uploads\/2012\/04\/IMG_4625-2-300x225.jpg\" alt=\"\" width=\"180\" height=\"135\" srcset=\"http:\/\/www.filindeblogg.nu\/wp-content\/uploads\/2012\/04\/IMG_4625-2-300x225.jpg 300w, http:\/\/www.filindeblogg.nu\/wp-content\/uploads\/2012\/04\/IMG_4625-2.jpg 461w\" sizes=\"(max-width: 180px) 100vw, 180px\" \/><\/a> Solen p\u00e5 v\u00e4g upp.<\/p>\n<p>Jag var \u00e5ter ut p\u00e5 morgonen med mera fr\u00f6n till f\u00e5gelautomaten f\u00f6r nu beh\u00f6ver sm\u00e5f\u00e5glarna hj\u00e4lp. D\u00e5 fick jag fler fina soluppg\u00e5ngsbilder. <a href=\"http:\/\/www.filindeblogg.nu\/?attachment_id=31229\" rel=\"attachment wp-att-31229\"><img loading=\"lazy\" class=\"alignnone  wp-image-31229\" title=\"IMG_4629 (2)\" src=\"http:\/\/www.filindeblogg.nu\/wp-content\/uploads\/2012\/04\/IMG_4629-2-225x300.jpg\" alt=\"\" width=\"135\" height=\"180\" srcset=\"http:\/\/www.filindeblogg.nu\/wp-content\/uploads\/2012\/04\/IMG_4629-2-225x300.jpg 225w, http:\/\/www.filindeblogg.nu\/wp-content\/uploads\/2012\/04\/IMG_4629-2.jpg 346w\" sizes=\"(max-width: 135px) 100vw, 135px\" \/><\/a><br \/>\nS\u00e5 vackert! N\u00e4r jag sen f\u00f6r f\u00f6rsta g\u00e5ngen i \u00e5r fick h\u00f6ra underbara koltrastens trollska s\u00e5ng &#8211; ja, d\u00e5 var det magiskt, himmelskt. <a href=\"http:\/\/www.filindeblogg.nu\/?attachment_id=31230\" rel=\"attachment wp-att-31230\"><img loading=\"lazy\" class=\"alignnone  wp-image-31230\" title=\"IMG_4627 (3)\" src=\"http:\/\/www.filindeblogg.nu\/wp-content\/uploads\/2012\/04\/IMG_4627-3-300x225.jpg\" alt=\"\" width=\"180\" height=\"135\" srcset=\"http:\/\/www.filindeblogg.nu\/wp-content\/uploads\/2012\/04\/IMG_4627-3-300x225.jpg 300w, http:\/\/www.filindeblogg.nu\/wp-content\/uploads\/2012\/04\/IMG_4627-3.jpg 461w\" sizes=\"(max-width: 180px) 100vw, 180px\" \/><\/a><br \/>\nVill du h\u00f6ra koltrasten? Jag hittade flera l\u00e4nkar p\u00e5 <strong>Youtube<\/strong> &#8211; <a href=\"http:\/\/www.youtube.com\/watch?v=4xDFWlOXio0\" target=\"_blank\"><strong>H\u00c4R<\/strong><\/a> \u00e4r en. <a href=\"http:\/\/www.filindeblogg.nu\/?attachment_id=31231\" rel=\"attachment wp-att-31231\"><img loading=\"lazy\" class=\"alignnone  wp-image-31231\" title=\"Koltrast\" src=\"http:\/\/www.filindeblogg.nu\/wp-content\/uploads\/2012\/04\/Koltrast.jpg\" alt=\"\" width=\"154\" height=\"118\" \/><\/a><\/p>\n<p>N\u00e4r kaffet intogs steg solen och fick <strong>Glasbl\u00e5sarg\u00e5rdens<\/strong> syrener att gl\u00f6da. <a href=\"http:\/\/www.filindeblogg.nu\/?attachment_id=31232\" rel=\"attachment wp-att-31232\"><img loading=\"lazy\" class=\"alignnone  wp-image-31232\" title=\"IMG_4634 (3)\" src=\"http:\/\/www.filindeblogg.nu\/wp-content\/uploads\/2012\/04\/IMG_4634-3-300x225.jpg\" alt=\"\" width=\"180\" height=\"135\" srcset=\"http:\/\/www.filindeblogg.nu\/wp-content\/uploads\/2012\/04\/IMG_4634-3-300x225.jpg 300w, http:\/\/www.filindeblogg.nu\/wp-content\/uploads\/2012\/04\/IMG_4634-3.jpg 461w\" sizes=\"(max-width: 180px) 100vw, 180px\" \/><\/a><br \/>\nSnart lyste solen ocks\u00e5 upp v\u00e4ggen p\u00e5 grannhuset. <a href=\"http:\/\/www.filindeblogg.nu\/?attachment_id=31233\" rel=\"attachment wp-att-31233\"><img loading=\"lazy\" class=\"alignnone  wp-image-31233\" title=\"IMG_4635 (2)\" src=\"http:\/\/www.filindeblogg.nu\/wp-content\/uploads\/2012\/04\/IMG_4635-2-300x225.jpg\" alt=\"\" width=\"180\" height=\"135\" srcset=\"http:\/\/www.filindeblogg.nu\/wp-content\/uploads\/2012\/04\/IMG_4635-2-300x225.jpg 300w, http:\/\/www.filindeblogg.nu\/wp-content\/uploads\/2012\/04\/IMG_4635-2.jpg 461w\" sizes=\"(max-width: 180px) 100vw, 180px\" \/><\/a><\/p>\n<p style=\"text-align: center;\">Dagen gryr.<br \/>\nVisst \u00e4r det gott att leva.<\/p>\n<p><a href=\"http:\/\/www.filindeblogg.nu\/?attachment_id=31256\" rel=\"attachment wp-att-31256\"><img loading=\"lazy\" class=\"wp-image-31256 aligncenter\" title=\"Lovisablom\" src=\"http:\/\/www.filindeblogg.nu\/wp-content\/uploads\/2012\/04\/Lovisablom-300x225.jpg\" alt=\"\" width=\"180\" height=\"135\" srcset=\"http:\/\/www.filindeblogg.nu\/wp-content\/uploads\/2012\/04\/Lovisablom-300x225.jpg 300w, http:\/\/www.filindeblogg.nu\/wp-content\/uploads\/2012\/04\/Lovisablom.jpg 461w\" sizes=\"(max-width: 180px) 100vw, 180px\" \/><\/a><\/p>\n<p>&nbsp;<\/p>\n","protected":false},"excerpt":{"rendered":"<p>Ja, s\u00e5 \u00e4r det &#8211; 3 april och -6,4 p\u00e5 morgonen. Inget konstigt med det. Det kallas aprilv\u00e4der! \ud83d\ude42 Gilla&#8217;t eller inte. N\u00e5got som bloggaren absolut inte gillar \u00e4r diskriminering! Det f\u00f6rekommer tyv\u00e4rr r\u00e4tt ofta \u00e4ven i v\u00e5rt s k v\u00e4lf\u00e4rdsland. Ig\u00e5r reagerade jag starkt p\u00e5 K\u00f6pings Socialtj\u00e4nst och idag finns ins\u00e4ndare med i B\u00e4rgslagsbladet\/Arboga [&hellip;]<\/p>\n","protected":false},"author":1,"featured_media":0,"comment_status":"open","ping_status":"open","sticky":false,"template":"","format":"standard","meta":[],"categories":[107,137,100,101,124],"tags":[],"_links":{"self":[{"href":"http:\/\/www.filindeblogg.nu\/index.php?rest_route=\/wp\/v2\/posts\/31224"}],"collection":[{"href":"http:\/\/www.filindeblogg.nu\/index.php?rest_route=\/wp\/v2\/posts"}],"about":[{"href":"http:\/\/www.filindeblogg.nu\/index.php?rest_route=\/wp\/v2\/types\/post"}],"author":[{"embeddable":true,"href":"http:\/\/www.filindeblogg.nu\/index.php?rest_route=\/wp\/v2\/users\/1"}],"replies":[{"embeddable":true,"href":"http:\/\/www.filindeblogg.nu\/index.php?rest_route=%2Fwp%2Fv2%2Fcomments&post=31224"}],"version-history":[{"count":32,"href":"http:\/\/www.filindeblogg.nu\/index.php?rest_route=\/wp\/v2\/posts\/31224\/revisions"}],"predecessor-version":[{"id":31266,"href":"http:\/\/www.filindeblogg.nu\/index.php?rest_route=\/wp\/v2\/posts\/31224\/revisions\/31266"}],"wp:attachment":[{"href":"http:\/\/www.filindeblogg.nu\/index.php?rest_route=%2Fwp%2Fv2%2Fmedia&parent=31224"}],"wp:term":[{"taxonomy":"category","embeddable":true,"href":"http:\/\/www.filindeblogg.nu\/index.php?rest_route=%2Fwp%2Fv2%2Fcategories&post=31224"},{"taxonomy":"post_tag","embeddable":true,"href":"http:\/\/www.filindeblogg.nu\/index.php?rest_route=%2Fwp%2Fv2%2Ftags&post=31224"}],"curies":[{"name":"wp","href":"https:\/\/api.w.org\/{rel}","templated":true}]}}