{"id":31168,"date":"2012-04-02T11:50:13","date_gmt":"2012-04-02T10:50:13","guid":{"rendered":"http:\/\/www.filindeblogg.nu\/?p=31168"},"modified":"2012-04-02T11:50:13","modified_gmt":"2012-04-02T10:50:13","slug":"april-april-ombytligt-vader-och-krankande-socialtjanst","status":"publish","type":"post","link":"http:\/\/www.filindeblogg.nu\/?p=31168","title":{"rendered":"April, april!! Ombytligt v\u00e4der och kr\u00e4nkande socialtj\u00e4nst!"},"content":{"rendered":"<p><strong>April, april!<\/strong> V\u00e4dergudarna narrar oss april! Ig\u00e5r t\u00e4nkte best\u00e4mde vi oss f\u00f6r att ta ut tr\u00e4dg\u00e5rdsm\u00f6blerna. <a href=\"http:\/\/www.filindeblogg.nu\/?attachment_id=31169\" rel=\"attachment wp-att-31169\"><img loading=\"lazy\" class=\"alignnone  wp-image-31169\" title=\"IMG_4577 (3)\" src=\"http:\/\/www.filindeblogg.nu\/wp-content\/uploads\/2012\/04\/IMG_4577-3-300x225.jpg\" alt=\"\" width=\"180\" height=\"135\" srcset=\"http:\/\/www.filindeblogg.nu\/wp-content\/uploads\/2012\/04\/IMG_4577-3-300x225.jpg 300w, http:\/\/www.filindeblogg.nu\/wp-content\/uploads\/2012\/04\/IMG_4577-3.jpg 461w\" sizes=\"(max-width: 180px) 100vw, 180px\" \/><\/a> F\u00f6r drygt en vecka sedan var det ju rena f\u00f6rsommarv\u00e4rmen men h\u00e4r om dagen sn\u00f6ade det s\u00e5 vi var lite os\u00e4kra p\u00e5 om vi gjorde r\u00e4tt. Men det k\u00e4ndes bra att f\u00e5 ut m\u00f6blerna till p\u00e5sk. <a href=\"http:\/\/www.filindeblogg.nu\/?attachment_id=31170\" rel=\"attachment wp-att-31170\"><img loading=\"lazy\" class=\"alignnone  wp-image-31170\" title=\"IMG_4579 (3)\" src=\"http:\/\/www.filindeblogg.nu\/wp-content\/uploads\/2012\/04\/IMG_4579-3-225x300.jpg\" alt=\"\" width=\"135\" height=\"180\" srcset=\"http:\/\/www.filindeblogg.nu\/wp-content\/uploads\/2012\/04\/IMG_4579-3-225x300.jpg 225w, http:\/\/www.filindeblogg.nu\/wp-content\/uploads\/2012\/04\/IMG_4579-3.jpg 346w\" sizes=\"(max-width: 135px) 100vw, 135px\" \/><\/a> Katten<strong> Felix<\/strong> hoppade genast upp p\u00e5 bordet! Och snart var de andra tv\u00e5 p\u00e5 v\u00e4g ut &#8211;<strong> Curry<\/strong> f\u00f6rst och sen <strong>Wilma<\/strong>. <a href=\"http:\/\/www.filindeblogg.nu\/?attachment_id=31171\" rel=\"attachment wp-att-31171\"><img loading=\"lazy\" class=\"alignnone  wp-image-31171\" title=\"IMG_4586 (2)\" src=\"http:\/\/www.filindeblogg.nu\/wp-content\/uploads\/2012\/04\/IMG_4586-2-300x225.jpg\" alt=\"\" width=\"180\" height=\"135\" srcset=\"http:\/\/www.filindeblogg.nu\/wp-content\/uploads\/2012\/04\/IMG_4586-2-300x225.jpg 300w, http:\/\/www.filindeblogg.nu\/wp-content\/uploads\/2012\/04\/IMG_4586-2.jpg 461w\" sizes=\"(max-width: 180px) 100vw, 180px\" \/><\/a><br \/>\nWilma inspekterade utem\u00f6blerna! <a href=\"http:\/\/www.filindeblogg.nu\/?attachment_id=31172\" rel=\"attachment wp-att-31172\"><img loading=\"lazy\" class=\"alignnone  wp-image-31172\" title=\"IMG_4580 (3)\" src=\"http:\/\/www.filindeblogg.nu\/wp-content\/uploads\/2012\/04\/IMG_4580-3-225x300.jpg\" alt=\"\" width=\"135\" height=\"180\" srcset=\"http:\/\/www.filindeblogg.nu\/wp-content\/uploads\/2012\/04\/IMG_4580-3-225x300.jpg 225w, http:\/\/www.filindeblogg.nu\/wp-content\/uploads\/2012\/04\/IMG_4580-3.jpg 346w\" sizes=\"(max-width: 135px) 100vw, 135px\" \/><\/a> Sedan var det tydligen n\u00e5got annat som kr\u00e4vde inspektion&#8230; <a href=\"http:\/\/www.filindeblogg.nu\/?attachment_id=31173\" rel=\"attachment wp-att-31173\"><img loading=\"lazy\" class=\"alignnone  wp-image-31173\" title=\"IMG_4592 (2)\" src=\"http:\/\/www.filindeblogg.nu\/wp-content\/uploads\/2012\/04\/IMG_4592-2-225x300.jpg\" alt=\"\" width=\"135\" height=\"180\" srcset=\"http:\/\/www.filindeblogg.nu\/wp-content\/uploads\/2012\/04\/IMG_4592-2-225x300.jpg 225w, http:\/\/www.filindeblogg.nu\/wp-content\/uploads\/2012\/04\/IMG_4592-2.jpg 346w\" sizes=\"(max-width: 135px) 100vw, 135px\" \/><\/a> Sm\u00e5f\u00e5glarnas fr\u00f6automat&#8230; Och den id\u00e9n var det fler som delade&#8230; <a href=\"http:\/\/www.filindeblogg.nu\/?attachment_id=31174\" rel=\"attachment wp-att-31174\"><img loading=\"lazy\" class=\"alignnone  wp-image-31174\" title=\"IMG_4591 (3)\" src=\"http:\/\/www.filindeblogg.nu\/wp-content\/uploads\/2012\/04\/IMG_4591-3-300x225.jpg\" alt=\"\" width=\"180\" height=\"135\" srcset=\"http:\/\/www.filindeblogg.nu\/wp-content\/uploads\/2012\/04\/IMG_4591-3-300x225.jpg 300w, http:\/\/www.filindeblogg.nu\/wp-content\/uploads\/2012\/04\/IMG_4591-3.jpg 461w\" sizes=\"(max-width: 180px) 100vw, 180px\" \/><\/a> Wilma k\u00e4nde sig lite hotad h\u00e4r eftersom hon och Felix inte \u00e4r s\u00e4rskilt s\u00e5ta v\u00e4nner&#8230; <a href=\"http:\/\/www.filindeblogg.nu\/?attachment_id=31175\" rel=\"attachment wp-att-31175\"><img loading=\"lazy\" class=\"alignnone  wp-image-31175\" title=\"IMG_4590 (3)\" src=\"http:\/\/www.filindeblogg.nu\/wp-content\/uploads\/2012\/04\/IMG_4590-3-225x300.jpg\" alt=\"\" width=\"135\" height=\"180\" srcset=\"http:\/\/www.filindeblogg.nu\/wp-content\/uploads\/2012\/04\/IMG_4590-3-225x300.jpg 225w, http:\/\/www.filindeblogg.nu\/wp-content\/uploads\/2012\/04\/IMG_4590-3.jpg 346w\" sizes=\"(max-width: 135px) 100vw, 135px\" \/><\/a> Men allt gick lugnt till v\u00e4ga och ingen f\u00e5gel inf\u00e5ngades heller. De \u00e4r alldeles f\u00f6r kvicka f\u00f6r tv\u00e5 klumpiga katter i ett \u00e4ppeltr\u00e4d!<\/p>\n<p>Snart var m\u00f6blerna p\u00e5 plats. <a href=\"http:\/\/www.filindeblogg.nu\/?attachment_id=31176\" rel=\"attachment wp-att-31176\"><img loading=\"lazy\" class=\"alignnone  wp-image-31176\" title=\"IMG_4589 (2)\" src=\"http:\/\/www.filindeblogg.nu\/wp-content\/uploads\/2012\/04\/IMG_4589-2-225x300.jpg\" alt=\"\" width=\"135\" height=\"180\" srcset=\"http:\/\/www.filindeblogg.nu\/wp-content\/uploads\/2012\/04\/IMG_4589-2-225x300.jpg 225w, http:\/\/www.filindeblogg.nu\/wp-content\/uploads\/2012\/04\/IMG_4589-2.jpg 346w\" sizes=\"(max-width: 135px) 100vw, 135px\" \/><\/a><br \/>\nMen vad h\u00e4nde sen!? <a href=\"http:\/\/www.filindeblogg.nu\/?attachment_id=31177\" rel=\"attachment wp-att-31177\"><img loading=\"lazy\" class=\"alignnone  wp-image-31177\" title=\"IMG_4602 (2)\" src=\"http:\/\/www.filindeblogg.nu\/wp-content\/uploads\/2012\/04\/IMG_4602-2-300x225.jpg\" alt=\"\" width=\"180\" height=\"135\" srcset=\"http:\/\/www.filindeblogg.nu\/wp-content\/uploads\/2012\/04\/IMG_4602-2-300x225.jpg 300w, http:\/\/www.filindeblogg.nu\/wp-content\/uploads\/2012\/04\/IMG_4602-2.jpg 461w\" sizes=\"(max-width: 180px) 100vw, 180px\" \/><\/a><br \/>\nN\u00e4stan sn\u00f6storm fram p\u00e5 eftermiddagen! <a href=\"http:\/\/www.filindeblogg.nu\/?attachment_id=31178\" rel=\"attachment wp-att-31178\"><img loading=\"lazy\" class=\"alignnone  wp-image-31178\" title=\"IMG_4603 (3)\" src=\"http:\/\/www.filindeblogg.nu\/wp-content\/uploads\/2012\/04\/IMG_4603-3-300x225.jpg\" alt=\"\" width=\"180\" height=\"135\" srcset=\"http:\/\/www.filindeblogg.nu\/wp-content\/uploads\/2012\/04\/IMG_4603-3-300x225.jpg 300w, http:\/\/www.filindeblogg.nu\/wp-content\/uploads\/2012\/04\/IMG_4603-3.jpg 461w\" sizes=\"(max-width: 180px) 100vw, 180px\" \/><\/a> M a o ett riktigt aprilv\u00e4der!<br \/>\nI morse sken solen igen men det k\u00e4ndes inte l\u00e4ge att inta n\u00e5gon kaffet\u00e5r i syrenbers\u00e5n&#8230; <a href=\"http:\/\/www.filindeblogg.nu\/?attachment_id=31179\" rel=\"attachment wp-att-31179\"><img loading=\"lazy\" class=\"alignnone  wp-image-31179\" title=\"IMG_4607 (3)\" src=\"http:\/\/www.filindeblogg.nu\/wp-content\/uploads\/2012\/04\/IMG_4607-3-300x225.jpg\" alt=\"\" width=\"180\" height=\"135\" srcset=\"http:\/\/www.filindeblogg.nu\/wp-content\/uploads\/2012\/04\/IMG_4607-3-300x225.jpg 300w, http:\/\/www.filindeblogg.nu\/wp-content\/uploads\/2012\/04\/IMG_4607-3.jpg 461w\" sizes=\"(max-width: 180px) 100vw, 180px\" \/><\/a> Sn\u00f6t\u00e4ckta bord och b\u00e4nkar.<\/p>\n<p><strong>Arboga Tidning<\/strong> fick mig verkligen att vakna till idag och t o m n\u00e4stan s\u00e4tta kaffet i halsen. Anledning \u00e4r denna sida i tidningen: <a href=\"http:\/\/www.filindeblogg.nu\/?attachment_id=31180\" rel=\"attachment wp-att-31180\"><img loading=\"lazy\" class=\"alignnone size-medium wp-image-31180\" title=\"IMG_4605 (3)\" src=\"http:\/\/www.filindeblogg.nu\/wp-content\/uploads\/2012\/04\/IMG_4605-3-225x300.jpg\" alt=\"\" width=\"225\" height=\"300\" srcset=\"http:\/\/www.filindeblogg.nu\/wp-content\/uploads\/2012\/04\/IMG_4605-3-225x300.jpg 225w, http:\/\/www.filindeblogg.nu\/wp-content\/uploads\/2012\/04\/IMG_4605-3.jpg 346w\" sizes=\"(max-width: 225px) 100vw, 225px\" \/><\/a> <strong>&#8221;Funktionshindrade nekas kaf\u00e9jobb&#8221;<\/strong><\/p>\n<p><a href=\"http:\/\/www.filindeblogg.nu\/?attachment_id=31181\" rel=\"attachment wp-att-31181\"><img loading=\"lazy\" class=\"alignnone size-medium wp-image-31181\" title=\"IMG_4606 (3)\" src=\"http:\/\/www.filindeblogg.nu\/wp-content\/uploads\/2012\/04\/IMG_4606-3-300x225.jpg\" alt=\"\" width=\"300\" height=\"225\" srcset=\"http:\/\/www.filindeblogg.nu\/wp-content\/uploads\/2012\/04\/IMG_4606-3-300x225.jpg 300w, http:\/\/www.filindeblogg.nu\/wp-content\/uploads\/2012\/04\/IMG_4606-3.jpg 461w\" sizes=\"(max-width: 300px) 100vw, 300px\" \/><\/a> Allt var klappat och klart f\u00f6r en grupp m\u00e4nniskor med psykiska funktionshinder att jobba p\u00e5 ett sommarkaf\u00e9 i <strong>K\u00f6ping.<\/strong> D\u00e5 s\u00e4tter chefen p\u00e5 socialtj\u00e4nstens v\u00e5rd- och omsorgsenhet stopp f\u00f6r det hela &#8211; n\u00e5got som bl.a. g\u00f6r att den unga kvinnan p\u00e5 bilden i artikeln inte kommer att f\u00e5 jobb.<\/p>\n<p><strong>Hon har Aspergers syndrom och enhetschefen tror inte att hon och de andra klarar hygienen!!<br \/>\nEn annan anledning skulle enligt tidningen vara att de aktuella personerna inte skulle klara att sk\u00f6ta handkassan.<\/strong><\/p>\n<p>L\u00e4s delar av artikeln <a href=\"http:\/\/bblat.se\/nyheter\/koping\/1.1603265-psykiskt-sjuka-hindras-fran-sommarjobb-pa-krillan\" target=\"_blank\"><strong>H\u00c4R<\/strong><\/a> p\u00e5 <strong>Bbl\/AT<\/strong>:s hemsida!<\/p>\n<p><a href=\"http:\/\/www.filindeblogg.nu\/?attachment_id=31182\" rel=\"attachment wp-att-31182\"><img loading=\"lazy\" class=\"alignnone  wp-image-31182\" title=\"Aspergers 2\" src=\"http:\/\/www.filindeblogg.nu\/wp-content\/uploads\/2012\/04\/Aspergers-2.jpg\" alt=\"\" width=\"127\" height=\"195\" \/><\/a>\u00a0 Detta \u00e4r s\u00e5 kr\u00e4nkande mot personer med psykiska funktionshinder och visar dessutom en stor brist p\u00e5 kunskap fr\u00e5n ett h\u00e5ll d\u00e4r den b\u00e4sta och mesta kunskapen borde finnas &#8211; n\u00e4mligen hos socialtj\u00e4nsten<a href=\"http:\/\/www.dn.se\/nyheter\/vetenskap\/einsteins-teori-haller--ljuset-ar-snabbast\" target=\"_blank\">. <\/a><\/p>\n<p><strong>I tidningen s\u00e4ger sig enhetschefen v\u00e4rna om allm\u00e4nheten n\u00e4r han inte till\u00e5ter de funktionshindrade att jobba i kaf\u00e9<a href=\"http:\/\/www.svd.se\/naringsliv\/vardupproret-okar-i-styrka-oroar-skl_6969975.svd\" target=\"_blank\">.<\/a> <\/strong><br \/>\n<strong>\u00c4r det inte t\u00e4nkt att chefen p\u00e5 socialtj\u00e4nsten i f\u00f6rsta hand ska v\u00e4rna om just personer med funktionshinder!?<\/strong><\/p>\n<p>Jag hoppas verkligen att sista ordet inte \u00e4r sagt i detta \u00e4rende<a href=\"http:\/\/www.aftonbladet.se\/debatt\/article14617791.ab\" target=\"_blank\">. <\/a>Fr\u00e5gan \u00e4r om enhetschefen verkligen \u00e4r l\u00e4mplig p\u00e5 sin post. Hans s\u00e4tt att agera \u00e4r klart diskriminerande!<\/p>\n<p style=\"text-align: center;\"><a href=\"http:\/\/www.filindeblogg.nu\/?attachment_id=31183\" rel=\"attachment wp-att-31183\"><img loading=\"lazy\" class=\"aligncenter size-full wp-image-31183\" title=\"aspergers1\" src=\"http:\/\/www.filindeblogg.nu\/wp-content\/uploads\/2012\/04\/aspergers1.jpg\" alt=\"\" width=\"300\" height=\"240\" \/><\/a>L\u00e4s om Aspergers syndrom <a href=\"http:\/\/www.autism.se\/\" target=\"_blank\"><strong>H\u00c4R<\/strong><\/a><br \/>\np\u00e5 <strong>Autism- och Aspergersf\u00f6rbundets<\/strong> hemsida!<\/p>\n","protected":false},"excerpt":{"rendered":"<p>April, april! V\u00e4dergudarna narrar oss april! Ig\u00e5r t\u00e4nkte best\u00e4mde vi oss f\u00f6r att ta ut tr\u00e4dg\u00e5rdsm\u00f6blerna. F\u00f6r drygt en vecka sedan var det ju rena f\u00f6rsommarv\u00e4rmen men h\u00e4r om dagen sn\u00f6ade det s\u00e5 vi var lite os\u00e4kra p\u00e5 om vi gjorde r\u00e4tt. Men det k\u00e4ndes bra att f\u00e5 ut m\u00f6blerna till p\u00e5sk. Katten Felix hoppade [&hellip;]<\/p>\n","protected":false},"author":1,"featured_media":0,"comment_status":"open","ping_status":"open","sticky":false,"template":"","format":"standard","meta":[],"categories":[107,100,101],"tags":[],"_links":{"self":[{"href":"http:\/\/www.filindeblogg.nu\/index.php?rest_route=\/wp\/v2\/posts\/31168"}],"collection":[{"href":"http:\/\/www.filindeblogg.nu\/index.php?rest_route=\/wp\/v2\/posts"}],"about":[{"href":"http:\/\/www.filindeblogg.nu\/index.php?rest_route=\/wp\/v2\/types\/post"}],"author":[{"embeddable":true,"href":"http:\/\/www.filindeblogg.nu\/index.php?rest_route=\/wp\/v2\/users\/1"}],"replies":[{"embeddable":true,"href":"http:\/\/www.filindeblogg.nu\/index.php?rest_route=%2Fwp%2Fv2%2Fcomments&post=31168"}],"version-history":[{"count":40,"href":"http:\/\/www.filindeblogg.nu\/index.php?rest_route=\/wp\/v2\/posts\/31168\/revisions"}],"predecessor-version":[{"id":31223,"href":"http:\/\/www.filindeblogg.nu\/index.php?rest_route=\/wp\/v2\/posts\/31168\/revisions\/31223"}],"wp:attachment":[{"href":"http:\/\/www.filindeblogg.nu\/index.php?rest_route=%2Fwp%2Fv2%2Fmedia&parent=31168"}],"wp:term":[{"taxonomy":"category","embeddable":true,"href":"http:\/\/www.filindeblogg.nu\/index.php?rest_route=%2Fwp%2Fv2%2Fcategories&post=31168"},{"taxonomy":"post_tag","embeddable":true,"href":"http:\/\/www.filindeblogg.nu\/index.php?rest_route=%2Fwp%2Fv2%2Ftags&post=31168"}],"curies":[{"name":"wp","href":"https:\/\/api.w.org\/{rel}","templated":true}]}}