{"id":30698,"date":"2012-03-24T09:21:00","date_gmt":"2012-03-24T08:21:00","guid":{"rendered":"http:\/\/www.filindeblogg.nu\/?p=30698"},"modified":"2012-03-24T09:21:02","modified_gmt":"2012-03-24T08:21:02","slug":"aspergers-kan-inte-valdtas","status":"publish","type":"post","link":"http:\/\/www.filindeblogg.nu\/?p=30698","title":{"rendered":"Aspergers kan inte v\u00e5ldtas!"},"content":{"rendered":"<p><a href=\"http:\/\/www.filindeblogg.nu\/?attachment_id=30699\" rel=\"attachment wp-att-30699\"><img loading=\"lazy\" class=\"alignnone  wp-image-30699\" title=\"Hanne Kj\u00f6ller\" src=\"http:\/\/www.filindeblogg.nu\/wp-content\/uploads\/2012\/03\/Hanne-Kj\u00f6ller.jpg\" alt=\"\" width=\"96\" height=\"115\" \/><\/a>\u00a0TACK <strong>Hanne Kj\u00f6ller<\/strong> f\u00f6r din signerade debattartikel i <strong>DN<\/strong> ig\u00e5r! Den om att utsatta personer f\u00e5r finna sig i att bli misshandlade och v\u00e5ldtagna! M\u00e4nniskor som av olika anledningar inte kan tala f\u00f6r sig eller freda sig &#8211; f\u00e5r skylla sig sj\u00e4lva! <a href=\"http:\/\/www.filindeblogg.nu\/?attachment_id=30700\" rel=\"attachment wp-att-30700\"><img loading=\"lazy\" class=\"alignnone  wp-image-30700\" title=\"V\u00e5ldt\u00e4kt 2\" src=\"http:\/\/www.filindeblogg.nu\/wp-content\/uploads\/2012\/03\/V\u00e5ldt\u00e4kt-2.jpg\" alt=\"\" width=\"180\" height=\"101\" \/><\/a><\/p>\n<p>Hanne skriver om ett fall d\u00e4r en 17-\u00e5rig flicka med <strong>Aspergers syndrom<\/strong> utsatts f\u00f6r v\u00e5ldt\u00e4kt. G\u00e4rningsmannen d\u00f6ms i tingsr\u00e4tten men frias i hovr\u00e4tten.<\/p>\n<p>Den 17-\u00e5riga flickan rymmer f\u00f6rra \u00e5ret fr\u00e5n en barn- och ungdomspsykiatrisk anstalt och hamnar i en fr\u00e4mmande stad d\u00e4r hon vandrar planl\u00f6st omkring. En kille tr\u00e4ffar p\u00e5 henne och vill ha med henne p\u00e5 fest. Flickan som med sin Aspergers har sv\u00e5rt med sociala kontakter ville inte f\u00f6lja med. Till slut ger hon med sig och hamnar p\u00e5 en fest d\u00e4r hon enligt vittnesuppgifter sitter ensam i en soffa mestadels av kv\u00e4llen. <a href=\"http:\/\/www.filindeblogg.nu\/?attachment_id=30701\" rel=\"attachment wp-att-30701\"><img loading=\"lazy\" class=\"alignnone  wp-image-30701\" title=\"Ensam flicka\" src=\"http:\/\/www.filindeblogg.nu\/wp-content\/uploads\/2012\/03\/Ensam-flicka-300x146.jpg\" alt=\"\" width=\"180\" height=\"88\" srcset=\"http:\/\/www.filindeblogg.nu\/wp-content\/uploads\/2012\/03\/Ensam-flicka-300x146.jpg 300w, http:\/\/www.filindeblogg.nu\/wp-content\/uploads\/2012\/03\/Ensam-flicka.jpg 321w\" sizes=\"(max-width: 180px) 100vw, 180px\" \/><\/a><\/p>\n<p>Flickan bjuds p\u00e5 vodka och somnar snart i soffan d\u00e4r hon sitter. Hon vaknar av att hon sl\u00e4pas in p\u00e5 en toalett och v\u00e5ldtas. <a href=\"http:\/\/www.filindeblogg.nu\/?attachment_id=30702\" rel=\"attachment wp-att-30702\"><img loading=\"lazy\" class=\"alignnone  wp-image-30702\" title=\"V\u00e5ldt\u00e4kt 1\" src=\"http:\/\/www.filindeblogg.nu\/wp-content\/uploads\/2012\/03\/V\u00e5ldt\u00e4kt-1.jpg\" alt=\"\" width=\"180\" height=\"101\" \/><\/a><\/p>\n<p>N\u00e5gra poliser finner henne sedan ensam och f\u00f6rvirrad p\u00e5 stan mitt i natten &#8211; och historien rullas s\u00e5 sm\u00e5ningom upp.<\/p>\n<p><a href=\"http:\/\/www.filindeblogg.nu\/?attachment_id=30704\" rel=\"attachment wp-att-30704\"><img loading=\"lazy\" class=\"alignnone  wp-image-30704\" title=\"V\u00e5ldt\u00e4kt 3\" src=\"http:\/\/www.filindeblogg.nu\/wp-content\/uploads\/2012\/03\/V\u00e5ldt\u00e4kt-3.jpg\" alt=\"\" width=\"165\" height=\"110\" \/><\/a>\u00a0 V\u00e5ldt\u00e4ktsmannen, f\u00f6dd p\u00e5 90-talet och med ett brottsligt f\u00f6rflutet, st\u00e4lls inf\u00f6r r\u00e4tta och nekar f\u00f6rst till alltsammans med \u00f6verbevisas genom DNA i sperma funnet i flickans kropp. Han s\u00e4ger d\u00e5 att flickan varit med p\u00e5 alltihop &#8211; men tingsr\u00e4tten tycker annorlunda och han f\u00e4lls och d\u00f6ms till 2 \u00e5rs f\u00e4ngelse.<br \/>\nDomen \u00f6verklagas och hovr\u00e4tten friar mannen! H\u00e4r citerar jag ur Hannes artikel:<\/p>\n<p><em>&#8221;Sammanfattningsvis anser hovr\u00e4tten att det finns mycket starka sk\u00e4l som talar f\u00f6r att m\u00e5ls\u00e4ganden mot sin vilja blivit utsatt f\u00f6r ett sexuellt \u00f6vergrepp\u201d, skriver domstolen innan den f\u00f6rklarar varf\u00f6r Max \u00e4nd\u00e5 ska frias. (Max &#8211; heter n\u00e5got annat i verkligheten, bloggarens anm.)<\/em><\/p>\n<p><em>Det \u00e4r f\u00f6r att den unga kvinnan i polisf\u00f6rh\u00f6r haft sv\u00e5rt att hitta ord f\u00f6r exempelvis vaginala samlag, om det skett framifr\u00e5n eller bakifr\u00e5n och annat i den sexuella v\u00e4rld hon inte k\u00e4nner alls. F\u00f6r att hon sj\u00e4lv sagt att hon varit f\u00f6rvirrad n\u00e4r hon m\u00f6tte polisen och inte riktigt f\u00f6rstod vad som skett.<\/em><\/p>\n<p><em>\u201dDessa minnesproblem\u201d och oklara uppgifter om penetrationen skedde framifr\u00e5n eller bakifr\u00e5n \u201dg\u00f6r att det kan ifr\u00e5gas\u00e4ttas om m\u00e5ls\u00e4gandes minnesbilder alltigenom \u00e4r korrekta\u201d.<\/em><\/p>\n<p><a href=\"http:\/\/www.filindeblogg.nu\/?attachment_id=30703\" rel=\"attachment wp-att-30703\"><em><\/em><img loading=\"lazy\" class=\"alignnone  wp-image-30703\" title=\"Aspergers\" src=\"http:\/\/www.filindeblogg.nu\/wp-content\/uploads\/2012\/03\/Aspergers.jpg\" alt=\"\" width=\"114\" height=\"160\" \/><\/a> Det betyder allts\u00e5 att de mest utsatta m\u00e4nniskorna inte har n\u00e5got juridiskt och r\u00e4ttsligt st\u00f6d! Jag citerar \u00e5ter ur Hanne Kj\u00f6llers artikel: <em><\/em><\/p>\n<p><em>\u00a0<\/em><em><strong>&#8221;Max ska frias f\u00f6r<\/strong> att flickans <strong>\u201duttrycksformer kan ha varit sv\u00e5rtolkade\u201d<\/strong>. Allts\u00e5: Eftersom flickan var s\u00e5 konstig hade Max ingen chans att f\u00f6rst\u00e5 att hon \u2013 som aldrig till\u00e5ter n\u00e5gon form av ber\u00f6ring \u2013 inte ville.<\/em><\/p>\n<p><em>H\u00e4r \u00f6ppnar hovr\u00e4tten f\u00f6r en helt ny syn p\u00e5 samtycke. Psykiskt sjuka, utvecklingsst\u00f6rda, dementa eller andra med \u201dsv\u00e5rtolkade uttrycksformer\u201d f\u00e5r helt enkelt finna sig i att v\u00e5ldtas eftersom juristerna inte tycker de s\u00e4ger nej p\u00e5 r\u00e4tt s\u00e4tt.&#8221;\u00a0<\/em><\/p>\n<p>Detta \u00e4r naturligtvis helt absurt! Men blir jag f\u00f6rv\u00e5nad? Inte alls. Det k\u00e4nns r\u00e4tt troligt att domark\u00e5ren inte har en susning om Aspergers syndrom eller hur m\u00e4nniskor med dessa egenskaper fungerar &#8211; n\u00e4r inte ens skolan har det som tr\u00e4ffar dessa barn och ungdomar varje dag!<br \/>\n<a href=\"http:\/\/www.filindeblogg.nu\/?attachment_id=30706\" rel=\"attachment wp-att-30706\"><img loading=\"lazy\" class=\"alignnone  wp-image-30706\" title=\"Aspergers survival\" src=\"http:\/\/www.filindeblogg.nu\/wp-content\/uploads\/2012\/03\/Aspergers-survival1.jpg\" alt=\"\" width=\"155\" height=\"116\" \/><\/a> Varje dag, \u00e5ret om, kr\u00e4nks elever med <strong>ADHD, Aspergers syndrom<\/strong> och andra s k funktionshinder i skolan<a href=\"http:\/\/www.aftonbladet.se\/halsa\/article14567036.ab\" target=\"_blank\">.<\/a> Jag kallar ADHD och Aspergers f\u00f6r egenskaper &#8211; inte hinder! F\u00f6r med r\u00e4tt st\u00f6d blir de h\u00e4r m\u00e4nniskorna oerh\u00f6rda tillg\u00e5ngar<a href=\"www.expressen.se\/nyheter\/kvinnor-overfallna-i-villor-i-alvdalen\/\" target=\"_blank\">. <\/a><br \/>\nR\u00e4tt st\u00f6d \u00e4r vad alla ska ha och s\u00e4rskilt i s\u00e5 sv\u00e5ra situationer som v\u00e5ldt\u00e4kt och andra misshandelsbrott<a href=\"http:\/\/www.dn.se\/debatt\/68-vinden-blaste-bort-lararnas-auktoritet-status-och-loner\" target=\"_blank\">.<\/a> Det \u00e4r sj\u00e4lvklart f\u00f6r &#8221;alla andra&#8221; och borde vara det \u00e4nnu mer f\u00f6r de mest utsatta! <a href=\"http:\/\/www.filindeblogg.nu\/?attachment_id=30707\" rel=\"attachment wp-att-30707\"><img loading=\"lazy\" class=\"alignnone  wp-image-30707\" title=\"ADHDflicka\" src=\"http:\/\/www.filindeblogg.nu\/wp-content\/uploads\/2012\/03\/ADHDflicka.jpg\" alt=\"\" width=\"141\" height=\"128\" \/><\/a><\/p>\n<p>G\u00e5 in <a href=\"http:\/\/www.encyclopedia.com\/topic\/Asperger_syndrome.aspx\" target=\"_blank\"><strong>H\u00c4R<\/strong><\/a> f\u00f6r att komma till <strong>&#8221;Asperger\u00b4s Syndrom Survival Guide&#8221;<\/strong> och <a href=\"http:\/\/www.habilitering.nu\/gn\/opencms\/web\/HAB\/_Subwebbar\/aspergercenter\/vad_ar_aspergers_syndrom.html\" target=\"_blank\"><strong>H\u00c4R<\/strong><\/a> f\u00f6r att l\u00e4sa om Aspergers p\u00e5 <strong>Stockholm l\u00e4ns landstings<\/strong> hemsida. <a href=\"http:\/\/www.attention-riks.se\/\" target=\"_blank\"><strong>H\u00c4R<\/strong><\/a> finner ni <strong>Riksf\u00f6rbundet Attention<\/strong> och <a href=\"http:\/\/www.autism.se\/\" target=\"_blank\"><strong>H\u00c4R<\/strong><\/a> <strong>Autism- och Aspergersf\u00f6rbundet!<\/strong><\/p>\n<p><a href=\"http:\/\/www.filindeblogg.nu\/?attachment_id=30708\" rel=\"attachment wp-att-30708\"><img loading=\"lazy\" class=\"wp-image-30708 aligncenter\" title=\"Aspergers bild\" src=\"http:\/\/www.filindeblogg.nu\/wp-content\/uploads\/2012\/03\/Aspergers-bild.jpg\" alt=\"\" width=\"134\" height=\"136\" \/><\/a><\/p>\n<p>Och g\u00e5 in <a href=\"http:\/\/www.dn.se\/ledare\/signerat\/i-enogda-domares-sallskap\" target=\"_blank\"><strong>H\u00c4R<\/strong> <\/a>f\u00f6r att l\u00e4sa Hanne Kj\u00f6llers mycket bra artikel <strong><em>&#8221;I en\u00f6gda domares s\u00e4llskap&#8221;<\/em><\/strong>! Tack \u00e4n en g\u00e5ng Hanne!<\/p>\n<p>Bilden nedan \u00e4r fr\u00e5n <strong>&#8221;The Asperger Women Association&#8221;<\/strong>! Klicka <a href=\"http:\/\/www.aspergerwomenassociation.com\/index.html\" target=\"_blank\"><strong>H\u00c4R<\/strong><\/a> f\u00f6r att komma dit! D\u00e4r finns bl.a. ett forum f\u00f6r Aspergerskvinnor.<br \/>\n(Bilderna p\u00e5 v\u00e5ldsoffer m fl har inget med den aktuella historien att g\u00f6ra<a href=\"http:\/\/www.svd.se\/nyheter\/utrikes\/oklart-om-poliser-fick-amfetamin_6948697.svd\" target=\"_blank\">.<\/a>)<\/p>\n<p><a href=\"http:\/\/www.filindeblogg.nu\/?attachment_id=30709\" rel=\"attachment wp-att-30709\"><img loading=\"lazy\" class=\"aligncenter size-medium wp-image-30709\" title=\"Asperger woman\" src=\"http:\/\/www.filindeblogg.nu\/wp-content\/uploads\/2012\/03\/Asperger-woman-270x300.jpg\" alt=\"\" width=\"270\" height=\"300\" srcset=\"http:\/\/www.filindeblogg.nu\/wp-content\/uploads\/2012\/03\/Asperger-woman-270x300.jpg 270w, http:\/\/www.filindeblogg.nu\/wp-content\/uploads\/2012\/03\/Asperger-woman.jpg 900w\" sizes=\"(max-width: 270px) 100vw, 270px\" \/><\/a><\/p>\n<p>&nbsp;<\/p>\n<p>&nbsp;<\/p>\n<p>&nbsp;<\/p>\n<p>&nbsp;<\/p>\n","protected":false},"excerpt":{"rendered":"<p>\u00a0TACK Hanne Kj\u00f6ller f\u00f6r din signerade debattartikel i DN ig\u00e5r! Den om att utsatta personer f\u00e5r finna sig i att bli misshandlade och v\u00e5ldtagna! M\u00e4nniskor som av olika anledningar inte kan tala f\u00f6r sig eller freda sig &#8211; f\u00e5r skylla sig sj\u00e4lva! Hanne skriver om ett fall d\u00e4r en 17-\u00e5rig flicka med Aspergers syndrom utsatts [&hellip;]<\/p>\n","protected":false},"author":1,"featured_media":0,"comment_status":"open","ping_status":"open","sticky":false,"template":"","format":"standard","meta":[],"categories":[107,131,100,123,101],"tags":[],"_links":{"self":[{"href":"http:\/\/www.filindeblogg.nu\/index.php?rest_route=\/wp\/v2\/posts\/30698"}],"collection":[{"href":"http:\/\/www.filindeblogg.nu\/index.php?rest_route=\/wp\/v2\/posts"}],"about":[{"href":"http:\/\/www.filindeblogg.nu\/index.php?rest_route=\/wp\/v2\/types\/post"}],"author":[{"embeddable":true,"href":"http:\/\/www.filindeblogg.nu\/index.php?rest_route=\/wp\/v2\/users\/1"}],"replies":[{"embeddable":true,"href":"http:\/\/www.filindeblogg.nu\/index.php?rest_route=%2Fwp%2Fv2%2Fcomments&post=30698"}],"version-history":[{"count":32,"href":"http:\/\/www.filindeblogg.nu\/index.php?rest_route=\/wp\/v2\/posts\/30698\/revisions"}],"predecessor-version":[{"id":30741,"href":"http:\/\/www.filindeblogg.nu\/index.php?rest_route=\/wp\/v2\/posts\/30698\/revisions\/30741"}],"wp:attachment":[{"href":"http:\/\/www.filindeblogg.nu\/index.php?rest_route=%2Fwp%2Fv2%2Fmedia&parent=30698"}],"wp:term":[{"taxonomy":"category","embeddable":true,"href":"http:\/\/www.filindeblogg.nu\/index.php?rest_route=%2Fwp%2Fv2%2Fcategories&post=30698"},{"taxonomy":"post_tag","embeddable":true,"href":"http:\/\/www.filindeblogg.nu\/index.php?rest_route=%2Fwp%2Fv2%2Ftags&post=30698"}],"curies":[{"name":"wp","href":"https:\/\/api.w.org\/{rel}","templated":true}]}}