{"id":30423,"date":"2012-03-18T09:22:39","date_gmt":"2012-03-18T08:22:39","guid":{"rendered":"http:\/\/www.filindeblogg.nu\/?p=30423"},"modified":"2012-03-18T09:22:40","modified_gmt":"2012-03-18T08:22:40","slug":"dagens-predikan-om-vara-portfolios-over-tid","status":"publish","type":"post","link":"http:\/\/www.filindeblogg.nu\/?p=30423","title":{"rendered":"Dagens predikan &#8211; om v\u00e5ra portfolios \u00f6ver tid"},"content":{"rendered":"<p>Tid g\u00e5r fort! Som ung tycker man sig ha hur mycket liv kvar som helst<br \/>\n&#8211; d\u00e5 n\u00e4r timglaset \u00e4r fullt&#8230; <a href=\"http:\/\/www.filindeblogg.nu\/?attachment_id=30425\" rel=\"attachment wp-att-30425\"><img loading=\"lazy\" class=\"alignnone  wp-image-30425\" title=\"Timglas\" src=\"http:\/\/www.filindeblogg.nu\/wp-content\/uploads\/2012\/03\/Timglas.jpg\" alt=\"\" width=\"90\" height=\"128\" \/><\/a> Men p\u00e5 n\u00e5got m\u00e4rkligt s\u00e4tt g\u00e5r tiden snabbare ju \u00e4ldre vi blir. Snart \u00e4r v\u00e5ra livs timglas inte mer \u00e4n s\u00e5 h\u00e4r&#8230; <a href=\"http:\/\/www.filindeblogg.nu\/?attachment_id=30426\" rel=\"attachment wp-att-30426\"><img loading=\"lazy\" class=\"alignnone  wp-image-30426\" title=\"Timglas snart urrunnet\" src=\"http:\/\/www.filindeblogg.nu\/wp-content\/uploads\/2012\/03\/Timglas-snart-urrunnet.jpg\" alt=\"\" width=\"74\" height=\"100\" \/><\/a><br \/>\nP\u00e5 v\u00e4g att rinna ut&#8230; Inte m\u00e5nga \u00e5r, m\u00e5nader eller dagar kvar&#8230;<\/p>\n<p>Vi vet heller inte hur l\u00e5ng v\u00e5r uppm\u00e4tta tid \u00e4r&#8230; N\u00e5gra som fick sina timglas krossade var tv\u00e5 sm\u00e5 barn i <strong>Arboga<\/strong> f\u00f6r fyra \u00e5r sedan. <a href=\"http:\/\/www.filindeblogg.nu\/?attachment_id=30427\" rel=\"attachment wp-att-30427\"><img loading=\"lazy\" class=\"alignnone  wp-image-30427\" title=\"IMG_4027 (3)\" src=\"http:\/\/www.filindeblogg.nu\/wp-content\/uploads\/2012\/03\/IMG_4027-3-225x300.jpg\" alt=\"\" width=\"135\" height=\"180\" srcset=\"http:\/\/www.filindeblogg.nu\/wp-content\/uploads\/2012\/03\/IMG_4027-3-225x300.jpg 225w, http:\/\/www.filindeblogg.nu\/wp-content\/uploads\/2012\/03\/IMG_4027-3.jpg 346w\" sizes=\"(max-width: 135px) 100vw, 135px\" \/><\/a><br \/>\nIg\u00e5r mindes vi s\u00e4rskilt <strong>Max och Saga<\/strong><a href=\"http:\/\/hd.se\/skane\/2012\/03\/18\/en-dod-vid-brak-i-karlskrona-2\/\" target=\"_blank\">.<\/a> <a href=\"http:\/\/www.filindeblogg.nu\/?attachment_id=30428\" rel=\"attachment wp-att-30428\"><img loading=\"lazy\" class=\"alignnone  wp-image-30428\" title=\"IMG_4026 (2)\" src=\"http:\/\/www.filindeblogg.nu\/wp-content\/uploads\/2012\/03\/IMG_4026-2-300x225.jpg\" alt=\"\" width=\"180\" height=\"135\" srcset=\"http:\/\/www.filindeblogg.nu\/wp-content\/uploads\/2012\/03\/IMG_4026-2-300x225.jpg 300w, http:\/\/www.filindeblogg.nu\/wp-content\/uploads\/2012\/03\/IMG_4026-2.jpg 461w\" sizes=\"(max-width: 180px) 100vw, 180px\" \/><\/a> P\u00e5 kv\u00e4llen t\u00e4nde jag ljus i min speciella stj\u00e4rna till barnens \u00e4ra<a href=\"http:\/\/www.expressen.se\/nyheter\/pojke-lag-livlos-i-simhall-i-avesta\/\" target=\"_blank\">.<\/a> <a href=\"http:\/\/www.filindeblogg.nu\/?attachment_id=30429\" rel=\"attachment wp-att-30429\"><img loading=\"lazy\" class=\"alignnone  wp-image-30429\" title=\"IMG_4029 (2)\" src=\"http:\/\/www.filindeblogg.nu\/wp-content\/uploads\/2012\/03\/IMG_4029-2-300x225.jpg\" alt=\"\" width=\"180\" height=\"135\" srcset=\"http:\/\/www.filindeblogg.nu\/wp-content\/uploads\/2012\/03\/IMG_4029-2-300x225.jpg 300w, http:\/\/www.filindeblogg.nu\/wp-content\/uploads\/2012\/03\/IMG_4029-2.jpg 461w\" sizes=\"(max-width: 180px) 100vw, 180px\" \/><\/a><\/p>\n<p>Men om exempelvis en liten flicka f\u00e5r ett normall\u00e5ngt liv<br \/>\n&#8211; hur behandlas hon mot slutet? <a href=\"http:\/\/www.filindeblogg.nu\/?attachment_id=30430\" rel=\"attachment wp-att-30430\"><img loading=\"lazy\" class=\"alignnone  wp-image-30430\" title=\"IMG_1637 (2)\" src=\"http:\/\/www.filindeblogg.nu\/wp-content\/uploads\/2012\/03\/IMG_1637-2-225x300.jpg\" alt=\"\" width=\"135\" height=\"180\" srcset=\"http:\/\/www.filindeblogg.nu\/wp-content\/uploads\/2012\/03\/IMG_1637-2-225x300.jpg 225w, http:\/\/www.filindeblogg.nu\/wp-content\/uploads\/2012\/03\/IMG_1637-2.jpg 346w\" sizes=\"(max-width: 135px) 100vw, 135px\" \/><\/a> Ett efterl\u00e4ngtat barn lekte sorgl\u00f6st i sin barndom<a href=\"http:\/\/www.aftonbladet.se\/nyheter\/article14541225.ab\" target=\"_blank\">.<\/a><br \/>\nV\u00e4xte upp &#8211; <a href=\"http:\/\/www.filindeblogg.nu\/?attachment_id=30431\" rel=\"attachment wp-att-30431\"><img loading=\"lazy\" class=\"alignnone  wp-image-30431\" title=\"Hj\u00f6rdis som ung S\u00e5 vackert foto\" src=\"http:\/\/www.filindeblogg.nu\/wp-content\/uploads\/2012\/03\/Hj\u00f6rdis-som-ung-S\u00e5-vackert-foto-225x300.jpg\" alt=\"\" width=\"135\" height=\"180\" srcset=\"http:\/\/www.filindeblogg.nu\/wp-content\/uploads\/2012\/03\/Hj\u00f6rdis-som-ung-S\u00e5-vackert-foto-225x300.jpg 225w, http:\/\/www.filindeblogg.nu\/wp-content\/uploads\/2012\/03\/Hj\u00f6rdis-som-ung-S\u00e5-vackert-foto.jpg 346w\" sizes=\"(max-width: 135px) 100vw, 135px\" \/><\/a> blev en ung kvinna och s\u00e5 sm\u00e5ningom en duktig kontorschef, \u00e4lskad maka och mor<a href=\"http:\/\/www.svd.se\/nyheter\/inrikes\/fyra-unga-man-saknas-i-gallivare_6933347.svd\" target=\"_blank\">. <\/a><br \/>\nMen tiden g\u00e5r och tidens tand gnager. Vem ser den d\u00e4r lilla flickan eller den unga kvinnan, makan och mamman p\u00e5 \u00e5lderns h\u00f6st? <a href=\"http:\/\/www.filindeblogg.nu\/?attachment_id=30432\" rel=\"attachment wp-att-30432\"><img loading=\"lazy\" class=\"alignnone  wp-image-30432\" title=\"IMG_8243 (2)\" src=\"http:\/\/www.filindeblogg.nu\/wp-content\/uploads\/2012\/03\/IMG_8243-2-300x225.jpg\" alt=\"\" width=\"180\" height=\"135\" srcset=\"http:\/\/www.filindeblogg.nu\/wp-content\/uploads\/2012\/03\/IMG_8243-2-300x225.jpg 300w, http:\/\/www.filindeblogg.nu\/wp-content\/uploads\/2012\/03\/IMG_8243-2.jpg 461w\" sizes=\"(max-width: 180px) 100vw, 180px\" \/><\/a> Vem respekterar henne och h\u00f6gaktar henne som den person hon var &#8211; men ocks\u00e5 \u00e4r?<\/p>\n<p>Ibland t\u00e4nker jag att p\u00e5 v\u00e5ra servicehus och \u00e4ldreboenden borde det finnas en portfolio f\u00f6r var och en av de gamla! <a href=\"http:\/\/www.filindeblogg.nu\/?attachment_id=30433\" rel=\"attachment wp-att-30433\"><img loading=\"lazy\" class=\"alignnone size-full wp-image-30433\" title=\"Portfolio\" src=\"http:\/\/www.filindeblogg.nu\/wp-content\/uploads\/2012\/03\/Portfolio.jpg\" alt=\"\" width=\"238\" height=\"212\" \/><\/a><br \/>\nEn mapp med bilder p\u00e5 kvinnan eller mannen som ligger d\u00e4r skr\u00f6plig, orkesl\u00f6s och tr\u00f6tt. F\u00f6r att \u00e5terf\u00e5 respekten! F\u00f6r att se m\u00e4nniskan bakom det skrynkliga h\u00f6ljet! F\u00f6r att se en ung sj\u00e4l i en \u00e5ldrad kropp.<\/p>\n<p>Dikten nedan fann jag via en v\u00e4n p\u00e5 Facebook och jag publicerar den h\u00e4r. Jag vet inte vem som skrivit den.<br \/>\nFotografierna ovan har ingenting med dagens text att g\u00f6ra. D v s den lilla flickan som blivit ung och sen gammal har all respekt fortfarande.<\/p>\n<p align=\"center\"><span style=\"font-size: medium;\"> <em>Dikten \u00e4r skriven av en kvinna, som inte s\u00e5g ut att<br \/>\nintressera sig f\u00f6r omgivningen utan bara satt och stirrade ut genom f\u00f6nstret<br \/>\np\u00e5 Servicehuset d\u00e4r hon bodde. N\u00e4r hon var d\u00f6d ,<br \/>\nfann man denna dikt bland hennes papper.<\/em><\/span><\/p>\n<p align=\"center\"><span style=\"font-size: x-large;\">Vad ser ni systrar.<\/span><strong><br \/>\n<\/strong><\/p>\n<p align=\"center\"><strong> \u00a0\u00a0\u00a0\u00a0\u00a0\u00a0<span style=\"font-size: large;\">\u00a0<\/span><span style=\"font-family: Arial; font-size: medium;\"> Vad ser ni systrar, vad ser ni s\u00e4j.<\/span><\/strong><\/p>\n<p align=\"center\"><span style=\"font-family: Arial; font-size: medium;\"><strong>F\u00f6rklara vad ni ser n\u00e4r ni ser p\u00e5 mej.<\/strong><\/span><\/p>\n<p align=\"center\"><span style=\"font-family: Arial; font-size: medium;\"><strong>En knarrig gammal gumma, inte s\u00e4rskilt kvick,<\/strong><\/span><\/p>\n<p align=\"center\"><span style=\"font-family: Arial; font-size: medium;\"><strong>Os\u00e4ker om vanor, med fr\u00e5nvarande blick.<\/strong><\/span><\/p>\n<p align=\"center\"><span style=\"font-family: Arial; font-size: medium;\"><strong>\u00a0<\/strong><\/span><\/p>\n<p align=\"center\"><span style=\"font-family: Arial; font-size: medium;\"><strong>Som spiller ut maten och inte ger svar<\/strong><\/span><\/p>\n<p align=\"center\"><span style=\"font-family: Arial; font-size: medium;\"><strong>\u00a0n\u00e4r ni muttrar om henne som aldrig blir klar.<\/strong><\/span><\/p>\n<p align=\"center\"><span style=\"font-family: Arial; font-size: medium;\"><strong>Som inte ser ut att m\u00e4rka vad ni g\u00f6r<\/strong><\/span><\/p>\n<p align=\"center\"><span style=\"font-family: Arial; font-size: medium;\"><strong>Och st\u00e4ndigt tappar k\u00e4ppen och inte ser sig f\u00f6r.<\/strong><\/span><\/p>\n<p align=\"center\"><span style=\"font-family: Arial; font-size: medium;\"><strong>\u00a0<\/strong><\/span><\/p>\n<p align=\"center\"><span style=\"font-family: Arial; font-size: medium;\"><strong>Som viljel\u00f6st l\u00e5ter er g\u00f6ra hur ni vill,<\/strong><\/span><\/p>\n<p align=\"center\"><span style=\"font-family: Arial; font-size: medium;\"><strong>Med matning och tv\u00e4ttning och allt som h\u00f6r till.<\/strong><\/span><\/p>\n<p align=\"center\"><span style=\"font-family: Arial; font-size: medium;\"><strong>\u00c4r det s\u00e5 ni t\u00e4nker n\u00e4r ni ser mej s\u00e4j?<\/strong><\/span><\/p>\n<p align=\"center\"><span style=\"font-family: Arial; font-size: medium;\"><strong>\u00d6ppna \u00f6gonen systrar, titta n\u00e4rmare p\u00e5 mej.<\/strong><\/span><\/p>\n<p align=\"center\"><span style=\"font-family: Arial; font-size: medium;\"><strong>\u00a0<\/strong><\/span><\/p>\n<p align=\"center\"><span style=\"font-family: Arial; font-size: medium;\"><strong>Jag ska tala om vem jag \u00e4r, som sitter h\u00e4r s\u00e5 still.<\/strong><\/span><\/p>\n<p align=\"center\"><span style=\"font-family: Arial; font-size: medium;\"><strong>Som g\u00f6r vad ni ber mig och \u00e4ter n\u00e4r ni vill.<\/strong><\/span><\/p>\n<p align=\"center\"><span style=\"font-family: Arial; font-size: medium;\"><strong>Jag \u00e4r ett tio\u00e5rs barn med en far och en mor,<\/strong><\/span><\/p>\n<p align=\"center\"><span style=\"font-family: Arial; font-size: medium;\"><strong>Som \u00e4lskar mej och min syster och bror.<\/strong><\/span><\/p>\n<p align=\"center\"><span style=\"font-family: Arial; font-size: medium;\"><strong>\u00a0<\/strong><\/span><\/p>\n<p align=\"center\"><span style=\"font-family: Arial; font-size: medium;\"><strong>En sexton\u00e5rs flicka sm\u00e4cker och grann,<\/strong><\/span><\/p>\n<p align=\"center\"><span style=\"font-family: Arial; font-size: medium;\"><strong>Med dr\u00f6mmar att snart f\u00e5 m\u00f6ta en man.<\/strong><\/span><\/p>\n<p align=\"center\"><span style=\"font-family: Arial; font-size: medium;\"><strong>En brud n\u00e4stan tjugo &#8211; mitt hj\u00e4rta sl\u00e5r volt,<\/strong><\/span><\/p>\n<p align=\"center\"><span style=\"font-family: Arial; font-size: medium;\"><strong>Vid minnet av l\u00f6ften jag givit och h\u00e5llit.<\/strong><\/span><\/p>\n<p align=\"center\"><span style=\"font-family: Arial; font-size: medium;\"><strong>\u00a0<\/strong><\/span><\/p>\n<p align=\"center\"><span style=\"font-family: Arial; font-size: medium;\"><strong>Vid tjugofem- nu har jag mina egna sm\u00e5<\/strong><\/span><\/p>\n<p align=\"center\"><span style=\"font-family: Arial; font-size: medium;\"><strong>Som beh\u00f6ver mig i hemmets lugna, trygga vr\u00e5.<\/strong><\/span><\/p>\n<p align=\"center\"><span style=\"font-family: Arial; font-size: medium;\"><strong>En kvinna p\u00e5 trettio, mina barn v\u00e4xer fort<\/strong><\/span><\/p>\n<p align=\"center\"><span style=\"font-family: Arial; font-size: medium;\"><strong>Och hj\u00e4lper varandra i sm\u00e5tt och stort.<\/strong><\/span><\/p>\n<p align=\"center\"><span style=\"font-family: Arial; font-size: medium;\"><strong>\u00a0<\/strong><\/span><\/p>\n<p align=\"center\"><span style=\"font-family: Arial; font-size: medium;\"><strong>Vid fyrtio \u00e4r de vuxna och alla flyger ut,<\/strong><\/span><\/p>\n<p align=\"center\"><span style=\"font-family: Arial; font-size: medium;\"><strong>Men maken \u00e4r kvar och gl\u00e4djen \u00e4r ej slut.<\/strong><\/span><\/p>\n<p align=\"center\"><span style=\"font-family: Arial; font-size: medium;\"><strong>Vid femtio kommer barnbarn och fyller upp v\u00e5r dag,<\/strong><\/span><\/p>\n<p align=\"center\"><span style=\"font-family: Arial; font-size: medium;\"><strong>\u00e5ter har vi sm\u00e5ttingar min \u00e4lskade och jag.<\/strong><\/span><\/p>\n<p align=\"center\"><span style=\"font-family: Arial; font-size: medium;\"><strong>\u00a0<\/strong><\/span><\/p>\n<p align=\"center\"><span style=\"font-family: Arial; font-size: medium;\"><strong>M\u00f6rka dagar faller \u00f6ver mej, min make \u00e4r d\u00f6d,<\/strong><\/span><\/p>\n<p align=\"center\"><span style=\"font-family: Arial; font-size: medium;\"><strong>Jag g\u00e5r mot en framtid i ensamhet och n\u00f6d.<\/strong><\/span><\/p>\n<p align=\"center\"><span style=\"font-family: Arial; font-size: medium;\"><strong>De mina har nog med att ordna med sitt,<\/strong><\/span><\/p>\n<p align=\"center\"><span style=\"font-family: Arial; font-size: medium;\"><strong>Men minnet av \u00e5ren och k\u00e4rleken \u00e4r mitt.<\/strong><\/span><\/p>\n<p align=\"center\"><span style=\"font-family: Arial; font-size: medium;\"><strong>\u00a0<\/strong><\/span><\/p>\n<p align=\"center\"><span style=\"font-family: Arial; font-size: medium;\"><strong>Naturen \u00e4r grym, n\u00e4r man \u00e4r gammal och krokig<\/strong><\/span><\/p>\n<p align=\"center\"><span style=\"font-family: Arial; font-size: medium;\"><strong>F\u00e5r den en att verka en aning tokig.<\/strong><\/span><\/p>\n<p align=\"center\"><span style=\"font-family: Arial; font-size: medium;\"><strong>Nu \u00e4r jag bara en gammal kvinna,<\/strong><\/span><\/p>\n<p align=\"center\"><span style=\"font-family: Arial; font-size: medium;\"><strong>Som sett krafterna tyna och charmen f\u00f6rsvinna.<\/strong><\/span><\/p>\n<p align=\"center\"><span style=\"font-family: Arial; font-size: medium;\"><strong>\u00a0<\/strong><\/span><\/p>\n<p align=\"center\"><span style=\"font-family: Arial; font-size: medium;\"><strong>Men inuti denna gamla kropp bor \u00e4nnu en ung flicka.<\/strong><\/span><\/p>\n<p align=\"center\"><span style=\"font-family: Arial; font-size: medium;\"><strong>D\u00e5 och d\u00e5 uppfylls mitt medfarna hj\u00e4rta.<\/strong><\/span><\/p>\n<p align=\"center\"><span style=\"font-family: Arial; font-size: medium;\"><strong>Jag minns min gl\u00e4dje, jag minns min sm\u00e4rta.<\/strong><\/span><\/p>\n<p align=\"center\"><span style=\"font-family: Arial; font-size: medium;\"><strong>Och jag \u00e4lskar och lever om livet p\u00e5 nytt.<\/strong><\/span><\/p>\n<p align=\"center\"><span style=\"font-family: Arial; font-size: medium;\"><strong>\u00a0<\/strong><\/span><\/p>\n<p align=\"center\"><span style=\"font-family: Arial; font-size: medium;\"><strong>Jag t\u00e4nker p\u00e5 \u00e5ren, de alltf\u00f6r f\u00e5 som har flytt<\/strong><\/span><\/p>\n<p align=\"center\"><span style=\"font-family: Arial; font-size: medium;\"><strong>Och accepterar kalla fakta, att inget kan best\u00e5.<\/strong><\/span><\/p>\n<p align=\"center\"><span style=\"font-family: Arial; font-size: medium;\"><strong>Om ni \u00f6ppnar era \u00f6gon, systrar, s\u00e5 ser ni ej<\/strong><\/span><\/p>\n<p align=\"center\"><span style=\"font-family: Arial; font-size: medium;\"><strong>Bara en knarrig gammal gumma.<\/strong><\/span><\/p>\n<p align=\"center\"><span style=\"font-family: Arial; font-size: medium;\"><strong>\u00a0Kom n\u00e4rmare, se Mej.<\/strong><\/span><\/p>\n<p>&nbsp;<\/p>\n","protected":false},"excerpt":{"rendered":"<p>Tid g\u00e5r fort! Som ung tycker man sig ha hur mycket liv kvar som helst &#8211; d\u00e5 n\u00e4r timglaset \u00e4r fullt&#8230; Men p\u00e5 n\u00e5got m\u00e4rkligt s\u00e4tt g\u00e5r tiden snabbare ju \u00e4ldre vi blir. Snart \u00e4r v\u00e5ra livs timglas inte mer \u00e4n s\u00e5 h\u00e4r&#8230; P\u00e5 v\u00e4g att rinna ut&#8230; Inte m\u00e5nga \u00e5r, m\u00e5nader eller dagar kvar&#8230; [&hellip;]<\/p>\n","protected":false},"author":1,"featured_media":0,"comment_status":"open","ping_status":"open","sticky":false,"template":"","format":"standard","meta":[],"categories":[138,100,101,105,124],"tags":[139],"_links":{"self":[{"href":"http:\/\/www.filindeblogg.nu\/index.php?rest_route=\/wp\/v2\/posts\/30423"}],"collection":[{"href":"http:\/\/www.filindeblogg.nu\/index.php?rest_route=\/wp\/v2\/posts"}],"about":[{"href":"http:\/\/www.filindeblogg.nu\/index.php?rest_route=\/wp\/v2\/types\/post"}],"author":[{"embeddable":true,"href":"http:\/\/www.filindeblogg.nu\/index.php?rest_route=\/wp\/v2\/users\/1"}],"replies":[{"embeddable":true,"href":"http:\/\/www.filindeblogg.nu\/index.php?rest_route=%2Fwp%2Fv2%2Fcomments&post=30423"}],"version-history":[{"count":33,"href":"http:\/\/www.filindeblogg.nu\/index.php?rest_route=\/wp\/v2\/posts\/30423\/revisions"}],"predecessor-version":[{"id":30466,"href":"http:\/\/www.filindeblogg.nu\/index.php?rest_route=\/wp\/v2\/posts\/30423\/revisions\/30466"}],"wp:attachment":[{"href":"http:\/\/www.filindeblogg.nu\/index.php?rest_route=%2Fwp%2Fv2%2Fmedia&parent=30423"}],"wp:term":[{"taxonomy":"category","embeddable":true,"href":"http:\/\/www.filindeblogg.nu\/index.php?rest_route=%2Fwp%2Fv2%2Fcategories&post=30423"},{"taxonomy":"post_tag","embeddable":true,"href":"http:\/\/www.filindeblogg.nu\/index.php?rest_route=%2Fwp%2Fv2%2Ftags&post=30423"}],"curies":[{"name":"wp","href":"https:\/\/api.w.org\/{rel}","templated":true}]}}