{"id":30316,"date":"2012-03-16T10:45:00","date_gmt":"2012-03-16T09:45:00","guid":{"rendered":"http:\/\/www.filindeblogg.nu\/?p=30316"},"modified":"2012-03-16T10:50:01","modified_gmt":"2012-03-16T09:50:01","slug":"jamstalldheten-slang-dig-i-vaggen","status":"publish","type":"post","link":"http:\/\/www.filindeblogg.nu\/?p=30316","title":{"rendered":"J\u00e4mst\u00e4lldheten &#8211; sl\u00e4ng dig i v\u00e4ggen!"},"content":{"rendered":"<p>Ja, s\u00e5 k\u00e4nner jag det ibland &#8211; att j\u00e4mst\u00e4lldhet \u00e4r ett sk\u00e4mt<a href=\"http:\/\/www.dn.se\/ekonomi\/inhyrda-skadas-pa-jobbet\">.<\/a> N\u00e5got man slogs f\u00f6r i f\u00f6rra \u00e5rhundradet men idag en pseudokamp som sakta men s\u00e4kert h\u00e5ller p\u00e5 att monteras ner. <a href=\"http:\/\/www.filindeblogg.nu\/?attachment_id=30317\" rel=\"attachment wp-att-30317\"><img loading=\"lazy\" class=\"alignnone  wp-image-30317\" title=\"J\u00e4mst\u00e4lldhet\" src=\"http:\/\/www.filindeblogg.nu\/wp-content\/uploads\/2012\/03\/J\u00e4mst\u00e4lldhet.jpg\" alt=\"\" width=\"109\" height=\"143\" \/><\/a><\/p>\n<p>Och \u00e4r det s\u00e5 konstigt? Vi har en h\u00f6gerstyrd regering med j\u00e4mst\u00e4lldhetsmotst\u00e5ndarna KD som lillebror. De \u00f6vriga regeringssyskonen \u00e4r lika ben\u00e4gna att k\u00f6pa hemmamammor utan framtid och \u00f6kat mansstyre.<\/p>\n<p>Hur kom jag d\u00e5 in p\u00e5 detta? Ja, det ligger och gror i mig alltid men triggades ig\u00e5ng rej\u00e4lt av f\u00f6rsta avsnittet i en TV-serie jag s\u00e5g p\u00e5 SVT Play. Serien heter <em>&#8221;S\u00e5 levde de lyckliga&#8221;<\/em> och \u00e4r en s k relationsserie. <a href=\"http:\/\/www.filindeblogg.nu\/?attachment_id=30318\" rel=\"attachment wp-att-30318\"><img loading=\"lazy\" class=\"alignnone  wp-image-30318\" title=\"T\u00e5rtdekoration\" src=\"http:\/\/www.filindeblogg.nu\/wp-content\/uploads\/2012\/03\/T\u00e5rtdekoration.jpg\" alt=\"\" width=\"128\" height=\"142\" \/><\/a><br \/>\nF\u00f6rst avsnittet handlade om tre par och deras relation omkring 1o \u00e5r efter br\u00f6llopet. Vad h\u00e4nde sen? Hur gick det? F\u00f6r mig blev det b\u00e5de varmt k\u00e4rleksfullt men fick ocks\u00e5 mina k\u00e4nslor att svalla p\u00e5 annat s\u00e4tt.<\/p>\n<p><a href=\"http:\/\/www.filindeblogg.nu\/?attachment_id=30319\" rel=\"attachment wp-att-30319\"><img loading=\"lazy\" class=\"alignnone  wp-image-30319\" title=\"T\u00e5rtdekoration 1\" src=\"http:\/\/www.filindeblogg.nu\/wp-content\/uploads\/2012\/03\/T\u00e5rtdekoration-1.jpg\" alt=\"\" width=\"135\" height=\"135\" srcset=\"http:\/\/www.filindeblogg.nu\/wp-content\/uploads\/2012\/03\/T\u00e5rtdekoration-1.jpg 225w, http:\/\/www.filindeblogg.nu\/wp-content\/uploads\/2012\/03\/T\u00e5rtdekoration-1-150x150.jpg 150w\" sizes=\"(max-width: 135px) 100vw, 135px\" \/><\/a>\u00a0Det uppr\u00f6rande f\u00f6rst&#8230; Ett av paren &#8211; unga, v\u00e4lutbildade, ska starta sina f\u00f6rsta jobb efter br\u00f6llopet &#8211; och vad h\u00e4nder? Kvinnan fastnar hemma vid spisen med tre barn och f\u00f6rs\u00e4krar dessutom att det \u00e4r helt OK. Alltmedan mannen lite skamset erk\u00e4nner att det paret har att ber\u00e4tta nog inte passar feministerna. Han bedyrar att han mer \u00e4n g\u00e4rna skulle se sin fru jobba &#8211; &#8221;men hon vill ju vara hemma&#8221;. <a href=\"http:\/\/www.filindeblogg.nu\/?attachment_id=30320\" rel=\"attachment wp-att-30320\"><img loading=\"lazy\" class=\"alignnone  wp-image-30320\" title=\"Kvinnans dr\u00f6mmar came true\" src=\"http:\/\/www.filindeblogg.nu\/wp-content\/uploads\/2012\/03\/Kvinnans-dr\u00f6mmar-came-true1.jpg\" alt=\"\" width=\"149\" height=\"217\" \/><\/a><\/p>\n<p>\u00c5t skogen med en l\u00e5ng psykologutbildning allts\u00e5! Undan med alla dr\u00f6mmar som v\u00e4vdes en g\u00e5ng f\u00f6r framtiden. F\u00f6r kvinnan allts\u00e5 &#8211; mannens framtidsplaner rullar p\u00e5&#8230;<br \/>\nMan p\u00e5minns direkt om 15.51-r\u00f6relsen som startas av <strong>Sveriges Kvinnolobby<\/strong> och som s\u00e4ger att efter kl 15.51 jobbar kvinnor gratis. <a href=\"http:\/\/www.filindeblogg.nu\/?attachment_id=30321\" rel=\"attachment wp-att-30321\"><img loading=\"lazy\" class=\"alignnone size-full wp-image-30321\" title=\"1551\" src=\"http:\/\/www.filindeblogg.nu\/wp-content\/uploads\/2012\/03\/1551.jpg\" alt=\"\" width=\"145\" height=\"96\" \/><\/a> F\u00f6r i TV-inslaget ser man hur arbetsdagen aldrig tar slut f\u00f6r mamman\/kvinnan. Skrikande ungar, mat som ska lagas, tv\u00e4tt som ska tv\u00e4ttas, bl\u00f6jor som ska bytas &#8211; alltmedan mannen sitter i ett annat rum &#8211; med h\u00f6rlurar(!) &#8211; och skriver&#8230; &#8211; Han \u00e4r s\u00e5 inne i sitt skrivande att han inte h\u00f6r n\u00e4r jag ropar att maten \u00e4r klar, urs\u00e4ktar sig pigan, f\u00f6rl\u00e5t hustrun\/kvinnan\/mamman. <a href=\"http:\/\/www.filindeblogg.nu\/?attachment_id=30323\" rel=\"attachment wp-att-30323\"><img loading=\"lazy\" class=\"alignnone size-full wp-image-30323\" title=\"Manne slipper hush\u00e5llssysslorna\" src=\"http:\/\/www.filindeblogg.nu\/wp-content\/uploads\/2012\/03\/Manne-slipper-hush\u00e5llssysslorna.jpg\" alt=\"\" width=\"185\" height=\"273\" \/><\/a><\/p>\n<p>Vad har h\u00e4nt denna familj om 10 \u00e5r? N\u00e4r kvinnan grottat ner sig i bakning, barnmat och storst\u00e4dning? N\u00e4r mannen &#8211; som redan i programinslaget konstaterar att hans kvinna inte l\u00e4ngre talar psykologiteorier som f\u00f6rr utan bara \u00e4r mamma &#8211; uppt\u00e4cker att de tv\u00e5 lever i skilda v\u00e4rldar och inte l\u00e4ngre har n\u00e5got att s\u00e4ga varandra? N\u00e4r mamma \u00e4r allt f\u00f6r barnen och pappa en skojig figur som p\u00e5 sin h\u00f6jd finns till hands en stund p\u00e5 helgen? Vad inneb\u00e4r det f\u00f6r paret och vad inneb\u00e4r det f\u00f6r barnen och deras uppv\u00e4xt?<br \/>\nHall\u00e5! Det \u00e4r 2012!!\u00a0 <a href=\"http:\/\/www.filindeblogg.nu\/?attachment_id=30324\" rel=\"attachment wp-att-30324\"><img loading=\"lazy\" class=\"alignnone  wp-image-30324\" title=\"T\u00e5rtdekoration 2\" src=\"http:\/\/www.filindeblogg.nu\/wp-content\/uploads\/2012\/03\/T\u00e5rtdekoration-2.jpg\" alt=\"\" width=\"135\" height=\"135\" srcset=\"http:\/\/www.filindeblogg.nu\/wp-content\/uploads\/2012\/03\/T\u00e5rtdekoration-2.jpg 225w, http:\/\/www.filindeblogg.nu\/wp-content\/uploads\/2012\/03\/T\u00e5rtdekoration-2-150x150.jpg 150w\" sizes=\"(max-width: 135px) 100vw, 135px\" \/><\/a><\/p>\n<p><a href=\"http:\/\/www.filindeblogg.nu\/?attachment_id=30322\" rel=\"attachment wp-att-30322\"><img loading=\"lazy\" class=\"alignnone  wp-image-30322\" title=\"Lycklig hemmafru f\u00e5ngen\" src=\"http:\/\/www.filindeblogg.nu\/wp-content\/uploads\/2012\/03\/Lycklig-hemmafru-f\u00e5ngen.jpg\" alt=\"\" width=\"166\" height=\"166\" srcset=\"http:\/\/www.filindeblogg.nu\/wp-content\/uploads\/2012\/03\/Lycklig-hemmafru-f\u00e5ngen.jpg 208w, http:\/\/www.filindeblogg.nu\/wp-content\/uploads\/2012\/03\/Lycklig-hemmafru-f\u00e5ngen-150x150.jpg 150w\" sizes=\"(max-width: 166px) 100vw, 166px\" \/><\/a> Jag kom att t\u00e4nka p\u00e5 mig sj\u00e4lv och hur jag fick ihop det med barn och jobb. F\u00f6r jag lyckades &#8211; kortsiktigt&#8230; Jag lyckades kombinera ett v\u00e4lbetalt och stimulerande jobb med mammarollen men det fick ett tufft bakslag 20 \u00e5r senare. N\u00e4r orken tog slut, dubbelarbetet tog ut sitt pris och den enorma, iskalla V\u00c4GGEN pl\u00f6tsligt reste upp sig framf\u00f6r mig<a href=\"http:\/\/www.expressen.se\/nyheter\/pappa-daniel-ar-tillbaka-pa-jobbet\/\" target=\"_blank\">.<\/a><br \/>\nVad drar jag d\u00e5 f\u00f6r slutsatser av det? Jo, vi m\u00e5ste inf\u00f6ra kortare arbetstid f\u00f6rst\u00e5s! Livet \u00e4r inte bara jobb utan s\u00e5 mycket mera. F\u00f6rdela tiden p\u00e5 annat s\u00e4tt s\u00e5 f\u00e5r vi m\u00f6jlighet att b\u00e5de ha jobb och vara goda f\u00f6r\u00e4ldrar<a href=\"http:\/\/www.aftonbladet.se\/nyheter\/article14531333.ab\" target=\"_blank\">,<\/a> s\u00e5v\u00e4l mammor som pappor. P\u00e5 k\u00f6pet blir det fler arbetstillf\u00e4llen och lyckligare familjer!<\/p>\n<p>L\u00e4s mer om 15.51-r\u00f6relsen p\u00e5 <a href=\"http:\/\/www.svd.se\/opinion\/brannpunkt\/klockan-1551-borjar-kvinnor-jobba-gratis_6906879.svd\" target=\"_blank\"><strong>SvD<\/strong><\/a> genom att klicka H\u00c4R och kom till Kvinnolobbyn genom att klicka <a href=\"http:\/\/www.sverigeskvinnolobby.se\/\" target=\"_blank\"><strong>H\u00c4R!<\/strong><\/a><\/p>\n<p>Men det varma inslaget i TV-serien d\u00e5? Jo, det var tv\u00e5 m\u00e4n som ber\u00e4ttade om sitt br\u00f6llop och hur det gick sedan? Om de tv\u00e5 gemensamma barn de f\u00e5tt och om vad de v\u00e4rderar i livet. <img loading=\"lazy\" class=\"alignnone  wp-image-30325\" title=\"T\u00e5rtdekoration 4 m\u00e4n\" src=\"http:\/\/www.filindeblogg.nu\/wp-content\/uploads\/2012\/03\/T\u00e5rtdekoration-4-m\u00e4n-152x300.jpg\" alt=\"\" width=\"152\" height=\"300\" \/><br \/>\nDet fullkomligt str\u00e5lade v\u00e4rme och k\u00e4rlek om den h\u00e4r familjen. Jag bara satt och log \u00f6ver den lycka som k\u00e4ndes r\u00e4tt ut genom TV-rutan .<br \/>\nSamtidigt kom ytterligare saker p\u00e5 skam fr\u00e5n den icke-j\u00e4mst\u00e4llda-familjen jag skrivit om ovan. I inslaget talar det paret om att de kommit underfund med att m\u00e4n och kvinnor \u00e4r olika. Mannen ska f\u00f6rs\u00f6rja familjen och kvinnan ta hand om avkomman. Det blir till en gigantisk plattityd n\u00e4r jag i pappa-pappa-barn-familjen fick erfara den genuina k\u00e4rlekslyckan och den \u00f6msesidiga respekten familjemedlemmarna emellan.<br \/>\n<a href=\"http:\/\/www.filindeblogg.nu\/?attachment_id=30326\" rel=\"attachment wp-att-30326\"><img loading=\"lazy\" class=\"alignnone  wp-image-30326\" title=\"T\u00e5rtdekoration 3\" src=\"http:\/\/www.filindeblogg.nu\/wp-content\/uploads\/2012\/03\/T\u00e5rtdekoration-3.jpg\" alt=\"\" width=\"122\" height=\"149\" \/><\/a>\u00a0 Titta g\u00e4rna TV-seriens f\u00f6rsta avsnitt p\u00e5 <strong>SVT Play<\/strong> genom att klicka <a href=\"http:\/\/svtplay.se\/t\/168193\/sa_levde_de_lyckliga\" target=\"_blank\"><strong>H\u00c4R!<\/strong><\/a> Fundera p\u00e5 vad du ser och hur det st\u00e4mmer med dina \u00e5sikter.<br \/>\nVad \u00e4r k\u00e4rlek?\u00a0<a href=\"http:\/\/www.filindeblogg.nu\/?attachment_id=30328\" rel=\"attachment wp-att-30328\"><img loading=\"lazy\" class=\"alignnone  wp-image-30328\" title=\"Br\u00f6llopst\u00e5rta\" src=\"http:\/\/www.filindeblogg.nu\/wp-content\/uploads\/2012\/03\/Br\u00f6llopst\u00e5rta-289x300.jpg\" alt=\"\" width=\"138\" height=\"144\" srcset=\"http:\/\/www.filindeblogg.nu\/wp-content\/uploads\/2012\/03\/Br\u00f6llopst\u00e5rta-289x300.jpg 289w, http:\/\/www.filindeblogg.nu\/wp-content\/uploads\/2012\/03\/Br\u00f6llopst\u00e5rta.jpg 300w\" sizes=\"(max-width: 138px) 100vw, 138px\" \/><\/a> Vem har r\u00e4tt att bilda familj?\u00a0 <a href=\"http:\/\/www.filindeblogg.nu\/?attachment_id=30327\" rel=\"attachment wp-att-30327\"><img loading=\"lazy\" class=\"alignnone  wp-image-30327\" title=\"T\u00e5rtdekoration 5 kvinnor\" src=\"http:\/\/www.filindeblogg.nu\/wp-content\/uploads\/2012\/03\/T\u00e5rtdekoration-5-kvinnor.jpg\" alt=\"\" width=\"98\" height=\"119\" \/><\/a>Vad \u00e4r j\u00e4mst\u00e4lldhet? <a href=\"http:\/\/www.filindeblogg.nu\/?attachment_id=30329\" rel=\"attachment wp-att-30329\"><img loading=\"lazy\" class=\"alignnone size-full wp-image-30329\" title=\"J\u00e4vla mes\" src=\"http:\/\/www.filindeblogg.nu\/wp-content\/uploads\/2012\/03\/J\u00e4vla-mes.jpg\" alt=\"\" width=\"218\" height=\"231\" \/><\/a><\/p>\n<p>Hur vill vi ha det? <a href=\"http:\/\/www.filindeblogg.nu\/?attachment_id=30330\" rel=\"attachment wp-att-30330\"><img loading=\"lazy\" class=\"alignnone size-medium wp-image-30330\" title=\"Mamma diskar j\u00e4mst\u00e4llt\" src=\"http:\/\/www.filindeblogg.nu\/wp-content\/uploads\/2012\/03\/Mamma-diskar-j\u00e4mst\u00e4llt-300x270.png\" alt=\"\" width=\"300\" height=\"270\" srcset=\"http:\/\/www.filindeblogg.nu\/wp-content\/uploads\/2012\/03\/Mamma-diskar-j\u00e4mst\u00e4llt-300x270.png 300w, http:\/\/www.filindeblogg.nu\/wp-content\/uploads\/2012\/03\/Mamma-diskar-j\u00e4mst\u00e4llt.png 400w\" sizes=\"(max-width: 300px) 100vw, 300px\" \/><\/a><\/p>\n<p><a href=\"http:\/\/www.filindeblogg.nu\/?attachment_id=30331\" rel=\"attachment wp-att-30331\"><img loading=\"lazy\" class=\"alignnone size-full wp-image-30331\" title=\"Kvinnokamp\" src=\"http:\/\/www.filindeblogg.nu\/wp-content\/uploads\/2012\/03\/Kvinnokamp.jpg\" alt=\"\" width=\"248\" height=\"203\" \/><\/a> Vem ska st\u00e5 f\u00f6r kampen?<br \/>\nVem \u00e4r f\u00f6rloraren?<a href=\"http:\/\/www.filindeblogg.nu\/?attachment_id=30332\" rel=\"attachment wp-att-30332\"><img loading=\"lazy\" class=\"alignnone size-full wp-image-30332\" title=\"Utbr\u00e4nd man\" src=\"http:\/\/www.filindeblogg.nu\/wp-content\/uploads\/2012\/03\/Utbr\u00e4nd-man.jpg\" alt=\"\" width=\"230\" height=\"230\" srcset=\"http:\/\/www.filindeblogg.nu\/wp-content\/uploads\/2012\/03\/Utbr\u00e4nd-man.jpg 230w, http:\/\/www.filindeblogg.nu\/wp-content\/uploads\/2012\/03\/Utbr\u00e4nd-man-150x150.jpg 150w\" sizes=\"(max-width: 230px) 100vw, 230px\" \/><\/a><\/p>\n<p>Gl\u00f6m sen larvet med &#8221;hen&#8221;! <a href=\"http:\/\/www.filindeblogg.nu\/?attachment_id=30333\" rel=\"attachment wp-att-30333\"><img loading=\"lazy\" class=\"alignnone size-full wp-image-30333\" title=\"9789185845767_large_kivi-monsterhund\" src=\"http:\/\/www.filindeblogg.nu\/wp-content\/uploads\/2012\/03\/9789185845767_large_kivi-monsterhund.jpg\" alt=\"\" width=\"180\" height=\"181\" srcset=\"http:\/\/www.filindeblogg.nu\/wp-content\/uploads\/2012\/03\/9789185845767_large_kivi-monsterhund.jpg 180w, http:\/\/www.filindeblogg.nu\/wp-content\/uploads\/2012\/03\/9789185845767_large_kivi-monsterhund-150x150.jpg 150w\" sizes=\"(max-width: 180px) 100vw, 180px\" \/><\/a>\u00a0 I Svenska Dagbladet idag konstateras att, citat: <em>\u201dHen\u201d-kulturer \u00e4r inte mer j\u00e4mst\u00e4llda.&#8221;<\/em>L\u00e4s mer <a href=\"http:\/\/www.svd.se\/kultur\/understrecket\/hen-kulturer-ar-inte-mer-jamstallda_6927977.svd\" target=\"_blank\"><strong>H\u00c4R!<\/strong><\/a><\/p>\n<p>Boken ovan, <em>&#8221;Kivi och monsterhund&#8221;<\/em> s\u00e4ger sig var Sveriges f\u00f6rsta barnbok d\u00e4r hen anv\u00e4nds som personligt pronomen. Ordbajserier! Ord \u00e4r ord och inte handling! Barn g\u00f6r inte som du s\u00e4ger utan som du g\u00f6r! Han, hon eller hen &#8211; whatever!?<em><\/em><\/p>\n<p><em><a href=\"http:\/\/www.filindeblogg.nu\/?attachment_id=30334\" rel=\"attachment wp-att-30334\"><img loading=\"lazy\" class=\"aligncenter size-full wp-image-30334\" title=\"J\u00e4mst\u00e4lldhet i v\u00e5gsk\u00e5l\" src=\"http:\/\/www.filindeblogg.nu\/wp-content\/uploads\/2012\/03\/J\u00e4mst\u00e4lldhet-i-v\u00e5gsk\u00e5l.jpg\" alt=\"\" width=\"246\" height=\"205\" \/><\/a><\/em><\/p>\n<p>&nbsp;<\/p>\n<p>&nbsp;<\/p>\n<p>&nbsp;<\/p>\n","protected":false},"excerpt":{"rendered":"<p>Ja, s\u00e5 k\u00e4nner jag det ibland &#8211; att j\u00e4mst\u00e4lldhet \u00e4r ett sk\u00e4mt. N\u00e5got man slogs f\u00f6r i f\u00f6rra \u00e5rhundradet men idag en pseudokamp som sakta men s\u00e4kert h\u00e5ller p\u00e5 att monteras ner. Och \u00e4r det s\u00e5 konstigt? Vi har en h\u00f6gerstyrd regering med j\u00e4mst\u00e4lldhetsmotst\u00e5ndarna KD som lillebror. De \u00f6vriga regeringssyskonen \u00e4r lika ben\u00e4gna att k\u00f6pa [&hellip;]<\/p>\n","protected":false},"author":1,"featured_media":0,"comment_status":"open","ping_status":"open","sticky":false,"template":"","format":"standard","meta":[],"categories":[125,121,100,119,101],"tags":[],"_links":{"self":[{"href":"http:\/\/www.filindeblogg.nu\/index.php?rest_route=\/wp\/v2\/posts\/30316"}],"collection":[{"href":"http:\/\/www.filindeblogg.nu\/index.php?rest_route=\/wp\/v2\/posts"}],"about":[{"href":"http:\/\/www.filindeblogg.nu\/index.php?rest_route=\/wp\/v2\/types\/post"}],"author":[{"embeddable":true,"href":"http:\/\/www.filindeblogg.nu\/index.php?rest_route=\/wp\/v2\/users\/1"}],"replies":[{"embeddable":true,"href":"http:\/\/www.filindeblogg.nu\/index.php?rest_route=%2Fwp%2Fv2%2Fcomments&post=30316"}],"version-history":[{"count":33,"href":"http:\/\/www.filindeblogg.nu\/index.php?rest_route=\/wp\/v2\/posts\/30316\/revisions"}],"predecessor-version":[{"id":30367,"href":"http:\/\/www.filindeblogg.nu\/index.php?rest_route=\/wp\/v2\/posts\/30316\/revisions\/30367"}],"wp:attachment":[{"href":"http:\/\/www.filindeblogg.nu\/index.php?rest_route=%2Fwp%2Fv2%2Fmedia&parent=30316"}],"wp:term":[{"taxonomy":"category","embeddable":true,"href":"http:\/\/www.filindeblogg.nu\/index.php?rest_route=%2Fwp%2Fv2%2Fcategories&post=30316"},{"taxonomy":"post_tag","embeddable":true,"href":"http:\/\/www.filindeblogg.nu\/index.php?rest_route=%2Fwp%2Fv2%2Ftags&post=30316"}],"curies":[{"name":"wp","href":"https:\/\/api.w.org\/{rel}","templated":true}]}}