{"id":30274,"date":"2012-03-15T11:35:45","date_gmt":"2012-03-15T10:35:45","guid":{"rendered":"http:\/\/www.filindeblogg.nu\/?p=30274"},"modified":"2012-03-15T11:35:46","modified_gmt":"2012-03-15T10:35:46","slug":"blodigt-allvar","status":"publish","type":"post","link":"http:\/\/www.filindeblogg.nu\/?p=30274","title":{"rendered":"Blodigt allvar"},"content":{"rendered":"<p><a href=\"http:\/\/www.filindeblogg.nu\/?attachment_id=30275\" rel=\"attachment wp-att-30275\"><img loading=\"lazy\" class=\"alignnone size-full wp-image-30275\" title=\"Blod\" src=\"http:\/\/www.filindeblogg.nu\/wp-content\/uploads\/2012\/03\/Blod.jpg\" alt=\"\" width=\"125\" height=\"156\" \/><\/a>Det \u00e4r 13 \u00e5r sedan sist &#8211; men idag var det dags igen! <a href=\"http:\/\/www.filindeblogg.nu\/?attachment_id=30276\" rel=\"attachment wp-att-30276\"><img loading=\"lazy\" class=\"alignnone  wp-image-30276\" title=\"IMG_4002 (3)\" src=\"http:\/\/www.filindeblogg.nu\/wp-content\/uploads\/2012\/03\/IMG_4002-3-300x225.jpg\" alt=\"\" width=\"180\" height=\"135\" srcset=\"http:\/\/www.filindeblogg.nu\/wp-content\/uploads\/2012\/03\/IMG_4002-3-300x225.jpg 300w, http:\/\/www.filindeblogg.nu\/wp-content\/uploads\/2012\/03\/IMG_4002-3.jpg 461w\" sizes=\"(max-width: 180px) 100vw, 180px\" \/><\/a> Utanf\u00f6r v\u00e5rdcentralen i <strong>Arboga<\/strong> har <strong>Blodbussen<\/strong> st\u00e5tt i ett par dagar. Nu p\u00e5 f\u00f6rmiddagen var sista m\u00f6jligheten att l\u00e4mna blod f\u00f6r denna g\u00e5ng.<\/p>\n<p><a href=\"http:\/\/www.filindeblogg.nu\/?attachment_id=30277\" rel=\"attachment wp-att-30277\"><img loading=\"lazy\" class=\"alignnone  wp-image-30277\" title=\"L\u00e4mna blod blid Internet\" src=\"http:\/\/www.filindeblogg.nu\/wp-content\/uploads\/2012\/03\/L\u00e4mna-blod-blid-Internet.jpg\" alt=\"\" width=\"156\" height=\"116\" \/><\/a> 4,5 dl blod tappas ur en blodgivare och det klarar en vuxen m\u00e4nniska l\u00e4tt av. M\u00e4nniskokroppen best\u00e5r av mellan 4-6 liter blod. <a href=\"http:\/\/www.filindeblogg.nu\/?attachment_id=30278\" rel=\"attachment wp-att-30278\"><img loading=\"lazy\" class=\"alignnone size-full wp-image-30278\" title=\"Blodp\u00e5se\" src=\"http:\/\/www.filindeblogg.nu\/wp-content\/uploads\/2012\/03\/Blodp\u00e5se.jpg\" alt=\"\" width=\"259\" height=\"194\" \/><\/a> Bloggaren har tidigare l\u00e4mnat blod 18 g\u00e5nger men eftersom det \u00e4r m\u00e5nga \u00e5r sedan blev det endast provtagning denna g\u00e5ng. Om jag \u00e5ter blir godk\u00e4nd blodgivare kommer jag att bli kallad till n\u00e4sta blodgivning. Jag har blodgrupp AB Rh+ &#8211; inte s\u00e5 vanligt. Den blodgruppen har ungef\u00e4r 5 % av folket.<\/p>\n<p>V\u00e4l hemma igen \u00e5t jag min Polarmacka med renk\u00f6tt och drack min juice! <a href=\"http:\/\/www.filindeblogg.nu\/?attachment_id=30279\" rel=\"attachment wp-att-30279\"><img loading=\"lazy\" class=\"alignnone  wp-image-30279\" title=\"IMG_4019 (3)\" src=\"http:\/\/www.filindeblogg.nu\/wp-content\/uploads\/2012\/03\/IMG_4019-3-225x300.jpg\" alt=\"\" width=\"135\" height=\"180\" srcset=\"http:\/\/www.filindeblogg.nu\/wp-content\/uploads\/2012\/03\/IMG_4019-3-225x300.jpg 225w, http:\/\/www.filindeblogg.nu\/wp-content\/uploads\/2012\/03\/IMG_4019-3.jpg 346w\" sizes=\"(max-width: 135px) 100vw, 135px\" \/><\/a> Det \u00e4r viktigt att l\u00e4mna blod! <a href=\"http:\/\/www.filindeblogg.nu\/?attachment_id=30280\" rel=\"attachment wp-att-30280\"><img loading=\"lazy\" class=\"alignnone  wp-image-30280\" title=\"IMG_4009 (3)\" src=\"http:\/\/www.filindeblogg.nu\/wp-content\/uploads\/2012\/03\/IMG_4009-3-225x300.jpg\" alt=\"\" width=\"135\" height=\"180\" srcset=\"http:\/\/www.filindeblogg.nu\/wp-content\/uploads\/2012\/03\/IMG_4009-3-225x300.jpg 225w, http:\/\/www.filindeblogg.nu\/wp-content\/uploads\/2012\/03\/IMG_4009-3.jpg 346w\" sizes=\"(max-width: 135px) 100vw, 135px\" \/><\/a> Men det \u00e4r ocks\u00e5 viktigt att veta vad som g\u00e4ller f\u00f6r att f\u00e5 bli blodgivare. \u00c4r du intresserad &#8211; g\u00e5 in <a href=\"http:\/\/geblod.nu\/\" target=\"_blank\"><strong>H\u00c4R<\/strong><\/a> och kom till <strong>Blod.nu<\/strong>. D\u00e4r kan du v\u00e4lja l\u00e4n och se n\u00e4r Blodbussen kommer till just din ort!<\/p>\n<p>Den h\u00e4r informationen finns bl.a. p\u00e5 Blod.nu:s hemsida:<em> <strong><br \/>\n&#8221;Sj\u00e4lvf\u00f6rs\u00f6rjning med knapp marginal<\/strong><\/em><br \/>\n<em>\u00c5r 2010 gav Sveriges\u00a0blodgivare\u00a0n\u00e4stan 495 000 p\u00e5sar blod varav cirka 488 000 anv\u00e4ndes till patienter. Socialstyrelsen uppskattar att 100 000 patienter f\u00e5r blod varje \u00e5r. Av dessa f\u00e5r troligen minst en tredjedel blodtransfusioner som \u00e4r direkt livr\u00e4ddande i akuta situationer. Alla patienter som beh\u00f6ver blod f\u00e5r det, men f\u00f6r att klara en trygg blodf\u00f6rs\u00f6rjning skulle\u00a0Sverige beh\u00f6va en st\u00f6rre blodgivark\u00e5r.&#8221;<\/em><\/p>\n<p>Det beh\u00f6vs allts\u00e5 fler blodgivare! Bli en du ocks\u00e5!<\/p>\n<p><a href=\"http:\/\/www.filindeblogg.nu\/?attachment_id=30281\" rel=\"attachment wp-att-30281\"><img loading=\"lazy\" class=\"aligncenter size-medium wp-image-30281\" title=\"IMG_4006 (2)\" src=\"http:\/\/www.filindeblogg.nu\/wp-content\/uploads\/2012\/03\/IMG_4006-2-300x225.jpg\" alt=\"\" width=\"300\" height=\"225\" srcset=\"http:\/\/www.filindeblogg.nu\/wp-content\/uploads\/2012\/03\/IMG_4006-2-300x225.jpg 300w, http:\/\/www.filindeblogg.nu\/wp-content\/uploads\/2012\/03\/IMG_4006-2.jpg 461w\" sizes=\"(max-width: 300px) 100vw, 300px\" \/><\/a><\/p>\n<p>N\u00e5got annat som f\u00f6r mig \u00e4r blodigt allvar \u00e4r sk\u00e4llsord och neds\u00e4ttande uttryck. D\u00e4rf\u00f6r reagerade jag starkt p\u00e5 denna programrubrik i <strong>SVT<\/strong> och <strong>Utbildningsradion<\/strong>! <a href=\"http:\/\/www.filindeblogg.nu\/?attachment_id=30282\" rel=\"attachment wp-att-30282\"><img loading=\"lazy\" class=\"alignnone size-medium wp-image-30282\" title=\"IMG_3979 (2)\" src=\"http:\/\/www.filindeblogg.nu\/wp-content\/uploads\/2012\/03\/IMG_3979-2-300x225.jpg\" alt=\"\" width=\"300\" height=\"225\" srcset=\"http:\/\/www.filindeblogg.nu\/wp-content\/uploads\/2012\/03\/IMG_3979-2-300x225.jpg 300w, http:\/\/www.filindeblogg.nu\/wp-content\/uploads\/2012\/03\/IMG_3979-2.jpg 461w\" sizes=\"(max-width: 300px) 100vw, 300px\" \/><\/a> <strong><em>&#8221;Miffo-tv<\/em><\/strong>&#8221;!? Vad \u00e4r det??<\/p>\n<p>Jag citerar texten i programinneh\u00e5llet: <em>&#8221;Miffon vill b\u00e5de ha sex och barn &#8211; trots omv\u00e4rldens f\u00f6rmaningar&#8221;<\/em>. Vad\u00e5 miffon?? Vem \u00e4r ett miffo?<br \/>\nMiffo \u00e4r en f\u00f6rkortning av ordet &#8221;missfoster&#8221;. Vem vill bli kallad s\u00e5? Vem best\u00e4mmer vem som \u00e4r en <em>&#8221;missbildad varelse&#8221;<\/em> &#8211; som synonymen \u00e4r till ordet missfoster?<\/p>\n<p>Med erfarenhet av ADHD och andra egenskaper vet jag hur neds\u00e4ttande och h\u00e5rt det \u00e4r att bli kallad &#8221;miffo&#8221;. Vem har r\u00e4tt att s\u00e4tta det epitetet p\u00e5 en annan m\u00e4nniska? \u00c4r det de som tror att de \u00e4r &#8221;normala&#8221;?<br \/>\nVem \u00e4r normal? Ingen! Normalbegreppet uppr\u00e4tth\u00e5lls av r\u00e4dda, h\u00e4mmade personer som inte v\u00e5gar ta sig ur en s k &#8221;normalmall&#8221; som n\u00e5gon annan hittat p\u00e5. <a href=\"http:\/\/www.filindeblogg.nu\/?attachment_id=30283\" rel=\"attachment wp-att-30283\"><img loading=\"lazy\" class=\"alignnone size-full wp-image-30283\" title=\"Miffo TV\" src=\"http:\/\/www.filindeblogg.nu\/wp-content\/uploads\/2012\/03\/Miffo-TV.jpg\" alt=\"\" width=\"160\" height=\"90\" \/><\/a><br \/>\n<strong>Sk\u00e4rpning SVT! Miffo-tv \u00e4r inte OK n\u00e4r man vet vem som best\u00e4mt begreppet och varf\u00f6r! \u00a0<\/strong> <strong>\ud83d\ude41<\/strong><br \/>\nG\u00e5 in <a href=\"http:\/\/sverigesradio.se\/sida\/artikel.aspx?programid=2151&amp;artikel=4966870\" target=\"_blank\"><strong>H\u00c4R<\/strong> <\/a>f\u00f6r att komma till programmet i SVT.<\/p>\n<p><a href=\"http:\/\/www.filindeblogg.nu\/?attachment_id=30284\" rel=\"attachment wp-att-30284\"><img loading=\"lazy\" class=\"size-medium wp-image-30284 aligncenter\" title=\"Vem \u00e4r miffo\" src=\"http:\/\/www.filindeblogg.nu\/wp-content\/uploads\/2012\/03\/Vem-\u00e4r-miffo-300x168.jpg\" alt=\"\" width=\"300\" height=\"168\" srcset=\"http:\/\/www.filindeblogg.nu\/wp-content\/uploads\/2012\/03\/Vem-\u00e4r-miffo-300x168.jpg 300w, http:\/\/www.filindeblogg.nu\/wp-content\/uploads\/2012\/03\/Vem-\u00e4r-miffo.jpg 520w\" sizes=\"(max-width: 300px) 100vw, 300px\" \/><\/a><\/p>\n<p><a href=\"http:\/\/www.filindeblogg.nu\/?attachment_id=30286\" rel=\"attachment wp-att-30286\"><img loading=\"lazy\" class=\"alignnone  wp-image-30286\" title=\"IMG_3968 (3)\" src=\"http:\/\/www.filindeblogg.nu\/wp-content\/uploads\/2012\/03\/IMG_3968-3-300x225.jpg\" alt=\"\" width=\"180\" height=\"135\" srcset=\"http:\/\/www.filindeblogg.nu\/wp-content\/uploads\/2012\/03\/IMG_3968-3-300x225.jpg 300w, http:\/\/www.filindeblogg.nu\/wp-content\/uploads\/2012\/03\/IMG_3968-3.jpg 461w\" sizes=\"(max-width: 180px) 100vw, 180px\" \/><\/a>\u00a0 Lite bilder fr\u00e5n g\u00e5rdagen ocks\u00e5! Kalas f\u00f6r dottern &#8211; \u00e4ven om hon inte fanns p\u00e5 plats! <a href=\"http:\/\/www.filindeblogg.nu\/?attachment_id=30285\" rel=\"attachment wp-att-30285\"><img loading=\"lazy\" class=\"alignnone  wp-image-30285\" title=\"IMG_3965 (3)\" src=\"http:\/\/www.filindeblogg.nu\/wp-content\/uploads\/2012\/03\/IMG_3965-3-300x225.jpg\" alt=\"\" width=\"180\" height=\"135\" srcset=\"http:\/\/www.filindeblogg.nu\/wp-content\/uploads\/2012\/03\/IMG_3965-3-300x225.jpg 300w, http:\/\/www.filindeblogg.nu\/wp-content\/uploads\/2012\/03\/IMG_3965-3.jpg 461w\" sizes=\"(max-width: 180px) 100vw, 180px\" \/><\/a><\/p>\n<p><strong>Wilma<\/strong> blev s\u00e5 till sig av allt firande att hon blev vildare \u00e4n vanligt&#8230;\u00a0 <a href=\"http:\/\/www.filindeblogg.nu\/?attachment_id=30287\" rel=\"attachment wp-att-30287\"><img loading=\"lazy\" class=\"alignnone  wp-image-30287\" title=\"IMG_3975 (3)\" src=\"http:\/\/www.filindeblogg.nu\/wp-content\/uploads\/2012\/03\/IMG_3975-3-300x225.jpg\" alt=\"\" width=\"180\" height=\"135\" srcset=\"http:\/\/www.filindeblogg.nu\/wp-content\/uploads\/2012\/03\/IMG_3975-3-300x225.jpg 300w, http:\/\/www.filindeblogg.nu\/wp-content\/uploads\/2012\/03\/IMG_3975-3.jpg 461w\" sizes=\"(max-width: 180px) 100vw, 180px\" \/><\/a> N\u00e4r Wilma blir vild och galen ger hon sig alltid p\u00e5 den ljusgr\u00f6na filten&#8230; Fr\u00e5ga inte varf\u00f6r! Hon snor in sig i filten och sparkar vilt med bakbenen i den. Efter\u00e5t blir hon helt slut och ligger mest och blinkar med ena \u00f6gat. Koko? Nej d\u00e5, bara <strong>Vilda Wilma<\/strong>! \ud83d\ude00 <a href=\"http:\/\/www.filindeblogg.nu\/?attachment_id=30288\" rel=\"attachment wp-att-30288\"><img loading=\"lazy\" class=\"alignnone  wp-image-30288\" title=\"IMG_3977 (2)\" src=\"http:\/\/www.filindeblogg.nu\/wp-content\/uploads\/2012\/03\/IMG_3977-2-300x225.jpg\" alt=\"\" width=\"210\" height=\"158\" srcset=\"http:\/\/www.filindeblogg.nu\/wp-content\/uploads\/2012\/03\/IMG_3977-2-300x225.jpg 300w, http:\/\/www.filindeblogg.nu\/wp-content\/uploads\/2012\/03\/IMG_3977-2.jpg 461w\" sizes=\"(max-width: 210px) 100vw, 210px\" \/><\/a><\/p>\n<p>Flaggan halades innan solens nedg\u00e5ng och d\u00e5 ville <strong>Curry<\/strong> vara med! <a href=\"http:\/\/www.filindeblogg.nu\/?attachment_id=30289\" rel=\"attachment wp-att-30289\"><img loading=\"lazy\" class=\"alignnone  wp-image-30289\" title=\"IMG_3983 (3)\" src=\"http:\/\/www.filindeblogg.nu\/wp-content\/uploads\/2012\/03\/IMG_3983-3-300x225.jpg\" alt=\"\" width=\"180\" height=\"135\" srcset=\"http:\/\/www.filindeblogg.nu\/wp-content\/uploads\/2012\/03\/IMG_3983-3-300x225.jpg 300w, http:\/\/www.filindeblogg.nu\/wp-content\/uploads\/2012\/03\/IMG_3983-3.jpg 461w\" sizes=\"(max-width: 180px) 100vw, 180px\" \/><\/a> Sen hissades vimpeln f\u00f6r f\u00f6rsta g\u00e5ngen i \u00e5r. <strong>D\u00e5 \u00e4r<\/strong> <strong>det v\u00e5r p\u00e5<\/strong> <strong>Glasbl\u00e5sarg\u00e5rden<\/strong>! \ud83d\ude42<br \/>\nN\u00e4r \u00e4ldste sonen fyllt \u00e5r 1 november &#8211; och flaggan halats &#8211; d\u00e5 \u00e5ker inte vimpeln upp igen utan f\u00e5r vila som markering f\u00f6r att den m\u00f6rka \u00e5rstiden \u00e4r h\u00e4r. Sen n\u00e4r yngsta barnet fyller \u00e5r 14 mars och flaggan halats p\u00e5 kv\u00e4llen &#8211; d\u00e5 \u00e5ker vimpeln upp igen! Nu \u00e4r ljuset tillbaka, v\u00e5ren \u00e4r h\u00e4r! <a href=\"http:\/\/www.filindeblogg.nu\/?attachment_id=30290\" rel=\"attachment wp-att-30290\"><img loading=\"lazy\" class=\"alignnone  wp-image-30290\" title=\"IMG_3984 (3)\" src=\"http:\/\/www.filindeblogg.nu\/wp-content\/uploads\/2012\/03\/IMG_3984-3-225x300.jpg\" alt=\"\" width=\"158\" height=\"210\" srcset=\"http:\/\/www.filindeblogg.nu\/wp-content\/uploads\/2012\/03\/IMG_3984-3-225x300.jpg 225w, http:\/\/www.filindeblogg.nu\/wp-content\/uploads\/2012\/03\/IMG_3984-3.jpg 346w\" sizes=\"(max-width: 158px) 100vw, 158px\" \/><\/a><\/p>\n<p>Ha en fin torsdag! Gl\u00f6m inte att anm\u00e4la dig som blodgivare! G\u00e5 in p\u00e5 <a href=\"http:\/\/geblod.nu\/regionsvaljaren\/\" target=\"_blank\"><strong>www.geblod<\/strong><\/a>.nu s\u00e5 f\u00e5r du veta hur och n\u00e4r!<\/p>\n<p><a href=\"http:\/\/www.filindeblogg.nu\/?attachment_id=30291\" rel=\"attachment wp-att-30291\"><img loading=\"lazy\" class=\"aligncenter size-medium wp-image-30291\" title=\"IMG_4003 (2)\" src=\"http:\/\/www.filindeblogg.nu\/wp-content\/uploads\/2012\/03\/IMG_4003-2-300x225.jpg\" alt=\"\" width=\"300\" height=\"225\" srcset=\"http:\/\/www.filindeblogg.nu\/wp-content\/uploads\/2012\/03\/IMG_4003-2-300x225.jpg 300w, http:\/\/www.filindeblogg.nu\/wp-content\/uploads\/2012\/03\/IMG_4003-2.jpg 461w\" sizes=\"(max-width: 300px) 100vw, 300px\" \/><\/a><\/p>\n<p>&nbsp;<\/p>\n","protected":false},"excerpt":{"rendered":"<p>Det \u00e4r 13 \u00e5r sedan sist &#8211; men idag var det dags igen! Utanf\u00f6r v\u00e5rdcentralen i Arboga har Blodbussen st\u00e5tt i ett par dagar. Nu p\u00e5 f\u00f6rmiddagen var sista m\u00f6jligheten att l\u00e4mna blod f\u00f6r denna g\u00e5ng. 4,5 dl blod tappas ur en blodgivare och det klarar en vuxen m\u00e4nniska l\u00e4tt av. M\u00e4nniskokroppen best\u00e5r av mellan [&hellip;]<\/p>\n","protected":false},"author":1,"featured_media":0,"comment_status":"open","ping_status":"open","sticky":false,"template":"","format":"standard","meta":[],"categories":[127,107,41,137,100,101],"tags":[],"_links":{"self":[{"href":"http:\/\/www.filindeblogg.nu\/index.php?rest_route=\/wp\/v2\/posts\/30274"}],"collection":[{"href":"http:\/\/www.filindeblogg.nu\/index.php?rest_route=\/wp\/v2\/posts"}],"about":[{"href":"http:\/\/www.filindeblogg.nu\/index.php?rest_route=\/wp\/v2\/types\/post"}],"author":[{"embeddable":true,"href":"http:\/\/www.filindeblogg.nu\/index.php?rest_route=\/wp\/v2\/users\/1"}],"replies":[{"embeddable":true,"href":"http:\/\/www.filindeblogg.nu\/index.php?rest_route=%2Fwp%2Fv2%2Fcomments&post=30274"}],"version-history":[{"count":24,"href":"http:\/\/www.filindeblogg.nu\/index.php?rest_route=\/wp\/v2\/posts\/30274\/revisions"}],"predecessor-version":[{"id":30315,"href":"http:\/\/www.filindeblogg.nu\/index.php?rest_route=\/wp\/v2\/posts\/30274\/revisions\/30315"}],"wp:attachment":[{"href":"http:\/\/www.filindeblogg.nu\/index.php?rest_route=%2Fwp%2Fv2%2Fmedia&parent=30274"}],"wp:term":[{"taxonomy":"category","embeddable":true,"href":"http:\/\/www.filindeblogg.nu\/index.php?rest_route=%2Fwp%2Fv2%2Fcategories&post=30274"},{"taxonomy":"post_tag","embeddable":true,"href":"http:\/\/www.filindeblogg.nu\/index.php?rest_route=%2Fwp%2Fv2%2Ftags&post=30274"}],"curies":[{"name":"wp","href":"https:\/\/api.w.org\/{rel}","templated":true}]}}