{"id":28738,"date":"2012-02-11T11:16:20","date_gmt":"2012-02-11T10:16:20","guid":{"rendered":"http:\/\/www.filindeblogg.nu\/?p=28738"},"modified":"2012-02-11T11:16:20","modified_gmt":"2012-02-11T10:16:20","slug":"lordagssysslor","status":"publish","type":"post","link":"http:\/\/www.filindeblogg.nu\/?p=28738","title":{"rendered":"L\u00f6rdagssysslor"},"content":{"rendered":"<p><a href=\"http:\/\/www.filindeblogg.nu\/?attachment_id=28739\" rel=\"attachment wp-att-28739\"><img loading=\"lazy\" class=\"alignnone  wp-image-28739\" title=\"IMG_3031 (2)\" src=\"http:\/\/www.filindeblogg.nu\/wp-content\/uploads\/2012\/02\/IMG_3031-2-300x225.jpg\" alt=\"\" width=\"180\" height=\"135\" srcset=\"http:\/\/www.filindeblogg.nu\/wp-content\/uploads\/2012\/02\/IMG_3031-2-300x225.jpg 300w, http:\/\/www.filindeblogg.nu\/wp-content\/uploads\/2012\/02\/IMG_3031-2.jpg 461w\" sizes=\"(max-width: 180px) 100vw, 180px\" \/><\/a>\u00a0 Det blev en morgonpromenad idag trots att v\u00e4dret inte direkt inbj\u00f6d till dig. Inte s\u00e5 kallt om man tittade p\u00e5 termometern men det bl\u00e5ste motvind p\u00e5 hemv\u00e4gen och solen lyste bara med sin fr\u00e5nvaro.<br \/>\n\u00c4nd\u00e5 k\u00e4nde jag f\u00f6r en promenad. Det \u00e4r v\u00e4l ljuset och den d\u00e4r k\u00e4nsla att v\u00e5ren faktiskt \u00e4r p\u00e5 g\u00e5ng som fick iv\u00e4g mig. <a href=\"http:\/\/www.filindeblogg.nu\/?attachment_id=28741\" rel=\"attachment wp-att-28741\"><img loading=\"lazy\" class=\"alignnone  wp-image-28741\" title=\"IMG_3039 (3)\" src=\"http:\/\/www.filindeblogg.nu\/wp-content\/uploads\/2012\/02\/IMG_3039-3-225x300.jpg\" alt=\"\" width=\"135\" height=\"180\" srcset=\"http:\/\/www.filindeblogg.nu\/wp-content\/uploads\/2012\/02\/IMG_3039-3-225x300.jpg 225w, http:\/\/www.filindeblogg.nu\/wp-content\/uploads\/2012\/02\/IMG_3039-3.jpg 346w\" sizes=\"(max-width: 135px) 100vw, 135px\" \/><\/a><\/p>\n<p>Nere vid <strong>Arboga\u00e5n<\/strong> l\u00e5g n\u00e5gra b\u00e5tar t\u00e4tt tillsammans och fr\u00f6s. Ocks\u00e5 dom v\u00e4ntar p\u00e5 v\u00e5ren n\u00e4r de kan l\u00e4gga ut p\u00e5 \u00f6ppet vatten! <a href=\"http:\/\/www.filindeblogg.nu\/?attachment_id=28740\" rel=\"attachment wp-att-28740\"><img loading=\"lazy\" class=\"alignnone  wp-image-28740\" title=\"IMG_3037 (2)\" src=\"http:\/\/www.filindeblogg.nu\/wp-content\/uploads\/2012\/02\/IMG_3037-2-300x225.jpg\" alt=\"\" width=\"180\" height=\"135\" srcset=\"http:\/\/www.filindeblogg.nu\/wp-content\/uploads\/2012\/02\/IMG_3037-2-300x225.jpg 300w, http:\/\/www.filindeblogg.nu\/wp-content\/uploads\/2012\/02\/IMG_3037-2.jpg 461w\" sizes=\"(max-width: 180px) 100vw, 180px\" \/><\/a><\/p>\n<p><strong>Kungs\u00f6rsv\u00e4gen<\/strong> \u00e4r inte helt enkel att ta sig fram p\u00e5 &#8211; i alla fall inte med bil. <a href=\"http:\/\/www.filindeblogg.nu\/?attachment_id=28742\" rel=\"attachment wp-att-28742\"><img loading=\"lazy\" class=\"alignnone  wp-image-28742\" title=\"IMG_3040 (2)\" src=\"http:\/\/www.filindeblogg.nu\/wp-content\/uploads\/2012\/02\/IMG_3040-2-300x225.jpg\" alt=\"\" width=\"180\" height=\"135\" srcset=\"http:\/\/www.filindeblogg.nu\/wp-content\/uploads\/2012\/02\/IMG_3040-2-300x225.jpg 300w, http:\/\/www.filindeblogg.nu\/wp-content\/uploads\/2012\/02\/IMG_3040-2.jpg 461w\" sizes=\"(max-width: 180px) 100vw, 180px\" \/><\/a><br \/>\nStopp f\u00f6r trafik och stora h\u00f6ga med jord uppgr\u00e4vda. <a href=\"http:\/\/www.filindeblogg.nu\/?attachment_id=28743\" rel=\"attachment wp-att-28743\"><img loading=\"lazy\" class=\"alignnone  wp-image-28743\" title=\"IMG_3041 (3)\" src=\"http:\/\/www.filindeblogg.nu\/wp-content\/uploads\/2012\/02\/IMG_3041-3-300x225.jpg\" alt=\"\" width=\"180\" height=\"135\" srcset=\"http:\/\/www.filindeblogg.nu\/wp-content\/uploads\/2012\/02\/IMG_3041-3-300x225.jpg 300w, http:\/\/www.filindeblogg.nu\/wp-content\/uploads\/2012\/02\/IMG_3041-3.jpg 461w\" sizes=\"(max-width: 180px) 100vw, 180px\" \/><\/a> Jord men ocks\u00e5 lera &#8211; jag k\u00e4nde doften av bl\u00e5lera som fick mig att minnas <strong>Tegelbruket i Arboga<\/strong>. Det l\u00e5g l\u00e4ngst \u00f6sterut p\u00e5 Kungs\u00f6rsv\u00e4gen och dit gick vi som barn och tiggde lera ibland f\u00f6r att tillverka &#8221;fina sk\u00e5lar&#8221;. \ud83d\ude42<br \/>\nTegelbruket brann ner n\u00e4r jag var liten och jag minns \u00e4n hur jag stod och tittade p\u00e5 de h\u00f6ga l\u00e5gorna med pappa bakom mig. Sp\u00e4nnande och ot\u00e4ckt p\u00e5 samma g\u00e5ng men tryggt med pappa intill sig.<\/p>\n<p><a href=\"http:\/\/www.filindeblogg.nu\/?attachment_id=28744\" rel=\"attachment wp-att-28744\"><img loading=\"lazy\" class=\"alignnone  wp-image-28744\" title=\"IMG_3043 (2)\" src=\"http:\/\/www.filindeblogg.nu\/wp-content\/uploads\/2012\/02\/IMG_3043-2-225x300.jpg\" alt=\"\" width=\"135\" height=\"180\" srcset=\"http:\/\/www.filindeblogg.nu\/wp-content\/uploads\/2012\/02\/IMG_3043-2-225x300.jpg 225w, http:\/\/www.filindeblogg.nu\/wp-content\/uploads\/2012\/02\/IMG_3043-2.jpg 346w\" sizes=\"(max-width: 135px) 100vw, 135px\" \/><\/a> S\u00e5 h\u00e4r ser det ut p\u00e5 Kungs\u00f6rsv\u00e4gen just nu &#8211; intill <strong>G\u00e4ddg\u00e5rdsskolan<\/strong>. Jag har ingen aning om vad det \u00e4r som \u00e5tg\u00e4rdas. Kanske n\u00e5gon l\u00e4sare vet?<\/p>\n<p>&#8221;Folkpartiets brygga&#8221; har f\u00e5tt bj\u00f6rkar intill sig, s\u00e5g jag. <a href=\"http:\/\/www.filindeblogg.nu\/?attachment_id=28745\" rel=\"attachment wp-att-28745\"><img loading=\"lazy\" class=\"alignnone  wp-image-28745\" title=\"IMG_3046 (3)\" src=\"http:\/\/www.filindeblogg.nu\/wp-content\/uploads\/2012\/02\/IMG_3046-3-225x300.jpg\" alt=\"\" width=\"135\" height=\"180\" srcset=\"http:\/\/www.filindeblogg.nu\/wp-content\/uploads\/2012\/02\/IMG_3046-3-225x300.jpg 225w, http:\/\/www.filindeblogg.nu\/wp-content\/uploads\/2012\/02\/IMG_3046-3.jpg 346w\" sizes=\"(max-width: 135px) 100vw, 135px\" \/><\/a> Det blir nog vackert i v\u00e5r n\u00e4r det gr\u00f6nskar!<\/p>\n<p>Kyligt och kallt s\u00e5g det ut i vattnet. <a href=\"http:\/\/www.filindeblogg.nu\/?attachment_id=28746\" rel=\"attachment wp-att-28746\"><img loading=\"lazy\" class=\"alignnone  wp-image-28746\" title=\"IMG_3048 (2)\" src=\"http:\/\/www.filindeblogg.nu\/wp-content\/uploads\/2012\/02\/IMG_3048-2-300x225.jpg\" alt=\"\" width=\"180\" height=\"135\" srcset=\"http:\/\/www.filindeblogg.nu\/wp-content\/uploads\/2012\/02\/IMG_3048-2-300x225.jpg 300w, http:\/\/www.filindeblogg.nu\/wp-content\/uploads\/2012\/02\/IMG_3048-2.jpg 461w\" sizes=\"(max-width: 180px) 100vw, 180px\" \/><\/a> Och inte s\u00e5g det b\u00e4ttre ut p\u00e5 andra sidan &#8211; utsikt fr\u00e5n <strong>Herrg\u00e5rdsbron<\/strong>. <a href=\"http:\/\/www.filindeblogg.nu\/?attachment_id=28747\" rel=\"attachment wp-att-28747\"><img loading=\"lazy\" class=\"alignnone  wp-image-28747\" title=\"IMG_3050 (3)\" src=\"http:\/\/www.filindeblogg.nu\/wp-content\/uploads\/2012\/02\/IMG_3050-3-300x225.jpg\" alt=\"\" width=\"180\" height=\"135\" srcset=\"http:\/\/www.filindeblogg.nu\/wp-content\/uploads\/2012\/02\/IMG_3050-3-300x225.jpg 300w, http:\/\/www.filindeblogg.nu\/wp-content\/uploads\/2012\/02\/IMG_3050-3.jpg 461w\" sizes=\"(max-width: 180px) 100vw, 180px\" \/><\/a> Inte kul att vara and i dessa tider&#8230; Jag t\u00e4nkte lite p\u00e5 <strong>Stig Thor\u00e9n<\/strong> d\u00e4r jag gick. Han matade alltid \u00e4nderna om vintern. Undrar om n\u00e5gon annan tagit vid efter honom?<\/p>\n<p>Hem \u00f6ver stan. <strong>Nicolaikyrkan<\/strong> i bakgrunden. <a href=\"http:\/\/www.filindeblogg.nu\/?attachment_id=28748\" rel=\"attachment wp-att-28748\"><img loading=\"lazy\" class=\"alignnone  wp-image-28748\" title=\"IMG_3052 (3)\" src=\"http:\/\/www.filindeblogg.nu\/wp-content\/uploads\/2012\/02\/IMG_3052-3-225x300.jpg\" alt=\"\" width=\"135\" height=\"180\" srcset=\"http:\/\/www.filindeblogg.nu\/wp-content\/uploads\/2012\/02\/IMG_3052-3-225x300.jpg 225w, http:\/\/www.filindeblogg.nu\/wp-content\/uploads\/2012\/02\/IMG_3052-3.jpg 346w\" sizes=\"(max-width: 135px) 100vw, 135px\" \/><\/a><\/p>\n<p>Vad kan man g\u00f6ra sen en ledig l\u00f6rdag? Sortera b\u00f6cker kanske? <a href=\"http:\/\/www.filindeblogg.nu\/?attachment_id=28749\" rel=\"attachment wp-att-28749\"><img loading=\"lazy\" class=\"alignnone  wp-image-28749\" title=\"IMG_3010 (3)\" src=\"http:\/\/www.filindeblogg.nu\/wp-content\/uploads\/2012\/02\/IMG_3010-3-300x225.jpg\" alt=\"\" width=\"180\" height=\"135\" srcset=\"http:\/\/www.filindeblogg.nu\/wp-content\/uploads\/2012\/02\/IMG_3010-3-300x225.jpg 300w, http:\/\/www.filindeblogg.nu\/wp-content\/uploads\/2012\/02\/IMG_3010-3.jpg 461w\" sizes=\"(max-width: 180px) 100vw, 180px\" \/><\/a> Massor av b\u00f6cker i en enda r\u00f6ra! <strong>Felix<\/strong> undrade vad som stod p\u00e5 n\u00e4r matte pl\u00f6tsligt fick s\u00e5dan arbetslust&#8230; <a href=\"http:\/\/www.filindeblogg.nu\/?attachment_id=28750\" rel=\"attachment wp-att-28750\"><img loading=\"lazy\" class=\"alignnone  wp-image-28750\" title=\"IMG_3013 (3)\" src=\"http:\/\/www.filindeblogg.nu\/wp-content\/uploads\/2012\/02\/IMG_3013-3-300x225.jpg\" alt=\"\" width=\"180\" height=\"135\" srcset=\"http:\/\/www.filindeblogg.nu\/wp-content\/uploads\/2012\/02\/IMG_3013-3-300x225.jpg 300w, http:\/\/www.filindeblogg.nu\/wp-content\/uploads\/2012\/02\/IMG_3013-3.jpg 461w\" sizes=\"(max-width: 180px) 100vw, 180px\" \/><\/a> Lite sorterat blev det men sen var det bara att ge upp! Det fattas minst en bokhylla, uppt\u00e4ckte jag!<\/p>\n<p>S\u00e5 \u00e4r det n\u00e5gon som har en vit <strong>Billy<\/strong> st\u00e5r och skr\u00e4par n\u00e5gonstans &#8211; l\u00e4mpa av den hemma hos mig! \ud83d\ude42 <a href=\"http:\/\/www.filindeblogg.nu\/?attachment_id=28751\" rel=\"attachment wp-att-28751\"><img loading=\"lazy\" class=\"alignnone size-full wp-image-28751\" title=\"Bokhyllan Billy vit\" src=\"http:\/\/www.filindeblogg.nu\/wp-content\/uploads\/2012\/02\/Bokhyllan-Billy-vit.jpg\" alt=\"\" width=\"225\" height=\"225\" srcset=\"http:\/\/www.filindeblogg.nu\/wp-content\/uploads\/2012\/02\/Bokhyllan-Billy-vit.jpg 225w, http:\/\/www.filindeblogg.nu\/wp-content\/uploads\/2012\/02\/Bokhyllan-Billy-vit-150x150.jpg 150w\" sizes=\"(max-width: 225px) 100vw, 225px\" \/><\/a><\/p>\n<p><strong>F\u00f6r \u00f6vrigt kan jag meddela de personer som skriver neds\u00e4ttande saker om mig h\u00e4r p\u00e5 bloggen: Ni raderas! Era p\u00e5hopp tas bort! <\/strong><br \/>\n<strong>H\u00e4r best\u00e4mmer jag och det finns ingen anledning f\u00f6r mina l\u00e4sare att ta del av era dumheter. Att prata illa om mig som person och vr\u00e4ka ur sig \u00e5sikter om vargar i kommentarer till bloggar som varken har med vargar eller andra djur att g\u00f6ra &#8211; godk\u00e4nns inte.<\/strong><\/p>\n<p>Njut l\u00f6rdagen! Det g\u00f6r jag!<\/p>\n<p><a href=\"http:\/\/www.filindeblogg.nu\/?attachment_id=28752\" rel=\"attachment wp-att-28752\"><img loading=\"lazy\" class=\"aligncenter size-medium wp-image-28752\" title=\"IMG_3022 (3)\" src=\"http:\/\/www.filindeblogg.nu\/wp-content\/uploads\/2012\/02\/IMG_3022-3-300x225.jpg\" alt=\"\" width=\"300\" height=\"225\" srcset=\"http:\/\/www.filindeblogg.nu\/wp-content\/uploads\/2012\/02\/IMG_3022-3-300x225.jpg 300w, http:\/\/www.filindeblogg.nu\/wp-content\/uploads\/2012\/02\/IMG_3022-3.jpg 461w\" sizes=\"(max-width: 300px) 100vw, 300px\" \/><\/a><\/p>\n<p>&nbsp;<\/p>\n<p>&nbsp;<\/p>\n<p>&nbsp;<\/p>\n<p>&nbsp;<\/p>\n<p>&nbsp;<\/p>\n","protected":false},"excerpt":{"rendered":"<p>\u00a0 Det blev en morgonpromenad idag trots att v\u00e4dret inte direkt inbj\u00f6d till dig. Inte s\u00e5 kallt om man tittade p\u00e5 termometern men det bl\u00e5ste motvind p\u00e5 hemv\u00e4gen och solen lyste bara med sin fr\u00e5nvaro. \u00c4nd\u00e5 k\u00e4nde jag f\u00f6r en promenad. Det \u00e4r v\u00e4l ljuset och den d\u00e4r k\u00e4nsla att v\u00e5ren faktiskt \u00e4r p\u00e5 g\u00e5ng [&hellip;]<\/p>\n","protected":false},"author":1,"featured_media":0,"comment_status":"open","ping_status":"open","sticky":false,"template":"","format":"standard","meta":[],"categories":[127,106,100,101],"tags":[],"_links":{"self":[{"href":"http:\/\/www.filindeblogg.nu\/index.php?rest_route=\/wp\/v2\/posts\/28738"}],"collection":[{"href":"http:\/\/www.filindeblogg.nu\/index.php?rest_route=\/wp\/v2\/posts"}],"about":[{"href":"http:\/\/www.filindeblogg.nu\/index.php?rest_route=\/wp\/v2\/types\/post"}],"author":[{"embeddable":true,"href":"http:\/\/www.filindeblogg.nu\/index.php?rest_route=\/wp\/v2\/users\/1"}],"replies":[{"embeddable":true,"href":"http:\/\/www.filindeblogg.nu\/index.php?rest_route=%2Fwp%2Fv2%2Fcomments&post=28738"}],"version-history":[{"count":12,"href":"http:\/\/www.filindeblogg.nu\/index.php?rest_route=\/wp\/v2\/posts\/28738\/revisions"}],"predecessor-version":[{"id":28764,"href":"http:\/\/www.filindeblogg.nu\/index.php?rest_route=\/wp\/v2\/posts\/28738\/revisions\/28764"}],"wp:attachment":[{"href":"http:\/\/www.filindeblogg.nu\/index.php?rest_route=%2Fwp%2Fv2%2Fmedia&parent=28738"}],"wp:term":[{"taxonomy":"category","embeddable":true,"href":"http:\/\/www.filindeblogg.nu\/index.php?rest_route=%2Fwp%2Fv2%2Fcategories&post=28738"},{"taxonomy":"post_tag","embeddable":true,"href":"http:\/\/www.filindeblogg.nu\/index.php?rest_route=%2Fwp%2Fv2%2Ftags&post=28738"}],"curies":[{"name":"wp","href":"https:\/\/api.w.org\/{rel}","templated":true}]}}