{"id":28591,"date":"2012-02-08T11:06:17","date_gmt":"2012-02-08T10:06:17","guid":{"rendered":"http:\/\/www.filindeblogg.nu\/?p=28591"},"modified":"2012-02-08T11:06:18","modified_gmt":"2012-02-08T10:06:18","slug":"reinfeldt-eller-persson-samma-verklighetsfranvaro-samma-brist-pa-forstaelse","status":"publish","type":"post","link":"http:\/\/www.filindeblogg.nu\/?p=28591","title":{"rendered":"Reinfeldt eller Persson &#8211; samma verklighetsfr\u00e5nvaro, samma brist p\u00e5 f\u00f6rst\u00e5else! :-("},"content":{"rendered":"<p>Den h\u00e4r bilden vandrar runt p\u00e5 <strong>Facebook<\/strong> nu. <a href=\"http:\/\/www.filindeblogg.nu\/?attachment_id=28592\" rel=\"attachment wp-att-28592\"><img loading=\"lazy\" class=\"alignnone size-medium wp-image-28592\" title=\"Facebookbild p\u00e5 Reinfeldts nya id\u00e9\" src=\"http:\/\/www.filindeblogg.nu\/wp-content\/uploads\/2012\/02\/Facebookbild-p\u00e5-Reinfeldts-nya-id\u00e9-300x224.jpg\" alt=\"\" width=\"300\" height=\"224\" srcset=\"http:\/\/www.filindeblogg.nu\/wp-content\/uploads\/2012\/02\/Facebookbild-p\u00e5-Reinfeldts-nya-id\u00e9-300x224.jpg 300w, http:\/\/www.filindeblogg.nu\/wp-content\/uploads\/2012\/02\/Facebookbild-p\u00e5-Reinfeldts-nya-id\u00e9.jpg 400w\" sizes=\"(max-width: 300px) 100vw, 300px\" \/><\/a> Detta naturligtvis med anledning av <strong>Moderaternas<\/strong> senaste utspel<a href=\"http:\/\/www.dn.se\/nyheter\/politik\/mer-kunskap-om-arbetsmiljo-s-recept-for-hojd-pensionsalder\" target=\"_blank\">.<\/a> F\u00f6rslaget fr\u00e5n <strong>Fredrik Reinfeldt<\/strong> att m\u00e4nniskor ska jobba till dom blir 75.<\/p>\n<p>Att f\u00f6resl\u00e5 n\u00e5got s\u00e5dant \u00e4r ett direkt h\u00e5n mot alla som jobbat sig sjuka! Det visar en total likgiltighet och nonchalans mot alla de m\u00e4nniskor i v\u00e5rt land som g\u00e5tt under p\u00e5 grund av f\u00f6r h\u00e5rt arbete<a href=\"http:\/\/www.svd.se\/opinion\/brannpunkt\/reinfeldts-varld-vitt-skild-fran-manga-andras_6830455.svd\" target=\"_blank\">.<\/a> <a href=\"http:\/\/www.filindeblogg.nu\/?attachment_id=28593\" rel=\"attachment wp-att-28593\"><img loading=\"lazy\" class=\"alignnone  wp-image-28593\" title=\"Utbr\u00e4nd man\" src=\"http:\/\/www.filindeblogg.nu\/wp-content\/uploads\/2012\/02\/Utbr\u00e4nd-man.jpg\" alt=\"\" width=\"165\" height=\"110\" \/><\/a><br \/>\nVad \u00e4n v\u00e4rre \u00e4r &#8211; det visar en brist p\u00e5 verklighetsf\u00f6rankring och en avsaknad av f\u00f6rst\u00e5else f\u00f6r m\u00e4nniskor och arbete \u00e4ven p\u00e5 l\u00e5ng sikt!<\/p>\n<p><strong>Livet \u00e4r inte bara jobb! En m\u00e4nniska \u00e4r ingen robot!<\/strong> Att leva inneb\u00e4r s\u00e5 mycket mer \u00e4n yrkesarbete. Att leva \u00e4r ocks\u00e5 samvaro, upplevelser och vila! Och m\u00e5r m\u00e4nniskor bra s\u00e5 orkar de och vill arbeta &#8211; i sin takt och efter sin f\u00f6rm\u00e5ga<a href=\"http:\/\/www.svd.se\/nyheter\/inrikes\/lasarna-reagerar-mot-pensionsforslaget_6829653.svd\" target=\"_blank\">.<\/a><\/p>\n<p>Att f\u00f6resl\u00e5 att m\u00e4nniskor ska jobba i hela sitt liv tycker jag liknar forna tiders slaveri! <a href=\"http:\/\/www.filindeblogg.nu\/?attachment_id=28594\" rel=\"attachment wp-att-28594\"><img loading=\"lazy\" class=\"alignnone size-full wp-image-28594\" title=\"Slav\" src=\"http:\/\/www.filindeblogg.nu\/wp-content\/uploads\/2012\/02\/Slav.jpg\" alt=\"\" width=\"204\" height=\"204\" srcset=\"http:\/\/www.filindeblogg.nu\/wp-content\/uploads\/2012\/02\/Slav.jpg 204w, http:\/\/www.filindeblogg.nu\/wp-content\/uploads\/2012\/02\/Slav-150x150.jpg 150w\" sizes=\"(max-width: 204px) 100vw, 204px\" \/><\/a> Ja, vad \u00e4r skillnaden? Du m\u00e5ste jobba tills du stupar och d\u00e5 \u00e4r det b\u00e4st att du d\u00f6r p\u00e5 en g\u00e5ng f\u00f6r n\u00e5gon ers\u00e4ttning f\u00e5r du inte n\u00e4r F\u00f6rs\u00e4kringskassan best\u00e4mmer!<\/p>\n<p>Det h\u00e4r \u00e4r ingen rimlig v\u00e4g att g\u00e5 f\u00f6r regeringen! Tyv\u00e4rr var den f\u00f6rra inte mycket b\u00e4ttre. Arbetslivsministern d\u00e5 &#8211; Hans Karlsson (s)- jagade <em>&#8221;oh\u00e4lsotal&#8221;<\/em> som inte var siffror p\u00e5 ett papper utan m\u00e4nniskor som g\u00e5tt in i v\u00e4ggen men som ans\u00e5gs simulera och fuska. <a href=\"http:\/\/www.filindeblogg.nu\/?attachment_id=28595\" rel=\"attachment wp-att-28595\"><img loading=\"lazy\" class=\"alignnone size-full wp-image-28595\" title=\"Hans Karlsson f d Arbetslivsminister\" src=\"http:\/\/www.filindeblogg.nu\/wp-content\/uploads\/2012\/02\/Hans-Karlsson-f-d-Arbetslivsminister.jpg\" alt=\"\" width=\"80\" height=\"107\" \/><\/a>\u00a0 S\u00e5 h\u00e4r sa han i en intervju november 2004 (!) &#8211; citat fr\u00e5n fackf\u00f6reningen <strong>Pappers<\/strong>:&#8221; <strong><em><span style=\"font-family: Verdana; font-size: x-small;\">&#8211; Den fortsatta minskningen av oh\u00e4lsan \u00e4r mycket tillfredst\u00e4llande. S\u00e4rskilt glad \u00e4r jag \u00f6ver att de l\u00e5nga sjukfallen blir allt f\u00e4rre.&#8221; <\/span><\/em><\/strong><span style=\"font-family: Verdana; font-size: x-small;\">Klicka <a href=\"http:\/\/www.pappers.se\/home\/pappers2\/home.nsf\/f9b9876bba6158e0412569af003cedc8\/974b5d2d348ac2b1c1256f5100422b12?OpenDocument\" target=\"_blank\"><strong>H\u00c4R<\/strong> <\/a>f\u00f6r att l\u00e4sa mer! <\/span>Jo, pyttsan! Idag vet vi hur Sossarna &#8221;klarade&#8221; av det! \ud83d\ude41<\/p>\n<p>Av den anledningen bl.a. bildades <strong>Fi &#8211; Feministiskt initiativ<\/strong>. <a href=\"http:\/\/www.filindeblogg.nu\/?attachment_id=28596\" rel=\"attachment wp-att-28596\"><img loading=\"lazy\" class=\"alignnone size-full wp-image-28596\" title=\"Fi 4 april 2005\" src=\"http:\/\/www.filindeblogg.nu\/wp-content\/uploads\/2012\/02\/Fi-4-april-2005.jpg\" alt=\"\" width=\"275\" height=\"183\" \/><\/a> L\u00e4s mer <a href=\"http:\/\/www.expressen.se\/nyheter\/nytt-feministparti-i-dag\/\" target=\"_blank\"><strong>H\u00c4R!<\/strong><\/a><\/p>\n<p>Presskonferensen 4 april 2005 var v\u00e4lbes\u00f6kt, minst sagt <a href=\"http:\/\/www.filindeblogg.nu\/?attachment_id=28597\" rel=\"attachment wp-att-28597\"><img loading=\"lazy\" class=\"alignnone size-full wp-image-28597\" title=\"Presskonferensen Fi 2005\" src=\"http:\/\/www.filindeblogg.nu\/wp-content\/uploads\/2012\/02\/Presskonferensen-Fi-2005.jpg\" alt=\"\" width=\"275\" height=\"183\" \/><\/a>\u00a0 &#8211; men forts\u00e4ttningen vet vi. Bloggaren jagades f\u00f6r fusk och blev genom<strong> F\u00f6rs\u00e4kringskassans<\/strong> agerande b\u00e5de sjukare men ocks\u00e5 arbetsl\u00f6s<a href=\"http:\/\/www.aftonbladet.se\/nyheter\/article14335707.ab\" target=\"_blank\">. <\/a><br \/>\nFeministiskt initiativ drog \u00f6ronen \u00e5t sig och tyckte det blev &#8221;bad publicity&#8221; n\u00e4r bloggaren stred f\u00f6r sin r\u00e4tt<a href=\"http:\/\/www.expressen.se\/nyheter\/reinfeldt-tror-det-kravs-for-valfarden\/\" target=\"_blank\">.<\/a> S\u00e5 var det med den solidariteten och r\u00e4ttvisan!<\/p>\n<p>2005 kom Fi ut och ingenting blev b\u00e4ttre p\u00e5 arbetsmarknaden av det. Den tidigare sosseregeringen bidrog till enorma \u00f6kningar av utslitna m\u00e4nniskor och den nuvarande med Fredrik Reinfeldt i spetsen har fortsatt klappjakten och drar \u00e5t tumskruvarna \u00e4nnu mer<a href=\"http:\/\/hd.se\/inrikes\/2012\/02\/08\/tummen-ned-for-hojd-pensionsalder\/\" target=\"_blank\">.<\/a>\u00a0 Men &#8211; ser \u00e4ven till att f\u00f6ruts\u00e4ttningarna f\u00f6r att m\u00e4nniskor ska jobba sig sjuka \u00f6kar!<br \/>\nJobba till du \u00e4r 75 och marsch sen direkt i graven! <a href=\"http:\/\/www.filindeblogg.nu\/?attachment_id=28634\" rel=\"attachment wp-att-28634\"><img loading=\"lazy\" class=\"alignnone  wp-image-28634\" title=\"Kyrkog\u00e5rd\" src=\"http:\/\/www.filindeblogg.nu\/wp-content\/uploads\/2012\/02\/Kyrkog\u00e5rd.jpg\" alt=\"\" width=\"181\" height=\"136\" \/><\/a><\/p>\n<p>S\u00e5 vad g\u00f6ra?<br \/>\nJo, det finns ju ett par partier kvar att st\u00e4lla sitt hopp till. <a href=\"http:\/\/www.filindeblogg.nu\/?attachment_id=28600\" rel=\"attachment wp-att-28600\"><img loading=\"lazy\" class=\"alignnone  wp-image-28600\" title=\"D\u00f6d ber\" src=\"http:\/\/www.filindeblogg.nu\/wp-content\/uploads\/2012\/02\/D\u00f6d-ber.jpg\" alt=\"\" width=\"107\" height=\"170\" \/><\/a>\u00a0 <a href=\"http:\/\/www.filindeblogg.nu\/?attachment_id=28598\" rel=\"attachment wp-att-28598\"><img loading=\"lazy\" class=\"alignnone size-full wp-image-28598\" title=\"27535_34780126150_4092_q\" src=\"http:\/\/www.filindeblogg.nu\/wp-content\/uploads\/2012\/02\/27535_34780126150_4092_q.jpg\" alt=\"\" width=\"50\" height=\"50\" \/><\/a><a href=\"http:\/\/www.mp.se\/templates\/Mct_177.aspx?number=165788\" target=\"_blank\"><strong>Milj\u00f6partiet<\/strong><\/a> och <a href=\"http:\/\/www.filindeblogg.nu\/?attachment_id=28599\" rel=\"attachment wp-att-28599\"><img loading=\"lazy\" class=\"alignnone  wp-image-28599\" title=\"V\u00e4nstern\" src=\"http:\/\/www.filindeblogg.nu\/wp-content\/uploads\/2012\/02\/V\u00e4nstern.jpg\" alt=\"\" width=\"42\" height=\"50\" \/><\/a><strong>V\u00e4nstern<\/strong>! B\u00e5da har bl.a. kortare arbetstid p\u00e5 sitt program! B\u00e5da partierna f\u00f6rst\u00e5r att se till m\u00e4nniskan &#8211; att det \u00e4r d\u00e4r vi ska b\u00f6rja.<br \/>\nTyv\u00e4rr g\u00e5r det just nu inte att komma in p\u00e5 V\u00e4sterpartiets hemsida &#8211; men Mp:s fungerar! Klicka ovan!<\/p>\n<p><strong>F\u00f6r det spelar ingen roll hur mycket pengar man tj\u00e4nar om man inte m\u00e5r bra! Ett lands v\u00e4lf\u00e4rd borde redovisas i m\u00e4nniskors h\u00e4lsa och inte i ekonomiska termer! Ett liv \u00e4r v\u00e4rt s\u00e5 mycket mer \u00e4n 40 timmars arbetsvecka i 50 \u00e5r! F\u00f6rst n\u00e4r vi inser det kan vi f\u00e5 ett land som blomstrar med m\u00e4nniskor som trivs och m\u00e5r bra.<\/strong><\/p>\n<p>Ig\u00e5r s\u00e5g jag en gammal svensk l\u00e5ngfilm fr\u00e5n 1946 &#8211;<em><strong> &#8221;Saltst\u00e4nk och krutgubbar&#8221;<\/strong><\/em>. D\u00e4r s\u00e4ger en av huvudpersonerna n\u00e4r dubbelmoralen frodas som v\u00e4rst: <strong><em>&#8221;Fr\u00e4lsta sj\u00e4lar &#8211; Mammons tr\u00e4lar&#8221;<\/em><\/strong>. Det uttrycket st\u00e5r sig \u00e4n idag!<\/p>\n<p>Tv\u00e5 \u00e5r kvar till n\u00e4sta val. L\u00e5ng tid att st\u00e5 ut. Men protestera s\u00e5 mycket ni orkar! Och r\u00f6sta r\u00e4tt i september 2014! Det t\u00e4nker jag g\u00f6ra &#8211; igen<br \/>\n&#8211; och det handlar inte bara om t\u00e5g! Du f\u00f6rtj\u00e4nar b\u00e4ttre &#8211; du f\u00f6rtj\u00e4nar respekt som m\u00e4nniska!<\/p>\n<p><a href=\"http:\/\/www.filindeblogg.nu\/?attachment_id=28601\" rel=\"attachment wp-att-28601\"><img loading=\"lazy\" class=\"aligncenter size-medium wp-image-28601\" title=\"Du f\u00f6rtj\u00e4nar b\u00e4ttre Mp\" src=\"http:\/\/www.filindeblogg.nu\/wp-content\/uploads\/2012\/02\/Du-f\u00f6rtj\u00e4nar-b\u00e4ttre-Mp-300x164.jpg\" alt=\"\" width=\"300\" height=\"164\" srcset=\"http:\/\/www.filindeblogg.nu\/wp-content\/uploads\/2012\/02\/Du-f\u00f6rtj\u00e4nar-b\u00e4ttre-Mp-300x164.jpg 300w, http:\/\/www.filindeblogg.nu\/wp-content\/uploads\/2012\/02\/Du-f\u00f6rtj\u00e4nar-b\u00e4ttre-Mp.jpg 728w\" sizes=\"(max-width: 300px) 100vw, 300px\" \/><\/a><\/p>\n<p>&nbsp;<\/p>\n<p>&nbsp;<\/p>\n<p>&nbsp;<\/p>\n<p>&nbsp;<\/p>\n","protected":false},"excerpt":{"rendered":"<p>Den h\u00e4r bilden vandrar runt p\u00e5 Facebook nu. Detta naturligtvis med anledning av Moderaternas senaste utspel. F\u00f6rslaget fr\u00e5n Fredrik Reinfeldt att m\u00e4nniskor ska jobba till dom blir 75. Att f\u00f6resl\u00e5 n\u00e5got s\u00e5dant \u00e4r ett direkt h\u00e5n mot alla som jobbat sig sjuka! Det visar en total likgiltighet och nonchalans mot alla de m\u00e4nniskor i v\u00e5rt [&hellip;]<\/p>\n","protected":false},"author":1,"featured_media":0,"comment_status":"open","ping_status":"open","sticky":false,"template":"","format":"standard","meta":[],"categories":[125,100,119,101],"tags":[],"_links":{"self":[{"href":"http:\/\/www.filindeblogg.nu\/index.php?rest_route=\/wp\/v2\/posts\/28591"}],"collection":[{"href":"http:\/\/www.filindeblogg.nu\/index.php?rest_route=\/wp\/v2\/posts"}],"about":[{"href":"http:\/\/www.filindeblogg.nu\/index.php?rest_route=\/wp\/v2\/types\/post"}],"author":[{"embeddable":true,"href":"http:\/\/www.filindeblogg.nu\/index.php?rest_route=\/wp\/v2\/users\/1"}],"replies":[{"embeddable":true,"href":"http:\/\/www.filindeblogg.nu\/index.php?rest_route=%2Fwp%2Fv2%2Fcomments&post=28591"}],"version-history":[{"count":40,"href":"http:\/\/www.filindeblogg.nu\/index.php?rest_route=\/wp\/v2\/posts\/28591\/revisions"}],"predecessor-version":[{"id":28642,"href":"http:\/\/www.filindeblogg.nu\/index.php?rest_route=\/wp\/v2\/posts\/28591\/revisions\/28642"}],"wp:attachment":[{"href":"http:\/\/www.filindeblogg.nu\/index.php?rest_route=%2Fwp%2Fv2%2Fmedia&parent=28591"}],"wp:term":[{"taxonomy":"category","embeddable":true,"href":"http:\/\/www.filindeblogg.nu\/index.php?rest_route=%2Fwp%2Fv2%2Fcategories&post=28591"},{"taxonomy":"post_tag","embeddable":true,"href":"http:\/\/www.filindeblogg.nu\/index.php?rest_route=%2Fwp%2Fv2%2Ftags&post=28591"}],"curies":[{"name":"wp","href":"https:\/\/api.w.org\/{rel}","templated":true}]}}