{"id":28220,"date":"2012-01-28T11:19:00","date_gmt":"2012-01-28T10:19:00","guid":{"rendered":"http:\/\/www.filindeblogg.nu\/?p=28220"},"modified":"2012-01-28T11:19:00","modified_gmt":"2012-01-28T10:19:00","slug":"vill-du-gora-en-tur-till-overklassen","status":"publish","type":"post","link":"http:\/\/www.filindeblogg.nu\/?p=28220","title":{"rendered":"Vill du g\u00f6ra en tur till \u00f6verklassen?"},"content":{"rendered":"<p><a href=\"http:\/\/www.filindeblogg.nu\/?attachment_id=28221\" rel=\"attachment wp-att-28221\"><img loading=\"lazy\" class=\"alignnone size-full wp-image-28221\" title=\"\u00d6verklass\" src=\"http:\/\/www.filindeblogg.nu\/wp-content\/uploads\/2012\/01\/\u00d6verklass.jpg\" alt=\"\" width=\"255\" height=\"198\" \/><\/a> Idag kan man l\u00e4sa i <strong>DN<\/strong> om en s k \u00f6verklassafari som anordnas idag i <strong>Stockholm!<\/strong> P\u00e5 DN:s hemsida kan man l\u00e4sa, citat:<br \/>\n<em>&#8221;I dag anordnar organisationen <a href=\"http:\/\/alltatalla.com\/\" target=\"_blank\"><strong>Allt \u00e5t alla<\/strong><\/a> en guidad busstur ut till <strong>Solsidan i Nacka<\/strong> f\u00f6r att ber\u00e4tta om &#8221;Sveriges rikaste utsugare&#8221;.&#8221;<\/em><\/p>\n<p>Jag citerar vidare ur DN: <em>&#8221;Den s\u00e5 kallade \u00f6verklassafarin har v\u00e4ckt starka reaktioner p\u00e5 internet och kommunalr\u00e5d <strong>Erik Langby (M)<\/strong> tycker att id\u00e9n \u00e4r barnslig. <\/em><br \/>\n<em>Bussturen med<strong> &#8221;Motborgarbussen Linje 99&#8221;<\/strong> avg\u00e5r vid lunchtid fr\u00e5n centrala Stockholm till Solsidan via Fisks\u00e4tra och Grand Hotell i Saltsj\u00f6baden. Ombord finns plats f\u00f6r 65 personer och resan \u00e4r fullbokad sedan flera veckor tillbaka.&#8221;\u00a0 <\/em><a href=\"http:\/\/www.filindeblogg.nu\/?attachment_id=28222\" rel=\"attachment wp-att-28222\"><img loading=\"lazy\" class=\"alignnone  wp-image-28222\" title=\"solsidan683\" src=\"http:\/\/www.filindeblogg.nu\/wp-content\/uploads\/2012\/01\/solsidan683-300x188.jpg\" alt=\"\" width=\"180\" height=\"113\" srcset=\"http:\/\/www.filindeblogg.nu\/wp-content\/uploads\/2012\/01\/solsidan683-300x188.jpg 300w, http:\/\/www.filindeblogg.nu\/wp-content\/uploads\/2012\/01\/solsidan683.jpg 683w\" sizes=\"(max-width: 180px) 100vw, 180px\" \/><\/a> (Personerna p\u00e5 bilder kommer troligen inte att dyka upp under safarin &#8211; eller &#8211; vem vet?)<br \/>\nL\u00e4s mera i DN om safari ut till \u00f6verklassen genom att klicka<a href=\"http:\/\/www.dn.se\/sthlm\/overklassafari-vacker-het-debatt\" target=\"_blank\"><strong> H\u00c4R<\/strong><\/a>!<\/p>\n<p>Om f\u00f6reningen &#8221;Allt \u00e5t alla&#8221; l\u00e4ser jag:<\/p>\n<div>\n<p><em><strong>&#8221;Arbetarklassen \u00e4r heterogen med en gemensam n\u00e4mnare \u2013 att vi saknar makten \u00f6ver v\u00e5rt arbete, avl\u00f6nat s\u00e5 v\u00e4l som oavl\u00f6nat. Vi ska som organisation delta i de fr\u00e5gor och konflikter som f\u00f6r arbetarklassen samman. Vi \u00e4r motst\u00e5ndare till alla former av klassamarbete.<br \/>\nV\u00e5rt m\u00e5l \u00e4r ett samh\u00e4lle organiserat efter principen: av var och en efter f\u00f6rm\u00e5ga, \u00e5t var och en efter behov.<br \/>\nVi \u00e4r en av flera revolution\u00e4ra organisationer. En m\u00e5ngfald av taktiker, strategier liksom organisationer och n\u00e4tverk \u00e4r n\u00f6dv\u00e4ndiga i kampen f\u00f6r klassamh\u00e4llets avskaffande. Vi verkar f\u00f6r att skapa r\u00f6relse i klassen genom kontinuerligt och \u00f6ppet arbete, bortom tillf\u00e4lliga aktionsgrupper och dolda agendor.&#8221;<\/strong><\/em><\/p>\n<p>Nja, jag tycker texten som beskriver organisationen spretar. Man \u00e4r motst\u00e5ndare till klasser men kallar sig arbetarklassen. Man \u00e4r ocks\u00e5 motst\u00e5ndare till allt &#8221;klassamarbete&#8221;.\u00a0 <strong>??<\/strong><br \/>\nDen h\u00e4r bilden p\u00e5 deras hemsida kallas <em>&#8221;Odla ditt klasshat<\/em>&#8221;.\u00a0 <strong>??<\/strong> <a href=\"http:\/\/www.filindeblogg.nu\/?attachment_id=28224\" rel=\"attachment wp-att-28224\"><img loading=\"lazy\" class=\"alignnone  wp-image-28224\" title=\"Odladittklasshat1_00000-640x290-290x290\" src=\"http:\/\/www.filindeblogg.nu\/wp-content\/uploads\/2012\/01\/Odladittklasshat1_00000-640x290-290x290.png\" alt=\"\" width=\"174\" height=\"174\" srcset=\"http:\/\/www.filindeblogg.nu\/wp-content\/uploads\/2012\/01\/Odladittklasshat1_00000-640x290-290x290.png 290w, http:\/\/www.filindeblogg.nu\/wp-content\/uploads\/2012\/01\/Odladittklasshat1_00000-640x290-290x290-150x150.png 150w\" sizes=\"(max-width: 174px) 100vw, 174px\" \/><\/a><\/p>\n<p>Hur vill man komma vidare? Hur n\u00e5r man ett resultat utan samarbete? Nja, jag avst\u00e5r nog safarituren och \u00e4gnar mig \u00e5t min egen djungel h\u00e4r hemma.<\/p>\n<p><a href=\"http:\/\/www.filindeblogg.nu\/?attachment_id=28230\" rel=\"attachment wp-att-28230\"><img loading=\"lazy\" class=\"alignnone  wp-image-28230\" title=\"IMG_2743 (2)\" src=\"http:\/\/www.filindeblogg.nu\/wp-content\/uploads\/2012\/01\/IMG_2743-2-225x300.jpg\" alt=\"\" width=\"135\" height=\"180\" srcset=\"http:\/\/www.filindeblogg.nu\/wp-content\/uploads\/2012\/01\/IMG_2743-2-225x300.jpg 225w, http:\/\/www.filindeblogg.nu\/wp-content\/uploads\/2012\/01\/IMG_2743-2.jpg 346w\" sizes=\"(max-width: 135px) 100vw, 135px\" \/><\/a>\u00a0 28 januari idag och allm\u00e4n flaggdag. Jag f\u00f6ljer g\u00e4rna dessa flaggtider utan n\u00e5gon s\u00e4rskilt tanke p\u00e5 vem som firas egentligen . I mitt fall har jag dessutom en <strong>Kar<\/strong>l att fira &#8211; min egen <strong>Carl-Johan!<\/strong> <strong>Grattis! <\/strong><a href=\"http:\/\/www.filindeblogg.nu\/?attachment_id=28223\" rel=\"attachment wp-att-28223\"><img loading=\"lazy\" class=\"alignnone  wp-image-28223\" title=\"IMG_2744 (3)\" src=\"http:\/\/www.filindeblogg.nu\/wp-content\/uploads\/2012\/01\/IMG_2744-3-225x300.jpg\" alt=\"\" width=\"135\" height=\"180\" srcset=\"http:\/\/www.filindeblogg.nu\/wp-content\/uploads\/2012\/01\/IMG_2744-3-225x300.jpg 225w, http:\/\/www.filindeblogg.nu\/wp-content\/uploads\/2012\/01\/IMG_2744-3.jpg 346w\" sizes=\"(max-width: 135px) 100vw, 135px\" \/><\/a><\/p>\n<p><a href=\"http:\/\/www.filindeblogg.nu\/?attachment_id=28225\" rel=\"attachment wp-att-28225\"><img loading=\"lazy\" class=\"alignnone  wp-image-28225\" title=\"IMG_2738 (3)\" src=\"http:\/\/www.filindeblogg.nu\/wp-content\/uploads\/2012\/01\/IMG_2738-3-300x225.jpg\" alt=\"\" width=\"108\" height=\"81\" srcset=\"http:\/\/www.filindeblogg.nu\/wp-content\/uploads\/2012\/01\/IMG_2738-3-300x225.jpg 300w, http:\/\/www.filindeblogg.nu\/wp-content\/uploads\/2012\/01\/IMG_2738-3.jpg 461w\" sizes=\"(max-width: 108px) 100vw, 108px\" \/><\/a> H\u00e4r ska bakas! <a href=\"http:\/\/www.filindeblogg.nu\/?attachment_id=28226\" rel=\"attachment wp-att-28226\"><img loading=\"lazy\" class=\"alignnone  wp-image-28226\" title=\"IMG_2739 (3)\" src=\"http:\/\/www.filindeblogg.nu\/wp-content\/uploads\/2012\/01\/IMG_2739-3-300x225.jpg\" alt=\"\" width=\"108\" height=\"81\" srcset=\"http:\/\/www.filindeblogg.nu\/wp-content\/uploads\/2012\/01\/IMG_2739-3-300x225.jpg 300w, http:\/\/www.filindeblogg.nu\/wp-content\/uploads\/2012\/01\/IMG_2739-3.jpg 461w\" sizes=\"(max-width: 108px) 100vw, 108px\" \/><\/a> Lite riven choklad blandades i sockerkakssmeten dagen till \u00e4ra! <a href=\"http:\/\/www.filindeblogg.nu\/?attachment_id=28227\" rel=\"attachment wp-att-28227\"><img loading=\"lazy\" class=\"alignnone  wp-image-28227\" title=\"IMG_2740 (3)\" src=\"http:\/\/www.filindeblogg.nu\/wp-content\/uploads\/2012\/01\/IMG_2740-3-300x225.jpg\" alt=\"\" width=\"108\" height=\"81\" srcset=\"http:\/\/www.filindeblogg.nu\/wp-content\/uploads\/2012\/01\/IMG_2740-3-300x225.jpg 300w, http:\/\/www.filindeblogg.nu\/wp-content\/uploads\/2012\/01\/IMG_2740-3.jpg 461w\" sizes=\"(max-width: 108px) 100vw, 108px\" \/><\/a><br \/>\nKlar &#8211; <a href=\"http:\/\/www.filindeblogg.nu\/?attachment_id=28228\" rel=\"attachment wp-att-28228\"><img loading=\"lazy\" class=\"alignnone  wp-image-28228\" title=\"IMG_2741 (3)\" src=\"http:\/\/www.filindeblogg.nu\/wp-content\/uploads\/2012\/01\/IMG_2741-3-300x225.jpg\" alt=\"\" width=\"108\" height=\"81\" srcset=\"http:\/\/www.filindeblogg.nu\/wp-content\/uploads\/2012\/01\/IMG_2741-3-300x225.jpg 300w, http:\/\/www.filindeblogg.nu\/wp-content\/uploads\/2012\/01\/IMG_2741-3.jpg 461w\" sizes=\"(max-width: 108px) 100vw, 108px\" \/><\/a> &#8211; att servera! <a href=\"http:\/\/www.filindeblogg.nu\/?attachment_id=28229\" rel=\"attachment wp-att-28229\"><img loading=\"lazy\" class=\"alignnone  wp-image-28229\" title=\"IMG_2742 (2)\" src=\"http:\/\/www.filindeblogg.nu\/wp-content\/uploads\/2012\/01\/IMG_2742-2-300x225.jpg\" alt=\"\" width=\"108\" height=\"81\" srcset=\"http:\/\/www.filindeblogg.nu\/wp-content\/uploads\/2012\/01\/IMG_2742-2-300x225.jpg 300w, http:\/\/www.filindeblogg.nu\/wp-content\/uploads\/2012\/01\/IMG_2742-2.jpg 461w\" sizes=\"(max-width: 108px) 100vw, 108px\" \/><\/a><\/p>\n<p>N\u00e4r ingen <strong>Carl<\/strong> finns hemma s\u00e5 f\u00e5r dagen firas med<strong> Jakob!<\/strong> <a href=\"http:\/\/www.filindeblogg.nu\/?attachment_id=28231\" rel=\"attachment wp-att-28231\"><img loading=\"lazy\" class=\"alignnone  wp-image-28231\" title=\"IMG_0076\" src=\"http:\/\/www.filindeblogg.nu\/wp-content\/uploads\/2012\/01\/IMG_0076-225x300.jpg\" alt=\"\" width=\"135\" height=\"180\" srcset=\"http:\/\/www.filindeblogg.nu\/wp-content\/uploads\/2012\/01\/IMG_0076-225x300.jpg 225w, http:\/\/www.filindeblogg.nu\/wp-content\/uploads\/2012\/01\/IMG_0076.jpg 231w\" sizes=\"(max-width: 135px) 100vw, 135px\" \/><\/a> Jakob \u00f6verraskade oss ig\u00e5r med att komma hem p\u00e5 bes\u00f6k! Det gjorde b\u00e5de bloggaren och katterna s\u00e5 j\u00e4tteglada!<\/p>\n<p>Klassa mig hit och klassa mig dit &#8211; f\u00f6r mig duger en fikastund p\u00e5 <strong>Glasbl\u00e5sarg\u00e5rden<\/strong> med barnen! Duger mycket v\u00e4l &#8211; och mer d\u00e4rtill. Ha en fin l\u00f6rdag alla <strong>Karlar<\/strong> och <strong>Callar<\/strong> och alla ni andra!<\/p>\n<p><a href=\"http:\/\/www.filindeblogg.nu\/?attachment_id=28232\" rel=\"attachment wp-att-28232\"><img loading=\"lazy\" class=\"aligncenter size-medium wp-image-28232\" title=\"IMG_2748 (3)\" src=\"http:\/\/www.filindeblogg.nu\/wp-content\/uploads\/2012\/01\/IMG_2748-3-300x225.jpg\" alt=\"\" width=\"300\" height=\"225\" srcset=\"http:\/\/www.filindeblogg.nu\/wp-content\/uploads\/2012\/01\/IMG_2748-3-300x225.jpg 300w, http:\/\/www.filindeblogg.nu\/wp-content\/uploads\/2012\/01\/IMG_2748-3.jpg 461w\" sizes=\"(max-width: 300px) 100vw, 300px\" \/><\/a><\/p>\n<p>&nbsp;<\/p>\n<p>&nbsp;<\/p>\n<\/div>\n<p>&nbsp;<\/p>\n","protected":false},"excerpt":{"rendered":"<p>Idag kan man l\u00e4sa i DN om en s k \u00f6verklassafari som anordnas idag i Stockholm! P\u00e5 DN:s hemsida kan man l\u00e4sa, citat: &#8221;I dag anordnar organisationen Allt \u00e5t alla en guidad busstur ut till Solsidan i Nacka f\u00f6r att ber\u00e4tta om &#8221;Sveriges rikaste utsugare&#8221;.&#8221; Jag citerar vidare ur DN: &#8221;Den s\u00e5 kallade \u00f6verklassafarin har [&hellip;]<\/p>\n","protected":false},"author":1,"featured_media":0,"comment_status":"open","ping_status":"open","sticky":false,"template":"","format":"standard","meta":[],"categories":[137,100,132,101],"tags":[],"_links":{"self":[{"href":"http:\/\/www.filindeblogg.nu\/index.php?rest_route=\/wp\/v2\/posts\/28220"}],"collection":[{"href":"http:\/\/www.filindeblogg.nu\/index.php?rest_route=\/wp\/v2\/posts"}],"about":[{"href":"http:\/\/www.filindeblogg.nu\/index.php?rest_route=\/wp\/v2\/types\/post"}],"author":[{"embeddable":true,"href":"http:\/\/www.filindeblogg.nu\/index.php?rest_route=\/wp\/v2\/users\/1"}],"replies":[{"embeddable":true,"href":"http:\/\/www.filindeblogg.nu\/index.php?rest_route=%2Fwp%2Fv2%2Fcomments&post=28220"}],"version-history":[{"count":16,"href":"http:\/\/www.filindeblogg.nu\/index.php?rest_route=\/wp\/v2\/posts\/28220\/revisions"}],"predecessor-version":[{"id":28248,"href":"http:\/\/www.filindeblogg.nu\/index.php?rest_route=\/wp\/v2\/posts\/28220\/revisions\/28248"}],"wp:attachment":[{"href":"http:\/\/www.filindeblogg.nu\/index.php?rest_route=%2Fwp%2Fv2%2Fmedia&parent=28220"}],"wp:term":[{"taxonomy":"category","embeddable":true,"href":"http:\/\/www.filindeblogg.nu\/index.php?rest_route=%2Fwp%2Fv2%2Fcategories&post=28220"},{"taxonomy":"post_tag","embeddable":true,"href":"http:\/\/www.filindeblogg.nu\/index.php?rest_route=%2Fwp%2Fv2%2Ftags&post=28220"}],"curies":[{"name":"wp","href":"https:\/\/api.w.org\/{rel}","templated":true}]}}