{"id":28091,"date":"2012-01-25T09:59:45","date_gmt":"2012-01-25T08:59:45","guid":{"rendered":"http:\/\/www.filindeblogg.nu\/?p=28091"},"modified":"2012-01-25T09:59:45","modified_gmt":"2012-01-25T08:59:45","slug":"bilder-i-mitt-kok-lokalhistorisk-vandring-i-vardagen","status":"publish","type":"post","link":"http:\/\/www.filindeblogg.nu\/?p=28091","title":{"rendered":"Bilder i mitt k\u00f6k. Lokalhistorisk vandring i vardagen."},"content":{"rendered":"<p><a href=\"http:\/\/www.filindeblogg.nu\/?attachment_id=28092\" rel=\"attachment wp-att-28092\"><img loading=\"lazy\" class=\"alignnone  wp-image-28092\" title=\"IMG_2713 (3)\" src=\"http:\/\/www.filindeblogg.nu\/wp-content\/uploads\/2012\/01\/IMG_2713-3-225x300.jpg\" alt=\"\" width=\"135\" height=\"180\" srcset=\"http:\/\/www.filindeblogg.nu\/wp-content\/uploads\/2012\/01\/IMG_2713-3-225x300.jpg 225w, http:\/\/www.filindeblogg.nu\/wp-content\/uploads\/2012\/01\/IMG_2713-3.jpg 346w\" sizes=\"(max-width: 135px) 100vw, 135px\" \/><\/a> K\u00f6ket \u00e4r v\u00e4l hemmets mest v\u00e4lbes\u00f6kta rum! B\u00e5de antal g\u00e5nger, l\u00e4ngden p\u00e5 bes\u00f6ken och variationen av aktiviteter i n\u00e4mnda rum!<\/p>\n<p>Varje morgon m\u00f6ter mig den h\u00e4r vyn n\u00e4r jag ska brygga mitt kaffe och ge katterna friskt vatten. <a href=\"http:\/\/www.filindeblogg.nu\/?attachment_id=28093\" rel=\"attachment wp-att-28093\"><img loading=\"lazy\" class=\"alignnone  wp-image-28093\" title=\"IMG_2700 (3)\" src=\"http:\/\/www.filindeblogg.nu\/wp-content\/uploads\/2012\/01\/IMG_2700-3-300x225.jpg\" alt=\"\" width=\"180\" height=\"135\" srcset=\"http:\/\/www.filindeblogg.nu\/wp-content\/uploads\/2012\/01\/IMG_2700-3-300x225.jpg 300w, http:\/\/www.filindeblogg.nu\/wp-content\/uploads\/2012\/01\/IMG_2700-3.jpg 461w\" sizes=\"(max-width: 180px) 100vw, 180px\" \/><\/a> -Tja, en diskb\u00e4nk och en spis &#8211; inget ovanligt med det, t\u00e4nker ni. Men ser ni inte tavlan!?<\/p>\n<p><a href=\"http:\/\/www.filindeblogg.nu\/?attachment_id=28094\" rel=\"attachment wp-att-28094\"><img loading=\"lazy\" class=\"alignnone  wp-image-28094\" title=\"IMG_2701 (3)\" src=\"http:\/\/www.filindeblogg.nu\/wp-content\/uploads\/2012\/01\/IMG_2701-3-300x225.jpg\" alt=\"\" width=\"180\" height=\"135\" srcset=\"http:\/\/www.filindeblogg.nu\/wp-content\/uploads\/2012\/01\/IMG_2701-3-300x225.jpg 300w, http:\/\/www.filindeblogg.nu\/wp-content\/uploads\/2012\/01\/IMG_2701-3.jpg 461w\" sizes=\"(max-width: 180px) 100vw, 180px\" \/><\/a> Bilden \u00f6ver huset jag bor i. Fotot \u00e4r taget n\u00e5gon g\u00e5ng runt \u00e5r 1900.<br \/>\nVarje g\u00e5ng jag st\u00e5r d\u00e4r vid diskb\u00e4nken s\u00e5 t\u00e4nker jag p\u00e5 bilden. Fantiserar om m\u00e4nniskorna p\u00e5 den och funderar \u00f6ver hur det kan ha tett sig h\u00e4r i huset p\u00e5 den tiden. <a href=\"http:\/\/www.filindeblogg.nu\/?attachment_id=28095\" rel=\"attachment wp-att-28095\"><img loading=\"lazy\" class=\"alignnone  wp-image-28095\" title=\"IMG_2702 (2)\" src=\"http:\/\/www.filindeblogg.nu\/wp-content\/uploads\/2012\/01\/IMG_2702-2-300x225.jpg\" alt=\"\" width=\"180\" height=\"135\" srcset=\"http:\/\/www.filindeblogg.nu\/wp-content\/uploads\/2012\/01\/IMG_2702-2-300x225.jpg 300w, http:\/\/www.filindeblogg.nu\/wp-content\/uploads\/2012\/01\/IMG_2702-2.jpg 461w\" sizes=\"(max-width: 180px) 100vw, 180px\" \/><\/a><\/p>\n<p>Ingen av de sm\u00e5 barnen l\u00e4r vara i livet idag &#8211; 2012. Bilden har jag f\u00e5tt av <strong>Elsbeth Larsson<\/strong> som bodde i huset en g\u00e5ng. Hon ber\u00e4ttade f\u00f6r mig om hur sp\u00e4nnande det var att en fotograf kom f\u00f6r att ta en bild av Glasbl\u00e5sarg\u00e5rden &#8211; st\u00e4llet d\u00e4r bara arbetarna bodde. Arbetarna som slet p\u00e5 Arboga Glasbruk vars disponent bodde i ensamt majest\u00e4t med sin familj i det stora, vackra, vita huset intill.<br \/>\n<a href=\"http:\/\/www.filindeblogg.nu\/?attachment_id=28119\" rel=\"attachment wp-att-28119\"><img loading=\"lazy\" class=\"alignnone  wp-image-28119\" title=\"Stora-Nygatan-i-Arboga-med-h\u00e4stskjuts\" src=\"http:\/\/www.filindeblogg.nu\/wp-content\/uploads\/2012\/01\/Stora-Nygatan-i-Arboga-med-h\u00e4stskjuts-300x194.jpg\" alt=\"\" width=\"180\" height=\"116\" srcset=\"http:\/\/www.filindeblogg.nu\/wp-content\/uploads\/2012\/01\/Stora-Nygatan-i-Arboga-med-h\u00e4stskjuts-300x194.jpg 300w, http:\/\/www.filindeblogg.nu\/wp-content\/uploads\/2012\/01\/Stora-Nygatan-i-Arboga-med-h\u00e4stskjuts.jpg 600w\" sizes=\"(max-width: 180px) 100vw, 180px\" \/><\/a> (Vykort \u00f6ver <strong>Stora Nygatan i Arboga<\/strong> d\u00e4r disponentens hem &#8211; <strong>Glasm\u00e4starvillan<\/strong> &#8211; ses n\u00e4rmast till h\u00f6ger. N\u00e4sta hus \u00e4r mitt nuvarande hem.<br \/>\n<a href=\"http:\/\/www.filindeblogg.nu\/?attachment_id=28096\" rel=\"attachment wp-att-28096\"><img loading=\"lazy\" class=\"alignnone  wp-image-28096\" title=\"IMG_2703 (2)\" src=\"http:\/\/www.filindeblogg.nu\/wp-content\/uploads\/2012\/01\/IMG_2703-2-300x225.jpg\" alt=\"\" width=\"180\" height=\"135\" srcset=\"http:\/\/www.filindeblogg.nu\/wp-content\/uploads\/2012\/01\/IMG_2703-2-300x225.jpg 300w, http:\/\/www.filindeblogg.nu\/wp-content\/uploads\/2012\/01\/IMG_2703-2.jpg 461w\" sizes=\"(max-width: 180px) 100vw, 180px\" \/><\/a>Vad t\u00e4nkte sm\u00e5killarna? Och vad t\u00e4nkte kvinnan som \u00f6ppnat f\u00f6nstret fr\u00e5n en av de sm\u00e5 l\u00e4genheterna om ett rum och k\u00f6k?<\/p>\n<p>L\u00e4ngre bort p\u00e5 fotografiet syns huset som vanv\u00f6rdigt kallas <em>&#8221;kiosken<\/em>&#8221; idag. Jag kallar det<strong><em> &#8221;Lilla huset&#8221;<\/em><\/strong>. <a href=\"http:\/\/www.filindeblogg.nu\/?attachment_id=28097\" rel=\"attachment wp-att-28097\"><img loading=\"lazy\" class=\"alignnone  wp-image-28097\" title=\"IMG_2705 (3)\" src=\"http:\/\/www.filindeblogg.nu\/wp-content\/uploads\/2012\/01\/IMG_2705-3-225x300.jpg\" alt=\"\" width=\"158\" height=\"210\" srcset=\"http:\/\/www.filindeblogg.nu\/wp-content\/uploads\/2012\/01\/IMG_2705-3-225x300.jpg 225w, http:\/\/www.filindeblogg.nu\/wp-content\/uploads\/2012\/01\/IMG_2705-3.jpg 346w\" sizes=\"(max-width: 158px) 100vw, 158px\" \/><\/a>Huset var tullstuga i slutet av 1600-talet. P\u00e5 v\u00e4g in till Arbogas marknader fick folk betala tull f\u00f6r sina varor. Det h\u00e4r var allts\u00e5 b\u00f6rjan p\u00e5 staden, ing\u00e5ngen, fr\u00e5n \u00f6ster.<br \/>\nUtanf\u00f6r huset p\u00e5 bilden st\u00e5r tv\u00e5 sm\u00e5 flickor. Kanske tittar den ena p\u00e5 hattarna i f\u00f6nstret? Enligt Elsbeth blev huset hattaff\u00e4r s\u00e5 sm\u00e5ningom och Elsbeth sj\u00e4lv var springflicka d\u00e4r n\u00e4r modisten skulle leverera en hatt till n\u00e5gon fin dam i Arboga.<br \/>\nTyv\u00e4rr f\u00f6rst\u00f6rdes huset fullkomligt p\u00e5 40-talet d\u00e5 det gjordes om till kiosk. Min dr\u00f6m \u00e4r att \u00e5terst\u00e4lla huset som det var en g\u00e5ng. Vilken fantastisk liten bostad det skulle bli!<\/p>\n<p>Sm\u00e5pojkarna p\u00e5 bilden st\u00e5r vid gaveln p\u00e5 huset och kvinnan tittar ut genom det h\u00e4r f\u00f6nstret: <a href=\"http:\/\/www.filindeblogg.nu\/?attachment_id=28098\" rel=\"attachment wp-att-28098\"><img loading=\"lazy\" class=\"alignnone  wp-image-28098\" title=\"IMG_2714 (3)\" src=\"http:\/\/www.filindeblogg.nu\/wp-content\/uploads\/2012\/01\/IMG_2714-3-300x225.jpg\" alt=\"\" width=\"180\" height=\"135\" srcset=\"http:\/\/www.filindeblogg.nu\/wp-content\/uploads\/2012\/01\/IMG_2714-3-300x225.jpg 300w, http:\/\/www.filindeblogg.nu\/wp-content\/uploads\/2012\/01\/IMG_2714-3.jpg 461w\" sizes=\"(max-width: 180px) 100vw, 180px\" \/><\/a> Ja, det \u00e4r inte samma f\u00f6nster &#8211; ramen \u00e4r utbytt som den uppm\u00e4rksamme kan se. Utsikten \u00e4r inte heller alls den samma som p\u00e5 kvinnans tid: <a href=\"http:\/\/www.filindeblogg.nu\/?attachment_id=28099\" rel=\"attachment wp-att-28099\"><img loading=\"lazy\" class=\"alignnone  wp-image-28099\" title=\"IMG_2715 (3)\" src=\"http:\/\/www.filindeblogg.nu\/wp-content\/uploads\/2012\/01\/IMG_2715-3-300x225.jpg\" alt=\"\" width=\"180\" height=\"135\" srcset=\"http:\/\/www.filindeblogg.nu\/wp-content\/uploads\/2012\/01\/IMG_2715-3-300x225.jpg 300w, http:\/\/www.filindeblogg.nu\/wp-content\/uploads\/2012\/01\/IMG_2715-3.jpg 461w\" sizes=\"(max-width: 180px) 100vw, 180px\" \/><\/a> Var det b\u00e4ttre f\u00f6rr? De som bodde h\u00e4r i huset hade det nog inte fett &#8211; men det var vackrare. Finare utsikt, mer natur. S\u00e5 synd att s\u00e5 m\u00e5nga hus rivs och lummiga innerstadsmilj\u00f6er f\u00f6rst\u00f6rs. Vi b\u00f6r g\u00e5 varsamt fram med f\u00f6r\u00e4ndringar och bevara det som kan bevaras.<\/p>\n<p>I mitt k\u00f6k finns annat ocks\u00e5. Jag \u00e4lskar kalendrar, det vet ni som l\u00e4st min blogg tidigare. S\u00e5v\u00e4l adventskalendrar som almanackor med m\u00e5nadsblad att v\u00e4nda. En m\u00e4ngd kattkalendrar finns f\u00f6rst\u00e5s men idag vill jag visa en annan favorit: <a href=\"http:\/\/www.filindeblogg.nu\/?attachment_id=28100\" rel=\"attachment wp-att-28100\"><img loading=\"lazy\" class=\"alignnone  wp-image-28100\" title=\"IMG_2708 (2)\" src=\"http:\/\/www.filindeblogg.nu\/wp-content\/uploads\/2012\/01\/IMG_2708-2-300x225.jpg\" alt=\"\" width=\"180\" height=\"135\" srcset=\"http:\/\/www.filindeblogg.nu\/wp-content\/uploads\/2012\/01\/IMG_2708-2-300x225.jpg 300w, http:\/\/www.filindeblogg.nu\/wp-content\/uploads\/2012\/01\/IMG_2708-2.jpg 461w\" sizes=\"(max-width: 180px) 100vw, 180px\" \/><\/a> Januari m\u00e5nad i <strong>Caroline Roosmarks<\/strong> fina kalender! S\u00e5 h\u00e4r st\u00e5r det intill bilden: <a href=\"http:\/\/www.filindeblogg.nu\/?attachment_id=28101\" rel=\"attachment wp-att-28101\"><img loading=\"lazy\" class=\"alignnone size-medium wp-image-28101\" title=\"IMG_2710 (3)\" src=\"http:\/\/www.filindeblogg.nu\/wp-content\/uploads\/2012\/01\/IMG_2710-3-225x300.jpg\" alt=\"\" width=\"225\" height=\"300\" srcset=\"http:\/\/www.filindeblogg.nu\/wp-content\/uploads\/2012\/01\/IMG_2710-3-225x300.jpg 225w, http:\/\/www.filindeblogg.nu\/wp-content\/uploads\/2012\/01\/IMG_2710-3.jpg 346w\" sizes=\"(max-width: 225px) 100vw, 225px\" \/><\/a> En fin betraktelse och t\u00e4nkv\u00e4rd! <strong>Anna \u00c5str\u00f6m<\/strong> \u00e4r sk\u00e5despelare och \u00e4r en av de k\u00e4nda personer som st\u00e5tt modell i kalendern.\u00a0 Caroline Roosmarks kalender ges ut till f\u00f6rm\u00e5n f\u00f6r <strong>Fryshuset i Stockholm<\/strong> och i \u00e5r till projektet<strong><em> &#8221;Barn till ensamma mammor&#8221;<\/em><\/strong>. <a href=\"http:\/\/www.filindeblogg.nu\/?attachment_id=28102\" rel=\"attachment wp-att-28102\"><img loading=\"lazy\" class=\"alignnone size-medium wp-image-28102\" title=\"IMG_2712 (2)\" src=\"http:\/\/www.filindeblogg.nu\/wp-content\/uploads\/2012\/01\/IMG_2712-2-300x225.jpg\" alt=\"\" width=\"300\" height=\"225\" srcset=\"http:\/\/www.filindeblogg.nu\/wp-content\/uploads\/2012\/01\/IMG_2712-2-300x225.jpg 300w, http:\/\/www.filindeblogg.nu\/wp-content\/uploads\/2012\/01\/IMG_2712-2.jpg 461w\" sizes=\"(max-width: 300px) 100vw, 300px\" \/><\/a> L\u00e4s mer om fotografen Caroline Roosmark <a href=\"http:\/\/roosmark.com\/\" target=\"_blank\"><strong>H\u00c4R<\/strong> <\/a>&#8211; d\u00e4r du ocks\u00e5 kan best\u00e4lla en egen kalender och samtidigt st\u00f6dja verksamheten!<\/p>\n<p>F\u00f6r \u00f6vrigt fanns detta i mitt k\u00f6k ig\u00e5r! <a href=\"http:\/\/www.filindeblogg.nu\/?attachment_id=28103\" rel=\"attachment wp-att-28103\"><img loading=\"lazy\" class=\"alignnone  wp-image-28103\" title=\"IMG_2697 (3)\" src=\"http:\/\/www.filindeblogg.nu\/wp-content\/uploads\/2012\/01\/IMG_2697-3-300x225.jpg\" alt=\"\" width=\"180\" height=\"135\" srcset=\"http:\/\/www.filindeblogg.nu\/wp-content\/uploads\/2012\/01\/IMG_2697-3-300x225.jpg 300w, http:\/\/www.filindeblogg.nu\/wp-content\/uploads\/2012\/01\/IMG_2697-3.jpg 461w\" sizes=\"(max-width: 180px) 100vw, 180px\" \/><\/a><br \/>\nOch det h\u00e4r! <a href=\"http:\/\/www.filindeblogg.nu\/?attachment_id=28104\" rel=\"attachment wp-att-28104\"><img loading=\"lazy\" class=\"alignnone  wp-image-28104\" title=\"IMG_2694 (2)\" src=\"http:\/\/www.filindeblogg.nu\/wp-content\/uploads\/2012\/01\/IMG_2694-2-300x225.jpg\" alt=\"\" width=\"180\" height=\"135\" srcset=\"http:\/\/www.filindeblogg.nu\/wp-content\/uploads\/2012\/01\/IMG_2694-2-300x225.jpg 300w, http:\/\/www.filindeblogg.nu\/wp-content\/uploads\/2012\/01\/IMG_2694-2.jpg 461w\" sizes=\"(max-width: 180px) 100vw, 180px\" \/><\/a> Njutning f\u00f6r s\u00e5v\u00e4l kropp som sj\u00e4l en gr\u00e5 januaridag n\u00e4r man l\u00e4ngtar till v\u00e5ren.<\/p>\n<p>Onsdagen \u00e4r h\u00e4r. Kaffet \u00e4r strax urdrucket och bloggen klar. <strong>Kattpojkarna<\/strong> \u00e4r inne och <strong>Vilda Wilma<\/strong> likas\u00e5.<br \/>\nF\u00f6r en stund sedan h\u00f6rdes ett f\u00f6rsynt jamande utanf\u00f6r min d\u00f6rr. Jag har d\u00f6rren till kontoret st\u00e4ngd eftersom Vilda Wilma ibland tycker det \u00e4r n\u00f6dv\u00e4ndigt att anv\u00e4nda mina viktiga papper som toalett&#8230; Jamandet kom fr\u00e5n <strong>Felix<\/strong> som ville h\u00e4lsa, bli jagad till matsk\u00e5len och sen f\u00e5 sitt vatten serverat i glaset i diskhon. <a href=\"http:\/\/www.filindeblogg.nu\/?attachment_id=28105\" rel=\"attachment wp-att-28105\"><img loading=\"lazy\" class=\"alignnone  wp-image-28105\" title=\"IMG_4552 (2)\" src=\"http:\/\/www.filindeblogg.nu\/wp-content\/uploads\/2012\/01\/IMG_4552-2-300x225.jpg\" alt=\"\" width=\"180\" height=\"135\" srcset=\"http:\/\/www.filindeblogg.nu\/wp-content\/uploads\/2012\/01\/IMG_4552-2-300x225.jpg 300w, http:\/\/www.filindeblogg.nu\/wp-content\/uploads\/2012\/01\/IMG_4552-2.jpg 461w\" sizes=\"(max-width: 180px) 100vw, 180px\" \/><\/a><\/p>\n<p>En vanlig morgon allts\u00e5 p\u00e5 <strong>Glasbl\u00e5sarg\u00e5rden i Arboga<\/strong> \u00e5r 2012.<\/p>\n<p><a href=\"http:\/\/www.filindeblogg.nu\/?attachment_id=28106\" rel=\"attachment wp-att-28106\"><img loading=\"lazy\" class=\"aligncenter size-medium wp-image-28106\" title=\"Kattkram\" src=\"http:\/\/www.filindeblogg.nu\/wp-content\/uploads\/2012\/01\/Kattkram-300x225.jpg\" alt=\"\" width=\"300\" height=\"225\" srcset=\"http:\/\/www.filindeblogg.nu\/wp-content\/uploads\/2012\/01\/Kattkram-300x225.jpg 300w, http:\/\/www.filindeblogg.nu\/wp-content\/uploads\/2012\/01\/Kattkram.jpg 461w\" sizes=\"(max-width: 300px) 100vw, 300px\" \/><\/a><\/p>\n<p>&nbsp;<\/p>\n<p>&nbsp;<\/p>\n","protected":false},"excerpt":{"rendered":"<p>K\u00f6ket \u00e4r v\u00e4l hemmets mest v\u00e4lbes\u00f6kta rum! B\u00e5de antal g\u00e5nger, l\u00e4ngden p\u00e5 bes\u00f6ken och variationen av aktiviteter i n\u00e4mnda rum! Varje morgon m\u00f6ter mig den h\u00e4r vyn n\u00e4r jag ska brygga mitt kaffe och ge katterna friskt vatten. -Tja, en diskb\u00e4nk och en spis &#8211; inget ovanligt med det, t\u00e4nker ni. Men ser ni inte [&hellip;]<\/p>\n","protected":false},"author":1,"featured_media":0,"comment_status":"open","ping_status":"open","sticky":false,"template":"","format":"standard","meta":[],"categories":[41,137,126,132,101],"tags":[],"_links":{"self":[{"href":"http:\/\/www.filindeblogg.nu\/index.php?rest_route=\/wp\/v2\/posts\/28091"}],"collection":[{"href":"http:\/\/www.filindeblogg.nu\/index.php?rest_route=\/wp\/v2\/posts"}],"about":[{"href":"http:\/\/www.filindeblogg.nu\/index.php?rest_route=\/wp\/v2\/types\/post"}],"author":[{"embeddable":true,"href":"http:\/\/www.filindeblogg.nu\/index.php?rest_route=\/wp\/v2\/users\/1"}],"replies":[{"embeddable":true,"href":"http:\/\/www.filindeblogg.nu\/index.php?rest_route=%2Fwp%2Fv2%2Fcomments&post=28091"}],"version-history":[{"count":30,"href":"http:\/\/www.filindeblogg.nu\/index.php?rest_route=\/wp\/v2\/posts\/28091\/revisions"}],"predecessor-version":[{"id":28137,"href":"http:\/\/www.filindeblogg.nu\/index.php?rest_route=\/wp\/v2\/posts\/28091\/revisions\/28137"}],"wp:attachment":[{"href":"http:\/\/www.filindeblogg.nu\/index.php?rest_route=%2Fwp%2Fv2%2Fmedia&parent=28091"}],"wp:term":[{"taxonomy":"category","embeddable":true,"href":"http:\/\/www.filindeblogg.nu\/index.php?rest_route=%2Fwp%2Fv2%2Fcategories&post=28091"},{"taxonomy":"post_tag","embeddable":true,"href":"http:\/\/www.filindeblogg.nu\/index.php?rest_route=%2Fwp%2Fv2%2Ftags&post=28091"}],"curies":[{"name":"wp","href":"https:\/\/api.w.org\/{rel}","templated":true}]}}