{"id":27975,"date":"2012-01-22T10:15:01","date_gmt":"2012-01-22T09:15:01","guid":{"rendered":"http:\/\/www.filindeblogg.nu\/?p=27975"},"modified":"2012-01-22T10:15:02","modified_gmt":"2012-01-22T09:15:02","slug":"att-skriva-som-medicin","status":"publish","type":"post","link":"http:\/\/www.filindeblogg.nu\/?p=27975","title":{"rendered":"Att skriva som medicin"},"content":{"rendered":"<p><a href=\"http:\/\/www.filindeblogg.nu\/?attachment_id=27976\" rel=\"attachment wp-att-27976\"><img loading=\"lazy\" class=\"alignnone size-full wp-image-27976\" title=\"Skriva\" src=\"http:\/\/www.filindeblogg.nu\/wp-content\/uploads\/2012\/01\/Skriva.jpg\" alt=\"\" width=\"146\" height=\"153\" \/><\/a>En del l\u00e4sare av bloggen som k\u00e4nner mig v\u00e4l s\u00e4ger att de inte kan se p\u00e5 bloggen n\u00e4r jag m\u00e5r riktigt d\u00e5ligt. <img loading=\"lazy\" class=\"alignnone  wp-image-27981\" title=\"GLAD TJEJ\" src=\"http:\/\/www.filindeblogg.nu\/wp-content\/uploads\/2012\/01\/GLAD-TJEJ.jpg\" alt=\"\" width=\"116\" height=\"116\" \/> Det m\u00e4rks inte, s\u00e4ger dom. Det blir jag glad av att h\u00f6ra, \u00e4ven om det m\u00f6jligen kan anas ibland genom formuleringar och inneh\u00e5ll. Jag blir glad \u00f6ver att kunna h\u00e5lla h\u00e4lsotillst\u00e5ndet ifr\u00e5n mig f\u00f6r min egen skull och f\u00f6r l\u00e4sarnas.<\/p>\n<p>Skrivandet \u00e4r medicin f\u00f6r mig. <a href=\"http:\/\/www.filindeblogg.nu\/?attachment_id=27977\" rel=\"attachment wp-att-27977\"><img loading=\"lazy\" class=\"alignnone  wp-image-27977\" title=\"Skriva p\u00e5 dator\" src=\"http:\/\/www.filindeblogg.nu\/wp-content\/uploads\/2012\/01\/Skriva-p\u00e5-dator.jpg\" alt=\"\" width=\"135\" height=\"135\" srcset=\"http:\/\/www.filindeblogg.nu\/wp-content\/uploads\/2012\/01\/Skriva-p\u00e5-dator.jpg 225w, http:\/\/www.filindeblogg.nu\/wp-content\/uploads\/2012\/01\/Skriva-p\u00e5-dator-150x150.jpg 150w\" sizes=\"(max-width: 135px) 100vw, 135px\" \/><\/a> Mycket b\u00e4ttre \u00e4n piller och tabletter. <a href=\"http:\/\/www.filindeblogg.nu\/?attachment_id=27978\" rel=\"attachment wp-att-27978\"><img loading=\"lazy\" class=\"alignnone  wp-image-27978\" title=\"Medicin\" src=\"http:\/\/www.filindeblogg.nu\/wp-content\/uploads\/2012\/01\/Medicin.jpg\" alt=\"\" width=\"165\" height=\"110\" \/><\/a> N\u00e4r jag skriver f\u00f6rsvinner allt annat och jag g\u00e5r in i en annan v\u00e4rld. Det \u00e4r h\u00e4rligt och lindrande s\u00e4rskilt om jag m\u00e5r d\u00e5ligt.<\/p>\n<p>Ibland kan livet vara s\u00e5 h\u00e4r: <a href=\"http:\/\/www.filindeblogg.nu\/?attachment_id=27979\" rel=\"attachment wp-att-27979\"><img loading=\"lazy\" class=\"alignnone  wp-image-27979\" title=\"IMG_1757 (2)\" src=\"http:\/\/www.filindeblogg.nu\/wp-content\/uploads\/2012\/01\/IMG_1757-2-225x300.jpg\" alt=\"\" width=\"135\" height=\"180\" srcset=\"http:\/\/www.filindeblogg.nu\/wp-content\/uploads\/2012\/01\/IMG_1757-2-225x300.jpg 225w, http:\/\/www.filindeblogg.nu\/wp-content\/uploads\/2012\/01\/IMG_1757-2.jpg 346w\" sizes=\"(max-width: 135px) 100vw, 135px\" \/><\/a> Hemskt, f\u00f6r\u00f6dande, nedbrytande och man vet inte vart man ska ta v\u00e4gen. D\u00e5 kan skrivandet vara en r\u00e4ddning. Tankarna vandrar iv\u00e4g och verkligheten f\u00f6rsvinner.<br \/>\nD\u00e5 blir det \u00e5ter sommar och vi sitter d\u00e4r p\u00e5 bryggan &#8211; dottern och jag. <a href=\"http:\/\/www.filindeblogg.nu\/?attachment_id=27980\" rel=\"attachment wp-att-27980\"><img loading=\"lazy\" class=\"alignnone  wp-image-27980\" title=\"IMG_7014 (2)\" src=\"http:\/\/www.filindeblogg.nu\/wp-content\/uploads\/2012\/01\/IMG_7014-2-225x300.jpg\" alt=\"\" width=\"135\" height=\"180\" srcset=\"http:\/\/www.filindeblogg.nu\/wp-content\/uploads\/2012\/01\/IMG_7014-2-225x300.jpg 225w, http:\/\/www.filindeblogg.nu\/wp-content\/uploads\/2012\/01\/IMG_7014-2.jpg 346w\" sizes=\"(max-width: 135px) 100vw, 135px\" \/><\/a> I lugn och ro, en stilla sommardag, inte ett bekymmer i v\u00e4rlden.<\/p>\n<p>Genom att till\u00e5ta tankarna att vandra, s\u00f6ka i minnet och kanske i sitt bildarkiv, fantisera lite och dr\u00f6mma,\u00a0 kan dagen bli l\u00e4ttare. Det blir ljusare, det kommer en v\u00e5r en g\u00e5ng, allt blir b\u00e4ttre. <a href=\"http:\/\/www.filindeblogg.nu\/?attachment_id=27982\" rel=\"attachment wp-att-27982\"><img loading=\"lazy\" class=\"alignnone size-medium wp-image-27982\" title=\"IMG_2140\" src=\"http:\/\/www.filindeblogg.nu\/wp-content\/uploads\/2012\/01\/IMG_2140-300x225.jpg\" alt=\"\" width=\"300\" height=\"225\" srcset=\"http:\/\/www.filindeblogg.nu\/wp-content\/uploads\/2012\/01\/IMG_2140-300x225.jpg 300w, http:\/\/www.filindeblogg.nu\/wp-content\/uploads\/2012\/01\/IMG_2140.jpg 461w\" sizes=\"(max-width: 300px) 100vw, 300px\" \/><\/a><\/p>\n<p>M\u00e5nga har sagt mig att jag borde skriva en bok. Det har jag t\u00e4nkt p\u00e5 m\u00e5nga g\u00e5nger, under m\u00e5nga \u00e5r. Men det jag t\u00e4nkt skriva om \u00e4r hemskheter. Or\u00e4ttvisor, mobbing, diskriminering och of\u00f6rst\u00e5ende m\u00e4nniskor &#8211; om mitt liv. Men hur roligt \u00e4r det??\u00a0 <a href=\"http:\/\/www.filindeblogg.nu\/?attachment_id=27983\" rel=\"attachment wp-att-27983\"><img loading=\"lazy\" class=\"alignnone size-full wp-image-27983\" title=\"boken\" src=\"http:\/\/www.filindeblogg.nu\/wp-content\/uploads\/2012\/01\/boken.jpg\" alt=\"\" width=\"230\" height=\"131\" \/><\/a><br \/>\nJo, mitt m\u00e5l har d\u00e5 varit att ge andra hopp, s\u00e5 att m\u00e4nniskor inser att de inte \u00e4r ensamma, ge information och kanske v\u00e4gledning. MEN &#8211; det \u00e4r ett f\u00f6r\u00f6dande skrivande f\u00f6r f\u00f6rfattaren sj\u00e4lv. Jag orkar inte! Det \u00e4r f\u00f6r n\u00e4ra, f\u00f6r sv\u00e5rt.<\/p>\n<p>D\u00e5 \u00e4r det mycket b\u00e4ttre med bloggen &#8211; en flykt fr\u00e5n verkligheten!<br \/>\nH\u00e4r om dagen fick jag respons p\u00e5 en av bloggarna, en kommentar som fick mig att t\u00e4nka i lite andra banor. Personen tyckte jag skrev bra och att det var som &#8221;en saga f\u00f6r vuxna&#8221;.<br \/>\nDET kunde bli n\u00e5got! Det \u00e4r en id\u00e9 som skulle kunna f\u00e5 mig att f\u00f6rfatta den d\u00e4r boken som s\u00e5 l\u00e4nge velat bli skriven. <a href=\"http:\/\/www.filindeblogg.nu\/?attachment_id=27984\" rel=\"attachment wp-att-27984\"><img loading=\"lazy\" class=\"alignnone size-full wp-image-27984\" title=\"Sagobok\" src=\"http:\/\/www.filindeblogg.nu\/wp-content\/uploads\/2012\/01\/Sagobok.jpg\" alt=\"\" width=\"190\" height=\"265\" \/><\/a> <strong><em>&#8221;Sagobok f\u00f6r vuxna&#8221;.<\/em><\/strong><\/p>\n<p>En bok om livet &#8211; som det \u00e4r! Om sorg <a href=\"http:\/\/www.filindeblogg.nu\/?attachment_id=27985\" rel=\"attachment wp-att-27985\"><img loading=\"lazy\" class=\"alignnone  wp-image-27985\" title=\"IMG_2397 (2)\" src=\"http:\/\/www.filindeblogg.nu\/wp-content\/uploads\/2012\/01\/IMG_2397-21-225x300.jpg\" alt=\"\" width=\"135\" height=\"180\" srcset=\"http:\/\/www.filindeblogg.nu\/wp-content\/uploads\/2012\/01\/IMG_2397-21-225x300.jpg 225w, http:\/\/www.filindeblogg.nu\/wp-content\/uploads\/2012\/01\/IMG_2397-21.jpg 346w\" sizes=\"(max-width: 135px) 100vw, 135px\" \/><\/a><br \/>\nmen ocks\u00e5 om glada dagar! <a href=\"http:\/\/www.filindeblogg.nu\/?attachment_id=27986\" rel=\"attachment wp-att-27986\"><img loading=\"lazy\" class=\"alignnone  wp-image-27986\" title=\"IMG_6414 (2)\" src=\"http:\/\/www.filindeblogg.nu\/wp-content\/uploads\/2012\/01\/IMG_6414-2-300x225.jpg\" alt=\"\" width=\"180\" height=\"135\" srcset=\"http:\/\/www.filindeblogg.nu\/wp-content\/uploads\/2012\/01\/IMG_6414-2-300x225.jpg 300w, http:\/\/www.filindeblogg.nu\/wp-content\/uploads\/2012\/01\/IMG_6414-2.jpg 461w\" sizes=\"(max-width: 180px) 100vw, 180px\" \/><\/a><\/p>\n<p>Om katter! <a href=\"http:\/\/www.filindeblogg.nu\/?attachment_id=27987\" rel=\"attachment wp-att-27987\"><img loading=\"lazy\" class=\"alignnone  wp-image-27987\" title=\"IMG_2656 (3)\" src=\"http:\/\/www.filindeblogg.nu\/wp-content\/uploads\/2012\/01\/IMG_2656-3-225x300.jpg\" alt=\"\" width=\"158\" height=\"210\" srcset=\"http:\/\/www.filindeblogg.nu\/wp-content\/uploads\/2012\/01\/IMG_2656-3-225x300.jpg 225w, http:\/\/www.filindeblogg.nu\/wp-content\/uploads\/2012\/01\/IMG_2656-3.jpg 346w\" sizes=\"(max-width: 158px) 100vw, 158px\" \/><\/a> F\u00f6r <strong>Felix<\/strong> ska ju alltid ha ett ord med i laget. <a href=\"http:\/\/www.filindeblogg.nu\/?attachment_id=27988\" rel=\"attachment wp-att-27988\"><img loading=\"lazy\" class=\"alignnone  wp-image-27988\" title=\"Sv\u00e5rt-att-skriva-med-Felix-i-kn\u00e4t-300x225\" src=\"http:\/\/www.filindeblogg.nu\/wp-content\/uploads\/2012\/01\/Sv\u00e5rt-att-skriva-med-Felix-i-kn\u00e4t-300x225.jpg\" alt=\"\" width=\"180\" height=\"135\" \/><\/a><\/p>\n<p>Om sakleteri <a href=\"http:\/\/www.filindeblogg.nu\/?attachment_id=27989\" rel=\"attachment wp-att-27989\"><img loading=\"lazy\" class=\"alignnone  wp-image-27989\" title=\"IMG_2610 (2)\" src=\"http:\/\/www.filindeblogg.nu\/wp-content\/uploads\/2012\/01\/IMG_2610-21-225x300.jpg\" alt=\"\" width=\"135\" height=\"180\" srcset=\"http:\/\/www.filindeblogg.nu\/wp-content\/uploads\/2012\/01\/IMG_2610-21-225x300.jpg 225w, http:\/\/www.filindeblogg.nu\/wp-content\/uploads\/2012\/01\/IMG_2610-21.jpg 346w\" sizes=\"(max-width: 135px) 100vw, 135px\" \/><\/a><br \/>\noch om svunna tider. <a href=\"http:\/\/www.filindeblogg.nu\/?attachment_id=27990\" rel=\"attachment wp-att-27990\"><img loading=\"lazy\" class=\"alignnone  wp-image-27990\" title=\"IMG_2666 (2)\" src=\"http:\/\/www.filindeblogg.nu\/wp-content\/uploads\/2012\/01\/IMG_2666-2-300x225.jpg\" alt=\"\" width=\"210\" height=\"158\" srcset=\"http:\/\/www.filindeblogg.nu\/wp-content\/uploads\/2012\/01\/IMG_2666-2-300x225.jpg 300w, http:\/\/www.filindeblogg.nu\/wp-content\/uploads\/2012\/01\/IMG_2666-2.jpg 461w\" sizes=\"(max-width: 210px) 100vw, 210px\" \/><\/a> (<strong>Glasbl\u00e5sarg\u00e5rden<\/strong> omkring \u00e5r 1900).<\/p>\n<p>Om v\u00e4nskap <a href=\"http:\/\/www.filindeblogg.nu\/?attachment_id=27991\" rel=\"attachment wp-att-27991\"><img loading=\"lazy\" class=\"alignnone  wp-image-27991\" title=\"IMG_1759\" src=\"http:\/\/www.filindeblogg.nu\/wp-content\/uploads\/2012\/01\/IMG_1759-300x225.jpg\" alt=\"\" width=\"210\" height=\"158\" srcset=\"http:\/\/www.filindeblogg.nu\/wp-content\/uploads\/2012\/01\/IMG_1759-300x225.jpg 300w, http:\/\/www.filindeblogg.nu\/wp-content\/uploads\/2012\/01\/IMG_1759.jpg 461w\" sizes=\"(max-width: 210px) 100vw, 210px\" \/><\/a> och om hur en pelargon sl\u00e5r ut i sin ensamhet, undang\u00f6md i tv\u00e4ttstugan, till tv\u00e4ttarnas gl\u00e4dje. <a href=\"http:\/\/www.filindeblogg.nu\/?attachment_id=27992\" rel=\"attachment wp-att-27992\"><img loading=\"lazy\" class=\"alignnone size-full wp-image-27992\" title=\"Blomma i tv\u00e4ttstugan\" src=\"http:\/\/www.filindeblogg.nu\/wp-content\/uploads\/2012\/01\/Blomma-i-tv\u00e4ttstugan.jpg\" alt=\"\" width=\"180\" height=\"240\" \/><\/a><\/p>\n<p>Ja, en s\u00e5dan bok skulle jag kunna t\u00e4nka mig att skriva &#8211; n\u00e4r jag f\u00e5r ork&#8230; Tills dess f\u00e5r ni st\u00e5 ut\/njuta\/f\u00f6rf\u00e4ras av min blogg ni som vill!<\/p>\n<p><a href=\"http:\/\/www.filindeblogg.nu\/?attachment_id=27993\" rel=\"attachment wp-att-27993\"><img loading=\"lazy\" class=\"aligncenter size-medium wp-image-27993\" title=\"IMG_1761 (2)\" src=\"http:\/\/www.filindeblogg.nu\/wp-content\/uploads\/2012\/01\/IMG_1761-2-300x225.jpg\" alt=\"\" width=\"300\" height=\"225\" srcset=\"http:\/\/www.filindeblogg.nu\/wp-content\/uploads\/2012\/01\/IMG_1761-2-300x225.jpg 300w, http:\/\/www.filindeblogg.nu\/wp-content\/uploads\/2012\/01\/IMG_1761-2.jpg 461w\" sizes=\"(max-width: 300px) 100vw, 300px\" \/><\/a><\/p>\n","protected":false},"excerpt":{"rendered":"<p>En del l\u00e4sare av bloggen som k\u00e4nner mig v\u00e4l s\u00e4ger att de inte kan se p\u00e5 bloggen n\u00e4r jag m\u00e5r riktigt d\u00e5ligt. Det m\u00e4rks inte, s\u00e4ger dom. Det blir jag glad av att h\u00f6ra, \u00e4ven om det m\u00f6jligen kan anas ibland genom formuleringar och inneh\u00e5ll. Jag blir glad \u00f6ver att kunna h\u00e5lla h\u00e4lsotillst\u00e5ndet ifr\u00e5n mig [&hellip;]<\/p>\n","protected":false},"author":1,"featured_media":0,"comment_status":"open","ping_status":"open","sticky":false,"template":"","format":"standard","meta":[],"categories":[106,100,132,101,134],"tags":[],"_links":{"self":[{"href":"http:\/\/www.filindeblogg.nu\/index.php?rest_route=\/wp\/v2\/posts\/27975"}],"collection":[{"href":"http:\/\/www.filindeblogg.nu\/index.php?rest_route=\/wp\/v2\/posts"}],"about":[{"href":"http:\/\/www.filindeblogg.nu\/index.php?rest_route=\/wp\/v2\/types\/post"}],"author":[{"embeddable":true,"href":"http:\/\/www.filindeblogg.nu\/index.php?rest_route=\/wp\/v2\/users\/1"}],"replies":[{"embeddable":true,"href":"http:\/\/www.filindeblogg.nu\/index.php?rest_route=%2Fwp%2Fv2%2Fcomments&post=27975"}],"version-history":[{"count":38,"href":"http:\/\/www.filindeblogg.nu\/index.php?rest_route=\/wp\/v2\/posts\/27975\/revisions"}],"predecessor-version":[{"id":28031,"href":"http:\/\/www.filindeblogg.nu\/index.php?rest_route=\/wp\/v2\/posts\/27975\/revisions\/28031"}],"wp:attachment":[{"href":"http:\/\/www.filindeblogg.nu\/index.php?rest_route=%2Fwp%2Fv2%2Fmedia&parent=27975"}],"wp:term":[{"taxonomy":"category","embeddable":true,"href":"http:\/\/www.filindeblogg.nu\/index.php?rest_route=%2Fwp%2Fv2%2Fcategories&post=27975"},{"taxonomy":"post_tag","embeddable":true,"href":"http:\/\/www.filindeblogg.nu\/index.php?rest_route=%2Fwp%2Fv2%2Ftags&post=27975"}],"curies":[{"name":"wp","href":"https:\/\/api.w.org\/{rel}","templated":true}]}}