{"id":27833,"date":"2012-01-18T10:52:53","date_gmt":"2012-01-18T09:52:53","guid":{"rendered":"http:\/\/www.filindeblogg.nu\/?p=27833"},"modified":"2012-01-18T10:52:54","modified_gmt":"2012-01-18T09:52:54","slug":"lyckan-kan-vara-en-vaxduk","status":"publish","type":"post","link":"http:\/\/www.filindeblogg.nu\/?p=27833","title":{"rendered":"Lyckan kan vara en vaxduk!"},"content":{"rendered":"<p>I min barndom hade vi alltid vaxduk p\u00e5 k\u00f6ksbordet. Det var nog en trend p\u00e5 den tiden &#8211; n\u00e5got som f\u00f6rsvunnit. N\u00e4r nu v\u00e5rt k\u00f6ksbord b\u00f6rjade bli lite trist och slitet kom jag att t\u00e4nka p\u00e5 mammas vaxduk n\u00e4r jag var liten!<\/p>\n<p>P\u00e5 <a href=\"http:\/\/sv.wikipedia.org\/wiki\/Vaxduk\" target=\"_blank\"><strong>Wikipedia<\/strong><\/a>, som tack och lov INTE h\u00e5ller sina svenska sida st\u00e4ngd idag i protest mot en antipiratlag i <strong>USA<\/strong> (l\u00e4s mer <a href=\"http:\/\/www.dn.se\/ekonomi\/wikipedia-stanger-sajten-i-ett-dygn\" target=\"_blank\"><strong>H\u00c4R<\/strong><\/a>), st\u00e5r detta bl.a. om vaxdukens historia:<\/p>\n<p><strong><a href=\"http:\/\/www.filindeblogg.nu\/?attachment_id=27853\" rel=\"attachment wp-att-27853\"><img loading=\"lazy\" class=\"alignnone size-full wp-image-27853\" title=\"vaxduksrullar\" src=\"http:\/\/www.filindeblogg.nu\/wp-content\/uploads\/2012\/01\/vaxduksrullar.jpg\" alt=\"\" width=\"219\" height=\"118\" \/><\/a>\u00a0 Vaxduk<\/strong> \u00e4r en f\u00f6reg\u00e5ngare till v\u00e4vburen plast med tryckt m\u00f6nster. Dagens v\u00e4vburna plast kallas ofta oegentligt f\u00f6r vaxduk. Den har ofta anv\u00e4nts som duk p\u00e5 k\u00f6ksbord, som skyddsbekl\u00e4dnad p\u00e5 hyllor och sk\u00e5pl\u00e5dor m\u00a0m, eftersom den \u00e4r t\u00e5lig f\u00f6r spill och l\u00e4tt att torka ren.<\/p>\n<p>Ursprungligen var vaxduk verkligen duk impregnerad med vax. Man sp\u00e4nde upp stora stycken l\u00e4rft i ramar och bestr\u00f6k tyget med vaxl\u00f6sning, som fick torka. Proceduren upprepades ett flertal g\u00e5nger, tills vaxlagret blivit tillr\u00e4ckligt tjockt. Detta var omst\u00e4ndligt och tidskr\u00e4vande. Dessutom sprack vaxskiktet i k\u00f6ld, det klibbade i normal temperatur och luktade illa i v\u00e4rme.<\/p>\n<p>S\u00e5 sm\u00e5ningom bytte man ut vaxl\u00f6sningen mot fernissa, som ocks\u00e5 p\u00e5lades i flera omg\u00e5ngar. Namnet beh\u00f6lls, trots att produkten inte l\u00e4ngre hade med vax att g\u00f6ra. Denna s.k. vaxduk kunde tryckas med olika m\u00f6nster, och fick d\u00e5 ett dekorativt plusv\u00e4rde.<\/p>\n<p><a href=\"http:\/\/www.filindeblogg.nu\/?attachment_id=27834\" rel=\"attachment wp-att-27834\"><img loading=\"lazy\" class=\"alignnone  wp-image-27834\" title=\"Trolle-Ljungby tidigt 50-tal\" src=\"http:\/\/www.filindeblogg.nu\/wp-content\/uploads\/2012\/01\/Trolle-Ljungby-tidigt-50-tal-290x300.jpg\" alt=\"\" width=\"174\" height=\"180\" srcset=\"http:\/\/www.filindeblogg.nu\/wp-content\/uploads\/2012\/01\/Trolle-Ljungby-tidigt-50-tal-290x300.jpg 290w, http:\/\/www.filindeblogg.nu\/wp-content\/uploads\/2012\/01\/Trolle-Ljungby-tidigt-50-tal.jpg 581w\" sizes=\"(max-width: 174px) 100vw, 174px\" \/><\/a> I slutet av 1940-talet kom den nyuppfunna plasten \u2013\u00a0i tidigt stadium beh\u00f6ll man det engelska namnet <em>plastic<\/em>\u00a0\u2013 att ers\u00e4tta fernissvarianten av \u00e4kta vaxduk. Den korrekta ben\u00e4mningen blev nu <em>v\u00e4vburen plast<\/em> som till sin natur avl\u00e4gsnar sig \u00e4nnu mer fr\u00e5n f\u00f6rsta tidens vaxduk. I dagligt tal lever ben\u00e4mningen vaxduk fortfarande kvar.<\/p>\n<p>Bilden ovan \u00e4r fr\u00e5n <strong>Trolle-Ljungby<\/strong>, tidigt 50-tal. Jag hittade bilden p\u00e5 Internet och visar den bara med anledning av den d\u00e5 moderna nyheten &#8211; vaxduken p\u00e5 bordet!<\/p>\n<p>Sagt och gjort! Vaxduk p\u00e5 2 meter skulle inf\u00f6rskaffas! Den gamla hederliga sorten, inte den mer vanliga s k akrylatbehandlade duken. Det visades sig inte vara s\u00e5 l\u00e4tt. Tack och lov f\u00f6r Internet f\u00f6r d\u00e4r fanns <strong>Broarne<\/strong>!<\/p>\n<p>Vem \u00e4r Broarne, undrade jag! Men Broarne \u00e4r ingen man utan en plats! Den h\u00e4r: <a href=\"http:\/\/www.filindeblogg.nu\/?attachment_id=27835\" rel=\"attachment wp-att-27835\"><img loading=\"lazy\" class=\"alignnone size-full wp-image-27835\" title=\"Broarne\" src=\"http:\/\/www.filindeblogg.nu\/wp-content\/uploads\/2012\/01\/Broarne.jpg\" alt=\"\" width=\"300\" height=\"230\" \/><\/a> P\u00e5 Broarnes hemsida st\u00e5r f\u00f6ljande om platsen:<em> &#8221;Broarne \u00e4r en fantastisk liten oas i v\u00e4rlden! P\u00e5 kurorten <strong>S\u00e4tra Brunn<\/strong>, ligger Broarne &#8211; de \u00e4ldsta husen p\u00e5 den 300 \u00e5r gamla brunnen. Broarne heter st\u00e4llet f\u00f6r att man f\u00f6rr i tiden tvingades att l\u00e4gga s k kavelbroar p\u00e5 platsen f\u00f6r att det var sankmark d\u00e4r malmfororna fr\u00e5n Bergslagen skulle passera p\u00e5 sin v\u00e4g mot havet.&#8221;<\/em><\/p>\n<p>Klicka <a href=\"http:\/\/www.broarne.se\/butik\/\" target=\"_blank\"><strong>H\u00c4R<\/strong> <\/a>f\u00f6r att komma till Broarne!<\/p>\n<p>Broarne hade vaxdukar! H\u00e4r om dagen kom leveransen till mig och jag uppt\u00e4ckte f\u00f6rst d\u00e5 att Broarne finns s\u00e5 n\u00e4ra som i <strong>Sala<\/strong>! S\u00e5 n\u00e4sta g\u00e5ng blir det bes\u00f6k d\u00e4r ist\u00e4llet f\u00f6r postorder! <a href=\"http:\/\/www.filindeblogg.nu\/?attachment_id=27844\" rel=\"attachment wp-att-27844\"><img loading=\"lazy\" class=\"alignnone  wp-image-27844\" title=\"IMG_2590 (3)\" src=\"http:\/\/www.filindeblogg.nu\/wp-content\/uploads\/2012\/01\/IMG_2590-3-300x225.jpg\" alt=\"\" width=\"180\" height=\"135\" srcset=\"http:\/\/www.filindeblogg.nu\/wp-content\/uploads\/2012\/01\/IMG_2590-3-300x225.jpg 300w, http:\/\/www.filindeblogg.nu\/wp-content\/uploads\/2012\/01\/IMG_2590-3.jpg 461w\" sizes=\"(max-width: 180px) 100vw, 180px\" \/><\/a><\/p>\n<p>Mitt k\u00f6ksbord F\u00d6RE: <a href=\"http:\/\/www.filindeblogg.nu\/?attachment_id=27836\" rel=\"attachment wp-att-27836\"><img loading=\"lazy\" class=\"alignnone  wp-image-27836\" title=\"IMG_2591 (3)\" src=\"http:\/\/www.filindeblogg.nu\/wp-content\/uploads\/2012\/01\/IMG_2591-3-225x300.jpg\" alt=\"\" width=\"135\" height=\"180\" srcset=\"http:\/\/www.filindeblogg.nu\/wp-content\/uploads\/2012\/01\/IMG_2591-3-225x300.jpg 225w, http:\/\/www.filindeblogg.nu\/wp-content\/uploads\/2012\/01\/IMG_2591-3.jpg 346w\" sizes=\"(max-width: 135px) 100vw, 135px\" \/><\/a> Och EFTER: <a href=\"http:\/\/www.filindeblogg.nu\/?attachment_id=27837\" rel=\"attachment wp-att-27837\"><img loading=\"lazy\" class=\"alignnone  wp-image-27837\" title=\"IMG_2592 (3)\" src=\"http:\/\/www.filindeblogg.nu\/wp-content\/uploads\/2012\/01\/IMG_2592-3-225x300.jpg\" alt=\"\" width=\"135\" height=\"180\" srcset=\"http:\/\/www.filindeblogg.nu\/wp-content\/uploads\/2012\/01\/IMG_2592-3-225x300.jpg 225w, http:\/\/www.filindeblogg.nu\/wp-content\/uploads\/2012\/01\/IMG_2592-3.jpg 346w\" sizes=\"(max-width: 135px) 100vw, 135px\" \/><\/a><\/p>\n<p>Visst blev det fint! <a href=\"http:\/\/www.filindeblogg.nu\/?attachment_id=27838\" rel=\"attachment wp-att-27838\"><img loading=\"lazy\" class=\"alignnone  wp-image-27838\" title=\"IMG_2595 (3)\" src=\"http:\/\/www.filindeblogg.nu\/wp-content\/uploads\/2012\/01\/IMG_2595-3-225x300.jpg\" alt=\"\" width=\"135\" height=\"180\" srcset=\"http:\/\/www.filindeblogg.nu\/wp-content\/uploads\/2012\/01\/IMG_2595-3-225x300.jpg 225w, http:\/\/www.filindeblogg.nu\/wp-content\/uploads\/2012\/01\/IMG_2595-3.jpg 346w\" sizes=\"(max-width: 135px) 100vw, 135px\" \/><\/a> Och funktionellt! L\u00e4tt att torka av och mindre slit p\u00e5 tr\u00e4bordet.<\/p>\n<p>T\u00e4nk att en vaxduk kan f\u00e5 en att k\u00e4nna sig gladare och lyckligare! Den lyser upp och f\u00f6rnyar tillvaron! \ud83d\ude42<\/p>\n<p><a href=\"http:\/\/www.filindeblogg.nu\/?attachment_id=27839\" rel=\"attachment wp-att-27839\"><img loading=\"lazy\" class=\"alignnone  wp-image-27839\" title=\"IMG_2598 (3)\" src=\"http:\/\/www.filindeblogg.nu\/wp-content\/uploads\/2012\/01\/IMG_2598-3-225x300.jpg\" alt=\"\" width=\"135\" height=\"180\" srcset=\"http:\/\/www.filindeblogg.nu\/wp-content\/uploads\/2012\/01\/IMG_2598-3-225x300.jpg 225w, http:\/\/www.filindeblogg.nu\/wp-content\/uploads\/2012\/01\/IMG_2598-3.jpg 346w\" sizes=\"(max-width: 135px) 100vw, 135px\" \/><\/a> Lyckan fullst\u00e4ndigt p\u00e5 morgonen! \ud83d\ude09 Ny vaxduk, tulpaner, en stor kopp kaffe latte och <a href=\"http:\/\/bblat.se\/\" target=\"_blank\"><strong>Arboga Tidning<\/strong><\/a>!<\/p>\n<p>Bloggaren hoppar \u00f6ver ins\u00e4ndarsidan idag d\u00e4r <strong>Centerpartiet<\/strong> skaffar sig blod p\u00e5 h\u00e4nderna bara f\u00f6r att vinna r\u00f6ster. Det kan dom kanske beh\u00f6va &#8211; men till vilket pris&#8230; D\u00e5ligt!<\/p>\n<p>Det h\u00e4r d\u00e5liga hittade jag ocks\u00e5: <a href=\"http:\/\/www.filindeblogg.nu\/?attachment_id=27840\" rel=\"attachment wp-att-27840\"><img loading=\"lazy\" class=\"alignnone  wp-image-27840\" title=\"IMG_2599 (2)\" src=\"http:\/\/www.filindeblogg.nu\/wp-content\/uploads\/2012\/01\/IMG_2599-2-225x300.jpg\" alt=\"\" width=\"158\" height=\"210\" srcset=\"http:\/\/www.filindeblogg.nu\/wp-content\/uploads\/2012\/01\/IMG_2599-2-225x300.jpg 225w, http:\/\/www.filindeblogg.nu\/wp-content\/uploads\/2012\/01\/IMG_2599-2.jpg 346w\" sizes=\"(max-width: 158px) 100vw, 158px\" \/><\/a> <strong>Arboga S\u00f6dra<\/strong> har gl\u00f6mt betala in pensionspengar och hela personalen f\u00e5r g\u00e5. Det sl\u00e5r h\u00e5rt mot kommunen. Med intresse l\u00e4ser bloggaren att det h\u00e4r kommer i bladet imorgon: <a href=\"http:\/\/www.filindeblogg.nu\/?attachment_id=27841\" rel=\"attachment wp-att-27841\"><img loading=\"lazy\" class=\"alignnone size-medium wp-image-27841\" title=\"IMG_2601 (3)\" src=\"http:\/\/www.filindeblogg.nu\/wp-content\/uploads\/2012\/01\/IMG_2601-3-225x300.jpg\" alt=\"\" width=\"225\" height=\"300\" srcset=\"http:\/\/www.filindeblogg.nu\/wp-content\/uploads\/2012\/01\/IMG_2601-3-225x300.jpg 225w, http:\/\/www.filindeblogg.nu\/wp-content\/uploads\/2012\/01\/IMG_2601-3.jpg 346w\" sizes=\"(max-width: 225px) 100vw, 225px\" \/><\/a> Vad som h\u00e4nt f\u00e5r jag och alla andra veta imorgon. Bloggaren blir dock glad om ytterligare argument MOT konstgr\u00e4s kommit fram.<\/p>\n<p>S\u00e5 h\u00e4r st\u00e5r det om konstgr\u00e4s p\u00e5 <a href=\"http:\/\/sv.wikipedia.org\/wiki\/Konstgr\u00e4s\" target=\"_blank\"><strong>Wikipedia<\/strong><\/a>: <em>&#8221;<strong>Konstgr\u00e4s<\/strong> \u00e4r ett underlag f\u00f6r bland annat sportut\u00f6vning. Vanligast idag \u00e4r p\u00e5 fotbollsplaner, amerik<\/em><em>ansk fotboll, baseboll och landhockeyplaner. Konstgr\u00e4s f\u00f6rekommer ocks\u00e5 allt oftare \u00e4ven p\u00e5 golfbanor, tennisbanor och i andra anl\u00e4ggni<\/em><em>ngar som tr\u00e4dg\u00e5rdar, altaner, terrasser, lekplatser med mera. <\/em><br \/>\n<em>Den stora f\u00f6rdelen med konstgr\u00e4s \u00e4r en mycket h\u00f6gre utnyttjandegrad, speciellt p\u00e5 nordliga breddgrader d\u00e4r naturgr\u00e4set inte kan anv\u00e4ndas alls under vintern.&#8221;<\/em><\/p>\n<p><a href=\"http:\/\/www.filindeblogg.nu\/?attachment_id=27842\" rel=\"attachment wp-att-27842\"><img loading=\"lazy\" class=\"alignnone  wp-image-27842\" title=\"Konstgr\u00e4s\" src=\"http:\/\/www.filindeblogg.nu\/wp-content\/uploads\/2012\/01\/Konstgr\u00e4s-300x165.jpg\" alt=\"\" width=\"180\" height=\"99\" srcset=\"http:\/\/www.filindeblogg.nu\/wp-content\/uploads\/2012\/01\/Konstgr\u00e4s-300x165.jpg 300w, http:\/\/www.filindeblogg.nu\/wp-content\/uploads\/2012\/01\/Konstgr\u00e4s.jpg 302w\" sizes=\"(max-width: 180px) 100vw, 180px\" \/><\/a>\u00a0 Bloggaren tycker det \u00e4r lite storhetsvansinne att anl\u00e4gga konstgr\u00e4s i <strong>Arboga<\/strong>. Speciellt n\u00e4r den kommunal pl\u00e5nboken \u00e4r mycket tunn och korv\u00f6rena som finns kvar borde g\u00e5 till den sociala omsorgen ist\u00e4llet.<br \/>\nFr\u00e5gan \u00e4r vad som \u00e4r viktigast? Det basala, med bl.a. tillr\u00e4ckligt med pengar f\u00f6r <strong>Socialf\u00f6rvaltningens<\/strong> behov eller m\u00f6jligheten f\u00f6r en liten grupp m\u00e4nniskor att spela fotboll p\u00e5 vintern?<br \/>\nFinns det inget som heter r\u00e4tta mun efter mats\u00e4cken?<\/p>\n<p>P\u00e5 radiosidan hittar jag denna notis. <a href=\"http:\/\/www.filindeblogg.nu\/?attachment_id=27843\" rel=\"attachment wp-att-27843\"><img loading=\"lazy\" class=\"alignnone  wp-image-27843\" title=\"IMG_2602 (2)\" src=\"http:\/\/www.filindeblogg.nu\/wp-content\/uploads\/2012\/01\/IMG_2602-2-225x300.jpg\" alt=\"\" width=\"135\" height=\"180\" srcset=\"http:\/\/www.filindeblogg.nu\/wp-content\/uploads\/2012\/01\/IMG_2602-2-225x300.jpg 225w, http:\/\/www.filindeblogg.nu\/wp-content\/uploads\/2012\/01\/IMG_2602-2.jpg 346w\" sizes=\"(max-width: 135px) 100vw, 135px\" \/><\/a> P\u00e5 l\u00f6rdag \u00e4r det 10 \u00e5r sedan <strong>Fadime<\/strong> m\u00f6rdades. Om det skriver jag i bloggen p\u00e5 just l\u00f6rdag!<\/p>\n<p>Bloggen avslutas med tv\u00e5 bilder. Den h\u00e4r som visar en av de fina julklappar som barnen f\u00f6r\u00e4rade mig! En v\u00e4rmefilt! In med kontakten i v\u00e4ggen och mys sen i soffan! <a href=\"http:\/\/www.filindeblogg.nu\/?attachment_id=27845\" rel=\"attachment wp-att-27845\"><img loading=\"lazy\" class=\"alignnone  wp-image-27845\" title=\"IMG_2587 (2)\" src=\"http:\/\/www.filindeblogg.nu\/wp-content\/uploads\/2012\/01\/IMG_2587-2-300x225.jpg\" alt=\"\" width=\"180\" height=\"135\" srcset=\"http:\/\/www.filindeblogg.nu\/wp-content\/uploads\/2012\/01\/IMG_2587-2-300x225.jpg 300w, http:\/\/www.filindeblogg.nu\/wp-content\/uploads\/2012\/01\/IMG_2587-2.jpg 461w\" sizes=\"(max-width: 180px) 100vw, 180px\" \/><\/a> Kan beh\u00f6vas i en gammal, kylig k\u00e5k.<\/p>\n<p>Och en bild p\u00e5 ett vackert \u00e4gg som kokades till frukosten! S\u00e5 h\u00e4r fina \u00e4gg kan man inte k\u00f6pa i aff\u00e4ren! Det h\u00e4r \u00e4gget kommer fr\u00e5n min v\u00e4n <strong>Ingrid<\/strong> som har lyckliga h\u00f6nor!<\/p>\n<p><a href=\"http:\/\/www.filindeblogg.nu\/?attachment_id=27846\" rel=\"attachment wp-att-27846\"><img loading=\"lazy\" class=\"aligncenter size-medium wp-image-27846\" title=\"IMG_2588 (2)\" src=\"http:\/\/www.filindeblogg.nu\/wp-content\/uploads\/2012\/01\/IMG_2588-2-300x225.jpg\" alt=\"\" width=\"300\" height=\"225\" srcset=\"http:\/\/www.filindeblogg.nu\/wp-content\/uploads\/2012\/01\/IMG_2588-2-300x225.jpg 300w, http:\/\/www.filindeblogg.nu\/wp-content\/uploads\/2012\/01\/IMG_2588-2.jpg 461w\" sizes=\"(max-width: 300px) 100vw, 300px\" \/><\/a><\/p>\n<p>&nbsp;<\/p>\n","protected":false},"excerpt":{"rendered":"<p>I min barndom hade vi alltid vaxduk p\u00e5 k\u00f6ksbordet. Det var nog en trend p\u00e5 den tiden &#8211; n\u00e5got som f\u00f6rsvunnit. N\u00e4r nu v\u00e5rt k\u00f6ksbord b\u00f6rjade bli lite trist och slitet kom jag att t\u00e4nka p\u00e5 mammas vaxduk n\u00e4r jag var liten! P\u00e5 Wikipedia, som tack och lov INTE h\u00e5ller sina svenska sida st\u00e4ngd idag [&hellip;]<\/p>\n","protected":false},"author":1,"featured_media":0,"comment_status":"open","ping_status":"open","sticky":false,"template":"","format":"standard","meta":[],"categories":[127,100,132,119,101],"tags":[],"_links":{"self":[{"href":"http:\/\/www.filindeblogg.nu\/index.php?rest_route=\/wp\/v2\/posts\/27833"}],"collection":[{"href":"http:\/\/www.filindeblogg.nu\/index.php?rest_route=\/wp\/v2\/posts"}],"about":[{"href":"http:\/\/www.filindeblogg.nu\/index.php?rest_route=\/wp\/v2\/types\/post"}],"author":[{"embeddable":true,"href":"http:\/\/www.filindeblogg.nu\/index.php?rest_route=\/wp\/v2\/users\/1"}],"replies":[{"embeddable":true,"href":"http:\/\/www.filindeblogg.nu\/index.php?rest_route=%2Fwp%2Fv2%2Fcomments&post=27833"}],"version-history":[{"count":14,"href":"http:\/\/www.filindeblogg.nu\/index.php?rest_route=\/wp\/v2\/posts\/27833\/revisions"}],"predecessor-version":[{"id":27861,"href":"http:\/\/www.filindeblogg.nu\/index.php?rest_route=\/wp\/v2\/posts\/27833\/revisions\/27861"}],"wp:attachment":[{"href":"http:\/\/www.filindeblogg.nu\/index.php?rest_route=%2Fwp%2Fv2%2Fmedia&parent=27833"}],"wp:term":[{"taxonomy":"category","embeddable":true,"href":"http:\/\/www.filindeblogg.nu\/index.php?rest_route=%2Fwp%2Fv2%2Fcategories&post=27833"},{"taxonomy":"post_tag","embeddable":true,"href":"http:\/\/www.filindeblogg.nu\/index.php?rest_route=%2Fwp%2Fv2%2Ftags&post=27833"}],"curies":[{"name":"wp","href":"https:\/\/api.w.org\/{rel}","templated":true}]}}