{"id":27759,"date":"2012-01-16T09:42:55","date_gmt":"2012-01-16T08:42:55","guid":{"rendered":"http:\/\/www.filindeblogg.nu\/?p=27759"},"modified":"2012-01-16T09:42:56","modified_gmt":"2012-01-16T08:42:56","slug":"skyddsjakt-pa-jagare-och-adhd","status":"publish","type":"post","link":"http:\/\/www.filindeblogg.nu\/?p=27759","title":{"rendered":"Skyddsjakt p\u00e5 j\u00e4gare och ADHD"},"content":{"rendered":"<p><a href=\"http:\/\/www.filindeblogg.nu\/?attachment_id=27760\" rel=\"attachment wp-att-27760\"><img loading=\"lazy\" class=\"alignnone size-full wp-image-27760\" title=\"VARGTJUT\" src=\"http:\/\/www.filindeblogg.nu\/wp-content\/uploads\/2012\/01\/VARGTJUT4.jpg\" alt=\"\" width=\"101\" height=\"125\" \/><\/a> F\u00f6rst vargen! N\u00e4r ska denna inkompetenta, absurda hantering av de svenska rovdjuren ta slut!? F\u00f6r nu \u00e4r det dags igen &#8211; skyddsjakt p\u00e5 varg!<\/p>\n<p>Dagens <strong>Arboga Tidning<\/strong> har detta p\u00e5 f\u00f6rstasidan: <a href=\"http:\/\/www.filindeblogg.nu\/?attachment_id=27761\" rel=\"attachment wp-att-27761\"><img loading=\"lazy\" class=\"alignnone  wp-image-27761\" title=\"IMG_2574 (2)\" src=\"http:\/\/www.filindeblogg.nu\/wp-content\/uploads\/2012\/01\/IMG_2574-2-225x300.jpg\" alt=\"\" width=\"158\" height=\"210\" srcset=\"http:\/\/www.filindeblogg.nu\/wp-content\/uploads\/2012\/01\/IMG_2574-2-225x300.jpg 225w, http:\/\/www.filindeblogg.nu\/wp-content\/uploads\/2012\/01\/IMG_2574-2.jpg 346w\" sizes=\"(max-width: 158px) 100vw, 158px\" \/><\/a> Det blev allts\u00e5 inte mycket b\u00e4ttre sen vi blev av med <strong>Andreas Carlgren<\/strong> och ist\u00e4llet fick <strong>Lena Ek<\/strong> som milj\u00f6minister<a href=\"http:\/\/www.expressen.se\/nyheter\/1.2678459\/fler-vargar-far-fallas-i-skyddsjakt\" target=\"_blank\">.<\/a> Men varf\u00f6r skulle det bli det? Samma regering &#8211; samma inst\u00e4llning! \ud83d\ude41<\/p>\n<p><a href=\"http:\/\/www.filindeblogg.nu\/?attachment_id=27762\" rel=\"attachment wp-att-27762\"><img loading=\"lazy\" class=\"alignnone size-medium wp-image-27762\" title=\"IMG_2573 (3)\" src=\"http:\/\/www.filindeblogg.nu\/wp-content\/uploads\/2012\/01\/IMG_2573-3-300x225.jpg\" alt=\"\" width=\"300\" height=\"225\" srcset=\"http:\/\/www.filindeblogg.nu\/wp-content\/uploads\/2012\/01\/IMG_2573-3-300x225.jpg 300w, http:\/\/www.filindeblogg.nu\/wp-content\/uploads\/2012\/01\/IMG_2573-3.jpg 461w\" sizes=\"(max-width: 300px) 100vw, 300px\" \/><\/a>\u00a0 Naturv\u00e5rdsverket, ett statligt verk under regeringen, har genom ett s\u00e5 kallat delegationsbeslut \u00f6verl\u00e5tit ansvaret till l\u00e4nsstyrelserna f\u00f6r skyddsjakt p\u00e5 enskilda vargar. M a o &#8221;high chaparall&#8221; r\u00e5der i landet n\u00e4r l\u00e4nsstyrelserna sj\u00e4lva<a href=\"http:\/\/www.aftonbladet.se\/debatt\/debattamnen\/miljo\/article12483079.ab\" target=\"_blank\">,<\/a> med h\u00e5rda p\u00e5tryckningar fr\u00e5n j\u00e4garna<a href=\"http:\/\/www.svd.se\/nyheter\/inrikes\/fler-vargar-far-fallas-i-skyddsjakt_6768149.svd\" target=\"_blank\">,<\/a> ska ta beslut<a href=\"http:\/\/www.dn.se\/nyheter\/sverige\/fler-vargar-far-fallas-i-skyddsjakt\" target=\"_blank\">.<\/a> S\u00e5 otroligt fegt och ansvarsl\u00f6st av regeringen!<\/p>\n<p>S\u00e5 h\u00e4r st\u00e5r det p\u00e5 Wikipedia om Naturv\u00e5rdsverket, citat: <strong><em>&#8221;Naturv\u00e5rdsverket \u00e4r en svensk statlig f\u00f6rvaltningsmyndighet p\u00e5 milj\u00f6omr\u00e5det och ska vara p\u00e5drivande och samlande i milj\u00f6arbetet. Verkets arbete ska syfta till att fr\u00e4mja en h\u00e5llbar utveckling med utg\u00e5ngspunkt i den ekologiska dimensionen.&#8221; <\/em><\/strong>Ha! Pyttsan!<br \/>\nL\u00e4s mer om Naturv\u00e5rdsverket <a href=\"http:\/\/www.naturvardsverket.se\/\" target=\"_blank\"><strong>H\u00c4R!<\/strong><\/a><\/p>\n<p><a href=\"http:\/\/www.filindeblogg.nu\/?attachment_id=27763\" rel=\"attachment wp-att-27763\"><img loading=\"lazy\" class=\"alignnone size-full wp-image-27763\" title=\"Vargvalp\" src=\"http:\/\/www.filindeblogg.nu\/wp-content\/uploads\/2012\/01\/Vargvalp.jpg\" alt=\"\" width=\"260\" height=\"194\" \/><\/a> Vargen har allts\u00e5 inte en chans! S\u00e5 h\u00e4r s\u00e4ger ordf\u00f6rande i <strong>V\u00e4stmanlands J\u00e4garef\u00f6rbund<\/strong> <strong>Thorbj\u00f6rn Larsson<\/strong> enligt <a href=\"http:\/\/bblat.se\/\" target=\"_blank\"><strong>Bbl\/AT<\/strong><\/a>: <a href=\"http:\/\/www.filindeblogg.nu\/?attachment_id=27764\" rel=\"attachment wp-att-27764\"><img loading=\"lazy\" class=\"alignnone size-medium wp-image-27764\" title=\"IMG_2575 (3)\" src=\"http:\/\/www.filindeblogg.nu\/wp-content\/uploads\/2012\/01\/IMG_2575-3-225x300.jpg\" alt=\"\" width=\"225\" height=\"300\" srcset=\"http:\/\/www.filindeblogg.nu\/wp-content\/uploads\/2012\/01\/IMG_2575-3-225x300.jpg 225w, http:\/\/www.filindeblogg.nu\/wp-content\/uploads\/2012\/01\/IMG_2575-3.jpg 346w\" sizes=\"(max-width: 225px) 100vw, 225px\" \/><\/a> Han anser, sj\u00e4lvklart, att 25 d\u00f6dade vargar i Mellansverige inte r\u00e4cker och s\u00e4ger s\u00e5 h\u00e4r: &#8221;<em>&#8211; Vi \u00e4r absolut inte n\u00f6jda, det f\u00f6rb\u00e4ttrar inte situationen. &#8221;Vi har stora problem i V\u00e4stmanland och vill ta bort hela Skultuna-V\u00e4sterf\u00e4rneboreviret&#8221;<\/em>. <strong>!!<\/strong><br \/>\nThorbj\u00f6rn Larsson s\u00e4ger sig som mest kunna acceptera ett (1) vargrevir i l\u00e4net<a href=\"http:\/\/na.se\/nyheter\/2.2212\/1.1506196-darfor-fordubblas-skyddsjakten-pa-varg\" target=\"_blank\">. <\/a><em>&#8221;-Resten vill vi ta bort&#8221;<\/em>. <a href=\"http:\/\/www.filindeblogg.nu\/?attachment_id=27774\" rel=\"attachment wp-att-27774\"><img loading=\"lazy\" class=\"alignnone  wp-image-27774\" title=\"D\u00f6d varg\" src=\"http:\/\/www.filindeblogg.nu\/wp-content\/uploads\/2012\/01\/D\u00f6d-varg-300x153.jpg\" alt=\"\" width=\"180\" height=\"92\" srcset=\"http:\/\/www.filindeblogg.nu\/wp-content\/uploads\/2012\/01\/D\u00f6d-varg-300x153.jpg 300w, http:\/\/www.filindeblogg.nu\/wp-content\/uploads\/2012\/01\/D\u00f6d-varg.jpg 480w\" sizes=\"(max-width: 180px) 100vw, 180px\" \/><\/a><\/p>\n<p><strong>N\u00e4r blir det skyddsjakt p\u00e5 j\u00e4gare, tro?<\/strong> Nu menar jag naturligtvis inte att vi ska jaga r\u00e4tt p\u00e5 gubbarna och m\u00f6rda dom &#8211; men leta upp dom och ta ner dom p\u00e5 jorden! Se till att dom blir mindre styva i korken och l\u00e4ra dom lite om ballansen i naturen. Minska deras makt och deras s\u00e4tt att skr\u00e4mma upp folk f\u00f6r egen vinning.<\/p>\n<p>Skandal\u00f6st att det ska r\u00e5da en form av &#8221;hela havet stormar&#8221; vad g\u00e4ller svensk rovdjurspolitik. Finns det ingen vettig person p\u00e5 regeringsniv\u00e5 som kan s\u00e4tta foten i backen och f\u00e5 till ett seri\u00f6st, genomt\u00e4nkt f\u00f6rslag vad g\u00e4ller de svenska rovdjuren!<\/p>\n<p><a href=\"http:\/\/www.filindeblogg.nu\/?attachment_id=27766\" rel=\"attachment wp-att-27766\"><img loading=\"lazy\" class=\"alignnone  wp-image-27766\" title=\"Mikael Karlsson\" src=\"http:\/\/www.filindeblogg.nu\/wp-content\/uploads\/2012\/01\/Mikael-Karlsson-172x300.jpg\" alt=\"\" width=\"103\" height=\"180\" srcset=\"http:\/\/www.filindeblogg.nu\/wp-content\/uploads\/2012\/01\/Mikael-Karlsson-172x300.jpg 172w, http:\/\/www.filindeblogg.nu\/wp-content\/uploads\/2012\/01\/Mikael-Karlsson.jpg 210w\" sizes=\"(max-width: 103px) 100vw, 103px\" \/><\/a>\u00a0 S\u00e5 h\u00e4r skriver <strong>Mikael Karlsson<\/strong>, ordf\u00f6rande i <strong>Naturskyddsf\u00f6reningen<\/strong>, i <strong>Aftonbladet<\/strong>, citat: <em><strong>&#8221;Ska vi tro den bild som vissa ger sken av s\u00e5 d\u00f6das tamdjur i en skr\u00e4mmande takt. M\u00e4nniskors liv i vargens n\u00e4rhet sl\u00e5s s\u00f6nder. Det \u00e4r en vilseledande beskrivning av ett fridlyst djur som svenskarna vill ha kvar och som \u00e4r skyddat i internationell lag. Trots det rustar nu tusentals j\u00e4gare \u00e5ter f\u00f6r jakt.&#8221;<\/strong><\/em> L\u00e4s mer genom att klicka <a href=\"http:\/\/www.aftonbladet.se\/debatt\/debattamnen\/miljo\/article12483079.ab\" target=\"_blank\"><strong>H\u00c4R!<\/strong><\/a><\/p>\n<p style=\"text-align: center;\"><img loading=\"lazy\" class=\"aligncenter size-medium wp-image-27765\" title=\"Vargvalp ylar\" src=\"http:\/\/www.filindeblogg.nu\/wp-content\/uploads\/2012\/01\/Vargvalp-ylar-300x208.jpg\" alt=\"\" width=\"300\" height=\"208\" srcset=\"http:\/\/www.filindeblogg.nu\/wp-content\/uploads\/2012\/01\/Vargvalp-ylar-300x208.jpg 300w, http:\/\/www.filindeblogg.nu\/wp-content\/uploads\/2012\/01\/Vargvalp-ylar.jpg 362w\" sizes=\"(max-width: 300px) 100vw, 300px\" \/>L\u00c5T VARGEN LEVA!!<\/p>\n<p style=\"text-align: left;\"><a href=\"http:\/\/www.filindeblogg.nu\/?attachment_id=27767\" rel=\"attachment wp-att-27767\"><img loading=\"lazy\" class=\"alignnone size-full wp-image-27767\" title=\"ADHD och medicin\" src=\"http:\/\/www.filindeblogg.nu\/wp-content\/uploads\/2012\/01\/ADHD-och-medicin1.jpg\" alt=\"\" width=\"200\" height=\"200\" srcset=\"http:\/\/www.filindeblogg.nu\/wp-content\/uploads\/2012\/01\/ADHD-och-medicin1.jpg 200w, http:\/\/www.filindeblogg.nu\/wp-content\/uploads\/2012\/01\/ADHD-och-medicin1-150x150.jpg 150w\" sizes=\"(max-width: 200px) 100vw, 200px\" \/><\/a>\u00a0 S\u00e5 till <strong>ADHD<\/strong> och den debatt som pl\u00f6tsligt blommat upp om medicinering eller inte. F\u00f6rst\u00e5-sig-p\u00e5are f\u00f6rs\u00f6ker f\u00e5 okunniga att tro att f\u00f6r\u00e4ldrar med l\u00e4tthet stoppar i sina barn piller. Sj\u00e4lvklart \u00e4r det inte s\u00e5! Det \u00e4r med stor v\u00e5nda man tar det steget men man g\u00f6r det f\u00f6r sitt barns skull.<br \/>\nAndra vill f\u00e5 oss att tro att medicinen 1) \u00e4r mycket farlig med f\u00f6r\u00f6dande effekter i framtiden 2) \u00e4r beroendeframkallande &#8211; d v s f\u00f6r\u00e4ldrarna g\u00f6r sina barn till narkomaner 3) \u00e4r ett s\u00e4tt att klara kunskapsintaget i en alltf\u00f6r st\u00f6kig skola &#8211; d v s man tar medicin f\u00f6r skolans skull.<\/p>\n<p style=\"text-align: left;\"><a href=\"http:\/\/www.filindeblogg.nu\/?attachment_id=27768\" rel=\"attachment wp-att-27768\"><img loading=\"lazy\" class=\"alignnone  wp-image-27768\" title=\"ADHD\" src=\"http:\/\/www.filindeblogg.nu\/wp-content\/uploads\/2012\/01\/ADHD1-300x225.jpg\" alt=\"\" width=\"180\" height=\"135\" srcset=\"http:\/\/www.filindeblogg.nu\/wp-content\/uploads\/2012\/01\/ADHD1-300x225.jpg 300w, http:\/\/www.filindeblogg.nu\/wp-content\/uploads\/2012\/01\/ADHD1.jpg 400w\" sizes=\"(max-width: 180px) 100vw, 180px\" \/><\/a> Alltihop \u00e4r fel! Medicinen \u00e4r bepr\u00f6vad sen relativt l\u00e5ng tid tillbaka, den ges i mikroskopiskt sm\u00e5 doser i f\u00f6rh\u00e5llande till vad en knarkare g\u00e5r ig\u00e5ng p\u00e5 och barnen beh\u00f6ver det f\u00f6r sin egen skull &#8211; inte f\u00f6r skolans!<\/p>\n<p style=\"text-align: left;\">Sen \u00e4r det s\u00e5 att medicinen inte har effekt p\u00e5 alla barn, men f\u00f6r de barn som f\u00e5r en f\u00f6r\u00e4ndring blir det ett otroligt lyft. Pl\u00f6tsligt kan de koncentrera sig, pl\u00f6tsligt f\u00e5r de en chans att ta in information och klara skolarbetet. Samtidigt klarar de b\u00e4ttre den sociala samvaron i klassen och skolan.<\/p>\n<p>En kommentar p\u00e5 min blogg s\u00e4ger s\u00e5 h\u00e4r, citat: <em>&#8221;I v\u00e5r skola har vi ett barn med diagnos ADHD, han \u00e4r nu 11 \u00e5r gammal. Terroriserat v\u00e5r skola i 6 \u00e5r genom att sparka, sl\u00e5ss med tillhyggen, spotta, kasta sten osv. F\u00f6r mig \u00e4r det inte ok att mina eller andra barns s\u00e4kerhet \u00e4ventyras. Killen har och har haft assistent i 4 terminer men ingen b\u00e4ttring sker&#8230;i f\u00f6rra veckan slog han en f\u00f6rste klassare med bandyklubban&#8230;bakifr\u00e5n&#8230; rakt \u00f6ver \u00f6rat. Jag \u00e4r helt med p\u00e5 att barn med speciella behov skall f\u00e5 den hj\u00e4lp de beh\u00f6ver&#8230;prolemet \u00e4r att hans mamma vill att han fortfarande skall g\u00e5 i vanlig grundskola.&#8221;<\/em><\/p>\n<p><a href=\"http:\/\/www.filindeblogg.nu\/?attachment_id=27769\" rel=\"attachment wp-att-27769\"><img loading=\"lazy\" class=\"alignnone size-full wp-image-27769\" title=\"ADHD 3\" src=\"http:\/\/www.filindeblogg.nu\/wp-content\/uploads\/2012\/01\/ADHD-3.jpg\" alt=\"\" width=\"218\" height=\"231\" \/><\/a>\u00a0 Det h\u00e4r s\u00e4ger v\u00e4l en hel del. Hur m\u00e5r den h\u00e4r 11-\u00e5riga killen som &#8221;terroriserar&#8221; en hel skola? Vad f\u00e5r han f\u00f6r hj\u00e4lp? Kanske medicin skulle f\u00e5 honom att klara s\u00e5v\u00e4l utbildning som umg\u00e4nge med skolkamrater?<br \/>\n<em>&#8221;problemet \u00e4r att hans mamma vill att han fortfarande skall g\u00e5 i en vanlig grundskola&#8221;<\/em> st\u00e5r det i inl\u00e4gget.<br \/>\n<strong>TACK f\u00f6r det &#8211; pojkens mamma!<\/strong> Hon k\u00e4mpar f\u00f6r sitt barn och hans r\u00e4tt att som alla andra f\u00e5 del av skollagen som s\u00e4ger att alla barn har r\u00e4tt till en 9-\u00e5rig grundskola. Det \u00e4r skolan som brister h\u00e4r! Som p\u00e5 m\u00e5nga andra st\u00e4llen i landet.<\/p>\n<p>Medicin kan hj\u00e4lpa barn att klara skolan &#8211; ocks\u00e5! Ett skolbarn har i sin dagliga verksamhet att ta till sig utbildning &#8211; medicinen g\u00f6r att de f\u00e5r en m\u00f6jlighet till det. Barnets problem kvarst\u00e5r naturligtvis \u00e4ven p\u00e5 fritiden men d\u00e4r finns inte kraven fr\u00e5n omgivningen p\u00e5 samma s\u00e4tt.<\/p>\n<p>Samtidigt kr\u00e4vs mycket b\u00e4ttre kunskaper fr\u00e5n l\u00e4rarh\u00e5ll! B\u00e4ttre skolor, mindre klasser, mer flexibel undervisning. Det \u00e4r inte bara elever med ADHD som m\u00e5r d\u00e5ligt i den svenska skolan. V\u00e4ldigt m\u00e5nga skulle nog vilja ha en f\u00f6r\u00e4ndrad skola. Men &#8211; hur f\u00e5r man det n\u00e4r skola och omsorg \u00e4r nedprioriterade omr\u00e5den. Det ska fungera &#8211; men f\u00f6r minsta m\u00f6jliga penning!<\/p>\n<p><a href=\"http:\/\/www.filindeblogg.nu\/?attachment_id=27770\" rel=\"attachment wp-att-27770\"><img loading=\"lazy\" class=\"aligncenter size-full wp-image-27770\" title=\"ADHD 2\" src=\"http:\/\/www.filindeblogg.nu\/wp-content\/uploads\/2012\/01\/ADHD-2.jpg\" alt=\"\" width=\"225\" height=\"225\" srcset=\"http:\/\/www.filindeblogg.nu\/wp-content\/uploads\/2012\/01\/ADHD-2.jpg 225w, http:\/\/www.filindeblogg.nu\/wp-content\/uploads\/2012\/01\/ADHD-2-150x150.jpg 150w\" sizes=\"(max-width: 225px) 100vw, 225px\" \/><\/a><\/p>\n<p>M\u00e5nga viktiga \u00e4mnen i dagens blogg. Nu avslutar jag med lite flashbacks fr\u00e5n min morgon.<\/p>\n<p>H\u00e4rligt att m\u00f6tas av tre glada katter n\u00e4r man kommer upp! Man k\u00e4nner sig omtyckt liksom &#8211; \u00e4ven om det m\u00f6jligen \u00e4r maten dom \u00e4r ute efter&#8230; <a href=\"http:\/\/www.filindeblogg.nu\/?attachment_id=27771\" rel=\"attachment wp-att-27771\"><img loading=\"lazy\" class=\"alignnone  wp-image-27771\" title=\"Alla tre katterna s\u00f6ndag morgon 15 jan 2012\" src=\"http:\/\/www.filindeblogg.nu\/wp-content\/uploads\/2012\/01\/Alla-tre-katterna-s\u00f6ndag-morgon-15-jan-2012-212x300.jpg\" alt=\"\" width=\"148\" height=\"210\" srcset=\"http:\/\/www.filindeblogg.nu\/wp-content\/uploads\/2012\/01\/Alla-tre-katterna-s\u00f6ndag-morgon-15-jan-2012-212x300.jpg 212w, http:\/\/www.filindeblogg.nu\/wp-content\/uploads\/2012\/01\/Alla-tre-katterna-s\u00f6ndag-morgon-15-jan-2012.jpg 326w\" sizes=\"(max-width: 148px) 100vw, 148px\" \/><\/a><br \/>\nOch det blev en tulpanbukett ig\u00e5r p\u00e5 &#8221;Tulpanens dag&#8221;! <a href=\"http:\/\/www.filindeblogg.nu\/?attachment_id=27772\" rel=\"attachment wp-att-27772\"><img loading=\"lazy\" class=\"alignnone  wp-image-27772\" title=\"IMG_2571 (3)\" src=\"http:\/\/www.filindeblogg.nu\/wp-content\/uploads\/2012\/01\/IMG_2571-3-225x300.jpg\" alt=\"\" width=\"135\" height=\"180\" srcset=\"http:\/\/www.filindeblogg.nu\/wp-content\/uploads\/2012\/01\/IMG_2571-3-225x300.jpg 225w, http:\/\/www.filindeblogg.nu\/wp-content\/uploads\/2012\/01\/IMG_2571-3.jpg 346w\" sizes=\"(max-width: 135px) 100vw, 135px\" \/><\/a> \u00c4ven om jag tycker att den gamla ocks\u00e5 \u00e4r vacker fortfarande: <a href=\"http:\/\/www.filindeblogg.nu\/?attachment_id=27773\" rel=\"attachment wp-att-27773\"><img loading=\"lazy\" class=\"alignnone  wp-image-27773\" title=\"IMG_2572 (3)\" src=\"http:\/\/www.filindeblogg.nu\/wp-content\/uploads\/2012\/01\/IMG_2572-3-300x225.jpg\" alt=\"\" width=\"180\" height=\"135\" srcset=\"http:\/\/www.filindeblogg.nu\/wp-content\/uploads\/2012\/01\/IMG_2572-3-300x225.jpg 300w, http:\/\/www.filindeblogg.nu\/wp-content\/uploads\/2012\/01\/IMG_2572-3.jpg 461w\" sizes=\"(max-width: 180px) 100vw, 180px\" \/><\/a> Julgranen skymtar i bakgrunden och den f\u00e5r st\u00e5 kvar. Jag har inte hj\u00e4rta att kasta ut en fin gran som fortfarande &#8221;lever&#8221;. Den ska strax f\u00e5 sin dagliga dos vatten!<\/p>\n<p>Dagens Arboga Tidning har l\u00e4sts igenom och f\u00f6rutom ilskan \u00f6ver varghatet blev jag glad \u00f6ver den h\u00e4r lilla historian: <a href=\"http:\/\/www.filindeblogg.nu\/?attachment_id=27775\" rel=\"attachment wp-att-27775\"><img loading=\"lazy\" class=\"alignnone  wp-image-27775\" title=\"IMG_2576 (2)\" src=\"http:\/\/www.filindeblogg.nu\/wp-content\/uploads\/2012\/01\/IMG_2576-2-300x225.jpg\" alt=\"\" width=\"180\" height=\"135\" srcset=\"http:\/\/www.filindeblogg.nu\/wp-content\/uploads\/2012\/01\/IMG_2576-2-300x225.jpg 300w, http:\/\/www.filindeblogg.nu\/wp-content\/uploads\/2012\/01\/IMG_2576-2.jpg 461w\" sizes=\"(max-width: 180px) 100vw, 180px\" \/><\/a> <em>&#8221;N\u00e4stan alla deras dr\u00f6mmar har slagit in&#8221;<\/em> st\u00e5r det om paret fr\u00e5n <strong>Kurdistan<\/strong>.<\/p>\n<p>P\u00e5 tal om invandrade m\u00e4nniskor s\u00e5 s\u00e5g jag den h\u00e4r notisen i DN ig\u00e5r: <a href=\"http:\/\/www.filindeblogg.nu\/?attachment_id=27777\" rel=\"attachment wp-att-27777\"><img loading=\"lazy\" class=\"alignnone  wp-image-27777\" title=\"IMG_2503 (2)\" src=\"http:\/\/www.filindeblogg.nu\/wp-content\/uploads\/2012\/01\/IMG_2503-21-300x225.jpg\" alt=\"\" width=\"180\" height=\"135\" srcset=\"http:\/\/www.filindeblogg.nu\/wp-content\/uploads\/2012\/01\/IMG_2503-21-300x225.jpg 300w, http:\/\/www.filindeblogg.nu\/wp-content\/uploads\/2012\/01\/IMG_2503-21.jpg 461w\" sizes=\"(max-width: 180px) 100vw, 180px\" \/><\/a>\u00a0 -F\u00f6rl\u00e5t mig &#8211; nu generaliserar jag &#8211; men jag kan aldrig t\u00e4nka mig att undersk\u00f6terska p\u00e5 korttidsboendet i <strong>B\u00e5stad<\/strong> var invandrare. Av de m\u00e4nniskor jag tr\u00e4ffat p\u00e5 inom \u00e4ldrev\u00e5rden har de mest omt\u00e4nksamma och respektfulla kommit fr\u00e5n andra kulturer. Kulturer som k\u00e4nner respekt f\u00f6r \u00e5ldrandet och v\u00f6rdar gamla. D\u00e4r har vi mycket att l\u00e4ra!<\/p>\n<p>Ha en fin dag fast det \u00e4r m\u00e5ndag! T\u00e4nk lite l\u00e4ngre \u00e4n n\u00e4san r\u00e4cker! Och &#8211; var r\u00e4dda om er och om varandra!<\/p>\n<p>&nbsp;<\/p>\n<p>&nbsp;<\/p>\n<p>&nbsp;<\/p>\n<p>&nbsp;<\/p>\n<p>&nbsp;<\/p>\n<p>&nbsp;<\/p>\n","protected":false},"excerpt":{"rendered":"<p>F\u00f6rst vargen! N\u00e4r ska denna inkompetenta, absurda hantering av de svenska rovdjuren ta slut!? F\u00f6r nu \u00e4r det dags igen &#8211; skyddsjakt p\u00e5 varg! Dagens Arboga Tidning har detta p\u00e5 f\u00f6rstasidan: Det blev allts\u00e5 inte mycket b\u00e4ttre sen vi blev av med Andreas Carlgren och ist\u00e4llet fick Lena Ek som milj\u00f6minister. Men varf\u00f6r skulle det [&hellip;]<\/p>\n","protected":false},"author":1,"featured_media":0,"comment_status":"open","ping_status":"open","sticky":false,"template":"","format":"standard","meta":[],"categories":[107,41,100,122,119,110,101,116,133,124],"tags":[],"_links":{"self":[{"href":"http:\/\/www.filindeblogg.nu\/index.php?rest_route=\/wp\/v2\/posts\/27759"}],"collection":[{"href":"http:\/\/www.filindeblogg.nu\/index.php?rest_route=\/wp\/v2\/posts"}],"about":[{"href":"http:\/\/www.filindeblogg.nu\/index.php?rest_route=\/wp\/v2\/types\/post"}],"author":[{"embeddable":true,"href":"http:\/\/www.filindeblogg.nu\/index.php?rest_route=\/wp\/v2\/users\/1"}],"replies":[{"embeddable":true,"href":"http:\/\/www.filindeblogg.nu\/index.php?rest_route=%2Fwp%2Fv2%2Fcomments&post=27759"}],"version-history":[{"count":10,"href":"http:\/\/www.filindeblogg.nu\/index.php?rest_route=\/wp\/v2\/posts\/27759\/revisions"}],"predecessor-version":[{"id":27787,"href":"http:\/\/www.filindeblogg.nu\/index.php?rest_route=\/wp\/v2\/posts\/27759\/revisions\/27787"}],"wp:attachment":[{"href":"http:\/\/www.filindeblogg.nu\/index.php?rest_route=%2Fwp%2Fv2%2Fmedia&parent=27759"}],"wp:term":[{"taxonomy":"category","embeddable":true,"href":"http:\/\/www.filindeblogg.nu\/index.php?rest_route=%2Fwp%2Fv2%2Fcategories&post=27759"},{"taxonomy":"post_tag","embeddable":true,"href":"http:\/\/www.filindeblogg.nu\/index.php?rest_route=%2Fwp%2Fv2%2Ftags&post=27759"}],"curies":[{"name":"wp","href":"https:\/\/api.w.org\/{rel}","templated":true}]}}