{"id":27724,"date":"2012-01-15T09:49:44","date_gmt":"2012-01-15T08:49:44","guid":{"rendered":"http:\/\/www.filindeblogg.nu\/?p=27724"},"modified":"2012-01-15T09:49:52","modified_gmt":"2012-01-15T08:49:52","slug":"tank-pa-vilodagen-sa-att-du-helgar-den-vackra-bilder-fran-arboga-imorgon-adhd","status":"publish","type":"post","link":"http:\/\/www.filindeblogg.nu\/?p=27724","title":{"rendered":"T\u00e4nk p\u00e5 vilodagen s\u00e5 att du helgar den&#8230; Vackra bilder fr\u00e5n Arboga. Imorgon ADHD!"},"content":{"rendered":"<p><a href=\"http:\/\/www.filindeblogg.nu\/?attachment_id=27725\" rel=\"attachment wp-att-27725\"><img loading=\"lazy\" class=\"alignnone size-medium wp-image-27725\" title=\"IMG_2501 (3)\" src=\"http:\/\/www.filindeblogg.nu\/wp-content\/uploads\/2012\/01\/IMG_2501-3-300x225.jpg\" alt=\"\" width=\"300\" height=\"225\" srcset=\"http:\/\/www.filindeblogg.nu\/wp-content\/uploads\/2012\/01\/IMG_2501-3-300x225.jpg 300w, http:\/\/www.filindeblogg.nu\/wp-content\/uploads\/2012\/01\/IMG_2501-3.jpg 461w\" sizes=\"(max-width: 300px) 100vw, 300px\" \/><\/a>\u00a0 <strong><em>&#8221;T\u00e4nk p\u00e5 vilodagen s\u00e5 att du helgar den&#8221;<\/em><\/strong> &#8211; sa <strong>Martin Luther<\/strong> en g\u00e5ng och det blev tredje budordet. Det passar v\u00e4l bra en s\u00f6ndag som den h\u00e4r. P\u00e5 <strong>Synonymer.se<\/strong> l\u00e4ser jag att ordet helga ocks\u00e5 betyder <strong><em>&#8221;v\u00f6rda&#8221;<\/em><\/strong> och <strong><em>&#8221;respektera<\/em><\/strong>&#8221;. S\u00e5 oavsett om vi \u00e4r troende eller ej kan vi v\u00e4l v\u00f6rda och respektera vilodagen s\u00f6ndag!<\/p>\n<p>Jag hade t\u00e4nkt skriva om helt andra saker men kom av mig efter en morgonpromenad. Det var s\u00e5 vackert ute i lilla <strong>Arboga<\/strong> att jag m\u00e5ste visa er bilder fr\u00e5n promenaden. Imorgon \u00e4gnar jag mig \u00e5t tuffare saker. Idag f\u00e5r vilodagen r\u00e5da.<\/p>\n<p>Det som fick mig att g\u00e5 ut var det h\u00e4r: <a href=\"http:\/\/www.filindeblogg.nu\/?attachment_id=27727\" rel=\"attachment wp-att-27727\"><img loading=\"lazy\" class=\"alignnone  wp-image-27727\" title=\"IMG_2498 (2)\" src=\"http:\/\/www.filindeblogg.nu\/wp-content\/uploads\/2012\/01\/IMG_2498-21-225x300.jpg\" alt=\"\" width=\"158\" height=\"210\" srcset=\"http:\/\/www.filindeblogg.nu\/wp-content\/uploads\/2012\/01\/IMG_2498-21-225x300.jpg 225w, http:\/\/www.filindeblogg.nu\/wp-content\/uploads\/2012\/01\/IMG_2498-21.jpg 346w\" sizes=\"(max-width: 158px) 100vw, 158px\" \/><\/a> <strong>Dagens Nyheter<\/strong> ber\u00e4ttar att det \u00e4r <strong><em>&#8221;Tulpanens dag&#8221;<\/em><\/strong> idag 15 januari. Och som DN skriver &#8211; det kan man v\u00e4l st\u00e4lla sig bakom \u00e4ven om det fr\u00e5n b\u00f6rjan var ett s k kr\u00e4marjippo.<br \/>\nSvenskarna \u00e4lskar tulpaner, s\u00e5 ocks\u00e5 jag, s\u00e5 varf\u00f6r inte hylla denna vackra blomma med en egen dag! Sagt och gjort &#8211; ytterligare en bukett skulle inhandlas &#8211; d\u00e4rav promenaden.<\/p>\n<p><a href=\"http:\/\/www.filindeblogg.nu\/?attachment_id=27728\" rel=\"attachment wp-att-27728\"><img loading=\"lazy\" class=\"alignnone  wp-image-27728\" title=\"IMG_2517 (2)\" src=\"http:\/\/www.filindeblogg.nu\/wp-content\/uploads\/2012\/01\/IMG_2517-2-300x225.jpg\" alt=\"\" width=\"180\" height=\"135\" srcset=\"http:\/\/www.filindeblogg.nu\/wp-content\/uploads\/2012\/01\/IMG_2517-2-300x225.jpg 300w, http:\/\/www.filindeblogg.nu\/wp-content\/uploads\/2012\/01\/IMG_2517-2.jpg 461w\" sizes=\"(max-width: 180px) 100vw, 180px\" \/><\/a>\u00a0 S\u00e5 h\u00e4r vacker ter sig en promenad l\u00e4ngs med<strong> Arboga\u00e5n<\/strong>, intill <strong>Strandv\u00e4gen<\/strong> i <strong>Arboga<\/strong>, en tidig morgon i januari.<br \/>\nDen uppg\u00e5ende solen<br \/>\nspeglar sig i f\u00f6nsterrutorna med adress <strong>J\u00e4rntorget<\/strong>. <a href=\"http:\/\/www.filindeblogg.nu\/?attachment_id=27729\" rel=\"attachment wp-att-27729\"><img loading=\"lazy\" class=\"alignnone  wp-image-27729\" title=\"IMG_2515 (3)\" src=\"http:\/\/www.filindeblogg.nu\/wp-content\/uploads\/2012\/01\/IMG_2515-3-300x225.jpg\" alt=\"\" width=\"180\" height=\"135\" srcset=\"http:\/\/www.filindeblogg.nu\/wp-content\/uploads\/2012\/01\/IMG_2515-3-300x225.jpg 300w, http:\/\/www.filindeblogg.nu\/wp-content\/uploads\/2012\/01\/IMG_2515-3.jpg 461w\" sizes=\"(max-width: 180px) 100vw, 180px\" \/><\/a><\/p>\n<p><a href=\"http:\/\/www.filindeblogg.nu\/?attachment_id=27730\" rel=\"attachment wp-att-27730\"><img loading=\"lazy\" class=\"alignnone  wp-image-27730\" title=\"IMG_2521 (3)\" src=\"http:\/\/www.filindeblogg.nu\/wp-content\/uploads\/2012\/01\/IMG_2521-3-300x225.jpg\" alt=\"\" width=\"180\" height=\"135\" srcset=\"http:\/\/www.filindeblogg.nu\/wp-content\/uploads\/2012\/01\/IMG_2521-3-300x225.jpg 300w, http:\/\/www.filindeblogg.nu\/wp-content\/uploads\/2012\/01\/IMG_2521-3.jpg 461w\" sizes=\"(max-width: 180px) 100vw, 180px\" \/><\/a> Hela rymden f\u00e4rgades rosalila.<br \/>\nDet \u00e4r n\u00e4stan lite synd om <strong>familjen Brorson<\/strong><br \/>\nsom inte sj\u00e4lva kan se sitt hus utifr\u00e5n. <a href=\"http:\/\/www.filindeblogg.nu\/?attachment_id=27731\" rel=\"attachment wp-att-27731\"><img loading=\"lazy\" class=\"alignnone  wp-image-27731\" title=\"IMG_2531 (2)\" src=\"http:\/\/www.filindeblogg.nu\/wp-content\/uploads\/2012\/01\/IMG_2531-2-300x225.jpg\" alt=\"\" width=\"180\" height=\"135\" srcset=\"http:\/\/www.filindeblogg.nu\/wp-content\/uploads\/2012\/01\/IMG_2531-2-300x225.jpg 300w, http:\/\/www.filindeblogg.nu\/wp-content\/uploads\/2012\/01\/IMG_2531-2.jpg 461w\" sizes=\"(max-width: 180px) 100vw, 180px\" \/><\/a> F\u00f6r att g\u00f6ra det m\u00e5ste de ta sig \u00f6ver till andra sidan \u00e5n. Men den familjen har en fantastisk utsikt \u00e4nd\u00e5 eller hur.<\/p>\n<p><a href=\"http:\/\/www.filindeblogg.nu\/?attachment_id=27732\" rel=\"attachment wp-att-27732\"><img loading=\"lazy\" class=\"alignnone  wp-image-27732\" title=\"IMG_2535 (3)\" src=\"http:\/\/www.filindeblogg.nu\/wp-content\/uploads\/2012\/01\/IMG_2535-3-300x225.jpg\" alt=\"\" width=\"180\" height=\"135\" srcset=\"http:\/\/www.filindeblogg.nu\/wp-content\/uploads\/2012\/01\/IMG_2535-3-300x225.jpg 300w, http:\/\/www.filindeblogg.nu\/wp-content\/uploads\/2012\/01\/IMG_2535-3.jpg 461w\" sizes=\"(max-width: 180px) 100vw, 180px\" \/><\/a> Visst \u00e4r det vackert! <a href=\"http:\/\/www.filindeblogg.nu\/?attachment_id=27733\" rel=\"attachment wp-att-27733\"><img loading=\"lazy\" class=\"alignnone  wp-image-27733\" title=\"IMG_2536 (3)\" src=\"http:\/\/www.filindeblogg.nu\/wp-content\/uploads\/2012\/01\/IMG_2536-3-225x300.jpg\" alt=\"\" width=\"158\" height=\"210\" srcset=\"http:\/\/www.filindeblogg.nu\/wp-content\/uploads\/2012\/01\/IMG_2536-3-225x300.jpg 225w, http:\/\/www.filindeblogg.nu\/wp-content\/uploads\/2012\/01\/IMG_2536-3.jpg 346w\" sizes=\"(max-width: 158px) 100vw, 158px\" \/><\/a><\/p>\n<p>Utsikt mot Herrg\u00e5rdsbron och gamla Elverket: <a href=\"http:\/\/www.filindeblogg.nu\/?attachment_id=27734\" rel=\"attachment wp-att-27734\"><img loading=\"lazy\" class=\"alignnone  wp-image-27734\" title=\"IMG_2541 (3)\" src=\"http:\/\/www.filindeblogg.nu\/wp-content\/uploads\/2012\/01\/IMG_2541-3-300x225.jpg\" alt=\"\" width=\"180\" height=\"135\" srcset=\"http:\/\/www.filindeblogg.nu\/wp-content\/uploads\/2012\/01\/IMG_2541-3-300x225.jpg 300w, http:\/\/www.filindeblogg.nu\/wp-content\/uploads\/2012\/01\/IMG_2541-3.jpg 461w\" sizes=\"(max-width: 180px) 100vw, 180px\" \/><\/a><br \/>\nEn lyktstolpe &#8211; en n\u00e4stan lite romantisk bild&#8230; <a href=\"http:\/\/www.filindeblogg.nu\/?attachment_id=27735\" rel=\"attachment wp-att-27735\"><img loading=\"lazy\" class=\"alignnone  wp-image-27735\" title=\"IMG_2542 (2)\" src=\"http:\/\/www.filindeblogg.nu\/wp-content\/uploads\/2012\/01\/IMG_2542-2-225x300.jpg\" alt=\"\" width=\"158\" height=\"210\" srcset=\"http:\/\/www.filindeblogg.nu\/wp-content\/uploads\/2012\/01\/IMG_2542-2-225x300.jpg 225w, http:\/\/www.filindeblogg.nu\/wp-content\/uploads\/2012\/01\/IMG_2542-2.jpg 346w\" sizes=\"(max-width: 158px) 100vw, 158px\" \/><\/a><\/p>\n<p>Strandg\u00e5rden: <a href=\"http:\/\/www.filindeblogg.nu\/?attachment_id=27736\" rel=\"attachment wp-att-27736\"><img loading=\"lazy\" class=\"alignnone  wp-image-27736\" title=\"IMG_2547 (2)\" src=\"http:\/\/www.filindeblogg.nu\/wp-content\/uploads\/2012\/01\/IMG_2547-2-300x225.jpg\" alt=\"\" width=\"180\" height=\"135\" srcset=\"http:\/\/www.filindeblogg.nu\/wp-content\/uploads\/2012\/01\/IMG_2547-2-300x225.jpg 300w, http:\/\/www.filindeblogg.nu\/wp-content\/uploads\/2012\/01\/IMG_2547-2.jpg 461w\" sizes=\"(max-width: 180px) 100vw, 180px\" \/><\/a> Snart \u00e4r solen uppe. <a href=\"http:\/\/www.filindeblogg.nu\/?attachment_id=27737\" rel=\"attachment wp-att-27737\"><img loading=\"lazy\" class=\"alignnone  wp-image-27737\" title=\"IMG_2550 (3)\" src=\"http:\/\/www.filindeblogg.nu\/wp-content\/uploads\/2012\/01\/IMG_2550-3-300x225.jpg\" alt=\"\" width=\"180\" height=\"135\" srcset=\"http:\/\/www.filindeblogg.nu\/wp-content\/uploads\/2012\/01\/IMG_2550-3-300x225.jpg 300w, http:\/\/www.filindeblogg.nu\/wp-content\/uploads\/2012\/01\/IMG_2550-3.jpg 461w\" sizes=\"(max-width: 180px) 100vw, 180px\" \/><\/a><\/p>\n<p>S\u00e5 vackert vi bor! S\u00e5 fina vyer &#8211; och det \u00e4r alldeles gratis att se det sk\u00f6na och l\u00e5ta sin sj\u00e4l vila i det. Har man sen tillg\u00e5ng till lite musik i \u00f6ronen s\u00e5 blir upplevelsen total.<\/p>\n<p>Klicka <a href=\"http:\/\/www.youtube.com\/watch?v=-LXl4y6D-QI\" target=\"_blank\"><strong>H\u00c4R<\/strong> <\/a>f\u00f6r att lyssna p\u00e5 <em><strong>&#8221;Clair de lune&#8221;<\/strong><\/em> av<strong> Claude Debussy<\/strong>. <em>&#8221;Clair de lune&#8221;<\/em> betyder visserligen m\u00e5nsken p\u00e5 franska men den musiken f\u00e5r i alla fall mig att slappna av och njuta vid alla tillf\u00e4llen, m\u00e5nsken som soluppg\u00e5ng.<\/p>\n<p>Imorgon \u00e4r en annan dag och d\u00e5 skriver om jag om det jag t\u00e4nkte idag. <a href=\"http:\/\/www.filindeblogg.nu\/?attachment_id=27738\" rel=\"attachment wp-att-27738\"><img loading=\"lazy\" class=\"alignnone  wp-image-27738\" title=\"ADHD\" src=\"http:\/\/www.filindeblogg.nu\/wp-content\/uploads\/2012\/01\/ADHD-300x225.jpg\" alt=\"\" width=\"180\" height=\"135\" srcset=\"http:\/\/www.filindeblogg.nu\/wp-content\/uploads\/2012\/01\/ADHD-300x225.jpg 300w, http:\/\/www.filindeblogg.nu\/wp-content\/uploads\/2012\/01\/ADHD.jpg 400w\" sizes=\"(max-width: 180px) 100vw, 180px\" \/><\/a> Om egenskaper och mediciner. <a href=\"http:\/\/www.filindeblogg.nu\/?attachment_id=27739\" rel=\"attachment wp-att-27739\"><img loading=\"lazy\" class=\"alignnone  wp-image-27739\" title=\"ADHD och medicin\" src=\"http:\/\/www.filindeblogg.nu\/wp-content\/uploads\/2012\/01\/ADHD-och-medicin.jpg\" alt=\"\" width=\"120\" height=\"120\" srcset=\"http:\/\/www.filindeblogg.nu\/wp-content\/uploads\/2012\/01\/ADHD-och-medicin.jpg 200w, http:\/\/www.filindeblogg.nu\/wp-content\/uploads\/2012\/01\/ADHD-och-medicin-150x150.jpg 150w\" sizes=\"(max-width: 120px) 100vw, 120px\" \/><\/a>.<\/p>\n<p>Men tills dess njuter jag min s\u00f6ndag och helgar den. V\u00f6rdar och respekterar den f\u00f6r min egen skull. F\u00f6r att orka genom att vila i stunden.<\/p>\n<p><a href=\"http:\/\/www.filindeblogg.nu\/?attachment_id=27740\" rel=\"attachment wp-att-27740\"><img loading=\"lazy\" class=\"aligncenter size-medium wp-image-27740\" title=\"IMG_2502 (2)\" src=\"http:\/\/www.filindeblogg.nu\/wp-content\/uploads\/2012\/01\/IMG_2502-2-300x225.jpg\" alt=\"\" width=\"300\" height=\"225\" srcset=\"http:\/\/www.filindeblogg.nu\/wp-content\/uploads\/2012\/01\/IMG_2502-2-300x225.jpg 300w, http:\/\/www.filindeblogg.nu\/wp-content\/uploads\/2012\/01\/IMG_2502-2.jpg 461w\" sizes=\"(max-width: 300px) 100vw, 300px\" \/><\/a><\/p>\n<p>&nbsp;<\/p>\n","protected":false},"excerpt":{"rendered":"<p>\u00a0 &#8221;T\u00e4nk p\u00e5 vilodagen s\u00e5 att du helgar den&#8221; &#8211; sa Martin Luther en g\u00e5ng och det blev tredje budordet. Det passar v\u00e4l bra en s\u00f6ndag som den h\u00e4r. P\u00e5 Synonymer.se l\u00e4ser jag att ordet helga ocks\u00e5 betyder &#8221;v\u00f6rda&#8221; och &#8221;respektera&#8221;. S\u00e5 oavsett om vi \u00e4r troende eller ej kan vi v\u00e4l v\u00f6rda och respektera [&hellip;]<\/p>\n","protected":false},"author":1,"featured_media":0,"comment_status":"open","ping_status":"open","sticky":false,"template":"","format":"standard","meta":[],"categories":[127,107,100,101,133],"tags":[],"_links":{"self":[{"href":"http:\/\/www.filindeblogg.nu\/index.php?rest_route=\/wp\/v2\/posts\/27724"}],"collection":[{"href":"http:\/\/www.filindeblogg.nu\/index.php?rest_route=\/wp\/v2\/posts"}],"about":[{"href":"http:\/\/www.filindeblogg.nu\/index.php?rest_route=\/wp\/v2\/types\/post"}],"author":[{"embeddable":true,"href":"http:\/\/www.filindeblogg.nu\/index.php?rest_route=\/wp\/v2\/users\/1"}],"replies":[{"embeddable":true,"href":"http:\/\/www.filindeblogg.nu\/index.php?rest_route=%2Fwp%2Fv2%2Fcomments&post=27724"}],"version-history":[{"count":16,"href":"http:\/\/www.filindeblogg.nu\/index.php?rest_route=\/wp\/v2\/posts\/27724\/revisions"}],"predecessor-version":[{"id":27756,"href":"http:\/\/www.filindeblogg.nu\/index.php?rest_route=\/wp\/v2\/posts\/27724\/revisions\/27756"}],"wp:attachment":[{"href":"http:\/\/www.filindeblogg.nu\/index.php?rest_route=%2Fwp%2Fv2%2Fmedia&parent=27724"}],"wp:term":[{"taxonomy":"category","embeddable":true,"href":"http:\/\/www.filindeblogg.nu\/index.php?rest_route=%2Fwp%2Fv2%2Fcategories&post=27724"},{"taxonomy":"post_tag","embeddable":true,"href":"http:\/\/www.filindeblogg.nu\/index.php?rest_route=%2Fwp%2Fv2%2Ftags&post=27724"}],"curies":[{"name":"wp","href":"https:\/\/api.w.org\/{rel}","templated":true}]}}