{"id":27464,"date":"2012-01-08T09:13:12","date_gmt":"2012-01-08T08:13:12","guid":{"rendered":"http:\/\/www.filindeblogg.nu\/?p=27464"},"modified":"2012-01-08T09:16:48","modified_gmt":"2012-01-08T08:16:48","slug":"gravgravare-juholt","status":"publish","type":"post","link":"http:\/\/www.filindeblogg.nu\/?p=27464","title":{"rendered":"Gravgr\u00e4vare Juholt!"},"content":{"rendered":"<p><a href=\"http:\/\/www.filindeblogg.nu\/?attachment_id=27465\" rel=\"attachment wp-att-27465\"><img loading=\"lazy\" class=\"alignnone  wp-image-27465\" title=\"Pr\u00e4st\" src=\"http:\/\/www.filindeblogg.nu\/wp-content\/uploads\/2012\/01\/Pr\u00e4st.jpg\" alt=\"\" width=\"110\" height=\"166\" \/><\/a>\u00a0S\u00e5 h\u00e4r p\u00e5 s\u00f6ndagen kan man ju komma att t\u00e4nka p\u00e5 kyrkan. Via kyrkan vandrar tankarna vidare till kyrkog\u00e5rdar och d\u00e4rifr\u00e5n till gravar &#8211; att gr\u00e4va grav. Gr\u00e4ver sin egen grav g\u00f6r <strong>Socialdemokraterna<\/strong> och har gjort s\u00e5 l\u00e4nge. <a href=\"http:\/\/www.filindeblogg.nu\/?attachment_id=27467\" rel=\"attachment wp-att-27467\"><img loading=\"lazy\" class=\"alignnone  wp-image-27467\" title=\"Grav\" src=\"http:\/\/www.filindeblogg.nu\/wp-content\/uploads\/2012\/01\/Grav-206x300.jpg\" alt=\"\" width=\"87\" height=\"126\" srcset=\"http:\/\/www.filindeblogg.nu\/wp-content\/uploads\/2012\/01\/Grav-206x300.jpg 206w, http:\/\/www.filindeblogg.nu\/wp-content\/uploads\/2012\/01\/Grav.jpg 269w\" sizes=\"(max-width: 87px) 100vw, 87px\" \/><\/a><\/p>\n<p>Genom att inte ta in omv\u00e4rlden, vara maktfullkomliga och tro att gamla segrar st\u00e5r sig &#8211; g\u00e5r sossarna mot stupet och det med fart. I dagens <strong>DN<\/strong> ser jag denna rubrik: <a href=\"http:\/\/www.filindeblogg.nu\/?attachment_id=27466\" rel=\"attachment wp-att-27466\"><img loading=\"lazy\" class=\"alignnone  wp-image-27466\" title=\"IMG_2387 (2)\" src=\"http:\/\/www.filindeblogg.nu\/wp-content\/uploads\/2012\/01\/IMG_2387-2-300x225.jpg\" alt=\"\" width=\"180\" height=\"135\" srcset=\"http:\/\/www.filindeblogg.nu\/wp-content\/uploads\/2012\/01\/IMG_2387-2-300x225.jpg 300w, http:\/\/www.filindeblogg.nu\/wp-content\/uploads\/2012\/01\/IMG_2387-2.jpg 461w\" sizes=\"(max-width: 180px) 100vw, 180px\" \/><\/a> <em>&#8221;Unders\u00f6kning visar att vi r\u00f6star som v\u00e5ra f\u00f6r\u00e4ldrar.&#8221;<\/em><br \/>\nBilden visar <strong>Thomas Bodstr\u00f6m<\/strong> och hans far <strong>Lennart<\/strong> vilket \u00e4r signifikativt alldeles speciellt f\u00f6r Socialdemokraterna. <strong><em>&#8221;En g\u00e5ng sosse alltid sosse&#8221;<\/em><\/strong> och en partipiska som viner \u00f6ver de r\u00f6da ryggarna! Livsfarligt och hur fel som helst &#8211; om man \u00e4r det minsta realist med intresse och f\u00f6rst\u00e5else f\u00f6r utveckling och framtid. F\u00f6r sina medlemmars v\u00e4l och ve &#8211; och f\u00f6r demokratin i det svenska samh\u00e4llet<a href=\"http:\/\/www.aftonbladet.se\/ledare\/ledarkronika\/ingvarpersson\/article14179612.ab\" target=\"_blank\">.<\/a><\/p>\n<p><a href=\"http:\/\/www.filindeblogg.nu\/?attachment_id=27468\" rel=\"attachment wp-att-27468\"><img loading=\"lazy\" class=\"alignnone  wp-image-27468\" title=\"Gr\u00e4va en grav\" src=\"http:\/\/www.filindeblogg.nu\/wp-content\/uploads\/2012\/01\/Gr\u00e4va-en-grav.jpg\" alt=\"\" width=\"130\" height=\"139\" \/><\/a> D\u00f6dgr\u00e4vare nummer 1 \u00e4r <strong>H\u00e5kan Juholt!<\/strong> <a href=\"http:\/\/www.filindeblogg.nu\/?attachment_id=27469\" rel=\"attachment wp-att-27469\"><img loading=\"lazy\" class=\"alignnone  wp-image-27469\" title=\"Juholt\" src=\"http:\/\/www.filindeblogg.nu\/wp-content\/uploads\/2012\/01\/Juholt1.jpg\" alt=\"\" width=\"101\" height=\"57\" \/><\/a><br \/>\nHan har f\u00e5tt uppdraget och skottar jord f\u00f6r allt vad han \u00e4r v\u00e4rd! Ibland kvicknar n\u00e5gon sossedrogad medlem till och h\u00e4ver upp sin st\u00e4mma, protesterar lite vagt men tystas snabbt ner av de r\u00f6das g\u00e4ng. H\u00e4r g\u00e4ller det att h\u00e5lla ihop<a href=\"http:\/\/www.expressen.se\/nyheter\/1.2672623\/sjostedt-om-sitt-forsta-dygn-som-partiledare\" target=\"_blank\">.<\/a> &#8221;<strong><em>Alla ska med!&#8221;<\/em><\/strong> R\u00e4tt ner i svarta h\u00e5let och fort ska det g\u00e5!<\/p>\n<p>Men hur ska det bli? Hur l\u00e4nge ska folk g\u00e5 p\u00e5 det h\u00e4r tricket??\u00a0 <a href=\"http:\/\/www.filindeblogg.nu\/?attachment_id=27471\" rel=\"attachment wp-att-27471\"><img loading=\"lazy\" class=\"alignnone  wp-image-27471\" title=\"Sahlin struts\" src=\"http:\/\/www.filindeblogg.nu\/wp-content\/uploads\/2012\/01\/Sahlin-struts-300x239.jpg\" alt=\"\" width=\"162\" height=\"129\" srcset=\"http:\/\/www.filindeblogg.nu\/wp-content\/uploads\/2012\/01\/Sahlin-struts-300x239.jpg 300w, http:\/\/www.filindeblogg.nu\/wp-content\/uploads\/2012\/01\/Sahlin-struts.jpg 591w\" sizes=\"(max-width: 162px) 100vw, 162px\" \/><\/a><br \/>\nEller det h\u00e4r? <a href=\"http:\/\/www.filindeblogg.nu\/?attachment_id=27470\" rel=\"attachment wp-att-27470\"><img loading=\"lazy\" class=\"alignnone  wp-image-27470\" title=\"Moderaterna Arbetarparti\" src=\"http:\/\/www.filindeblogg.nu\/wp-content\/uploads\/2012\/01\/Moderaterna-Arbetarparti.jpg\" alt=\"\" width=\"162\" height=\"112\" \/><\/a>\u00a0 Moderaterna &#8211; arbetarparti!? Kyss mig!!<\/p>\n<p>Sossarna \u00e4r s\u00e5 sj\u00e4lvgoda och s\u00e5 sj\u00e4lvcentrerade att det g\u00e5r k\u00e4ppr\u00e4tt \u00e5t helvete &#8211; sagt s\u00e5 h\u00e4r p\u00e5 s\u00f6ndagen! Dessutom kr\u00e4ver de detsamma av alla sina medlemmar. <a href=\"http:\/\/www.filindeblogg.nu\/?attachment_id=27472\" rel=\"attachment wp-att-27472\"><img loading=\"lazy\" class=\"alignnone  wp-image-27472\" title=\"Inte se Inte h\u00f6ra Inte tala\" src=\"http:\/\/www.filindeblogg.nu\/wp-content\/uploads\/2012\/01\/Inte-se-Inte-h\u00f6ra-Inte-tala.jpg\" alt=\"\" width=\"121\" height=\"151\" \/><\/a> Skr\u00e4mmande och f\u00f6rnedrande f\u00f6r ett parti som s\u00e4ger sig st\u00e5 p\u00e5 de svagas sida!<\/p>\n<p>Men s\u00e5 har vi d\u00e5 en fr\u00e4lsare s\u00e5 h\u00e4r p\u00e5 s\u00f6ndagen! <a href=\"http:\/\/www.filindeblogg.nu\/?attachment_id=27473\" rel=\"attachment wp-att-27473\"><img loading=\"lazy\" class=\"alignnone size-full wp-image-27473\" title=\"Fr\u00e4lsare Sj\u00f6stedt\" src=\"http:\/\/www.filindeblogg.nu\/wp-content\/uploads\/2012\/01\/Fr\u00e4lsare-Sj\u00f6stedt.jpg\" alt=\"\" width=\"276\" height=\"183\" \/><\/a> <strong>Jonas Sj\u00f6stedt<\/strong>, nyvald partiledare f\u00f6r <strong>V\u00e4nsterpartiet<\/strong>!<br \/>\nHan kommer att sopa mattan med sossarna &#8211; sanna mina ord! Finns det inget Socialdemokratiskt parti v\u00e4rt namnet att r\u00f6sta p\u00e5 l\u00e4ngre &#8211; d\u00e5 g\u00e5r man till V\u00e4nstern<a href=\"http:\/\/www.svd.se\/nyheter\/inrikes\/sjostedt-utmanar-reinfeldt-pa-en-klimatdebatt_6754727.svd\" target=\"_blank\">.<\/a> Ni ska f\u00e5 se att jag f\u00e5r r\u00e4tt!<\/p>\n<p>Socialdemokraterna kommer att tappa stort mot V\u00e4nsterpartiet men \u00e4ven mot\u00a0 <a href=\"http:\/\/www.filindeblogg.nu\/?attachment_id=27474\" rel=\"attachment wp-att-27474\"><img loading=\"lazy\" class=\"alignnone  wp-image-27474\" title=\"Mp\" src=\"http:\/\/www.filindeblogg.nu\/wp-content\/uploads\/2012\/01\/Mp.jpg\" alt=\"\" width=\"135\" height=\"135\" srcset=\"http:\/\/www.filindeblogg.nu\/wp-content\/uploads\/2012\/01\/Mp.jpg 225w, http:\/\/www.filindeblogg.nu\/wp-content\/uploads\/2012\/01\/Mp-150x150.jpg 150w\" sizes=\"(max-width: 135px) 100vw, 135px\" \/><\/a><\/p>\n<p><strong><a href=\"http:\/\/www.filindeblogg.nu\/?attachment_id=27475\" rel=\"attachment wp-att-27475\"><img loading=\"lazy\" class=\"alignnone  wp-image-27475\" title=\"Spr\u00e5kr\u00f6ren\" src=\"http:\/\/www.filindeblogg.nu\/wp-content\/uploads\/2012\/01\/Spr\u00e5kr\u00f6ren-300x168.jpg\" alt=\"\" width=\"180\" height=\"101\" srcset=\"http:\/\/www.filindeblogg.nu\/wp-content\/uploads\/2012\/01\/Spr\u00e5kr\u00f6ren-300x168.jpg 300w, http:\/\/www.filindeblogg.nu\/wp-content\/uploads\/2012\/01\/Spr\u00e5kr\u00f6ren.jpg 704w\" sizes=\"(max-width: 180px) 100vw, 180px\" \/><\/a>\u00a0 \u00c5sa Romson<\/strong> och<strong> Gustav Fridolin<\/strong> k\u00e4nns unga och fr\u00e4sch och tillsammans med den nyaste partiledare f\u00f6r V kommer de att sno v\u00e4ljarna fr\u00e5n Socialdemokraterna n\u00e4sta val. Men det viktigaste av allt &#8211; Mp och V kommer att borga f\u00f6r en motvikt till h\u00f6geralliansen! Se till att f\u00e5 balans i den svenska politiken!<\/p>\n<p>Jag avslutar dagens predikotext, f\u00f6rl\u00e5t blogg, med en bildtext fr\u00e5n <a href=\"http:\/\/www.dn.se\/ledare\/huvudledare\/pengar-ar-inte-allt-1\" target=\"_blank\">DN:s ledarsida<\/a> som \u00e4r ord jag pr\u00e4ntat in i mina barn sedan de var sm\u00e5: <a href=\"http:\/\/www.filindeblogg.nu\/?attachment_id=27476\" rel=\"attachment wp-att-27476\"><img loading=\"lazy\" class=\"alignnone  wp-image-27476\" title=\"IMG_2386 (2)\" src=\"http:\/\/www.filindeblogg.nu\/wp-content\/uploads\/2012\/01\/IMG_2386-2-300x225.jpg\" alt=\"\" width=\"180\" height=\"135\" srcset=\"http:\/\/www.filindeblogg.nu\/wp-content\/uploads\/2012\/01\/IMG_2386-2-300x225.jpg 300w, http:\/\/www.filindeblogg.nu\/wp-content\/uploads\/2012\/01\/IMG_2386-2.jpg 461w\" sizes=\"(max-width: 180px) 100vw, 180px\" \/><\/a> PENGAR \u00c4R INTE ALLT!! Artikeln i DN handlar om \u00e5ldringsv\u00e5rden men kunde lika g\u00e4rna g\u00e4lla dagis, skolan, sjukv\u00e5rden, socialomsorgen &#8211;\u00a0 you name it &#8211; men framf\u00f6r allt v\u00e5rt eget f\u00f6rh\u00e5llningss\u00e4tt! Vad som \u00e4r v\u00e4rt n\u00e5gonting i livet!<\/p>\n<p style=\"text-align: center;\"><strong>N\u00e4rhet och omsorg v\u00e4rmer och g\u00f6r gott! Pengar \u00e4r iskalla!<\/strong><\/p>\n<p><a href=\"http:\/\/www.filindeblogg.nu\/?attachment_id=27477\" rel=\"attachment wp-att-27477\"><img loading=\"lazy\" class=\"aligncenter size-full wp-image-27477\" title=\"Hand i hand\" src=\"http:\/\/www.filindeblogg.nu\/wp-content\/uploads\/2012\/01\/Hand-i-hand.jpg\" alt=\"\" width=\"213\" height=\"160\" \/><\/a><\/p>\n<p>&nbsp;<\/p>\n<p>&nbsp;<\/p>\n<p>&nbsp;<\/p>\n<p>&nbsp;<\/p>\n","protected":false},"excerpt":{"rendered":"<p>\u00a0S\u00e5 h\u00e4r p\u00e5 s\u00f6ndagen kan man ju komma att t\u00e4nka p\u00e5 kyrkan. Via kyrkan vandrar tankarna vidare till kyrkog\u00e5rdar och d\u00e4rifr\u00e5n till gravar &#8211; att gr\u00e4va grav. Gr\u00e4ver sin egen grav g\u00f6r Socialdemokraterna och har gjort s\u00e5 l\u00e4nge. Genom att inte ta in omv\u00e4rlden, vara maktfullkomliga och tro att gamla segrar st\u00e5r sig &#8211; g\u00e5r [&hellip;]<\/p>\n","protected":false},"author":1,"featured_media":0,"comment_status":"open","ping_status":"open","sticky":false,"template":"","format":"standard","meta":[],"categories":[125,100,119,101],"tags":[],"_links":{"self":[{"href":"http:\/\/www.filindeblogg.nu\/index.php?rest_route=\/wp\/v2\/posts\/27464"}],"collection":[{"href":"http:\/\/www.filindeblogg.nu\/index.php?rest_route=\/wp\/v2\/posts"}],"about":[{"href":"http:\/\/www.filindeblogg.nu\/index.php?rest_route=\/wp\/v2\/types\/post"}],"author":[{"embeddable":true,"href":"http:\/\/www.filindeblogg.nu\/index.php?rest_route=\/wp\/v2\/users\/1"}],"replies":[{"embeddable":true,"href":"http:\/\/www.filindeblogg.nu\/index.php?rest_route=%2Fwp%2Fv2%2Fcomments&post=27464"}],"version-history":[{"count":36,"href":"http:\/\/www.filindeblogg.nu\/index.php?rest_route=\/wp\/v2\/posts\/27464\/revisions"}],"predecessor-version":[{"id":27514,"href":"http:\/\/www.filindeblogg.nu\/index.php?rest_route=\/wp\/v2\/posts\/27464\/revisions\/27514"}],"wp:attachment":[{"href":"http:\/\/www.filindeblogg.nu\/index.php?rest_route=%2Fwp%2Fv2%2Fmedia&parent=27464"}],"wp:term":[{"taxonomy":"category","embeddable":true,"href":"http:\/\/www.filindeblogg.nu\/index.php?rest_route=%2Fwp%2Fv2%2Fcategories&post=27464"},{"taxonomy":"post_tag","embeddable":true,"href":"http:\/\/www.filindeblogg.nu\/index.php?rest_route=%2Fwp%2Fv2%2Ftags&post=27464"}],"curies":[{"name":"wp","href":"https:\/\/api.w.org\/{rel}","templated":true}]}}