{"id":27407,"date":"2012-01-06T10:41:23","date_gmt":"2012-01-06T09:41:23","guid":{"rendered":"http:\/\/www.filindeblogg.nu\/?p=27407"},"modified":"2012-01-06T10:41:24","modified_gmt":"2012-01-06T09:41:24","slug":"garna-hjarna","status":"publish","type":"post","link":"http:\/\/www.filindeblogg.nu\/?p=27407","title":{"rendered":"G\u00e4rna Hj\u00e4rna"},"content":{"rendered":"<p><a href=\"http:\/\/www.filindeblogg.nu\/?attachment_id=27408\" rel=\"attachment wp-att-27408\"><img loading=\"lazy\" class=\"alignnone  wp-image-27408\" title=\"Hj\u00e4rna\" src=\"http:\/\/www.filindeblogg.nu\/wp-content\/uploads\/2012\/01\/Hj\u00e4rna-300x204.gif\" alt=\"\" width=\"180\" height=\"122\" srcset=\"http:\/\/www.filindeblogg.nu\/wp-content\/uploads\/2012\/01\/Hj\u00e4rna-300x204.gif 300w, http:\/\/www.filindeblogg.nu\/wp-content\/uploads\/2012\/01\/Hj\u00e4rna.gif 550w\" sizes=\"(max-width: 180px) 100vw, 180px\" \/><\/a> Imorse n\u00e4r jag l\u00e5g och drog mig i s\u00e4ngv\u00e4rmen bes\u00f6kte jag b\u00e5de <strong>Rhodos<\/strong> och<strong> Regna<\/strong>. Ja, t\u00e4nk (!) att det faktiskt \u00e4r m\u00f6jligt att i tankarna f\u00f6rflytta sig vart som helst. Vilken underbar f\u00f6rm\u00e5ga!<\/p>\n<p>S\u00e5 f\u00f6runderlig hj\u00e4rnan \u00e4r och s\u00e5 fantastisk. Vi m\u00e4nniskor kan t\u00e4nka, planera men ocks\u00e5 minnas. <a href=\"http:\/\/www.filindeblogg.nu\/?attachment_id=27409\" rel=\"attachment wp-att-27409\"><img loading=\"lazy\" class=\"alignnone  wp-image-27409\" title=\"Rhodos Grekland bild fr\u00e5n annan blogg\" src=\"http:\/\/www.filindeblogg.nu\/wp-content\/uploads\/2012\/01\/Rhodos-Grekland-bild-fr\u00e5n-annan-blogg-300x200.jpg\" alt=\"\" width=\"180\" height=\"120\" srcset=\"http:\/\/www.filindeblogg.nu\/wp-content\/uploads\/2012\/01\/Rhodos-Grekland-bild-fr\u00e5n-annan-blogg-300x200.jpg 300w, http:\/\/www.filindeblogg.nu\/wp-content\/uploads\/2012\/01\/Rhodos-Grekland-bild-fr\u00e5n-annan-blogg.jpg 600w\" sizes=\"(max-width: 180px) 100vw, 180px\" \/><\/a> Ena stunden kan vi ligga p\u00e5 stranden p\u00e5 Rhodos och h\u00f6ra v\u00e5gorna rulla in, njuta av solskenet och k\u00e4nna v\u00e4rmen mot den solbr\u00e4nda huden.<\/p>\n<p>F\u00f6r att i n\u00e4sta sekund sitta p\u00e5 en brygga i \u00d6sterg\u00f6tland och meta! <img loading=\"lazy\" class=\"alignnone  wp-image-27410\" title=\"Bryggan Bj\u00f6rkl\u00e5ngen\" src=\"http:\/\/www.filindeblogg.nu\/wp-content\/uploads\/2012\/01\/Bryggan-Bj\u00f6rkl\u00e5ngen.jpg\" alt=\"\" width=\"180\" height=\"135\" \/><\/p>\n<p>Jag t\u00e4nkte d\u00e4r i s\u00e4ngen imorse &#8211; hur konstigt det vore om vi inte hade en s\u00e5 s\u00e4llsam hj\u00e4rna. Om vi inte hade tankar, inte kunde minnas eller planera &#8211; utan allting var h\u00e4r och nu<a href=\"http:\/\/www.dn.se\/nyheter\/vetenskap\/det-gar-utfor-redan-i-45-arsaldern\" target=\"_blank\">.<\/a> Ingen bakgrund, ingen framtid &#8211; bara just nu<a href=\"http:\/\/ww.svd.se\/opinion\/brannpunkt\/modigt-av-miljonamnd-att-stodja-eloverkansliga_6753255.svd\" target=\"_blank\">.<\/a> S\u00e5 m\u00e4rkligt och s\u00e5 fattigt.<\/p>\n<p>Jag funderade \u00f6ver hur djurs hj\u00e4rnor fungerar? Om de lever p\u00e5 associationer &#8211; en figur betyder mat, en annan fara, en plats betyder v\u00e4rme medan ett annat st\u00e4lle \u00e4r jakt?\u00a0 Eller om djur faktiskt kan t\u00e4nka &#8211; mer eller mindre avancerat och beroende p\u00e5 sort av djur?<\/p>\n<p>N\u00e4r min egen hj\u00e4rna l\u00e4t mig fara iv\u00e4g i minnen och fantasier t\u00e4nkte jag ocks\u00e5 p\u00e5 mina f\u00f6r\u00e4ldrar. Mamma, en liten flicka en g\u00e5ng &#8211; h\u00e4r med sin storasyster: <a href=\"http:\/\/www.filindeblogg.nu\/?attachment_id=27411\" rel=\"attachment wp-att-27411\"><img loading=\"lazy\" class=\"alignnone  wp-image-27411\" title=\"IMG_1637 (2)\" src=\"http:\/\/www.filindeblogg.nu\/wp-content\/uploads\/2012\/01\/IMG_1637-2-225x300.jpg\" alt=\"\" width=\"135\" height=\"180\" srcset=\"http:\/\/www.filindeblogg.nu\/wp-content\/uploads\/2012\/01\/IMG_1637-2-225x300.jpg 225w, http:\/\/www.filindeblogg.nu\/wp-content\/uploads\/2012\/01\/IMG_1637-2.jpg 346w\" sizes=\"(max-width: 135px) 100vw, 135px\" \/><\/a> D\u00f6ttrar till det h\u00e4r paret som tr\u00e4ffades unga p\u00e5 landet en g\u00e5ng i norra \u00d6sterg\u00f6tland, kanske runt 1920. <a href=\"http:\/\/www.filindeblogg.nu\/?attachment_id=27412\" rel=\"attachment wp-att-27412\"><img loading=\"lazy\" class=\"alignnone  wp-image-27412\" title=\"IMG_2150\" src=\"http:\/\/www.filindeblogg.nu\/wp-content\/uploads\/2012\/01\/IMG_2150-225x300.jpg\" alt=\"\" width=\"135\" height=\"180\" srcset=\"http:\/\/www.filindeblogg.nu\/wp-content\/uploads\/2012\/01\/IMG_2150-225x300.jpg 225w, http:\/\/www.filindeblogg.nu\/wp-content\/uploads\/2012\/01\/IMG_2150.jpg 346w\" sizes=\"(max-width: 135px) 100vw, 135px\" \/><\/a><\/p>\n<p>Mamma som ung flicka &#8211; vad t\u00e4nkte hon om livet? Vad hade hon f\u00f6r \u00f6nskningar? <a href=\"http:\/\/www.filindeblogg.nu\/?attachment_id=27413\" rel=\"attachment wp-att-27413\"><img loading=\"lazy\" class=\"alignnone  wp-image-27413\" title=\"IMG_2177\" src=\"http:\/\/www.filindeblogg.nu\/wp-content\/uploads\/2012\/01\/IMG_2177-225x300.jpg\" alt=\"\" width=\"135\" height=\"180\" srcset=\"http:\/\/www.filindeblogg.nu\/wp-content\/uploads\/2012\/01\/IMG_2177-225x300.jpg 225w, http:\/\/www.filindeblogg.nu\/wp-content\/uploads\/2012\/01\/IMG_2177.jpg 346w\" sizes=\"(max-width: 135px) 100vw, 135px\" \/><\/a><\/p>\n<p>Och pappa &#8211; en stilig ung man &#8211; som blev mammas k\u00e4rlek: <a href=\"http:\/\/www.filindeblogg.nu\/?attachment_id=27414\" rel=\"attachment wp-att-27414\"><img loading=\"lazy\" class=\"alignnone  wp-image-27414\" title=\"IMG_2176\" src=\"http:\/\/www.filindeblogg.nu\/wp-content\/uploads\/2012\/01\/IMG_2176-300x272.jpg\" alt=\"\" width=\"180\" height=\"163\" srcset=\"http:\/\/www.filindeblogg.nu\/wp-content\/uploads\/2012\/01\/IMG_2176-300x272.jpg 300w, http:\/\/www.filindeblogg.nu\/wp-content\/uploads\/2012\/01\/IMG_2176.jpg 360w\" sizes=\"(max-width: 180px) 100vw, 180px\" \/><\/a> Hur t\u00e4nkte han den d\u00e4r g\u00e5ngen p\u00e5 40-talet, efter v\u00e4rnplikten, om livet och framtiden?<\/p>\n<p>Idag har de varit ett par i n\u00e4stan 65 \u00e5r! S\u00e5 fantastiskt &#8211; att b\u00e5de f\u00e5 bli s\u00e5 gammal men ocks\u00e5 ha sina sinnen i beh\u00e5ll &#8211; kunna t\u00e4nka och minnas. Och att f\u00e5 ha kvar sin livskamrat i livet. <a href=\"http:\/\/www.filindeblogg.nu\/?attachment_id=27416\" rel=\"attachment wp-att-27416\"><img loading=\"lazy\" class=\"alignnone  wp-image-27416\" title=\"IMG_2358 (3)\" src=\"http:\/\/www.filindeblogg.nu\/wp-content\/uploads\/2012\/01\/IMG_2358-3-300x225.jpg\" alt=\"\" width=\"180\" height=\"135\" srcset=\"http:\/\/www.filindeblogg.nu\/wp-content\/uploads\/2012\/01\/IMG_2358-3-300x225.jpg 300w, http:\/\/www.filindeblogg.nu\/wp-content\/uploads\/2012\/01\/IMG_2358-3.jpg 461w\" sizes=\"(max-width: 180px) 100vw, 180px\" \/><\/a><br \/>\nH\u00e4r sitter de, mina \u00e4lskade f\u00f6r\u00e4ldrar. Bilden \u00e4r tagen ig\u00e5r, trettondagsafton, d\u00e5 vi tr\u00e4ffades i familjen och hade det s\u00e5 roligt och trevligt.<br \/>\nJag \u00e4r s\u00e5 glad och tacksam att jag har mamma och pappa kvar, att de kan sitta i soffan hemma hos mig och vi kan prata och skratta som alltid.<br \/>\nDet kommer en tid, som jag inte vill t\u00e4nka p\u00e5, d\u00e5 minnen \u00e4r det som finns kvar. D\u00e5 f\u00e5r jag vara tacksam \u00f6ver en hj\u00e4rna med bilder och ber\u00e4ttelser att tillg\u00e5.<\/p>\n<p>Avslutar med en bild p\u00e5 mamma och hennes lillasyster i \u00d6stg\u00f6tadr\u00e4kten, som ocks\u00e5 kallas Skedvidr\u00e4kten,\u00a0 <a href=\"http:\/\/www.filindeblogg.nu\/?attachment_id=27417\" rel=\"attachment wp-att-27417\"><img loading=\"lazy\" class=\"alignnone  wp-image-27417\" title=\"IMG_1645\" src=\"http:\/\/www.filindeblogg.nu\/wp-content\/uploads\/2012\/01\/IMG_1645-225x300.jpg\" alt=\"\" width=\"135\" height=\"180\" srcset=\"http:\/\/www.filindeblogg.nu\/wp-content\/uploads\/2012\/01\/IMG_1645-225x300.jpg 225w, http:\/\/www.filindeblogg.nu\/wp-content\/uploads\/2012\/01\/IMG_1645.jpg 346w\" sizes=\"(max-width: 135px) 100vw, 135px\" \/><\/a> &#8211;\u00a0 och en bild p\u00e5 ett av alla djur som f\u00f6rmodligen kan t\u00e4nka mycket mer och f\u00f6rst\u00e5 mycket b\u00e4ttre \u00e4n vad vi m\u00e4nniskor fattar! <a href=\"http:\/\/www.filindeblogg.nu\/?attachment_id=27415\" rel=\"attachment wp-att-27415\"><img loading=\"lazy\" class=\"alignnone  wp-image-27415\" title=\"IMG_2370 (3)\" src=\"http:\/\/www.filindeblogg.nu\/wp-content\/uploads\/2012\/01\/IMG_2370-3-300x225.jpg\" alt=\"\" width=\"180\" height=\"135\" srcset=\"http:\/\/www.filindeblogg.nu\/wp-content\/uploads\/2012\/01\/IMG_2370-3-300x225.jpg 300w, http:\/\/www.filindeblogg.nu\/wp-content\/uploads\/2012\/01\/IMG_2370-3.jpg 461w\" sizes=\"(max-width: 180px) 100vw, 180px\" \/><\/a> <strong>Wilma<\/strong>!<\/p>\n<p>Till sist ett foto p\u00e5 en bukett tulpaner som f\u00e5r mig att t\u00e4nka p\u00e5 en av mina b\u00e4sta v\u00e4nner.<br \/>\nNjut livet, ta det tillvara och var r\u00e4dda om varandra.<\/p>\n<p><a href=\"http:\/\/www.filindeblogg.nu\/?attachment_id=27418\" rel=\"attachment wp-att-27418\"><img loading=\"lazy\" class=\"aligncenter size-medium wp-image-27418\" title=\"IMG_2297 (2)\" src=\"http:\/\/www.filindeblogg.nu\/wp-content\/uploads\/2012\/01\/IMG_2297-2-300x225.jpg\" alt=\"\" width=\"300\" height=\"225\" srcset=\"http:\/\/www.filindeblogg.nu\/wp-content\/uploads\/2012\/01\/IMG_2297-2-300x225.jpg 300w, http:\/\/www.filindeblogg.nu\/wp-content\/uploads\/2012\/01\/IMG_2297-2.jpg 461w\" sizes=\"(max-width: 300px) 100vw, 300px\" \/><\/a><\/p>\n<p>&nbsp;<\/p>\n<p>&nbsp;<\/p>\n<p>&nbsp;<\/p>\n","protected":false},"excerpt":{"rendered":"<p>Imorse n\u00e4r jag l\u00e5g och drog mig i s\u00e4ngv\u00e4rmen bes\u00f6kte jag b\u00e5de Rhodos och Regna. Ja, t\u00e4nk (!) att det faktiskt \u00e4r m\u00f6jligt att i tankarna f\u00f6rflytta sig vart som helst. Vilken underbar f\u00f6rm\u00e5ga! S\u00e5 f\u00f6runderlig hj\u00e4rnan \u00e4r och s\u00e5 fantastisk. Vi m\u00e4nniskor kan t\u00e4nka, planera men ocks\u00e5 minnas. Ena stunden kan vi ligga p\u00e5 [&hellip;]<\/p>\n","protected":false},"author":1,"featured_media":0,"comment_status":"open","ping_status":"open","sticky":false,"template":"","format":"standard","meta":[],"categories":[100,132,101,116,130],"tags":[],"_links":{"self":[{"href":"http:\/\/www.filindeblogg.nu\/index.php?rest_route=\/wp\/v2\/posts\/27407"}],"collection":[{"href":"http:\/\/www.filindeblogg.nu\/index.php?rest_route=\/wp\/v2\/posts"}],"about":[{"href":"http:\/\/www.filindeblogg.nu\/index.php?rest_route=\/wp\/v2\/types\/post"}],"author":[{"embeddable":true,"href":"http:\/\/www.filindeblogg.nu\/index.php?rest_route=\/wp\/v2\/users\/1"}],"replies":[{"embeddable":true,"href":"http:\/\/www.filindeblogg.nu\/index.php?rest_route=%2Fwp%2Fv2%2Fcomments&post=27407"}],"version-history":[{"count":26,"href":"http:\/\/www.filindeblogg.nu\/index.php?rest_route=\/wp\/v2\/posts\/27407\/revisions"}],"predecessor-version":[{"id":27444,"href":"http:\/\/www.filindeblogg.nu\/index.php?rest_route=\/wp\/v2\/posts\/27407\/revisions\/27444"}],"wp:attachment":[{"href":"http:\/\/www.filindeblogg.nu\/index.php?rest_route=%2Fwp%2Fv2%2Fmedia&parent=27407"}],"wp:term":[{"taxonomy":"category","embeddable":true,"href":"http:\/\/www.filindeblogg.nu\/index.php?rest_route=%2Fwp%2Fv2%2Fcategories&post=27407"},{"taxonomy":"post_tag","embeddable":true,"href":"http:\/\/www.filindeblogg.nu\/index.php?rest_route=%2Fwp%2Fv2%2Ftags&post=27407"}],"curies":[{"name":"wp","href":"https:\/\/api.w.org\/{rel}","templated":true}]}}