{"id":26845,"date":"2011-12-16T08:52:40","date_gmt":"2011-12-16T07:52:40","guid":{"rendered":"http:\/\/www.filindeblogg.nu\/?p=26845"},"modified":"2011-12-16T08:52:41","modified_gmt":"2011-12-16T07:52:41","slug":"ljus-over-folkvalda","status":"publish","type":"post","link":"http:\/\/www.filindeblogg.nu\/?p=26845","title":{"rendered":"Ljus \u00f6ver folkvalda"},"content":{"rendered":"<p><a href=\"http:\/\/www.filindeblogg.nu\/?attachment_id=26846\" rel=\"attachment wp-att-26846\"><img loading=\"lazy\" class=\"alignnone size-medium wp-image-26846\" title=\"IMG_1673 (2)\" src=\"http:\/\/www.filindeblogg.nu\/wp-content\/uploads\/2011\/12\/IMG_1673-2-300x225.jpg\" alt=\"\" width=\"180\" height=\"135\" srcset=\"http:\/\/www.filindeblogg.nu\/wp-content\/uploads\/2011\/12\/IMG_1673-2-300x225.jpg 300w, http:\/\/www.filindeblogg.nu\/wp-content\/uploads\/2011\/12\/IMG_1673-2.jpg 461w\" sizes=\"(max-width: 180px) 100vw, 180px\" \/><\/a> Ig\u00e5r var alla ljusen t\u00e4nda i de fantastiska kristallkronorna i kommunfullm\u00e4ktigesalen i <strong>Arboga<\/strong> r\u00e5dhus<a href=\"http:\/\/www.svd.se\/naringsliv\/tidig-rea-daligt-omen-for-julhandeln_6713257.svd\" target=\"_blank\">.<\/a>\u00a0 Det var det sista m\u00f6tet i kommunfullm\u00e4ktige f\u00f6r \u00e5ret och det inleddes med gl\u00f6gg och pepparkaka men ocks\u00e5 med fantastiskt fin k\u00f6rs\u00e5ng av <strong>Arbogas Lucia<\/strong> med f\u00f6lje under ledning av <strong>Anna Ytterberg Nerman<\/strong>. <a href=\"http:\/\/www.filindeblogg.nu\/?attachment_id=26847\" rel=\"attachment wp-att-26847\"><img loading=\"lazy\" class=\"alignnone size-medium wp-image-26847\" title=\"IMG_1675 (2)\" src=\"http:\/\/www.filindeblogg.nu\/wp-content\/uploads\/2011\/12\/IMG_1675-2-300x225.jpg\" alt=\"\" width=\"180\" height=\"135\" srcset=\"http:\/\/www.filindeblogg.nu\/wp-content\/uploads\/2011\/12\/IMG_1675-2-300x225.jpg 300w, http:\/\/www.filindeblogg.nu\/wp-content\/uploads\/2011\/12\/IMG_1675-2.jpg 461w\" sizes=\"(max-width: 180px) 100vw, 180px\" \/><\/a><\/p>\n<p>N\u00e4r jag satt d\u00e4r k\u00e4nde jag stor \u00f6dmjukhet. Jag kom att t\u00e4nka p\u00e5 f\u00f6rra \u00e5ret d\u00e5 jag f\u00f6r f\u00f6rsta g\u00e5ngen tog plats i kommunfullm\u00e4ktige efter valet som f\u00f6revarit. <strong>Milj\u00f6partiet<\/strong> fick tv\u00e5 mandat och d\u00e4rmed fick jag inta en plats som folkvald.<br \/>\nSmaka p\u00e5 ordet &#8211; <strong>Folkvald&#8230;<\/strong><br \/>\nP\u00e5 <strong>Wikipedia <\/strong>l\u00e4ser jag s\u00e5 h\u00e4r om betydelsen av ordet: <em><strong>&#8221;Folkvald<\/strong> \u00e4r den som i ett demokratiskt samh\u00e4lle v\u00e4ljs av enskilda myndig medborgare &#8211; att arbeta som beh\u00f6rig lagstiftare och kontrollmakt med politiska sp\u00f6rsm\u00e5l.&#8221;<\/em><\/p>\n<p>Jag k\u00e4nde d\u00e5 och jag k\u00e4nde ig\u00e5r &#8211; stor v\u00f6rdnad \u00f6ver att vara folkvald. Att m\u00e4nniskor valt just mig att f\u00f6ra deras talan. Visserligen hade vi i Milj\u00f6partiet i Arboga gjort upp v\u00e5r kandidatlista med numrerade platser fr\u00e5n 1 och ned\u00e5t &#8211; men jag vet att jag fick m\u00e5nga personkryss.<br \/>\nJag tar mycket allvarligt p\u00e5 mitt uppdrag och f\u00f6rs\u00f6ker g\u00f6ra mitt allra b\u00e4sta. Ig\u00e5r kom \u00e5ter k\u00e4nslan av stor respekt f\u00f6r v\u00e5rt demokratiska samh\u00e4lle n\u00e4r Lucia sj\u00f6ng s\u00e5 vackert och alla stearinljusen var t\u00e4nda i den stora salen d\u00e4r demokratin r\u00e5der och genomf\u00f6rs.<\/p>\n<p><a href=\"http:\/\/www.filindeblogg.nu\/?attachment_id=26848\" rel=\"attachment wp-att-26848\"><img loading=\"lazy\" class=\"aligncenter size-medium wp-image-26848\" title=\"IMG_1678 (3)\" src=\"http:\/\/www.filindeblogg.nu\/wp-content\/uploads\/2011\/12\/IMG_1678-3-300x225.jpg\" alt=\"\" width=\"300\" height=\"225\" srcset=\"http:\/\/www.filindeblogg.nu\/wp-content\/uploads\/2011\/12\/IMG_1678-3-300x225.jpg 300w, http:\/\/www.filindeblogg.nu\/wp-content\/uploads\/2011\/12\/IMG_1678-3.jpg 461w\" sizes=\"(max-width: 300px) 100vw, 300px\" \/><\/a><\/p>\n<p>Som folkvald vill jag f\u00f6ra Milj\u00f6partiets talan naturligtvis och det viktigaste f\u00f6r mig \u00e4r &#8221;de sm\u00e5&#8221; i samh\u00e4llet. De som inte sj\u00e4lva kan f\u00f6ra sin talan. Det g\u00e4ller s\u00e5v\u00e4l barn som gamla och sjuka men ocks\u00e5 djur. Det finns m\u00e5nga fler att v\u00e4rna om och jag f\u00f6rs\u00f6ker g\u00f6ra det jag kan f\u00f6r deras r\u00e4ttigheter.<\/p>\n<p>Ni vet att jag \u00e4r en stor djurv\u00e4n och uppr\u00f6rs mycket \u00f6ver hur dumma, ok\u00e4nsliga m\u00e4nniskor behandlar djur. Ig\u00e5r skrev jag om julmaten och att alla borde t\u00e4nka p\u00e5 vem de sticker kniven i p\u00e5 julbordet. H\u00e4r \u00e4r n\u00e5gra reklambilder fr\u00e5n g\u00e5rdagens <a href=\"http:\/\/bblat.se\/\" target=\"_blank\"><strong>Bbl\/AT<\/strong><\/a>:\u00a0 Billig l\u00f6vbiff <a href=\"http:\/\/www.filindeblogg.nu\/?attachment_id=26849\" rel=\"attachment wp-att-26849\"><img loading=\"lazy\" class=\"alignnone size-medium wp-image-26849\" title=\"IMG_1667 (3)\" src=\"http:\/\/www.filindeblogg.nu\/wp-content\/uploads\/2011\/12\/IMG_1667-3-300x225.jpg\" alt=\"\" width=\"180\" height=\"135\" srcset=\"http:\/\/www.filindeblogg.nu\/wp-content\/uploads\/2011\/12\/IMG_1667-3-300x225.jpg 300w, http:\/\/www.filindeblogg.nu\/wp-content\/uploads\/2011\/12\/IMG_1667-3.jpg 461w\" sizes=\"(max-width: 180px) 100vw, 180px\" \/><\/a>\u00a0\u00a0 fr\u00e5n <strong>Irland<\/strong>&#8230; <a href=\"http:\/\/www.filindeblogg.nu\/?attachment_id=26850\" rel=\"attachment wp-att-26850\"><img loading=\"lazy\" class=\"alignnone size-medium wp-image-26850\" title=\"IMG_1666 (3)\" src=\"http:\/\/www.filindeblogg.nu\/wp-content\/uploads\/2011\/12\/IMG_1666-3-300x225.jpg\" alt=\"\" width=\"180\" height=\"135\" srcset=\"http:\/\/www.filindeblogg.nu\/wp-content\/uploads\/2011\/12\/IMG_1666-3-300x225.jpg 300w, http:\/\/www.filindeblogg.nu\/wp-content\/uploads\/2011\/12\/IMG_1666-3.jpg 461w\" sizes=\"(max-width: 180px) 100vw, 180px\" \/><\/a> <em>&#8221;S\u00e5 l\u00e5ngt 1500 kg r\u00e4cker&#8221;<\/em> &#8211; billig fl\u00e4skfil\u00e9 fr\u00e5n <strong>Danmark<\/strong>&#8230;<br \/>\nB\u00e5de Irland och Danmark \u00e4r k\u00e4nda och uppm\u00e4rksammade f\u00f6r d\u00e5liga djurf\u00f6rh\u00e5llanden och f\u00f6r misshandel av djur i samband med slakt.<br \/>\n<strong>L\u00c5T BLI ATT K\u00d6PA DESSA VAROR!<\/strong> Anstr\u00e4ng er f\u00f6r att ta reda p\u00e5 varifr\u00e5n k\u00f6tt och fl\u00e4sk kommer! L\u00e5t det kosta lite, lite mera f\u00f6r att det djur som \u00e4nd\u00e5 bara lever f\u00f6r att \u00e4tas &#8211; behandlas v\u00e4l!<br \/>\nS\u00e5dana h\u00e4r sp\u00f6rsm\u00e5l upph\u00f6r jag aldrig att k\u00e4mpa f\u00f6r!<\/p>\n<p>N\u00e4r vi \u00e4nd\u00e5 h\u00e5ller p\u00e5 visar jag den h\u00e4r skrattretande &#8221;vinnarbilden&#8221;: \u00a0 <a href=\"http:\/\/www.filindeblogg.nu\/?attachment_id=26851\" rel=\"attachment wp-att-26851\"><img loading=\"lazy\" class=\"alignnone size-medium wp-image-26851\" title=\"IMG_1672 (2)\" src=\"http:\/\/www.filindeblogg.nu\/wp-content\/uploads\/2011\/12\/IMG_1672-2-225x300.jpg\" alt=\"\" width=\"135\" height=\"180\" srcset=\"http:\/\/www.filindeblogg.nu\/wp-content\/uploads\/2011\/12\/IMG_1672-2-225x300.jpg 225w, http:\/\/www.filindeblogg.nu\/wp-content\/uploads\/2011\/12\/IMG_1672-2.jpg 346w\" sizes=\"(max-width: 135px) 100vw, 135px\" \/><\/a> Denne man <em>&#8221;tog en dubbel i l\u00f6rdags&#8221;<\/em> men jag f\u00f6rmodar att det \u00e4r H\u00c4STEN som borde vara den som hyllas! <a href=\"http:\/\/www.filindeblogg.nu\/?attachment_id=26852\" rel=\"attachment wp-att-26852\"><img loading=\"lazy\" class=\"alignnone size-medium wp-image-26852\" title=\"100810_lopp3_Ridgehead_cahore\" src=\"http:\/\/www.filindeblogg.nu\/wp-content\/uploads\/2011\/12\/100810_lopp3_Ridgehead_cahore-300x195.jpg\" alt=\"\" width=\"180\" height=\"117\" srcset=\"http:\/\/www.filindeblogg.nu\/wp-content\/uploads\/2011\/12\/100810_lopp3_Ridgehead_cahore-300x195.jpg 300w, http:\/\/www.filindeblogg.nu\/wp-content\/uploads\/2011\/12\/100810_lopp3_Ridgehead_cahore.jpg 450w\" sizes=\"(max-width: 180px) 100vw, 180px\" \/><\/a> Jag m\u00e5r f\u00f6r \u00f6vrigt illa n\u00e4r jag ser s\u00e5dana h\u00e4r bilder! Stackars h\u00e4star! Och s\u00f6ker man via <strong>Google<\/strong> p\u00e5 han som nominerats till <em>&#8221;\u00c5rets tr\u00e4nare&#8221;<\/em> s\u00e5 nog tusan hittar man skumrask! Det finns hur mycket skit som helst inom travsporten &#8211; l\u00e4s <a href=\"http:\/\/tidningen.djurskyddet.se\/2011\/11\/tufft-for-travhasten\/\" target=\"_blank\"><strong>H\u00c4R<\/strong><\/a> och kom till <strong>Djurskyddet Sverige<\/strong>.<\/p>\n<p>Ja, t\u00e4nk s\u00e5 mycket det finns att reagera \u00f6ver &#8211; och agera f\u00f6r. Lite av det t\u00e4nkte jag p\u00e5 n\u00e4r jag gick hem ig\u00e5r kv\u00e4ll i den m\u00f6rka decemberkv\u00e4llen. F\u00f6rtroendet att vara folkvald och att d\u00e4rf\u00f6r ocks\u00e5 g\u00f6ra sin plikt f\u00f6r det mandat man f\u00e5tt.<\/p>\n<p><a href=\"http:\/\/www.filindeblogg.nu\/?attachment_id=26853\" rel=\"attachment wp-att-26853\"><img loading=\"lazy\" class=\"aligncenter size-medium wp-image-26853\" title=\"IMG_1684 (3)\" src=\"http:\/\/www.filindeblogg.nu\/wp-content\/uploads\/2011\/12\/IMG_1684-3-300x225.jpg\" alt=\"\" width=\"300\" height=\"225\" srcset=\"http:\/\/www.filindeblogg.nu\/wp-content\/uploads\/2011\/12\/IMG_1684-3-300x225.jpg 300w, http:\/\/www.filindeblogg.nu\/wp-content\/uploads\/2011\/12\/IMG_1684-3.jpg 461w\" sizes=\"(max-width: 300px) 100vw, 300px\" \/><\/a><\/p>\n<p>&nbsp;<\/p>\n","protected":false},"excerpt":{"rendered":"<p>Ig\u00e5r var alla ljusen t\u00e4nda i de fantastiska kristallkronorna i kommunfullm\u00e4ktigesalen i Arboga r\u00e5dhus.\u00a0 Det var det sista m\u00f6tet i kommunfullm\u00e4ktige f\u00f6r \u00e5ret och det inleddes med gl\u00f6gg och pepparkaka men ocks\u00e5 med fantastiskt fin k\u00f6rs\u00e5ng av Arbogas Lucia med f\u00f6lje under ledning av Anna Ytterberg Nerman. N\u00e4r jag satt d\u00e4r k\u00e4nde jag stor \u00f6dmjukhet. [&hellip;]<\/p>\n","protected":false},"author":1,"featured_media":0,"comment_status":"open","ping_status":"open","sticky":false,"template":"","format":"standard","meta":[],"categories":[125,127,100,119,101,116],"tags":[],"_links":{"self":[{"href":"http:\/\/www.filindeblogg.nu\/index.php?rest_route=\/wp\/v2\/posts\/26845"}],"collection":[{"href":"http:\/\/www.filindeblogg.nu\/index.php?rest_route=\/wp\/v2\/posts"}],"about":[{"href":"http:\/\/www.filindeblogg.nu\/index.php?rest_route=\/wp\/v2\/types\/post"}],"author":[{"embeddable":true,"href":"http:\/\/www.filindeblogg.nu\/index.php?rest_route=\/wp\/v2\/users\/1"}],"replies":[{"embeddable":true,"href":"http:\/\/www.filindeblogg.nu\/index.php?rest_route=%2Fwp%2Fv2%2Fcomments&post=26845"}],"version-history":[{"count":30,"href":"http:\/\/www.filindeblogg.nu\/index.php?rest_route=\/wp\/v2\/posts\/26845\/revisions"}],"predecessor-version":[{"id":26883,"href":"http:\/\/www.filindeblogg.nu\/index.php?rest_route=\/wp\/v2\/posts\/26845\/revisions\/26883"}],"wp:attachment":[{"href":"http:\/\/www.filindeblogg.nu\/index.php?rest_route=%2Fwp%2Fv2%2Fmedia&parent=26845"}],"wp:term":[{"taxonomy":"category","embeddable":true,"href":"http:\/\/www.filindeblogg.nu\/index.php?rest_route=%2Fwp%2Fv2%2Fcategories&post=26845"},{"taxonomy":"post_tag","embeddable":true,"href":"http:\/\/www.filindeblogg.nu\/index.php?rest_route=%2Fwp%2Fv2%2Ftags&post=26845"}],"curies":[{"name":"wp","href":"https:\/\/api.w.org\/{rel}","templated":true}]}}