{"id":26649,"date":"2011-12-11T09:38:16","date_gmt":"2011-12-11T08:38:16","guid":{"rendered":"http:\/\/www.filindeblogg.nu\/?p=26649"},"modified":"2011-12-11T09:38:16","modified_gmt":"2011-12-11T08:38:16","slug":"om-hakan-juholt-den-ofrivillige-partiledaren-och-om-jonas-sjostedt-som-kommer-att-ta-over-den-roda-kampen","status":"publish","type":"post","link":"http:\/\/www.filindeblogg.nu\/?p=26649","title":{"rendered":"Om H\u00e5kan Juholt, den ofrivillige partiledaren, och om Jonas Sj\u00f6stedt som kommer att ta \u00f6ver den r\u00f6da kampen."},"content":{"rendered":"<p><a href=\"http:\/\/www.filindeblogg.nu\/?attachment_id=26650\" rel=\"attachment wp-att-26650\"><img loading=\"lazy\" class=\"alignnone size-medium wp-image-26650\" title=\"IMG_1523 (3)\" src=\"http:\/\/www.filindeblogg.nu\/wp-content\/uploads\/2011\/12\/IMG_1523-3-300x225.jpg\" alt=\"\" width=\"180\" height=\"135\" srcset=\"http:\/\/www.filindeblogg.nu\/wp-content\/uploads\/2011\/12\/IMG_1523-3-300x225.jpg 300w, http:\/\/www.filindeblogg.nu\/wp-content\/uploads\/2011\/12\/IMG_1523-3.jpg 461w\" sizes=\"(max-width: 180px) 100vw, 180px\" \/><\/a> Idag \u00e4r det tredje advent och innanf\u00f6r luckan f\u00f6r 11 december finner jag en sprattelgubbe!<\/p>\n<p>Ja, \u00e4r vi inte alla sprattelgubbar i det svenska samh\u00e4llet!? <a href=\"http:\/\/www.filindeblogg.nu\/?attachment_id=26651\" rel=\"attachment wp-att-26651\"><img loading=\"lazy\" class=\"alignnone size-medium wp-image-26651\" title=\"IMG_1522\" src=\"http:\/\/www.filindeblogg.nu\/wp-content\/uploads\/2011\/12\/IMG_1522-225x300.jpg\" alt=\"\" width=\"135\" height=\"180\" srcset=\"http:\/\/www.filindeblogg.nu\/wp-content\/uploads\/2011\/12\/IMG_1522-225x300.jpg 225w, http:\/\/www.filindeblogg.nu\/wp-content\/uploads\/2011\/12\/IMG_1522.jpg 346w\" sizes=\"(max-width: 135px) 100vw, 135px\" \/><\/a> Vi sprattlar till ibland men de som sk\u00f6ter tr\u00e5darna ser till att h\u00e5lla oss i schack. V\u00e5ra protester blir mer av tafatta d\u00f6dsryckningar.<\/p>\n<p>F\u00f6r hur ser det ut &#8211; och hur ska det bli? En hastig titt i dagens <a href=\"http:\/\/www.dn.se\/ledare\/signerat\/friskolorna-skarp-statliga-styrningen\" target=\"_blank\"><strong>DN<\/strong><\/a> ger bl.a. detta vid handen: <a href=\"http:\/\/www.filindeblogg.nu\/?attachment_id=26652\" rel=\"attachment wp-att-26652\"><img loading=\"lazy\" class=\"alignnone size-medium wp-image-26652\" title=\"IMG_1511 (3)\" src=\"http:\/\/www.filindeblogg.nu\/wp-content\/uploads\/2011\/12\/IMG_1511-3-300x225.jpg\" alt=\"\" width=\"210\" height=\"158\" srcset=\"http:\/\/www.filindeblogg.nu\/wp-content\/uploads\/2011\/12\/IMG_1511-3-300x225.jpg 300w, http:\/\/www.filindeblogg.nu\/wp-content\/uploads\/2011\/12\/IMG_1511-3.jpg 461w\" sizes=\"(max-width: 210px) 100vw, 210px\" \/><\/a> Om friskolor som struntar i eleverna f\u00f6r storkovan de h\u00e5var in<a href=\"http:\/\/www.svd.se\/nyheter\/inrikes\/kan-bli-strid-om-sjostedt-inom-v_6699675.svd\" target=\"_blank\">. <\/a>Precis likadant ser det ut vad g\u00e4ller \u00e4ldreomsorgen! Vanv\u00e5rd till d\u00f6ds f\u00f6r pengars skull!<\/p>\n<p><a href=\"http:\/\/www.filindeblogg.nu\/?attachment_id=26653\" rel=\"attachment wp-att-26653\"><img loading=\"lazy\" class=\"alignnone size-medium wp-image-26653\" title=\"IMG_1515 (3)\" src=\"http:\/\/www.filindeblogg.nu\/wp-content\/uploads\/2011\/12\/IMG_1515-3-225x300.jpg\" alt=\"\" width=\"158\" height=\"210\" srcset=\"http:\/\/www.filindeblogg.nu\/wp-content\/uploads\/2011\/12\/IMG_1515-3-225x300.jpg 225w, http:\/\/www.filindeblogg.nu\/wp-content\/uploads\/2011\/12\/IMG_1515-3.jpg 346w\" sizes=\"(max-width: 158px) 100vw, 158px\" \/><\/a> Avg\u00e5ende VD:n f\u00f6r SJ tycker att bilden av SJ \u00e4r or\u00e4ttvis. ???<\/p>\n<p>Och <strong>Bard<\/strong> visar hur teoretiskt pladder om klimatfr\u00e5gor \u00e4r f\u00f6r\u00f6dande eftersom det aldrig n\u00e5r handling. <a href=\"http:\/\/www.filindeblogg.nu\/?attachment_id=26654\" rel=\"attachment wp-att-26654\"><img loading=\"lazy\" class=\"alignnone size-medium wp-image-26654\" title=\"IMG_1516 (3)\" src=\"http:\/\/www.filindeblogg.nu\/wp-content\/uploads\/2011\/12\/IMG_1516-3-300x225.jpg\" alt=\"\" width=\"210\" height=\"158\" srcset=\"http:\/\/www.filindeblogg.nu\/wp-content\/uploads\/2011\/12\/IMG_1516-3-300x225.jpg 300w, http:\/\/www.filindeblogg.nu\/wp-content\/uploads\/2011\/12\/IMG_1516-3.jpg 461w\" sizes=\"(max-width: 210px) 100vw, 210px\" \/><\/a><\/p>\n<p><strong>H\u00e5kan Juholt<\/strong>, den ofrivillige partiledaren, \u00e4r en sprattelgubbe han ocks\u00e5.\u00a0<a href=\"http:\/\/www.filindeblogg.nu\/?attachment_id=26670\" rel=\"attachment wp-att-26670\"><img loading=\"lazy\" class=\"alignnone size-full wp-image-26670\" title=\"Juholt\" src=\"http:\/\/www.filindeblogg.nu\/wp-content\/uploads\/2011\/12\/Juholt.jpg\" alt=\"\" width=\"208\" height=\"125\" \/><\/a> Tyv\u00e4rr har han en viss m\u00f6jlighet att hantera sina tr\u00e5dar sj\u00e4lv vilket bara leder till el\u00e4nde.<\/p>\n<p>Det \u00e4r d\u00e5 den h\u00e4r killen uppenbaras och f\u00e5r i alla fall mig att tro p\u00e5 en framtid utan mindre sprattel! <a href=\"http:\/\/www.filindeblogg.nu\/?attachment_id=26655\" rel=\"attachment wp-att-26655\"><img loading=\"lazy\" class=\"alignnone size-medium wp-image-26655\" title=\"IMG_1517 (3)\" src=\"http:\/\/www.filindeblogg.nu\/wp-content\/uploads\/2011\/12\/IMG_1517-3-300x225.jpg\" alt=\"\" width=\"180\" height=\"135\" srcset=\"http:\/\/www.filindeblogg.nu\/wp-content\/uploads\/2011\/12\/IMG_1517-3-300x225.jpg 300w, http:\/\/www.filindeblogg.nu\/wp-content\/uploads\/2011\/12\/IMG_1517-3.jpg 461w\" sizes=\"(max-width: 180px) 100vw, 180px\" \/><\/a> <strong>Jonas Sj\u00f6stedt<\/strong> \u00e4r f\u00f6reslagen som ny partiledare f\u00f6r <strong>V\u00e4nsterpartiet<\/strong> och jag tror p\u00e5 killen! D\u00e4rf\u00f6r tror jag ocks\u00e5 att valet 2014 inte alls beh\u00f6ver bli s\u00e5 bedr\u00f6vligt som jag tidigare f\u00f6rest\u00e4llt mig<a href=\"http:\/\/www.expressen.se\/nyheter\/1.2647831\/sjostedt-ar-valberedningens-val\" target=\"_blank\">.<\/a> Jonas Sj\u00f6stedt kommer att knipa m\u00e5nga, m\u00e5nga v\u00e4ljare fr\u00e5n Socialdemokraterna och ihop med <strong>Milj\u00f6partiet<\/strong> ge <strong>Alliansen<\/strong> en h\u00e5rd match! En match som bara m\u00e5ste sluta p\u00e5 ett s\u00e4tt &#8211; seger f\u00f6r de r\u00f6da med mindre d\u00f6dsryckssprattel f\u00f6r folket i framtiden!<br \/>\nMed Jonas ser jag ljuset i den svenska tunneln!<\/p>\n<p>Lite annat ur DN idag. I dessa Nobeltider har ocks\u00e5 <strong>Drottnings Silvias<\/strong> brosch delats ut till allm\u00e4nbildade ungdomar<a href=\"http:\/\/www.aftonbladet.se\/nyheter\/article14059648.ab\" target=\"_blank\">.<\/a> <a href=\"http:\/\/www.filindeblogg.nu\/?attachment_id=26656\" rel=\"attachment wp-att-26656\"><img loading=\"lazy\" class=\"alignnone size-medium wp-image-26656\" title=\"IMG_1512 (3)\" src=\"http:\/\/www.filindeblogg.nu\/wp-content\/uploads\/2011\/12\/IMG_1512-3-225x300.jpg\" alt=\"\" width=\"135\" height=\"180\" srcset=\"http:\/\/www.filindeblogg.nu\/wp-content\/uploads\/2011\/12\/IMG_1512-3-225x300.jpg 225w, http:\/\/www.filindeblogg.nu\/wp-content\/uploads\/2011\/12\/IMG_1512-3.jpg 346w\" sizes=\"(max-width: 135px) 100vw, 135px\" \/><\/a> Lokalpatriot som jag \u00e4r blir jag extra stolt n\u00e4r tidningen visar bild p\u00e5 en kille som f\u00e5tt broschen f\u00f6r andra g\u00e5ngen! <strong>Karl Mattson<\/strong> fr\u00e5n <strong>Arboga!<\/strong> <a href=\"http:\/\/www.filindeblogg.nu\/?attachment_id=26657\" rel=\"attachment wp-att-26657\"><img loading=\"lazy\" class=\"alignnone size-medium wp-image-26657\" title=\"IMG_1514 (3)\" src=\"http:\/\/www.filindeblogg.nu\/wp-content\/uploads\/2011\/12\/IMG_1514-3-225x300.jpg\" alt=\"\" width=\"135\" height=\"180\" srcset=\"http:\/\/www.filindeblogg.nu\/wp-content\/uploads\/2011\/12\/IMG_1514-3-225x300.jpg 225w, http:\/\/www.filindeblogg.nu\/wp-content\/uploads\/2011\/12\/IMG_1514-3.jpg 346w\" sizes=\"(max-width: 135px) 100vw, 135px\" \/><\/a><\/p>\n<p>F\u00f6r \u00f6vrigt \u00e4r v\u00e4l det h\u00e4r en j\u00e4ttefin bild!\u00a0 <a href=\"http:\/\/www.filindeblogg.nu\/?attachment_id=26658\" rel=\"attachment wp-att-26658\"><img loading=\"lazy\" class=\"alignnone size-medium wp-image-26658\" title=\"J\u00e4ttebra bild p\u00e5 n\u00e4r Tomas Transtr\u00f6mer tar emot Nobelpriset\" src=\"http:\/\/www.filindeblogg.nu\/wp-content\/uploads\/2011\/12\/J%C3%A4ttebra-bild-p%C3%A5-n%C3%A4r-Tomas-Transtr%C3%B6mer-tar-emot-Nobelpriset-300x85.jpg\" alt=\"\" width=\"300\" height=\"85\" \/><\/a> <strong>Tomas Transtr\u00f6mer<\/strong> tar emot Nobelpriset ur <strong>Kungens<\/strong> hand.<br \/>\nP\u00e5 min \u00f6nskelista till jul st\u00e5r en bok av Tomas Transtr\u00f6mer. Jag hoppas tomten \u00e4r sn\u00e4ll!<\/p>\n<p>Sn\u00e4lla tomtar finns det lite varstans s\u00e5 h\u00e4r i juletider. En bankade p\u00e5 min d\u00f6rr ig\u00e5r och \u00f6nskade GOD JUL med detta: <a href=\"http:\/\/www.filindeblogg.nu\/?attachment_id=26659\" rel=\"attachment wp-att-26659\"><img loading=\"lazy\" class=\"alignnone size-medium wp-image-26659\" title=\"IMG_1510 (3)\" src=\"http:\/\/www.filindeblogg.nu\/wp-content\/uploads\/2011\/12\/IMG_1510-3-300x225.jpg\" alt=\"\" width=\"180\" height=\"135\" srcset=\"http:\/\/www.filindeblogg.nu\/wp-content\/uploads\/2011\/12\/IMG_1510-3-300x225.jpg 300w, http:\/\/www.filindeblogg.nu\/wp-content\/uploads\/2011\/12\/IMG_1510-3.jpg 461w\" sizes=\"(max-width: 180px) 100vw, 180px\" \/><\/a> <strong>Tack Ingrid<\/strong> som ger b\u00e5de sina h\u00f6nor och mig en god jul!<\/p>\n<p>Sn\u00e4lla klappar ska det vara! Den h\u00e4r tycker jag mycket om: <a href=\"http:\/\/www.filindeblogg.nu\/?attachment_id=26660\" rel=\"attachment wp-att-26660\"><img loading=\"lazy\" class=\"alignnone size-medium wp-image-26660\" title=\"Lejoness\" src=\"http:\/\/www.filindeblogg.nu\/wp-content\/uploads\/2011\/12\/Lejoness-150x300.jpg\" alt=\"\" width=\"150\" height=\"300\" srcset=\"http:\/\/www.filindeblogg.nu\/wp-content\/uploads\/2011\/12\/Lejoness-150x300.jpg 150w, http:\/\/www.filindeblogg.nu\/wp-content\/uploads\/2011\/12\/Lejoness.jpg 300w\" sizes=\"(max-width: 150px) 100vw, 150px\" \/><\/a> Klicka <a href=\"http:\/\/www.wwf.se\/header\/english\/1129079-wwf-in-sweden\" target=\"_blank\"><strong>H\u00c4R<\/strong><\/a> f\u00f6r att komma till <strong>V\u00e4rldsnaturfonden<\/strong> och ge en k\u00e4rleksfull julklapp!<\/p>\n<p>Tredje advent &#8211; tre ljus har t\u00e4nts i ljusstaken OCH sl\u00e4ckts sen! Viktigt!<br \/>\nMorgonkaffet dracks i s\u00e4llskap med <strong>Vilda Wilma<\/strong> som var vild redan p\u00e5 morgonen och t\u00e4nkte sno \u00e5t sig mitt kaffe! Ha en fin s\u00f6ndag i advent!<\/p>\n<p><a href=\"http:\/\/www.filindeblogg.nu\/?attachment_id=26661\" rel=\"attachment wp-att-26661\"><img loading=\"lazy\" class=\"aligncenter size-medium wp-image-26661\" title=\"IMG_1521 (2)\" src=\"http:\/\/www.filindeblogg.nu\/wp-content\/uploads\/2011\/12\/IMG_1521-2-300x225.jpg\" alt=\"\" width=\"300\" height=\"225\" srcset=\"http:\/\/www.filindeblogg.nu\/wp-content\/uploads\/2011\/12\/IMG_1521-2-300x225.jpg 300w, http:\/\/www.filindeblogg.nu\/wp-content\/uploads\/2011\/12\/IMG_1521-2.jpg 461w\" sizes=\"(max-width: 300px) 100vw, 300px\" \/><\/a><\/p>\n<p>&nbsp;<\/p>\n<p>&nbsp;<\/p>\n","protected":false},"excerpt":{"rendered":"<p>Idag \u00e4r det tredje advent och innanf\u00f6r luckan f\u00f6r 11 december finner jag en sprattelgubbe! Ja, \u00e4r vi inte alla sprattelgubbar i det svenska samh\u00e4llet!? Vi sprattlar till ibland men de som sk\u00f6ter tr\u00e5darna ser till att h\u00e5lla oss i schack. V\u00e5ra protester blir mer av tafatta d\u00f6dsryckningar. F\u00f6r hur ser det ut &#8211; och [&hellip;]<\/p>\n","protected":false},"author":1,"featured_media":0,"comment_status":"open","ping_status":"open","sticky":false,"template":"","format":"standard","meta":[],"categories":[125,127,41,114,100,122,119,110,101,116],"tags":[],"_links":{"self":[{"href":"http:\/\/www.filindeblogg.nu\/index.php?rest_route=\/wp\/v2\/posts\/26649"}],"collection":[{"href":"http:\/\/www.filindeblogg.nu\/index.php?rest_route=\/wp\/v2\/posts"}],"about":[{"href":"http:\/\/www.filindeblogg.nu\/index.php?rest_route=\/wp\/v2\/types\/post"}],"author":[{"embeddable":true,"href":"http:\/\/www.filindeblogg.nu\/index.php?rest_route=\/wp\/v2\/users\/1"}],"replies":[{"embeddable":true,"href":"http:\/\/www.filindeblogg.nu\/index.php?rest_route=%2Fwp%2Fv2%2Fcomments&post=26649"}],"version-history":[{"count":16,"href":"http:\/\/www.filindeblogg.nu\/index.php?rest_route=\/wp\/v2\/posts\/26649\/revisions"}],"predecessor-version":[{"id":26678,"href":"http:\/\/www.filindeblogg.nu\/index.php?rest_route=\/wp\/v2\/posts\/26649\/revisions\/26678"}],"wp:attachment":[{"href":"http:\/\/www.filindeblogg.nu\/index.php?rest_route=%2Fwp%2Fv2%2Fmedia&parent=26649"}],"wp:term":[{"taxonomy":"category","embeddable":true,"href":"http:\/\/www.filindeblogg.nu\/index.php?rest_route=%2Fwp%2Fv2%2Fcategories&post=26649"},{"taxonomy":"post_tag","embeddable":true,"href":"http:\/\/www.filindeblogg.nu\/index.php?rest_route=%2Fwp%2Fv2%2Ftags&post=26649"}],"curies":[{"name":"wp","href":"https:\/\/api.w.org\/{rel}","templated":true}]}}