{"id":26418,"date":"2011-12-04T08:50:19","date_gmt":"2011-12-04T07:50:19","guid":{"rendered":"http:\/\/www.filindeblogg.nu\/?p=26418"},"modified":"2011-12-04T08:50:20","modified_gmt":"2011-12-04T07:50:20","slug":"livstids-fangelse-domd-av-regeringen","status":"publish","type":"post","link":"http:\/\/www.filindeblogg.nu\/?p=26418","title":{"rendered":"Livstids f\u00e4ngelse &#8211; d\u00f6md av regeringen!"},"content":{"rendered":"<p><a href=\"http:\/\/www.filindeblogg.nu\/?attachment_id=26419\" rel=\"attachment wp-att-26419\"><img loading=\"lazy\" class=\"alignnone size-medium wp-image-26419\" title=\"Dark_Dreams_by_StreamOW\" src=\"http:\/\/www.filindeblogg.nu\/wp-content\/uploads\/2011\/12\/Dark_Dreams_by_StreamOW-300x223.jpg\" alt=\"\" width=\"180\" height=\"134\" srcset=\"http:\/\/www.filindeblogg.nu\/wp-content\/uploads\/2011\/12\/Dark_Dreams_by_StreamOW-300x223.jpg 300w, http:\/\/www.filindeblogg.nu\/wp-content\/uploads\/2011\/12\/Dark_Dreams_by_StreamOW-1024x763.jpg 1024w, http:\/\/www.filindeblogg.nu\/wp-content\/uploads\/2011\/12\/Dark_Dreams_by_StreamOW.jpg 1231w\" sizes=\"(max-width: 180px) 100vw, 180px\" \/><\/a> I natt har jag haft m\u00e4rkliga dr\u00f6mmar. Om och om igen dr\u00f6mde jag om f\u00e4ngelser &#8211; livstidsdomar. Sorgsna m\u00e4nniskor bakom h\u00f6ga murar. <a href=\"http:\/\/www.filindeblogg.nu\/?attachment_id=26420\" rel=\"attachment wp-att-26420\"><img loading=\"lazy\" class=\"alignnone size-full wp-image-26420\" title=\"F\u00e4ngelse\" src=\"http:\/\/www.filindeblogg.nu\/wp-content\/uploads\/2011\/12\/F%C3%A4ngelse.jpg\" alt=\"\" width=\"163\" height=\"112\" \/><\/a><\/p>\n<p>Till sist gick det inte att sova l\u00e4ngre och jag b\u00f6rjade fundera ist\u00e4llet d\u00e4r jag l\u00e5g. T\u00e4nka, grubbla och kom fram till varf\u00f6r jag dr\u00f6mt som jag gjort. <a href=\"http:\/\/www.filindeblogg.nu\/?attachment_id=26421\" rel=\"attachment wp-att-26421\"><img loading=\"lazy\" class=\"alignnone size-full wp-image-26421\" title=\"S\u00f6mnproblem\" src=\"http:\/\/www.filindeblogg.nu\/wp-content\/uploads\/2011\/12\/S%C3%B6mnproblem.jpg\" alt=\"\" width=\"165\" height=\"110\" \/><\/a> Jag \u00e4r ju intresserad av dr\u00f6mtydning och inser att hj\u00e4rnans hopkok speglar v\u00e5r vardag p\u00e5 gott och ont. Det liv vi lever och de gl\u00e4dje\u00e4mnen och sorger vi m\u00f6ter.<\/p>\n<p>Det \u00e4r ju jag sj\u00e4lv som f\u00e5tt livstidsstraffet! <a href=\"http:\/\/www.filindeblogg.nu\/?attachment_id=26422\" rel=\"attachment wp-att-26422\"><img loading=\"lazy\" class=\"alignnone size-full wp-image-26422\" title=\"Livstids f\u00e4ngelse\" src=\"http:\/\/www.filindeblogg.nu\/wp-content\/uploads\/2011\/12\/Livstids-f%C3%A4ngelse.jpg\" alt=\"\" width=\"158\" height=\"115\" \/><\/a> Jag sj\u00e4lv som sliter mitt h\u00e5r innanf\u00f6r gigantiska murar, om\u00f6jliga att ta sig igenom.<\/p>\n<p>Jo, jag har f\u00f6rs\u00f6kt fly m\u00e5nga g\u00e5nger. F\u00f6rs\u00f6kt f\u00f6rhandla med mina vakter till ingen nytta. De sl\u00e5r i sina b\u00f6cker, h\u00e4nvisar till paragrafer och skickar mig i b\u00e4sta (l\u00e4s: s\u00e4msta) fall vidare till n\u00e5gon myndighetsperson d\u00e4r jag omedelbart f\u00e5r kalla handen!<\/p>\n<p>Att vara sjuk i v\u00e5rt land \u00e4r att vara paria. Ett land d\u00e4r bara unga, friska, barnl\u00f6sa m\u00e4nniskor som orkar och vill jobba 180 % har n\u00e5got ber\u00e4ttigande. Det finns m\u00e5nga unga slitvargar, javisst &#8211; men, slitet har ocks\u00e5 ett slut. Kroppen och psyket s\u00e4ger till sist ifr\u00e5n och under tiden fram till dess har du blivit sjukare och sjukare, mist sociala kontakter, v\u00e4nner och kanske t o m familjen<a href=\"http:\/\/www.dn.se\/nyheter\/politik\/fortsatt-stort-stod-for-regeringen\" target=\"_blank\">.<\/a> <a href=\"http:\/\/www.filindeblogg.nu\/?attachment_id=26423\" rel=\"attachment wp-att-26423\"><img loading=\"lazy\" class=\"alignnone size-full wp-image-26423\" title=\"Ensam\" src=\"http:\/\/www.filindeblogg.nu\/wp-content\/uploads\/2011\/12\/Ensam.jpg\" alt=\"\" width=\"174\" height=\"104\" \/><\/a><\/p>\n<p>Det \u00e4r d\u00e5 du f\u00e5r ditt straff f\u00f6r att du inte l\u00e4ngre h\u00e5ller m\u00e5ttet! Du hamnar i ett om\u00f6jligt system d\u00e4r du som person inte har n\u00e5gon som helst betydelse. Det handlar bara om olika kassafl\u00f6den.<\/p>\n<p>Samh\u00e4llssystemet h\u00e5ller p\u00e5 att falla samman n\u00e4r livstidsstraff utm\u00e4ts f\u00f6r de tr\u00f6tta som inte orkar<a href=\"http:\/\/www.expressen.se\/nyheter\/1.2641365\/nu-kravs-kungen-pa-sanningen\" target=\"_blank\">.<\/a> Vi har f\u00e5tt ett samh\u00e4lle d\u00e4r systemen motarbetar varandra<a href=\"http:\/\/www.aftonbladet.se\/ledare\/ledarkronika\/katrinekielos\/article14028555.ab\" target=\"_blank\">.<\/a> D\u00e4r den ena sidan inte godtar n\u00e5gon sjukskrivning f\u00f6rutom de som \u00e4r relaterade till n\u00e4ra-d\u00f6den<a href=\"http:\/\/www.svd.se\/nyheter\/inrikes\/monarkin-paverkas_6682930.svd\" target=\"_blank\">.<\/a> Och den andra f\u00f6rs\u00f6ker r\u00e4dda det som r\u00e4ddas kan innan det \u00e4r f\u00f6r sent!<\/p>\n<p>Vi har f\u00e5tt ett samh\u00e4lle d\u00e4r ALLA ska ut i jobb oavsett sjukdomstillst\u00e5nd vilket g\u00f6r att l\u00e4karna g\u00e5r samman f\u00f6r att hitta l\u00f6sningar, hitta s\u00e4tt att skriva sjukintyg som h\u00e5ller eftersom de f\u00f6rst\u00e5r hur l\u00e4get \u00e4r f\u00f6r sina patienter. <a href=\"http:\/\/www.filindeblogg.nu\/?attachment_id=26424\" rel=\"attachment wp-att-26424\"><img loading=\"lazy\" class=\"alignnone size-full wp-image-26424\" title=\"L\u00e4kare\" src=\"http:\/\/www.filindeblogg.nu\/wp-content\/uploads\/2011\/12\/L%C3%A4kare.jpg\" alt=\"\" width=\"136\" height=\"162\" \/><\/a> Det inneb\u00e4r fantasiintyg utan verklighetsf\u00f6rankring som i sin tur, i b\u00e4sta fall (l\u00e4s: s\u00e4msta), genererar total likgiltighet f\u00f6r en rehabilitering av en m\u00e4nniska som faktiskt skulle kunna g\u00f6ra en hel del p\u00e5 arbetsmarknaden om hon eller han fick r\u00e4tt utg\u00e5ngsl\u00e4ge.<\/p>\n<p><a href=\"http:\/\/www.filindeblogg.nu\/?attachment_id=26425\" rel=\"attachment wp-att-26425\"><img loading=\"lazy\" class=\"alignnone size-medium wp-image-26425\" title=\"Reinfeldt sparkar ut sv\u00e5rt sjuka\" src=\"http:\/\/www.filindeblogg.nu\/wp-content\/uploads\/2011\/12\/Reinfeldt-sparkar-ut-sv%C3%A5rt-sjuka-260x300.jpg\" alt=\"\" width=\"156\" height=\"180\" \/><\/a> Den h\u00e4r bilden hittade jag via Internet och <strong>Martin Mobergs<\/strong> blogg. Klicka <a href=\"http:\/\/martinmobergsblogg.blogspot.com\/2011\/11\/arkivtips-anyo-om-den-sjuka.html\" target=\"_blank\"><strong>H\u00c4R<\/strong><\/a> f\u00f6r att komma dit.<br \/>\nMen det kunde lika g\u00e4rna ha varit en sosse som sparkade ut folk. S var inte ett dugg b\u00e4ttre n\u00e4r de hade regeringsmakten!<\/p>\n<p>P\u00e5 tal om sossar s\u00e5 l\u00e4ste jag <strong>DN<\/strong> idag igen &#8211; det \u00e4r ju s\u00f6ndag. Gulligull med julmat i massor t\u00e4cker framsidan &#8211;\u00a0 <a href=\"http:\/\/www.filindeblogg.nu\/?attachment_id=26426\" rel=\"attachment wp-att-26426\"><img loading=\"lazy\" class=\"alignnone size-medium wp-image-26426\" title=\"IMG_1367 (2)\" src=\"http:\/\/www.filindeblogg.nu\/wp-content\/uploads\/2011\/12\/IMG_1367-2-300x225.jpg\" alt=\"\" width=\"180\" height=\"135\" srcset=\"http:\/\/www.filindeblogg.nu\/wp-content\/uploads\/2011\/12\/IMG_1367-2-300x225.jpg 300w, http:\/\/www.filindeblogg.nu\/wp-content\/uploads\/2011\/12\/IMG_1367-2.jpg 461w\" sizes=\"(max-width: 180px) 100vw, 180px\" \/><\/a> f\u00f6r det \u00e4r ju andra advent i dag gubevars. Men bl\u00e4ddrar man n\u00e5gra sidor i tidningen som hinner verkligheten ifatt en!<\/p>\n<p>F\u00f6rst det h\u00e4r: <a href=\"http:\/\/www.filindeblogg.nu\/?attachment_id=26427\" rel=\"attachment wp-att-26427\"><img loading=\"lazy\" class=\"alignnone size-medium wp-image-26427\" title=\"BARD 4 dec 2011\" src=\"http:\/\/www.filindeblogg.nu\/wp-content\/uploads\/2011\/12\/BARD-4-dec-2011-300x225.jpg\" alt=\"\" width=\"210\" height=\"158\" srcset=\"http:\/\/www.filindeblogg.nu\/wp-content\/uploads\/2011\/12\/BARD-4-dec-2011-300x225.jpg 300w, http:\/\/www.filindeblogg.nu\/wp-content\/uploads\/2011\/12\/BARD-4-dec-2011.jpg 461w\" sizes=\"(max-width: 210px) 100vw, 210px\" \/><\/a> <strong>Bard<\/strong> l\u00e5ter en person fr\u00e5n jorden anropa en rymdfarkost med orden: &#8221;<em> -Hittat ett nytt svart h\u00e5l i v\u00e5r<\/em> <em>galax, s\u00e4ger du! Sensation! Hur l\u00e5ngt bort ligger det?&#8221;<\/em><br \/>\nVarvid svaret fr\u00e5n rymden blir: <em>&#8221;-Tja, sis\u00e5d\u00e4r 120 mil fr\u00e5n d\u00e4r ni st\u00e5r.&#8221;<\/em><br \/>\nKlicka <a href=\"http:\/\/www.satirarkivet.se\/visa_atillo.asp?Sid=314&amp;e=e001&amp;Bild=1&amp;Visa=\" target=\"_blank\"><strong>H\u00c4R<\/strong> <\/a>f\u00f6r att komma till<strong> Satirarkivet<\/strong> och <strong>Magnus Bard!<\/strong><\/p>\n<p>P\u00e5 sidan 6 i DN hittar jag denna debattartikel, skriven av<strong> Tommy M\u00f6ller<\/strong>, professor i statsvetenskap: <a href=\"http:\/\/www.filindeblogg.nu\/?attachment_id=26428\" rel=\"attachment wp-att-26428\"><img loading=\"lazy\" class=\"alignnone size-medium wp-image-26428\" title=\"IMG_1370 (2)\" src=\"http:\/\/www.filindeblogg.nu\/wp-content\/uploads\/2011\/12\/IMG_1370-2-225x300.jpg\" alt=\"\" width=\"225\" height=\"300\" srcset=\"http:\/\/www.filindeblogg.nu\/wp-content\/uploads\/2011\/12\/IMG_1370-2-225x300.jpg 225w, http:\/\/www.filindeblogg.nu\/wp-content\/uploads\/2011\/12\/IMG_1370-2.jpg 346w\" sizes=\"(max-width: 225px) 100vw, 225px\" \/><\/a> <strong><em>&#8221;S-krisen f\u00e5r \u00e5terverkningar p\u00e5 den svenska demokratin&#8221;<\/em><\/strong><\/p>\n<p>Sj\u00e4lvklart! Det har jag ansett l\u00e4nge! Tack Tommy M\u00f6ller f\u00f6r du med sakkunskap skriver det vi andra k\u00e4nner och tycker! F\u00f6rsta delen i ingressen till artikeln lyder: <strong><em>&#8221;F\u00f6rlamad opposition. Socialdemokraternas kris \u00e4r inte bara en intern angel\u00e4genhet. En vital demokrati f\u00f6ruts\u00e4tter en stark opposition som granskar regeringen.&#8221;<\/em><\/strong> Klicka <a href=\"http:\/\/www.dn.se\/debatt\/s-krisen-far-aterverkningar-pa-den-svenska-demokratin\" target=\"_blank\"><strong>H\u00c4R<\/strong><\/a> f\u00f6r att l\u00e4sa hela debattartikeln!<\/p>\n<p>S\u00e5! Nu har jag avreagerat mig! Jag har gjort upp med mina dr\u00f6mmar i natt. Nu kan jag njuta lite lugn en stund igen. En dag i taget&#8230;<\/p>\n<p>Tack och lov f\u00f6r mina lugnande katter! <a href=\"http:\/\/www.filindeblogg.nu\/?attachment_id=26429\" rel=\"attachment wp-att-26429\"><img loading=\"lazy\" class=\"alignnone size-medium wp-image-26429\" title=\"IMG_1364 (2)\" src=\"http:\/\/www.filindeblogg.nu\/wp-content\/uploads\/2011\/12\/IMG_1364-2-300x225.jpg\" alt=\"\" width=\"180\" height=\"135\" srcset=\"http:\/\/www.filindeblogg.nu\/wp-content\/uploads\/2011\/12\/IMG_1364-2-300x225.jpg 300w, http:\/\/www.filindeblogg.nu\/wp-content\/uploads\/2011\/12\/IMG_1364-2.jpg 461w\" sizes=\"(max-width: 180px) 100vw, 180px\" \/><\/a><br \/>\nDom ger lisa f\u00f6r en trasig sj\u00e4l och stillar nerver i dallring och protestvr\u00e5l i det tysta som aldrig n\u00e5r fram. <a href=\"http:\/\/www.filindeblogg.nu\/?attachment_id=26430\" rel=\"attachment wp-att-26430\"><img loading=\"lazy\" class=\"alignnone size-medium wp-image-26430\" title=\"IMG_1360 (2)\" src=\"http:\/\/www.filindeblogg.nu\/wp-content\/uploads\/2011\/12\/IMG_1360-2-300x225.jpg\" alt=\"\" width=\"180\" height=\"135\" srcset=\"http:\/\/www.filindeblogg.nu\/wp-content\/uploads\/2011\/12\/IMG_1360-2-300x225.jpg 300w, http:\/\/www.filindeblogg.nu\/wp-content\/uploads\/2011\/12\/IMG_1360-2.jpg 461w\" sizes=\"(max-width: 180px) 100vw, 180px\" \/><\/a><a href=\"http:\/\/www.filindeblogg.nu\/?attachment_id=26431\" rel=\"attachment wp-att-26431\"><br \/>\n<\/a><\/p>\n<p><a href=\"http:\/\/www.filindeblogg.nu\/?attachment_id=26431\" rel=\"attachment wp-att-26431\"><img loading=\"lazy\" class=\"alignnone size-medium wp-image-26431\" title=\"IMG_1351 (2)\" src=\"http:\/\/www.filindeblogg.nu\/wp-content\/uploads\/2011\/12\/IMG_1351-2-225x300.jpg\" alt=\"\" width=\"108\" height=\"144\" srcset=\"http:\/\/www.filindeblogg.nu\/wp-content\/uploads\/2011\/12\/IMG_1351-2-225x300.jpg 225w, http:\/\/www.filindeblogg.nu\/wp-content\/uploads\/2011\/12\/IMG_1351-2.jpg 346w\" sizes=\"(max-width: 108px) 100vw, 108px\" \/><\/a>\u00a0 En och annan doftande hyacint s\u00e5 h\u00e4r andra s\u00f6ndagen i advent g\u00f6r v\u00e4l ocks\u00e5 sitt till f\u00f6r en \u00e5terg\u00e5ng i harmoni&#8230;<\/p>\n<p><a href=\"http:\/\/www.filindeblogg.nu\/?attachment_id=26432\" rel=\"attachment wp-att-26432\"><img loading=\"lazy\" class=\"aligncenter size-medium wp-image-26432\" title=\"IMG_1355 (2)\" src=\"http:\/\/www.filindeblogg.nu\/wp-content\/uploads\/2011\/12\/IMG_1355-2-225x300.jpg\" alt=\"\" width=\"225\" height=\"300\" srcset=\"http:\/\/www.filindeblogg.nu\/wp-content\/uploads\/2011\/12\/IMG_1355-2-225x300.jpg 225w, http:\/\/www.filindeblogg.nu\/wp-content\/uploads\/2011\/12\/IMG_1355-2.jpg 346w\" sizes=\"(max-width: 225px) 100vw, 225px\" \/><\/a><\/p>\n<p>&nbsp;<\/p>\n","protected":false},"excerpt":{"rendered":"<p>I natt har jag haft m\u00e4rkliga dr\u00f6mmar. Om och om igen dr\u00f6mde jag om f\u00e4ngelser &#8211; livstidsdomar. Sorgsna m\u00e4nniskor bakom h\u00f6ga murar. Till sist gick det inte att sova l\u00e4ngre och jag b\u00f6rjade fundera ist\u00e4llet d\u00e4r jag l\u00e5g. T\u00e4nka, grubbla och kom fram till varf\u00f6r jag dr\u00f6mt som jag gjort. Jag \u00e4r ju intresserad av [&hellip;]<\/p>\n","protected":false},"author":1,"featured_media":0,"comment_status":"open","ping_status":"open","sticky":false,"template":"","format":"standard","meta":[],"categories":[125,41,131,100,119,101,124],"tags":[],"_links":{"self":[{"href":"http:\/\/www.filindeblogg.nu\/index.php?rest_route=\/wp\/v2\/posts\/26418"}],"collection":[{"href":"http:\/\/www.filindeblogg.nu\/index.php?rest_route=\/wp\/v2\/posts"}],"about":[{"href":"http:\/\/www.filindeblogg.nu\/index.php?rest_route=\/wp\/v2\/types\/post"}],"author":[{"embeddable":true,"href":"http:\/\/www.filindeblogg.nu\/index.php?rest_route=\/wp\/v2\/users\/1"}],"replies":[{"embeddable":true,"href":"http:\/\/www.filindeblogg.nu\/index.php?rest_route=%2Fwp%2Fv2%2Fcomments&post=26418"}],"version-history":[{"count":18,"href":"http:\/\/www.filindeblogg.nu\/index.php?rest_route=\/wp\/v2\/posts\/26418\/revisions"}],"predecessor-version":[{"id":26450,"href":"http:\/\/www.filindeblogg.nu\/index.php?rest_route=\/wp\/v2\/posts\/26418\/revisions\/26450"}],"wp:attachment":[{"href":"http:\/\/www.filindeblogg.nu\/index.php?rest_route=%2Fwp%2Fv2%2Fmedia&parent=26418"}],"wp:term":[{"taxonomy":"category","embeddable":true,"href":"http:\/\/www.filindeblogg.nu\/index.php?rest_route=%2Fwp%2Fv2%2Fcategories&post=26418"},{"taxonomy":"post_tag","embeddable":true,"href":"http:\/\/www.filindeblogg.nu\/index.php?rest_route=%2Fwp%2Fv2%2Ftags&post=26418"}],"curies":[{"name":"wp","href":"https:\/\/api.w.org\/{rel}","templated":true}]}}