{"id":26100,"date":"2011-11-23T09:50:21","date_gmt":"2011-11-23T08:50:21","guid":{"rendered":"http:\/\/www.filindeblogg.nu\/?p=26100"},"modified":"2011-11-23T09:53:39","modified_gmt":"2011-11-23T08:53:39","slug":"asa-nisse-liza-olle-och-felix","status":"publish","type":"post","link":"http:\/\/www.filindeblogg.nu\/?p=26100","title":{"rendered":"\u00c5sa-Nisse, Liza, Olle och Felix"},"content":{"rendered":"<p><a href=\"http:\/\/www.filindeblogg.nu\/?attachment_id=26101\" rel=\"attachment wp-att-26101\"><img loading=\"lazy\" class=\"alignnone size-medium wp-image-26101\" title=\"IMG_1088 (2)\" src=\"http:\/\/www.filindeblogg.nu\/wp-content\/uploads\/2011\/11\/IMG_1088-2-225x300.jpg\" alt=\"\" width=\"135\" height=\"180\" srcset=\"http:\/\/www.filindeblogg.nu\/wp-content\/uploads\/2011\/11\/IMG_1088-2-225x300.jpg 225w, http:\/\/www.filindeblogg.nu\/wp-content\/uploads\/2011\/11\/IMG_1088-2.jpg 346w\" sizes=\"(max-width: 135px) 100vw, 135px\" \/><\/a> <strong><em>&#8221;- Rena natta!<\/em><\/strong>&#8221; S\u00e5 t\u00e4nkte f\u00f6rmodligen katten <strong>Felix<\/strong> imorse &#8211; gick ut p\u00e5 f\u00f6rstubron &#8211; s\u00e5g m\u00f6rkret och regnet &#8211; och gick in igen. Klokt gjort!<\/p>\n<p>Rena m\u00f6rkret g\u00e4ller v\u00e4l \u00e4ven situationen f\u00f6r<strong> S<\/strong> och deras partiledare. <a href=\"http:\/\/www.filindeblogg.nu\/?attachment_id=26102\" rel=\"attachment wp-att-26102\"><img loading=\"lazy\" class=\"alignnone size-medium wp-image-26102\" title=\"\u00c5sa-Nisse Juholt\" src=\"http:\/\/www.filindeblogg.nu\/wp-content\/uploads\/2011\/11\/%C3%85sa-Nisse-Juholt-300x126.jpg\" alt=\"\" width=\"300\" height=\"126\" \/><\/a> <strong>Liza Marklund<\/strong> kallar <strong>H\u00e5kan Juholt<\/strong> f\u00f6r <strong>\u00c5sa-Nisse<\/strong> <a href=\"http:\/\/www.expressen.se\/nyheter\/1.2630214\/borg-korad-till-baste-finansminister\" target=\"_blank\">&#8211;<\/a> bara en av raden h\u00e4ndelser som inte direkt f\u00f6r<strong> Socialdemokraterna<\/strong> n\u00e4rmare en regeringsplats. L\u00e4s<a href=\"http:\/\/www.expressen.se\/nyheter\/1.2628920\/marklund-kan-inte-ha-en-statsminister-som-marknadsfor-sig-som-asa-nisse\" target=\"_blank\"><strong> H\u00c4R!<\/strong><\/a><\/p>\n<p>Lite f\u00e5nigt naivt t\u00e4nker jag mig h\u00e4ndelsef\u00f6rloppet kring Sossarnas partiledarskap s\u00e5 h\u00e4r:<\/p>\n<p>Env\u00e5ldsh\u00e4rskaren<a href=\"http:\/\/www.dn.se\/ekonomi\/borg-korad-till-baste-finansminister\" target=\"_blank\">,<\/a> den maktfullkomlige <strong>G\u00f6ran Persson<\/strong> f\u00f6rsvann och r\u00e4ddningen &#8211; <strong>Anna Lindh<\/strong> m\u00f6rdades<a href=\"http:\/\/www.aftonbladet.se\/ledare\/ledarkronika\/ingvarpersson\/article13973565.ab\" target=\"_blank\">.<\/a> Den st\u00e4ndigt baktalade <strong>Mona Sahlin<\/strong> fick axla rollen som partiledare och smutskastningen av henne fortsatte och intensifierades &#8211; av de egna!<\/p>\n<p>Mona Sahlin avg\u00e5r &#8211; jag f\u00f6rst\u00e5r henne fullst\u00e4ndigt &#8211; men VEM SKA MAN NU VASKA FRAM?? Man letar bland gamla, uttj\u00e4nta alternativ som <strong>\u00d6stros<\/strong>, <strong>Patgrotsky<\/strong> och <strong>\u00d6sterberg<\/strong> medan karri\u00e4rgalna <strong>Margot Wallstr\u00f6m<\/strong> sedan l\u00e4nge v\u00e4nt sina v\u00e4lg\u00f6rare ryggen f\u00f6r pengarna i <strong>Bryssel<\/strong><a href=\"http:\/\/www.svd.se\/nyheter\/inrikes\/konstigt-att-man-avstar-med-sa-hogt-arvode_6655948.svd\" target=\"_blank\">.<\/a><\/p>\n<p>Paniken tilltar! Vem ska det bli!? Vem ska leda det f\u00f6rr s\u00e5 m\u00e4ktiga arbetarpartiet??<\/p>\n<p>Valet f\u00f6ll p\u00e5 en snart 50-\u00e5rig kille fr\u00e5n <strong>Kalmar l\u00e4n<\/strong>. Hans reaktion, enligt en intervju i<strong> Sveriges Radio<\/strong> i v\u00e5ras l\u00e4t s\u00e5 h\u00e4r: <strong><em>\u201d- Oj! De \u00e4r inte kloka.&#8221;<\/em><\/strong><\/p>\n<p>H\u00e5kan Juholt fortsatte:<em>&#8221; -Jag \u00e4r alldeles f\u00f6r yvig och ostrukturerad \u2013 jag har inte en personlighet som passar f\u00f6r att ha ett s\u00e5dant ledande uppdrag. Jag vet det, jag k\u00e4nner mig sj\u00e4lv v\u00e4ldigt v\u00e4l. Jag ser det som helt ot\u00e4nkbart. Jag har varken kapacitet politiskt eller socialt att st\u00e4lla mig f\u00f6rst i Sveriges st\u00f6rst politiska parti. Jag inser min begr\u00e4nsning.\u201d <a href=\"http:\/\/www.filindeblogg.nu\/?attachment_id=26104\" rel=\"attachment wp-att-26104\"><img loading=\"lazy\" class=\"alignnone size-full wp-image-26104\" title=\"\u00c5sa-Nisse\" src=\"http:\/\/www.filindeblogg.nu\/wp-content\/uploads\/2011\/11\/%C3%85sa-Nisse.jpg\" alt=\"\" width=\"134\" height=\"178\" \/><\/a><br \/>\n<\/em><\/p>\n<p>Dessa uttalanden l\u00e4nder v\u00e4l honom \u00e4nd\u00e5 till heders.<\/p>\n<p>Sen var han inne i ekorrhjulet som inte gick att stoppa! F\u00f6rmodligen k\u00e4nde han sig lite sm\u00e5tt hysteriskt lycklig \u00f6ver att pl\u00f6tsligt och otippat ha blivit Socialdemokraternas ledare. Kanske steg det honom \u00e5t huvudet ibland &#8211; och kan man klandra honom f\u00f6r det?<\/p>\n<p>Det kunde ju ha varit vem som helst &#8211; eller? Kanske v\u00e5r <strong>Olle fr\u00e5n Arboga<\/strong>!? <a href=\"http:\/\/www.filindeblogg.nu\/?attachment_id=26103\" rel=\"attachment wp-att-26103\"><img loading=\"lazy\" class=\"alignnone size-full wp-image-26103\" title=\"Olle Ytterberg\" src=\"http:\/\/www.filindeblogg.nu\/wp-content\/uploads\/2011\/11\/Olle-Ytterberg.jpg\" alt=\"\" width=\"116\" height=\"155\" \/><\/a><\/p>\n<p>Jag \u00e4r s\u00e4ker p\u00e5 att Olle skulle klara jobbet minst lika bra som H\u00e5kan &#8211; nej, mycket b\u00e4ttre.<\/p>\n<p>Rena natta allts\u00e5!<\/p>\n<p>Men man kan ju f\u00f6rs\u00f6ka t\u00e4nda ett ljus i m\u00f6rkret? Hur sossarna t\u00e4nker t\u00e4nda till och t\u00e4nda om &#8211; det har jag ingen aning om. Jag sj\u00e4lv vandrade i skogen en stund ig\u00e5r och plockade lite mossa och kvistar. <a href=\"http:\/\/www.filindeblogg.nu\/?attachment_id=26105\" rel=\"attachment wp-att-26105\"><img loading=\"lazy\" class=\"alignnone size-medium wp-image-26105\" title=\"IMG_1043 (3)\" src=\"http:\/\/www.filindeblogg.nu\/wp-content\/uploads\/2011\/11\/IMG_1043-3-300x225.jpg\" alt=\"\" width=\"180\" height=\"135\" srcset=\"http:\/\/www.filindeblogg.nu\/wp-content\/uploads\/2011\/11\/IMG_1043-3-300x225.jpg 300w, http:\/\/www.filindeblogg.nu\/wp-content\/uploads\/2011\/11\/IMG_1043-3.jpg 461w\" sizes=\"(max-width: 180px) 100vw, 180px\" \/><\/a> Det \u00e4r ju 1:a Advent p\u00e5 s\u00f6ndag och imorgon bara 1 m\u00e5nad till julafton! <a href=\"http:\/\/www.filindeblogg.nu\/?attachment_id=26106\" rel=\"attachment wp-att-26106\"><img loading=\"lazy\" class=\"alignnone size-medium wp-image-26106\" title=\"IMG_1045 (3)\" src=\"http:\/\/www.filindeblogg.nu\/wp-content\/uploads\/2011\/11\/IMG_1045-3-300x225.jpg\" alt=\"\" width=\"180\" height=\"135\" srcset=\"http:\/\/www.filindeblogg.nu\/wp-content\/uploads\/2011\/11\/IMG_1045-3-300x225.jpg 300w, http:\/\/www.filindeblogg.nu\/wp-content\/uploads\/2011\/11\/IMG_1045-3.jpg 461w\" sizes=\"(max-width: 180px) 100vw, 180px\" \/><\/a><\/p>\n<p>\u00c4r det m\u00f6rkt och dystert ute s\u00e5 f\u00e5r man g\u00f6ra det b\u00e4sta av situationen. T\u00e4nda ett ljus!<\/p>\n<p style=\"text-align: center;\"><a href=\"http:\/\/www.filindeblogg.nu\/?attachment_id=26107\" rel=\"attachment wp-att-26107\"><img loading=\"lazy\" class=\"aligncenter size-medium wp-image-26107\" title=\"IMG_1055 (2)\" src=\"http:\/\/www.filindeblogg.nu\/wp-content\/uploads\/2011\/11\/IMG_1055-2-225x300.jpg\" alt=\"\" width=\"158\" height=\"210\" srcset=\"http:\/\/www.filindeblogg.nu\/wp-content\/uploads\/2011\/11\/IMG_1055-2-225x300.jpg 225w, http:\/\/www.filindeblogg.nu\/wp-content\/uploads\/2011\/11\/IMG_1055-2.jpg 346w\" sizes=\"(max-width: 158px) 100vw, 158px\" \/><\/a><\/p>\n<p>&nbsp;<\/p>\n<p>&nbsp;<\/p>\n","protected":false},"excerpt":{"rendered":"<p>&#8221;- Rena natta!&#8221; S\u00e5 t\u00e4nkte f\u00f6rmodligen katten Felix imorse &#8211; gick ut p\u00e5 f\u00f6rstubron &#8211; s\u00e5g m\u00f6rkret och regnet &#8211; och gick in igen. Klokt gjort! Rena m\u00f6rkret g\u00e4ller v\u00e4l \u00e4ven situationen f\u00f6r S och deras partiledare. Liza Marklund kallar H\u00e5kan Juholt f\u00f6r \u00c5sa-Nisse &#8211; bara en av raden h\u00e4ndelser som inte direkt f\u00f6r Socialdemokraterna [&hellip;]<\/p>\n","protected":false},"author":1,"featured_media":0,"comment_status":"open","ping_status":"open","sticky":false,"template":"","format":"standard","meta":[],"categories":[125,127,100,119,101],"tags":[],"_links":{"self":[{"href":"http:\/\/www.filindeblogg.nu\/index.php?rest_route=\/wp\/v2\/posts\/26100"}],"collection":[{"href":"http:\/\/www.filindeblogg.nu\/index.php?rest_route=\/wp\/v2\/posts"}],"about":[{"href":"http:\/\/www.filindeblogg.nu\/index.php?rest_route=\/wp\/v2\/types\/post"}],"author":[{"embeddable":true,"href":"http:\/\/www.filindeblogg.nu\/index.php?rest_route=\/wp\/v2\/users\/1"}],"replies":[{"embeddable":true,"href":"http:\/\/www.filindeblogg.nu\/index.php?rest_route=%2Fwp%2Fv2%2Fcomments&post=26100"}],"version-history":[{"count":13,"href":"http:\/\/www.filindeblogg.nu\/index.php?rest_route=\/wp\/v2\/posts\/26100\/revisions"}],"predecessor-version":[{"id":26120,"href":"http:\/\/www.filindeblogg.nu\/index.php?rest_route=\/wp\/v2\/posts\/26100\/revisions\/26120"}],"wp:attachment":[{"href":"http:\/\/www.filindeblogg.nu\/index.php?rest_route=%2Fwp%2Fv2%2Fmedia&parent=26100"}],"wp:term":[{"taxonomy":"category","embeddable":true,"href":"http:\/\/www.filindeblogg.nu\/index.php?rest_route=%2Fwp%2Fv2%2Fcategories&post=26100"},{"taxonomy":"post_tag","embeddable":true,"href":"http:\/\/www.filindeblogg.nu\/index.php?rest_route=%2Fwp%2Fv2%2Ftags&post=26100"}],"curies":[{"name":"wp","href":"https:\/\/api.w.org\/{rel}","templated":true}]}}