{"id":26041,"date":"2011-11-21T12:46:22","date_gmt":"2011-11-21T11:46:22","guid":{"rendered":"http:\/\/www.filindeblogg.nu\/?p=26041"},"modified":"2011-11-21T12:46:23","modified_gmt":"2011-11-21T11:46:23","slug":"vanvard-in-i-doden-vem-vill-ha-en-rosa-man-klipp-och-bokrecension","status":"publish","type":"post","link":"http:\/\/www.filindeblogg.nu\/?p=26041","title":{"rendered":"Vanv\u00e5rd in i d\u00f6den. Vem vill ha en rosa man? Klipp och bokrecension."},"content":{"rendered":"<p><a href=\"http:\/\/www.filindeblogg.nu\/?attachment_id=26073\" rel=\"attachment wp-att-26073\"><img loading=\"lazy\" class=\"alignnone size-full wp-image-26073\" title=\"Man i rosa\" src=\"http:\/\/www.filindeblogg.nu\/wp-content\/uploads\/2011\/11\/Man-i-rosa1.jpg\" alt=\"\" width=\"110\" height=\"166\" \/><\/a>\u00a0 M\u00e5ndag idag och det betyder att g\u00e5rdagen bl.a. kunde \u00e4gnas \u00e5t tjockatjocka DN! Massor av l\u00e4sning i lugn och ro &#8211; h\u00e4rligt. Lite klipp fr\u00e5n tidningen kommer som vanligt.<\/p>\n<p>Vad s\u00e4gs om denna trevliga nyhet!? <a href=\"http:\/\/www.filindeblogg.nu\/?attachment_id=26042\" rel=\"attachment wp-att-26042\"><img loading=\"lazy\" class=\"alignnone size-medium wp-image-26042\" title=\"IMG_1010 (3)\" src=\"http:\/\/www.filindeblogg.nu\/wp-content\/uploads\/2011\/11\/IMG_1010-3-300x225.jpg\" alt=\"\" width=\"210\" height=\"158\" srcset=\"http:\/\/www.filindeblogg.nu\/wp-content\/uploads\/2011\/11\/IMG_1010-3-300x225.jpg 300w, http:\/\/www.filindeblogg.nu\/wp-content\/uploads\/2011\/11\/IMG_1010-3.jpg 461w\" sizes=\"(max-width: 210px) 100vw, 210px\" \/><\/a> Efter <strong>Skan\u00f6r<\/strong> med sina g\u00e4ss och <strong>Arvidsjaur<\/strong> med ekorrarna kommer nu <strong>H\u00f6rby<\/strong> med \u00f6verg\u00e5ngsst\u00e4lle f\u00f6r \u00e4nder!<br \/>\nS\u00e5dant gillar bloggaren! N\u00e4r man tar djur och natur p\u00e5 allvar! Inser att det \u00e4r vi m\u00e4nniskor som inkr\u00e4ktat p\u00e5 naturen med v\u00e5ra hus, v\u00e4gar, bilar och industrier och d\u00e4rmed b\u00f6r k\u00e4nna respekt och ansvar f\u00f6r dom undantr\u00e4ngda &#8211; djuren. L\u00e4s <a href=\"http:\/\/www.dn.se\/nyheter\/sverige\/ander-far-overgangsstalle\" target=\"_blank\"><strong>H\u00c4R<\/strong><\/a> i DN.<\/p>\n<p>Annat som \u00e4r v\u00e4rt att t\u00e4nka till p\u00e5 \u00e4r det h\u00e4r<a href=\"http:\/\/www.dn.se\/kultur-noje\/kristian-petri-ni-har-lagt-ett-stort-morker-over-min-pappas-sista-veckor-i-livet\" target=\"_blank\">:<\/a> <a href=\"http:\/\/www.filindeblogg.nu\/?attachment_id=26043\" rel=\"attachment wp-att-26043\"><img loading=\"lazy\" class=\"alignnone size-medium wp-image-26043\" title=\"IMG_1013 (3)\" src=\"http:\/\/www.filindeblogg.nu\/wp-content\/uploads\/2011\/11\/IMG_1013-3-300x225.jpg\" alt=\"\" width=\"180\" height=\"135\" srcset=\"http:\/\/www.filindeblogg.nu\/wp-content\/uploads\/2011\/11\/IMG_1013-3-300x225.jpg 300w, http:\/\/www.filindeblogg.nu\/wp-content\/uploads\/2011\/11\/IMG_1013-3.jpg 461w\" sizes=\"(max-width: 180px) 100vw, 180px\" \/><\/a><br \/>\n<em>&#8221;Ni har lagt ett stort m\u00f6rker \u00f6ver min pappas sista veckor i livet&#8221;<\/em>, skriver sonen Kritian Petri och ber\u00e4ttar om vanv\u00e5rd i livets slutskede. Vanv\u00e5rd, respektl\u00f6shet och brist p\u00e5 empati &#8211; igen! L\u00e4s reportaget genom att klicka <a href=\"http:\/\/www.dn.se\/kultur-noje\/kristian-petri-ni-har-lagt-ett-stort-morker-over-min-pappas-sista-veckor-i-livet\" target=\"_blank\"><strong>H\u00c4R!<\/strong><\/a><\/p>\n<p><a href=\"http:\/\/www.filindeblogg.nu\/?attachment_id=26044\" rel=\"attachment wp-att-26044\"><img loading=\"lazy\" class=\"alignnone size-medium wp-image-26044\" title=\"IMG_1014 (3)\" src=\"http:\/\/www.filindeblogg.nu\/wp-content\/uploads\/2011\/11\/IMG_1014-3-300x225.jpg\" alt=\"\" width=\"180\" height=\"135\" srcset=\"http:\/\/www.filindeblogg.nu\/wp-content\/uploads\/2011\/11\/IMG_1014-3-300x225.jpg 300w, http:\/\/www.filindeblogg.nu\/wp-content\/uploads\/2011\/11\/IMG_1014-3.jpg 461w\" sizes=\"(max-width: 180px) 100vw, 180px\" \/><\/a> <strong><em>&#8221;Ni br\u00f6t ner honom och skickade honom till vanv\u00e5rd&#8221;<\/em><\/strong>, skriver Kristian Petri och utan att alls ta ifr\u00e5n honom och hans far den uppm\u00e4rksamhet som den h\u00e4r hemska ber\u00e4ttelsen ska ha &#8211; kommer jag att t\u00e4nka p\u00e5 n\u00e5gra andra i samh\u00e4llet som ocks\u00e5 uts\u00e4tts f\u00f6r total respektl\u00f6shet.<\/p>\n<p><em>&#8221;Ni br\u00f6t ner honom och skickade honom till vanv\u00e5rd<\/em>&#8221; &#8211; kan ocks\u00e5 beskriva en m\u00e4ngd h\u00e5rt arbetande m\u00e4nniskor som slitits ut. Nedbrutna av ett icke-fungerande samh\u00e4llssystem d\u00e4r bara unga, friska<a href=\"http:\/\/www.dn.se\/nyheter\/politik\/ostros-utspel-om-juholt-forvanar\" target=\"_blank\">,<\/a> barnl\u00f6sa 180 %-are g\u00e4ller &#8211; kastas m\u00e4nniskor p\u00e5 soph\u00f6gen n\u00e4r de inte l\u00e4ngre orkar. Sakta men s\u00e4kert bryts de ner genom f\u00f6rtal, diskriminering<a href=\"http:\/\/www.aftonbladet.se\/nyheter\/article13964119.ab\" target=\"_blank\">,<\/a> trakasserier fr\u00e5n de myndigheter som genom regeringen satts att ansvara f\u00f6r de sjukskrivna<a href=\"http:\/\/www.svd.se\/nyheter\/inrikes\/ostros-utspel-om-juholt-forvanar_6649724.svd\" target=\"_blank\">.<\/a><\/p>\n<p>Vanv\u00e5rd av m\u00e4nniskor som mycket v\u00e4l skulle kunna komma tillbaka i arbete om m\u00f6jligheten fanns. Om rehabilitering och m\u00e4nniskov\u00e4rde var ord som <strong>F\u00f6rs\u00e4kringskassan<\/strong> och <strong>Arbetsf\u00f6rmedlingen <\/strong>k\u00e4nde till och inte just vanv\u00e5rd som idag<a href=\"http:\/\/hd.se\/ekonomi\/2011\/11\/21\/farre-arbetslosa-fler-nya-jobb\/\" target=\"_blank\">. <\/a>Vanv\u00e5rd d\u00e4r specialistl\u00e4kares ord v\u00e4ger l\u00e4tt n\u00e4r F\u00f6rs\u00e4kringskassan tar beslut och ingen som helst flexibilitet eller anpassning till olika m\u00e4nniskors f\u00f6ruts\u00e4ttningar finns med i regelboken fr\u00e5n regeringen<a href=\"http:\/\/www.expressen.se\/nyheter\/1.2628294\/nytt-ras-for-socialdemokraterna-i-ny-matning\" target=\"_blank\">. <\/a><\/p>\n<p>Vanv\u00e5rd in i d\u00f6den \u00e4r det som g\u00e4ller f\u00f6r det Sverige som kallar sig v\u00e4lf\u00e4rdsland d\u00e4r bara unga, friska m\u00e4nniskor med r\u00e4tt efternamn har ett ber\u00e4ttigande. <a href=\"http:\/\/www.filindeblogg.nu\/?attachment_id=26045\" rel=\"attachment wp-att-26045\"><img loading=\"lazy\" class=\"alignnone size-full wp-image-26045\" title=\"Jobba\" src=\"http:\/\/www.filindeblogg.nu\/wp-content\/uploads\/2011\/11\/Jobba.jpg\" alt=\"\" width=\"169\" height=\"146\" \/><\/a><\/p>\n<p>En annan som ser d\u00f6den i vit\u00f6gat \u00e4r den h\u00e4r mannen: <a href=\"http:\/\/www.filindeblogg.nu\/?attachment_id=26046\" rel=\"attachment wp-att-26046\"><img loading=\"lazy\" class=\"alignnone size-medium wp-image-26046\" title=\"IMG_1011 (2)\" src=\"http:\/\/www.filindeblogg.nu\/wp-content\/uploads\/2011\/11\/IMG_1011-2-300x225.jpg\" alt=\"\" width=\"180\" height=\"135\" srcset=\"http:\/\/www.filindeblogg.nu\/wp-content\/uploads\/2011\/11\/IMG_1011-2-300x225.jpg 300w, http:\/\/www.filindeblogg.nu\/wp-content\/uploads\/2011\/11\/IMG_1011-2.jpg 461w\" sizes=\"(max-width: 180px) 100vw, 180px\" \/><\/a> <strong>Muammar Khadaffi<\/strong>s son, den 39-\u00e5rige <strong>Saif al-Islam<\/strong> som nu tillf\u00e5ngatagits. Jag har ingen som helst f\u00f6rbarmande \u00f6ver vare sig honom eller hans far men n\u00e4r jag ser fotot fr\u00e5n DN undrar jag:<em> &#8211; Vad t\u00e4nker han p\u00e5 bilden? Fejkar han eller \u00e4r det uppriktighet jag ser i hans \u00f6gon? Ser jag fasansfull r\u00e4dsla? Vad k\u00e4nner han? \u00c5ngrar han sig? Tror han p\u00e5 n\u00e5gon framtid? Och &#8211; vad kommer att h\u00e4nda honom nu? Ska han sk\u00e4ndas och d\u00f6das som sin far eller f\u00e5r han en r\u00e4ttvis r\u00e4tteg\u00e5ng? Vad tror han sj\u00e4lv?<br \/>\n<\/em><\/p>\n<p>\u00d6ver till n\u00e5got helt annat, som det heter. <a href=\"http:\/\/www.filindeblogg.nu\/?attachment_id=26047\" rel=\"attachment wp-att-26047\"><img loading=\"lazy\" class=\"alignnone size-medium wp-image-26047\" title=\"IMG_1012 (3)\" src=\"http:\/\/www.filindeblogg.nu\/wp-content\/uploads\/2011\/11\/IMG_1012-3-300x225.jpg\" alt=\"\" width=\"180\" height=\"135\" srcset=\"http:\/\/www.filindeblogg.nu\/wp-content\/uploads\/2011\/11\/IMG_1012-3-300x225.jpg 300w, http:\/\/www.filindeblogg.nu\/wp-content\/uploads\/2011\/11\/IMG_1012-3.jpg 461w\" sizes=\"(max-width: 180px) 100vw, 180px\" \/><\/a><em><\/em><br \/>\nP\u00e5 en topp-5-lista rankar en journalist i DN denna bok. <a href=\"http:\/\/www.filindeblogg.nu\/?attachment_id=26048\" rel=\"attachment wp-att-26048\"><img loading=\"lazy\" class=\"alignnone size-full wp-image-26048\" title=\"untitled\" src=\"http:\/\/www.filindeblogg.nu\/wp-content\/uploads\/2011\/11\/Rosa-den-farliga-f%C3%A4rgen.jpg\" alt=\"\" width=\"100\" height=\"154\" \/><\/a> <strong><em>&#8221;Rosa den farliga f\u00e4rgen&#8221;<\/em><\/strong> av<strong> Fanny Ambj\u00f6rnsson<\/strong>. <a href=\"http:\/\/www.filindeblogg.nu\/?attachment_id=26049\" rel=\"attachment wp-att-26049\"><img loading=\"lazy\" class=\"alignnone size-medium wp-image-26049\" title=\"fanny_ambj\u00f6rnsson_toppbild\" src=\"http:\/\/www.filindeblogg.nu\/wp-content\/uploads\/2011\/11\/fanny_ambj%C3%B6rnsson_toppbild-300x118.jpg\" alt=\"\" width=\"180\" height=\"71\" \/><\/a><br \/>\nBoken \u00e4r utgiven p\u00e5 <strong>Ordfronts f\u00f6rlag<\/strong> och s\u00e5 h\u00e4r st\u00e5r det p\u00e5 Ordfronts hemsida om boken:<\/p>\n<p><em>&#8221;F\u00e4rgen rosa v\u00e4cker k\u00e4nslor, b\u00e5de av avsmak, obehag och avsky, men ocks\u00e5 av beg\u00e4r, v\u00e4llust och v\u00e4lbehag. Rosa uppfattas s\u00e4llan som helt neutralt. F\u00f6rmodligen f\u00f6r att det \u00e4r den enda f\u00e4rgen i f\u00e4rgskalen som \u00e4r entydigt k\u00f6nskodad. Rosa har med kvinnor att g\u00f6ra. I de st\u00f6rre kl\u00e4dkedjornas barnkl\u00e4desavdelningar kan man lokalisera k\u00f6nsuppdelning enbart genom att leta sig fram till den rosa avdelningen. <\/em><br \/>\n<em>Intressant nog \u00e4r det rosa man ofta ser som symbol i olika feministiska sammanhang.\u00a0 <a href=\"http:\/\/www.feministisktinitiativ.se\/\" target=\"_blank\"><strong>Feministiskt initiativ<\/strong> <\/a>valde m\u00f6rkrosa som sin partif\u00e4rg och vissa queeraktivister anv\u00e4nder sig av rosa som motst\u00e5nd.&#8221;<\/em><\/p>\n<p>Visst \u00e4r det intressant!\u00a0<a href=\"http:\/\/www.filindeblogg.nu\/?attachment_id=26074\" rel=\"attachment wp-att-26074\"><img loading=\"lazy\" class=\"alignnone size-full wp-image-26074\" title=\"Man i rosa 3\" src=\"http:\/\/www.filindeblogg.nu\/wp-content\/uploads\/2011\/11\/Man-i-rosa-3.jpg\" alt=\"\" width=\"113\" height=\"160\" \/><\/a>\u00a0 Hur en enda f\u00e4rg kan vara s\u00e5 otroligt laddad! <a href=\"http:\/\/www.filindeblogg.nu\/?attachment_id=26051\" rel=\"attachment wp-att-26051\"><img loading=\"lazy\" class=\"alignnone size-full wp-image-26051\" title=\"Man i rosa badrock\" src=\"http:\/\/www.filindeblogg.nu\/wp-content\/uploads\/2011\/11\/Man-i-rosa-badrock.jpg\" alt=\"\" width=\"121\" height=\"176\" \/><\/a><br \/>\nL\u00e4s mer <a href=\"http:\/\/www.ordfront.se\/Bocker\/Nyabocker\/Rosa.aspx\" target=\"_blank\"><strong>H\u00c4R<\/strong><\/a> p\u00e5 Ordfronts f\u00f6rlag.<\/p>\n<p>Bokrecension &#8211; <strong><em>&#8221;Denna d\u00f6dens kropp&#8221;<\/em><\/strong> av<strong> Elizabeth George<\/strong>.<br \/>\nDessa 700 sidor skulle man l\u00e4tt ha kunnat l\u00e4sa rakt av om inte behovet av s\u00f6mn gjort sig p\u00e5mint.<strong> Thomas Lynley<\/strong> \u00e4r tillbaka efter sin hustrus tragiska bortg\u00e5ng. Det k\u00e4nns v\u00e4ldigt tryggt och bra. Oroande \u00e4r d\u00e4remot att en viss <strong>Isabelle Ardery<\/strong> dyker upp som chef p\u00e5 prov f\u00f6r mordroteln. Hon \u00e4r en osympatisk bitch som dricker f\u00f6r mycket men som \u00e4nd\u00e5 f\u00e5r Lynley att gl\u00f6mma hustrun <strong>Helen<\/strong> f\u00f6r att snart g\u00e5 i s\u00e4ng med Ardery. Han har dessutom mage att f\u00f6rorda Ardery f\u00f6r platsen som chef. Alltmedan<strong> Barbara Havers<\/strong> tack och lov g\u00e5r sina egna v\u00e4gar och ser till att det minst sagt kluriga mordfallet l\u00f6ses. Mordg\u00e5tan str\u00e4cker sig \u00f6ver l\u00e5ng tid och den \u00e4r gr\u00e4nsl\u00f6st sp\u00e4nnande. Elizabeth George har gjort det igen! Det enda man blir ledsen \u00f6ver \u00e4r att boken tar slut och att man f\u00f6rmodligen f\u00e5r v\u00e4nta r\u00e4tt l\u00e5ng tid p\u00e5 n\u00e4sta utveckling vad g\u00e4ller kommissarie Lynley och hans g\u00e4ng.<\/p>\n<p><strong>&#8221;Slut f\u00f6r idag &#8211; tack f\u00f6r idag&#8221;<\/strong>, som min gamla l\u00e4rare sa i sm\u00e5skolan!<\/p>\n<p style=\"text-align: center;\"><a href=\"http:\/\/www.filindeblogg.nu\/?attachment_id=26052\" rel=\"attachment wp-att-26052\"><img loading=\"lazy\" class=\"size-medium wp-image-26052 aligncenter\" title=\"IMG_1008 (2)\" src=\"http:\/\/www.filindeblogg.nu\/wp-content\/uploads\/2011\/11\/IMG_1008-21-225x300.jpg\" alt=\"\" width=\"135\" height=\"180\" srcset=\"http:\/\/www.filindeblogg.nu\/wp-content\/uploads\/2011\/11\/IMG_1008-21-225x300.jpg 225w, http:\/\/www.filindeblogg.nu\/wp-content\/uploads\/2011\/11\/IMG_1008-21.jpg 346w\" sizes=\"(max-width: 135px) 100vw, 135px\" \/><\/a><\/p>\n<p>&nbsp;<\/p>\n<p>&nbsp;<\/p>\n","protected":false},"excerpt":{"rendered":"<p>\u00a0 M\u00e5ndag idag och det betyder att g\u00e5rdagen bl.a. kunde \u00e4gnas \u00e5t tjockatjocka DN! Massor av l\u00e4sning i lugn och ro &#8211; h\u00e4rligt. Lite klipp fr\u00e5n tidningen kommer som vanligt. Vad s\u00e4gs om denna trevliga nyhet!? Efter Skan\u00f6r med sina g\u00e4ss och Arvidsjaur med ekorrarna kommer nu H\u00f6rby med \u00f6verg\u00e5ngsst\u00e4lle f\u00f6r \u00e4nder! S\u00e5dant gillar bloggaren! [&hellip;]<\/p>\n","protected":false},"author":1,"featured_media":0,"comment_status":"open","ping_status":"open","sticky":false,"template":"","format":"standard","meta":[],"categories":[125,106,121,126,100,119,101,124],"tags":[],"_links":{"self":[{"href":"http:\/\/www.filindeblogg.nu\/index.php?rest_route=\/wp\/v2\/posts\/26041"}],"collection":[{"href":"http:\/\/www.filindeblogg.nu\/index.php?rest_route=\/wp\/v2\/posts"}],"about":[{"href":"http:\/\/www.filindeblogg.nu\/index.php?rest_route=\/wp\/v2\/types\/post"}],"author":[{"embeddable":true,"href":"http:\/\/www.filindeblogg.nu\/index.php?rest_route=\/wp\/v2\/users\/1"}],"replies":[{"embeddable":true,"href":"http:\/\/www.filindeblogg.nu\/index.php?rest_route=%2Fwp%2Fv2%2Fcomments&post=26041"}],"version-history":[{"count":24,"href":"http:\/\/www.filindeblogg.nu\/index.php?rest_route=\/wp\/v2\/posts\/26041\/revisions"}],"predecessor-version":[{"id":26078,"href":"http:\/\/www.filindeblogg.nu\/index.php?rest_route=\/wp\/v2\/posts\/26041\/revisions\/26078"}],"wp:attachment":[{"href":"http:\/\/www.filindeblogg.nu\/index.php?rest_route=%2Fwp%2Fv2%2Fmedia&parent=26041"}],"wp:term":[{"taxonomy":"category","embeddable":true,"href":"http:\/\/www.filindeblogg.nu\/index.php?rest_route=%2Fwp%2Fv2%2Fcategories&post=26041"},{"taxonomy":"post_tag","embeddable":true,"href":"http:\/\/www.filindeblogg.nu\/index.php?rest_route=%2Fwp%2Fv2%2Ftags&post=26041"}],"curies":[{"name":"wp","href":"https:\/\/api.w.org\/{rel}","templated":true}]}}