{"id":26008,"date":"2011-11-20T12:14:19","date_gmt":"2011-11-20T11:14:19","guid":{"rendered":"http:\/\/www.filindeblogg.nu\/?p=26008"},"modified":"2011-11-20T12:14:20","modified_gmt":"2011-11-20T11:14:20","slug":"respekten-fran-af-och-fk-var-finns-den-och-camilla-lackberg-slang-dig-i-vaggen-bra-lastips-formedlas","status":"publish","type":"post","link":"http:\/\/www.filindeblogg.nu\/?p=26008","title":{"rendered":"Respekten fr\u00e5n Af och Fk var finns den? Och Camilla L\u00e4ckberg &#8211; sl\u00e4ng dig i v\u00e4ggen! BRA l\u00e4stips f\u00f6rmedlas!"},"content":{"rendered":"<p><a href=\"http:\/\/www.filindeblogg.nu\/?attachment_id=26009\" rel=\"attachment wp-att-26009\"><img loading=\"lazy\" class=\"alignnone size-full wp-image-26009\" title=\"Stresskylt\" src=\"http:\/\/www.filindeblogg.nu\/wp-content\/uploads\/2011\/11\/Stresskylt.jpg\" alt=\"\" width=\"187\" height=\"139\" \/><\/a>S\u00e5 h\u00e4r startar ett stort antal m\u00e4nniskor sina dagar &#8211; fast utan det lilla r\u00f6da hj\u00e4rtat som gullar till det allvarliga. Stress och press g\u00f6r folk sjuka och m\u00e4nniskor drabbas \u00e5r efter \u00e5r men inget h\u00e4nder. <a href=\"http:\/\/www.filindeblogg.nu\/?attachment_id=26010\" rel=\"attachment wp-att-26010\"><img loading=\"lazy\" class=\"alignnone size-medium wp-image-26010\" title=\"stressad_118516132_167146297\" src=\"http:\/\/www.filindeblogg.nu\/wp-content\/uploads\/2011\/11\/stressad_118516132_167146297-208x300.gif\" alt=\"\" width=\"125\" height=\"180\" srcset=\"http:\/\/www.filindeblogg.nu\/wp-content\/uploads\/2011\/11\/stressad_118516132_167146297-208x300.gif 208w, http:\/\/www.filindeblogg.nu\/wp-content\/uploads\/2011\/11\/stressad_118516132_167146297.gif 300w\" sizes=\"(max-width: 125px) 100vw, 125px\" \/><\/a><\/p>\n<p>Bloggaren vet! Jag har sj\u00e4lv r\u00e5kat ut f\u00f6r utbr\u00e4ndhet &#8211; och inte bara en g\u00e5ng. F\u00f6rsta g\u00e5ngen var 1997 och det var s\u00e5 pass nytt d\u00e5 (eller r\u00e4ttare sagt uppm\u00e4rksammat) att <strong>DN<\/strong> genom<strong> Awiwa Keller<\/strong> skrev en stort reportage om mig i januari 1998. Lite fr\u00e5n artikeln kan ni l\u00e4sa genom att klicka <a href=\"http:\/\/www.dn.se\/ekonomi\/arkiv-plotsligt-rasade-allting-samman?rm=print\" target=\"_blank\"><strong>H\u00c4R<\/strong> <\/a>men ocks\u00e5\u00a0 <a href=\"http:\/\/www.dn.se\/ekonomi\/svart-komma-igen-for-utbrand-arbetsnarkoman?rm=print\" target=\"_blank\"><strong>H\u00c4R!<\/strong><\/a><\/p>\n<p>1997 &#8211; det \u00e4r allts\u00e5 \u00f6ver 14 \u00e5r sedan &#8211; och ingenting tyder p\u00e5 att arbetsgivarna, fackf\u00f6reningarna eller regeringen har f\u00f6rst\u00e5tt allvaret f\u00f6r att g\u00f6ra n\u00e5gonting \u00e5t det. Det \u00e4r otroligt skr\u00e4mmande! Det handlar inte bara om tragedier f\u00f6r enskilda m\u00e4nniskor utan om samh\u00e4llsekonomi.<\/p>\n<p><a href=\"http:\/\/www.filindeblogg.nu\/?attachment_id=26011\" rel=\"attachment wp-att-26011\"><img loading=\"lazy\" class=\"alignnone size-medium wp-image-26011\" title=\"Fk logga\" src=\"http:\/\/www.filindeblogg.nu\/wp-content\/uploads\/2011\/11\/Fk-logga-300x43.jpg\" alt=\"\" width=\"180\" height=\"26\" srcset=\"http:\/\/www.filindeblogg.nu\/wp-content\/uploads\/2011\/11\/Fk-logga-300x43.jpg 300w, http:\/\/www.filindeblogg.nu\/wp-content\/uploads\/2011\/11\/Fk-logga.jpg 320w\" sizes=\"(max-width: 180px) 100vw, 180px\" \/><\/a>\u00a0 och\u00a0 <a href=\"http:\/\/www.filindeblogg.nu\/?attachment_id=26012\" rel=\"attachment wp-att-26012\"><img loading=\"lazy\" class=\"alignnone size-full wp-image-26012\" title=\"Af logo\" src=\"http:\/\/www.filindeblogg.nu\/wp-content\/uploads\/2011\/11\/Af-logo.jpg\" alt=\"\" width=\"157\" height=\"41\" \/><\/a> bollar de sjuka mellan sig och bollandet \u00e4r det enda som h\u00e4nder dessa sjuka m\u00e4nniskor! F\u00f6r hj\u00e4lp f\u00e5r ingen!<\/p>\n<p>Som utbr\u00e4nd med utmattningssyndrom handlar det just om sv\u00e5righeter att t\u00e4nka &#8211; n\u00e4r det \u00e4r som v\u00e4rst. D v s problem att minnas, att t\u00e4nka fram\u00e5t, att fundera ut l\u00f6sningar. Man beh\u00f6ver hj\u00e4lp med det &#8211; men f\u00e5r det absolut inte. Man skickas fram och tillbaka mellan myndighetsut\u00f6vare och ingen tar ansvar f\u00f6r den sjuke. Var finns informationen! <a href=\"http:\/\/www.filindeblogg.nu\/?attachment_id=26014\" rel=\"attachment wp-att-26014\"><img loading=\"lazy\" class=\"alignnone size-full wp-image-26014\" title=\"Information\" src=\"http:\/\/www.filindeblogg.nu\/wp-content\/uploads\/2011\/11\/Information.jpg\" alt=\"\" width=\"156\" height=\"116\" \/><\/a> Och var finns respekten?<\/p>\n<p><a href=\"http:\/\/www.filindeblogg.nu\/?attachment_id=26013\" rel=\"attachment wp-att-26013\"><img loading=\"lazy\" class=\"alignnone size-full wp-image-26013\" title=\"Snurrig\" src=\"http:\/\/www.filindeblogg.nu\/wp-content\/uploads\/2011\/11\/Snurrig.jpg\" alt=\"\" width=\"135\" height=\"135\" srcset=\"http:\/\/www.filindeblogg.nu\/wp-content\/uploads\/2011\/11\/Snurrig.jpg 225w, http:\/\/www.filindeblogg.nu\/wp-content\/uploads\/2011\/11\/Snurrig-150x150.jpg 150w\" sizes=\"(max-width: 135px) 100vw, 135px\" \/><\/a>N\u00e4r symptomen sl\u00e5r till blir man som utbr\u00e4nd f\u00f6rvirrad och snurrig och att sj\u00e4lva leta information &#8211; och r\u00e4tt information &#8211; kan vara mycket sv\u00e5rt.<\/p>\n<p>Hur kan regeringen h\u00e4vda<strong><em> &#8221;arbetslinjen&#8221;<\/em><\/strong> n\u00e4r man samtidigt \u00f6verger de som beh\u00f6ver st\u00f6d f\u00f6r att komma igen?<br \/>\nP\u00e5 <strong>Wikipedia<\/strong> l\u00e4ser jag s\u00e5 h\u00e4r om &#8221;arbetslinjen&#8221;:\u00a0 <strong>&#8221;<em>Arbetsf\u00f6rm\u00f6gna m\u00e5ste aktivt s\u00f6ka avl\u00f6nat arbete eller g\u00e5 n\u00e5gon godk\u00e4nd aktiveringskurs eller utbildning f\u00f6r att kvalificera till bidrag.&#8221;<br \/>\n<\/em><\/strong>Vidare detta:<strong><em> &#8221;En grundtanke \u00e4r att arbetsl\u00f6sa genom &#8221;mor\u00f6tter och piskor&#8221; skall tvingas och lockas till l\u00f6nearbete.&#8221; <\/em><\/strong>L\u00e4s mer p\u00e5 Wikipedia genom att klicka <a href=\"http:\/\/sv.wikipedia.org\/wiki\/Arbetslinjen\" target=\"_blank\"><strong>H\u00c4R.<\/strong><\/a><\/p>\n<p>Detta \u00e4r ett absurt och avskyv\u00e4rt syns\u00e4tt n\u00e4r man samtidigt l\u00e4mnar sjuka \u00e5t sitt \u00f6de<a href=\"http:\/\/www.svd.se\/nyheter\/inrikes\/bombot-stoppade-tag-mellan-stockholm-och-goteborg_6648250.svd\" target=\"_blank\">. <\/a>Det \u00e4r att skapa tv\u00e5 klasser &#8211; de som arbetar och de som &#8221;bara lever p\u00e5 bidrag&#8221; av vilket den sistn\u00e4mnda gruppen ska f\u00f6rintas<a href=\"http:\/\/www.aftonbladet.se\/nyheter\/article13961107.ab\" target=\"_blank\">.<\/a><\/p>\n<p>Personligen har jag alltid st\u00e4llt mig positiv till f\u00f6rs\u00f6k att komma igen. Alltid trott p\u00e5 l\u00f6sningar. Nu vet jag att l\u00f6sningarna inte kommer vare sig fr\u00e5n F\u00f6rs\u00e4kringskassan eller Arbetsf\u00f6rmedlingen. Man m\u00e5ste klara sig sj\u00e4lv &#8211; hur om\u00f6jligt det \u00e4n \u00e4r. F\u00f6rutom den psykiska kn\u00e4ck detta inneb\u00e4r handlar det ocks\u00e5 om tunnare pl\u00e5nbok, snart tom. <a href=\"http:\/\/www.filindeblogg.nu\/?attachment_id=26015\" rel=\"attachment wp-att-26015\"><img loading=\"lazy\" class=\"alignnone size-full wp-image-26015\" title=\"Utbr\u00e4nd kvinna\" src=\"http:\/\/www.filindeblogg.nu\/wp-content\/uploads\/2011\/11\/Utbr%C3%A4nd-kvinna.jpg\" alt=\"\" width=\"157\" height=\"116\" \/><\/a><\/p>\n<p><strong>RESPEKTEN! Var finns den i v\u00e5rt samh\u00e4lle?<\/strong><\/p>\n<p>Samma sak g\u00e4ller gamla m\u00e4nniskor &#8211; l\u00e4s: alla \u00f6ver 65. \u00c5ldersdiskrimineringen \u00e4r p\u00e5taglig i v\u00e5rt s k v\u00e4lf\u00e4rdsland inom alla omr\u00e5den. D\u00e4rf\u00f6r blir jag riktigt glad n\u00e4r protestaktioner uppst\u00e5r! <a href=\"http:\/\/www.filindeblogg.nu\/?attachment_id=26016\" rel=\"attachment wp-att-26016\"><img loading=\"lazy\" class=\"alignnone size-medium wp-image-26016\" title=\"IMG_0973 (3)\" src=\"http:\/\/www.filindeblogg.nu\/wp-content\/uploads\/2011\/11\/IMG_0973-3-300x225.jpg\" alt=\"\" width=\"210\" height=\"158\" srcset=\"http:\/\/www.filindeblogg.nu\/wp-content\/uploads\/2011\/11\/IMG_0973-3-300x225.jpg 300w, http:\/\/www.filindeblogg.nu\/wp-content\/uploads\/2011\/11\/IMG_0973-3.jpg 461w\" sizes=\"(max-width: 210px) 100vw, 210px\" \/><\/a> <a href=\"http:\/\/www.pro.se\/\" target=\"_blank\"><strong>PRO<\/strong> <\/a>(Pension\u00e4rernas Riksorganisation) protesterar genom <strong>Ulla Berndtsson<\/strong> i <strong>Arboga<\/strong>. Artikeln hittade jag i <strong>Arboga Tidning.<\/strong> N\u00e4ttidningen finner du <a href=\"http:\/\/bblat.se\/nyheter\/arboga\" target=\"_blank\"><strong>H\u00c4R<\/strong> <\/a>&#8211; men jag \u00e4r os\u00e4ker p\u00e5 om just denna artikel ligger ute.<\/p>\n<p>Disrespekt &#8211; som f\u00f6r \u00f6vrigt inte verkar finns som svenskt ord fast man p\u00e5 engelska s\u00e4ger &#8221;disrespect&#8221; som motsats till respekt &#8211; kan v\u00e4l ocks\u00e5 handla om att hota andra m\u00e4nniskor. Min dotter ringde nyss fr\u00e5n t\u00e5get p\u00e5 v\u00e4g mot<strong> Stockholm<\/strong> och ber\u00e4ttade att en man med pistol hotat spr\u00e4nga t\u00e5get hon satt p\u00e5<a href=\"http:\/\/www.gp.se\/nyheter\/goteborg\/1.779155--bombman-greps-pa-station\" target=\"_blank\">. <\/a>En skr\u00e4mmande h\u00e4ndelse som avl\u00f6pte v\u00e4l denna g\u00e5ng d\u00e5 polisen snabbt omh\u00e4ndertog mannen. L\u00e4s <a href=\"http:\/\/gt.expressen.se\/nyheter\/1.2627589\/bombdrama-pa-sj-tag-fran-goteborg\" target=\"_blank\"><strong>H\u00c4R!<\/strong><\/a> <strong>Expressen<\/strong> skriver om det (efter tips fr\u00e5n bloggaren!)<\/p>\n<p>Ja, farliga m\u00e4nniskor finns det tyv\u00e4rr en hel del och \u00e4nd\u00e5 b\u00f6r vi alla mest vara r\u00e4dda f\u00f6r <strong>VARGEN<\/strong> &#8211; eller??\u00a0 <a href=\"http:\/\/www.filindeblogg.nu\/?attachment_id=26017\" rel=\"attachment wp-att-26017\"><img loading=\"lazy\" class=\"alignnone size-full wp-image-26017\" title=\"Varg\" src=\"http:\/\/www.filindeblogg.nu\/wp-content\/uploads\/2011\/11\/Varg2.jpg\" alt=\"\" width=\"116\" height=\"96\" \/><\/a><\/p>\n<p>Farliga m\u00e4nniskor beskrivs i deckare och kriminalromaner och m\u00e5nga \u00e4r de m\u00e4nniskor som h\u00e4vdar att de \u00e4r deckarf\u00f6rfattare. <strong>&#8221;<em>M\u00e5nga \u00e4ro kallde men f\u00e5 utvalda&#8221;<\/em><\/strong> s\u00e4ger <strong>Bibeln<\/strong> och det h\u00e5ller jag verkligen med om.<\/p>\n<p><a href=\"http:\/\/www.filindeblogg.nu\/?attachment_id=26018\" rel=\"attachment wp-att-26018\"><img loading=\"lazy\" class=\"alignnone size-medium wp-image-26018\" title=\"IMG_1008 (2)\" src=\"http:\/\/www.filindeblogg.nu\/wp-content\/uploads\/2011\/11\/IMG_1008-2-225x300.jpg\" alt=\"\" width=\"135\" height=\"180\" srcset=\"http:\/\/www.filindeblogg.nu\/wp-content\/uploads\/2011\/11\/IMG_1008-2-225x300.jpg 225w, http:\/\/www.filindeblogg.nu\/wp-content\/uploads\/2011\/11\/IMG_1008-2.jpg 346w\" sizes=\"(max-width: 135px) 100vw, 135px\" \/><\/a> Jag har just l\u00e4st klart <strong>Elizabeth Georges<\/strong> senaste kriminalroman och jag s\u00e4ger bara: <em>&#8211;<strong> Camilla L\u00e4ckberg<\/strong> sl\u00e4ng dig i v\u00e4ggen<\/em>!<br \/>\nDet finns deckare och s\u00e5 finns det Deckare. Det finns v\u00e4lskrivna, gastkramande kriminalromaner som f\u00e5r l\u00e4saren att aldrig vilja l\u00e4gga ifr\u00e5n sig boken och s\u00e5 finns det kiosklitteratur!<br \/>\nVill du l\u00e4sa en troligt sp\u00e4nnande Deckare &#8211; k\u00f6p <strong><em>&#8221;Denna d\u00f6dens kropp&#8221;<\/em><\/strong>! Klicka <a href=\"http:\/\/www.adlibris.com\/se\/product.aspx?isbn=9113034863\" target=\"_blank\"><strong>H\u00c4R<\/strong><\/a> f\u00f6r att komma till <strong>Adlibris <\/strong>eller k\u00f6p den hos en bokhandel n\u00e4ra dig! Kan blir en bra julklapp kanske?<\/p>\n<p>Respekt visar mina katter f\u00f6r varandra! <strong>Felix<\/strong> st\u00e5r faktiskt ut med <strong>Wilma<\/strong> fast han inte t\u00e5l henne. <strong>Curry<\/strong> och Wilma \u00e4r riktigt goda v\u00e4nner och visar alltid respekt f\u00f6r varandra. <a href=\"http:\/\/www.filindeblogg.nu\/?attachment_id=26019\" rel=\"attachment wp-att-26019\"><img loading=\"lazy\" class=\"alignnone size-medium wp-image-26019\" title=\"Kattpuss\" src=\"http:\/\/www.filindeblogg.nu\/wp-content\/uploads\/2011\/11\/Kattpuss-300x253.jpg\" alt=\"\" width=\"210\" height=\"177\" srcset=\"http:\/\/www.filindeblogg.nu\/wp-content\/uploads\/2011\/11\/Kattpuss-300x253.jpg 300w, http:\/\/www.filindeblogg.nu\/wp-content\/uploads\/2011\/11\/Kattpuss.jpg 352w\" sizes=\"(max-width: 210px) 100vw, 210px\" \/><\/a><\/p>\n<p>S\u00e5 VISA RESPEKT!\u00a0 Bloggen avslutas med \u00e4nnu en kattpuss! \ud83d\ude42<\/p>\n<p><a href=\"http:\/\/www.filindeblogg.nu\/?attachment_id=26020\" rel=\"attachment wp-att-26020\"><img loading=\"lazy\" class=\"aligncenter size-medium wp-image-26020\" title=\"IMG_1001 (3)\" src=\"http:\/\/www.filindeblogg.nu\/wp-content\/uploads\/2011\/11\/IMG_1001-3-300x225.jpg\" alt=\"\" width=\"300\" height=\"225\" srcset=\"http:\/\/www.filindeblogg.nu\/wp-content\/uploads\/2011\/11\/IMG_1001-3-300x225.jpg 300w, http:\/\/www.filindeblogg.nu\/wp-content\/uploads\/2011\/11\/IMG_1001-3.jpg 461w\" sizes=\"(max-width: 300px) 100vw, 300px\" \/><\/a><\/p>\n<p>&nbsp;<\/p>\n<p>&nbsp;<\/p>\n<p>&nbsp;<\/p>\n<p>&nbsp;<\/p>\n","protected":false},"excerpt":{"rendered":"<p>S\u00e5 h\u00e4r startar ett stort antal m\u00e4nniskor sina dagar &#8211; fast utan det lilla r\u00f6da hj\u00e4rtat som gullar till det allvarliga. Stress och press g\u00f6r folk sjuka och m\u00e4nniskor drabbas \u00e5r efter \u00e5r men inget h\u00e4nder. Bloggaren vet! Jag har sj\u00e4lv r\u00e5kat ut f\u00f6r utbr\u00e4ndhet &#8211; och inte bara en g\u00e5ng. F\u00f6rsta g\u00e5ngen var 1997 [&hellip;]<\/p>\n","protected":false},"author":1,"featured_media":0,"comment_status":"open","ping_status":"open","sticky":false,"template":"","format":"standard","meta":[],"categories":[125,127,106,41,100,119,128,101,116],"tags":[],"_links":{"self":[{"href":"http:\/\/www.filindeblogg.nu\/index.php?rest_route=\/wp\/v2\/posts\/26008"}],"collection":[{"href":"http:\/\/www.filindeblogg.nu\/index.php?rest_route=\/wp\/v2\/posts"}],"about":[{"href":"http:\/\/www.filindeblogg.nu\/index.php?rest_route=\/wp\/v2\/types\/post"}],"author":[{"embeddable":true,"href":"http:\/\/www.filindeblogg.nu\/index.php?rest_route=\/wp\/v2\/users\/1"}],"replies":[{"embeddable":true,"href":"http:\/\/www.filindeblogg.nu\/index.php?rest_route=%2Fwp%2Fv2%2Fcomments&post=26008"}],"version-history":[{"count":20,"href":"http:\/\/www.filindeblogg.nu\/index.php?rest_route=\/wp\/v2\/posts\/26008\/revisions"}],"predecessor-version":[{"id":26040,"href":"http:\/\/www.filindeblogg.nu\/index.php?rest_route=\/wp\/v2\/posts\/26008\/revisions\/26040"}],"wp:attachment":[{"href":"http:\/\/www.filindeblogg.nu\/index.php?rest_route=%2Fwp%2Fv2%2Fmedia&parent=26008"}],"wp:term":[{"taxonomy":"category","embeddable":true,"href":"http:\/\/www.filindeblogg.nu\/index.php?rest_route=%2Fwp%2Fv2%2Fcategories&post=26008"},{"taxonomy":"post_tag","embeddable":true,"href":"http:\/\/www.filindeblogg.nu\/index.php?rest_route=%2Fwp%2Fv2%2Ftags&post=26008"}],"curies":[{"name":"wp","href":"https:\/\/api.w.org\/{rel}","templated":true}]}}