{"id":25940,"date":"2011-11-18T10:04:47","date_gmt":"2011-11-18T09:04:47","guid":{"rendered":"http:\/\/www.filindeblogg.nu\/?p=25940"},"modified":"2011-11-18T10:04:47","modified_gmt":"2011-11-18T09:04:47","slug":"hartappat-och-dartappat-ella%c2%b4s-kitchen-och-parti-som-vill-utrota-vargen","status":"publish","type":"post","link":"http:\/\/www.filindeblogg.nu\/?p=25940","title":{"rendered":"H\u00e4rtappat och d\u00e4rtappat &#8211; Ella\u00b4s Kitchen och parti som vill utrota vargen!"},"content":{"rendered":"<p>Idag blir det lite h\u00e4r och d\u00e4r. Lite inifr\u00e5n och lite utifr\u00e5n, kan man s\u00e4ga.<\/p>\n<p>Vi b\u00f6rjar med julen som \u00e4r fortare h\u00e4r \u00e4n du anar! Redan n\u00e4sta s\u00f6ndag \u00e4r det 1:a Advent! D\u00e4rmed fylls tidningarna med uppslag om julmat och k\u00e4ndisarna delar med sig av sina favoritrecept.<br \/>\nS\u00e5 ock i <a href=\"http:\/\/www.coop.se\/Recept--mat\/Publikationer\/Coop-Mersmak\/Coop-Mersmak-11-2011\/\" target=\"_blank\"><strong>COOP:s tidning Mersmak<\/strong><\/a>. <a href=\"http:\/\/www.filindeblogg.nu\/?attachment_id=25941\" rel=\"attachment wp-att-25941\"><img loading=\"lazy\" class=\"alignnone size-medium wp-image-25941\" title=\"IMG_0963 (3)\" src=\"http:\/\/www.filindeblogg.nu\/wp-content\/uploads\/2011\/11\/IMG_0963-3-225x300.jpg\" alt=\"\" width=\"135\" height=\"180\" srcset=\"http:\/\/www.filindeblogg.nu\/wp-content\/uploads\/2011\/11\/IMG_0963-3-225x300.jpg 225w, http:\/\/www.filindeblogg.nu\/wp-content\/uploads\/2011\/11\/IMG_0963-3.jpg 346w\" sizes=\"(max-width: 135px) 100vw, 135px\" \/><\/a><\/p>\n<p>D\u00f6m om min f\u00f6rv\u00e5ning n\u00e4r jag hittar en sl\u00e4kting i bladet! <a href=\"http:\/\/www.filindeblogg.nu\/?attachment_id=25942\" rel=\"attachment wp-att-25942\"><img loading=\"lazy\" class=\"alignnone size-medium wp-image-25942\" title=\"IMG_0967 (3)\" src=\"http:\/\/www.filindeblogg.nu\/wp-content\/uploads\/2011\/11\/IMG_0967-3-225x300.jpg\" alt=\"\" width=\"126\" height=\"168\" srcset=\"http:\/\/www.filindeblogg.nu\/wp-content\/uploads\/2011\/11\/IMG_0967-3-225x300.jpg 225w, http:\/\/www.filindeblogg.nu\/wp-content\/uploads\/2011\/11\/IMG_0967-3.jpg 346w\" sizes=\"(max-width: 126px) 100vw, 126px\" \/><\/a> D\u00e4r st\u00e5r han &#8211; l\u00e4ngst upp till h\u00f6ger &#8211; och t\u00e4nker fira<em> &#8221;En riktigt kul jul&#8221;<\/em> tillsammans med <strong>Anna och Carin Mannheimer<\/strong> med familj. Familjerecepten f\u00e5r han ocks\u00e5 del av! <a href=\"http:\/\/www.filindeblogg.nu\/?attachment_id=25943\" rel=\"attachment wp-att-25943\"><img loading=\"lazy\" class=\"alignnone size-medium wp-image-25943\" title=\"IMG_0965 (3)\" src=\"http:\/\/www.filindeblogg.nu\/wp-content\/uploads\/2011\/11\/IMG_0965-3-300x225.jpg\" alt=\"\" width=\"180\" height=\"135\" srcset=\"http:\/\/www.filindeblogg.nu\/wp-content\/uploads\/2011\/11\/IMG_0965-3-300x225.jpg 300w, http:\/\/www.filindeblogg.nu\/wp-content\/uploads\/2011\/11\/IMG_0965-3.jpg 461w\" sizes=\"(max-width: 180px) 100vw, 180px\" \/><\/a> \ud83d\ude42 En del har tur och r\u00f6r sig i r\u00e4tt kretsar! Vill du ocks\u00e5 l\u00e4sa tidningen s\u00e5 finns den p\u00e5 n\u00e4tet! Klicka<a href=\"http:\/\/www.e-magin.se\/v5\/viewer\/files\/viewer_s.aspx?gKey=ng0tjj2d&amp;gInitPage=1\" target=\"_blank\"><strong> H\u00c4R!<\/strong><\/a><\/p>\n<p>Bloggaren sj\u00e4lv intog \u00e4rtsoppa och pl\u00e4ttar ig\u00e5r &#8211; torsdag som det var. Inte n\u00e5gon lyx kanske men gott! <a href=\"http:\/\/www.filindeblogg.nu\/?attachment_id=25944\" rel=\"attachment wp-att-25944\"><img loading=\"lazy\" class=\"alignnone size-medium wp-image-25944\" title=\"Pl\u00e4ttar ikv\u00e4ll!\" src=\"http:\/\/www.filindeblogg.nu\/wp-content\/uploads\/2011\/11\/Pl%C3%A4ttar-ikv%C3%A4ll-300x225.jpg\" alt=\"\" width=\"180\" height=\"135\" \/><\/a><\/p>\n<p>N\u00e4r jag nu p\u00e5 morgonkvisten bl\u00e4ddrar i tidningarna med en kopp kaffe latte intill s\u00e5 hittar jag en del som jag vill delge er<a href=\"http:\/\/www.dn.se\/nyheter\/politik\/nytt-parti-vill-utrota-vargen\" target=\"_blank\">. <\/a>Bl.a. om att det kan vara farligt att vara politiker! S\u00e4rskilt om man gillar vargar&#8230; <a href=\"http:\/\/www.filindeblogg.nu\/?attachment_id=25945\" rel=\"attachment wp-att-25945\"><img loading=\"lazy\" class=\"alignnone size-full wp-image-25945\" title=\"Varg\" src=\"http:\/\/www.filindeblogg.nu\/wp-content\/uploads\/2011\/11\/Varg1.jpg\" alt=\"\" width=\"116\" height=\"96\" \/><\/a><\/p>\n<p>F\u00f6r en som v\u00e4rnar om varg \u00e4r <strong>Arne Johansson<\/strong>, kommunpolitiker i <strong>\u00c5nge<\/strong> och ordf\u00f6rande f\u00f6r <a href=\"http:\/\/www.mp.se\/templates\/Mct_177.aspx?number=165788\" target=\"_blank\"><strong>Milj\u00f6partiet<\/strong><\/a> i <strong>V\u00e4sternorrland<\/strong>. Av den anledningen har han flera g\u00e5nger utsatts f\u00f6r d\u00f6dshot, blivit misshandlad och utsatts f\u00f6r t ex att f\u00e5 lossade hjulbultar p\u00e5 bilen. <a href=\"http:\/\/www.filindeblogg.nu\/?attachment_id=25946\" rel=\"attachment wp-att-25946\"><img loading=\"lazy\" class=\"alignnone size-medium wp-image-25946\" title=\"IMG_0961 (3)\" src=\"http:\/\/www.filindeblogg.nu\/wp-content\/uploads\/2011\/11\/IMG_0961-3-300x225.jpg\" alt=\"\" width=\"210\" height=\"158\" srcset=\"http:\/\/www.filindeblogg.nu\/wp-content\/uploads\/2011\/11\/IMG_0961-3-300x225.jpg 300w, http:\/\/www.filindeblogg.nu\/wp-content\/uploads\/2011\/11\/IMG_0961-3.jpg 461w\" sizes=\"(max-width: 210px) 100vw, 210px\" \/><\/a> Artikeln hittade jag i &#8221;<a href=\"http:\/\/www.dagenssamhalle.se\/\" target=\"_blank\"><strong>Dagens Samh\u00e4lle&#8221;<\/strong><\/a>. Skandal att inte alla accepterar det demokratiska samh\u00e4llet! Fruktansv\u00e4rt och idiotiskt att vargen kan v\u00e4cka s\u00e5 ont blod! Det finns ingen som helst balans i den debatt som p\u00e5g\u00e5r om vargen<a href=\"http:\/\/www.expressen.se\/nyheter\/1.2625627\/manga-gifter-i-vanlig-matfisk\" target=\"_blank\">.<\/a> Man kan inte ens kalla det debatt. <a href=\"http:\/\/www.filindeblogg.nu\/?attachment_id=25947\" rel=\"attachment wp-att-25947\"><img loading=\"lazy\" class=\"alignnone size-full wp-image-25947\" title=\"VARGTJUT\" src=\"http:\/\/www.filindeblogg.nu\/wp-content\/uploads\/2011\/11\/VARGTJUT5.jpg\" alt=\"\" width=\"101\" height=\"125\" \/><\/a><\/p>\n<p>L\u00e4ser nu p\u00e5<strong> DN:<\/strong>s hemsida att Naturdemokraterna har bildats &#8211; ett enfr\u00e5geparti vars enda m\u00e5l \u00e4r att utrota vargen! SJUKT!!<br \/>\nKlicka <a href=\"http:\/\/www.rovdjur.se\/\" target=\"_blank\"><strong>H\u00c4R<\/strong><\/a> f\u00f6r att komma till <strong>Svenska Rovdjursf\u00f6reningen<\/strong>! Och<a href=\"http:\/\/www.nordulv.se\/\" target=\"_blank\"> <strong>H\u00c4R<\/strong><\/a> f\u00f6r att komma till <strong>F\u00f6reningen Nordulv<\/strong>!<\/p>\n<p>Jag f\u00f6ljer de ord min mamma l\u00e4rde mig som liten: <strong><\/strong><\/p>\n<p style=\"text-align: center;\"><strong>Upph\u00f6r aldrig att k\u00e4mpa f\u00f6r det du anser vara r\u00e4tt!<\/strong><\/p>\n<p>I <em><strong>&#8221;Mersmak&#8221;<\/strong><\/em> hittade jag inte bara sv\u00e5gern utan ocks\u00e5 denna lilla artikel: <a href=\"http:\/\/www.filindeblogg.nu\/?attachment_id=25948\" rel=\"attachment wp-att-25948\"><img loading=\"lazy\" class=\"alignnone size-medium wp-image-25948\" title=\"IMG_0962 (2)\" src=\"http:\/\/www.filindeblogg.nu\/wp-content\/uploads\/2011\/11\/IMG_0962-2-225x300.jpg\" alt=\"\" width=\"158\" height=\"210\" srcset=\"http:\/\/www.filindeblogg.nu\/wp-content\/uploads\/2011\/11\/IMG_0962-2-225x300.jpg 225w, http:\/\/www.filindeblogg.nu\/wp-content\/uploads\/2011\/11\/IMG_0962-2.jpg 346w\" sizes=\"(max-width: 158px) 100vw, 158px\" \/><\/a> F\u00f6r den som har sv\u00e5rt att l\u00e4sa handlar den om <em><strong>&#8221;Ella&#8217;s kitchen&#8221;<\/strong><\/em> och s\u00e5 h\u00e4r st\u00e5r det:<\/p>\n<p><strong><em>&#8221;Ella\u00b4s kitchen \u00e4r den lilla ekologiska barnmatsproducenten som med sina \u00e5tervinningsbara f\u00f6rpackningar blev utsedd till \u00c5rets produkt 2011. Du kan kostnadsfritt skicka tomma Ella\u00b4s kitchenf\u00f6rpackningar vidare till f\u00f6retaget TerraCycle, d\u00e4r de \u00e5tervinns och blir till nya saker &#8211; till exempel v\u00e4skor och tallrikar. L\u00e4s mer p\u00e5 ellaskitchen.com och terracycle.se&#8221;<\/em><\/strong><\/p>\n<p>J\u00e4ttebra id\u00e9er och initiativ! Klicka <a href=\"http:\/\/www.ellaskitchen.com\/sverige\/\" target=\"_blank\"><strong>H\u00c4R<\/strong><\/a> f\u00f6r att komma till<strong> Ella\u00b4s kitchen!<\/strong> Och <a href=\"http:\/\/www.terracycle.se\/\" target=\"_blank\"><strong>H\u00c4R<\/strong><\/a> till <strong>TerraCycle!<\/strong><\/p>\n<p>Id\u00e9er och initiativ kan mina katter ta stundtals. H\u00e4r om dagen lyckades <strong>Wilma<\/strong> med det hon f\u00f6rs\u00f6kt l\u00e4nge. Ta<strong> Currys<\/strong> plats h\u00f6gt uppe p\u00e5 bokhyllan! <a href=\"http:\/\/www.filindeblogg.nu\/?attachment_id=25949\" rel=\"attachment wp-att-25949\"><img loading=\"lazy\" class=\"alignnone size-medium wp-image-25949\" title=\"Wilma har tagit Currys plats\" src=\"http:\/\/www.filindeblogg.nu\/wp-content\/uploads\/2011\/11\/Wilma-har-tagit-Currys-plats-300x225.jpg\" alt=\"\" width=\"180\" height=\"135\" srcset=\"http:\/\/www.filindeblogg.nu\/wp-content\/uploads\/2011\/11\/Wilma-har-tagit-Currys-plats-300x225.jpg 300w, http:\/\/www.filindeblogg.nu\/wp-content\/uploads\/2011\/11\/Wilma-har-tagit-Currys-plats.jpg 461w\" sizes=\"(max-width: 180px) 100vw, 180px\" \/><\/a> Se s\u00e5 stolt hon besk\u00e5dar omgivningarna &#8211; uppifr\u00e5n! Hon har f\u00f6rs\u00f6kt m\u00e5nga g\u00e5nger men inte riktigt v\u00e5gat spr\u00e5nget upp\u00e5t. S\u00e5 nu f\u00e5r Curry se sig om efter en ny egen plats&#8230; Men de tv\u00e5 \u00e4r s\u00e5 s\u00e5ta v\u00e4nner s\u00e5 Curry delar nog med sig av sina favoritplatser &#8211; titta h\u00e4r bara: <a href=\"http:\/\/www.filindeblogg.nu\/?attachment_id=25950\" rel=\"attachment wp-att-25950\"><img loading=\"lazy\" class=\"alignnone size-medium wp-image-25950\" title=\"Wilma och Curry softar 17 nov 11\" src=\"http:\/\/www.filindeblogg.nu\/wp-content\/uploads\/2011\/11\/Wilma-och-Curry-softar-17-nov-11-300x225.jpg\" alt=\"\" width=\"180\" height=\"135\" srcset=\"http:\/\/www.filindeblogg.nu\/wp-content\/uploads\/2011\/11\/Wilma-och-Curry-softar-17-nov-11-300x225.jpg 300w, http:\/\/www.filindeblogg.nu\/wp-content\/uploads\/2011\/11\/Wilma-och-Curry-softar-17-nov-11.jpg 461w\" sizes=\"(max-width: 180px) 100vw, 180px\" \/><\/a><br \/>\nEnsamkatten <strong>Felix<\/strong> delar helst inte med sig av n\u00e5gonting! H\u00e4r softar han p\u00e5 den gamla ryamattan som min <strong>farmor Svea<\/strong> knutit en g\u00e5ng f\u00f6r l\u00e4nge sen. <a href=\"http:\/\/www.filindeblogg.nu\/?attachment_id=25951\" rel=\"attachment wp-att-25951\"><img loading=\"lazy\" class=\"alignnone size-medium wp-image-25951\" title=\"Felix h\u00e5ller sig p\u00e5 mattan\" src=\"http:\/\/www.filindeblogg.nu\/wp-content\/uploads\/2011\/11\/Felix-h%C3%A5ller-sig-p%C3%A5-mattan-225x300.jpg\" alt=\"\" width=\"158\" height=\"210\" \/><\/a> Han \u00e4r S\u00c5 n\u00f6jd och glad \u00f6ver att inte beh\u00f6va dela med sig av ryamyset!<\/p>\n<p><a href=\"http:\/\/www.filindeblogg.nu\/?attachment_id=25952\" rel=\"attachment wp-att-25952\"><img loading=\"lazy\" class=\"alignnone size-medium wp-image-25952\" title=\"Frusen Petunia\" src=\"http:\/\/www.filindeblogg.nu\/wp-content\/uploads\/2011\/11\/Frusen-Petunia-300x225.jpg\" alt=\"\" width=\"180\" height=\"135\" srcset=\"http:\/\/www.filindeblogg.nu\/wp-content\/uploads\/2011\/11\/Frusen-Petunia-300x225.jpg 300w, http:\/\/www.filindeblogg.nu\/wp-content\/uploads\/2011\/11\/Frusen-Petunia.jpg 461w\" sizes=\"(max-width: 180px) 100vw, 180px\" \/><\/a> N\u00e4stan 3 minusgrader i natt &#8211; d\u00e5 fryser Petunia! Inne sprids doften av hyacint och t\u00e4nda ljus<a href=\"http:\/\/www.svd.se\/nyheter\/inrikes\/ingen-fallning-av-tv-eken_6644618.svd\" target=\"_blank\">. <\/a>Vi nalkas en underbar tid!<\/p>\n<p><a href=\"http:\/\/www.filindeblogg.nu\/?attachment_id=25953\" rel=\"attachment wp-att-25953\"><img loading=\"lazy\" class=\"aligncenter size-medium wp-image-25953\" title=\"IMG_0923 (3)\" src=\"http:\/\/www.filindeblogg.nu\/wp-content\/uploads\/2011\/11\/IMG_0923-3-225x300.jpg\" alt=\"\" width=\"225\" height=\"300\" srcset=\"http:\/\/www.filindeblogg.nu\/wp-content\/uploads\/2011\/11\/IMG_0923-3-225x300.jpg 225w, http:\/\/www.filindeblogg.nu\/wp-content\/uploads\/2011\/11\/IMG_0923-3.jpg 346w\" sizes=\"(max-width: 225px) 100vw, 225px\" \/><\/a><\/p>\n<p>&nbsp;<\/p>\n","protected":false},"excerpt":{"rendered":"<p>Idag blir det lite h\u00e4r och d\u00e4r. Lite inifr\u00e5n och lite utifr\u00e5n, kan man s\u00e4ga. Vi b\u00f6rjar med julen som \u00e4r fortare h\u00e4r \u00e4n du anar! Redan n\u00e4sta s\u00f6ndag \u00e4r det 1:a Advent! D\u00e4rmed fylls tidningarna med uppslag om julmat och k\u00e4ndisarna delar med sig av sina favoritrecept. S\u00e5 ock i COOP:s tidning Mersmak. D\u00f6m [&hellip;]<\/p>\n","protected":false},"author":1,"featured_media":0,"comment_status":"open","ping_status":"open","sticky":false,"template":"","format":"standard","meta":[],"categories":[41,100,122,119,101,116],"tags":[],"_links":{"self":[{"href":"http:\/\/www.filindeblogg.nu\/index.php?rest_route=\/wp\/v2\/posts\/25940"}],"collection":[{"href":"http:\/\/www.filindeblogg.nu\/index.php?rest_route=\/wp\/v2\/posts"}],"about":[{"href":"http:\/\/www.filindeblogg.nu\/index.php?rest_route=\/wp\/v2\/types\/post"}],"author":[{"embeddable":true,"href":"http:\/\/www.filindeblogg.nu\/index.php?rest_route=\/wp\/v2\/users\/1"}],"replies":[{"embeddable":true,"href":"http:\/\/www.filindeblogg.nu\/index.php?rest_route=%2Fwp%2Fv2%2Fcomments&post=25940"}],"version-history":[{"count":25,"href":"http:\/\/www.filindeblogg.nu\/index.php?rest_route=\/wp\/v2\/posts\/25940\/revisions"}],"predecessor-version":[{"id":25978,"href":"http:\/\/www.filindeblogg.nu\/index.php?rest_route=\/wp\/v2\/posts\/25940\/revisions\/25978"}],"wp:attachment":[{"href":"http:\/\/www.filindeblogg.nu\/index.php?rest_route=%2Fwp%2Fv2%2Fmedia&parent=25940"}],"wp:term":[{"taxonomy":"category","embeddable":true,"href":"http:\/\/www.filindeblogg.nu\/index.php?rest_route=%2Fwp%2Fv2%2Fcategories&post=25940"},{"taxonomy":"post_tag","embeddable":true,"href":"http:\/\/www.filindeblogg.nu\/index.php?rest_route=%2Fwp%2Fv2%2Ftags&post=25940"}],"curies":[{"name":"wp","href":"https:\/\/api.w.org\/{rel}","templated":true}]}}