{"id":25722,"date":"2011-11-07T08:45:28","date_gmt":"2011-11-07T07:45:28","guid":{"rendered":"http:\/\/www.filindeblogg.nu\/?p=25722"},"modified":"2011-11-07T08:45:28","modified_gmt":"2011-11-07T07:45:28","slug":"10-ar-kort-tid-eller-enormt-lang","status":"publish","type":"post","link":"http:\/\/www.filindeblogg.nu\/?p=25722","title":{"rendered":"10 \u00e5r &#8211; kort tid eller enormt l\u00e5ng?"},"content":{"rendered":"<p><a href=\"http:\/\/www.filindeblogg.nu\/?attachment_id=25723\" rel=\"attachment wp-att-25723\"><img loading=\"lazy\" class=\"alignnone size-full wp-image-25723\" title=\"Time flies\" src=\"http:\/\/www.filindeblogg.nu\/wp-content\/uploads\/2011\/11\/Time-flies.jpg\" alt=\"\" width=\"160\" height=\"113\" \/><\/a> Tiden &#8211; ja, den kan diskuteras. Ibland segar den sig fram och ibland g\u00e5r dagarna alldeles f\u00f6r fort, speciellt om det handlar om l\u00f6rdagar och s\u00f6ndagar&#8230;<\/p>\n<p>Men i sj\u00e4lva verket \u00e4r det ju faktiskt s\u00e5 att tiden flyger iv\u00e4g! I ett st\u00f6rre sammanhang, jordens tillkomst, universums utveckling, <strong>Lucy<\/strong> <a href=\"http:\/\/www.filindeblogg.nu\/?attachment_id=25724\" rel=\"attachment wp-att-25724\"><img loading=\"lazy\" class=\"alignnone size-full wp-image-25724\" title=\"Lucy\" src=\"http:\/\/www.filindeblogg.nu\/wp-content\/uploads\/2011\/11\/Lucy.jpg\" alt=\"\" width=\"96\" height=\"131\" \/><\/a><br \/>\noch hennes kompisar <a href=\"http:\/\/www.filindeblogg.nu\/?attachment_id=25725\" rel=\"attachment wp-att-25725\"><img loading=\"lazy\" class=\"alignnone size-full wp-image-25725\" title=\"Fr\u00e5n apa till m\u00e4nniska\" src=\"http:\/\/www.filindeblogg.nu\/wp-content\/uploads\/2011\/11\/Fr%C3%A5n-apa-till-m%C3%A4nniska.jpg\" alt=\"\" width=\"289\" height=\"175\" \/><\/a> &#8211; d\u00e5 \u00e4r v\u00e5r egen livstid en droppe i havet! <a href=\"http:\/\/www.filindeblogg.nu\/?attachment_id=25726\" rel=\"attachment wp-att-25726\"><img loading=\"lazy\" class=\"alignnone size-full wp-image-25726\" title=\"klocka utan visare\" src=\"http:\/\/www.filindeblogg.nu\/wp-content\/uploads\/2011\/11\/klocka-utan-visare.jpg\" alt=\"\" width=\"141\" height=\"176\" \/><\/a><\/p>\n<p>\u00c4r man liten vill man bara bli \u00e4ldre <a href=\"http:\/\/www.dn.se\/nyheter\/varlden\/vita-huset-inga-bevis-for-et-pa-jorden\" target=\"_blank\">&#8211;<\/a> men n\u00e5gonstans efter 20 v\u00e4nder det<a href=\"http:\/\/www.aftonbladet.se\/nyheter\/article13895040.ab\" target=\"_blank\">.<\/a> Idag \u00e4r kampen om ungdom sjukligt stor &#8211; fr\u00e5n rynkkr\u00e4mer till kirurgingrepp<a href=\"http:\/\/kvp.expressen.se\/nyheter\/1.2614568\/obduktionen-kan-avsloja-foretagaren\" target=\"_blank\">.<\/a><\/p>\n<p><a href=\"http:\/\/www.filindeblogg.nu\/?attachment_id=25727\" rel=\"attachment wp-att-25727\"><img loading=\"lazy\" class=\"alignnone size-full wp-image-25727\" title=\"Skolbarn\" src=\"http:\/\/www.filindeblogg.nu\/wp-content\/uploads\/2011\/11\/Skolbarn.jpg\" alt=\"\" width=\"128\" height=\"208\" \/><\/a>\u00a0F\u00f6r ett litet barn k\u00e4nns 10 \u00e5r som en mycket l\u00e5ng tid. Men vi vuxna borde t\u00e4nka till lite ibland p\u00e5 tidsbegreppet och ta d\u00e5 t ex 10 \u00e5r!<br \/>\nS\u00e4tt dig ner och fundera \u00f6ver \u00e5r 2021! Hur gammal \u00e4r du d\u00e5? Vad g\u00f6r du i november 2021? Jobbar du, har du kl\u00e4ttrat i karri\u00e4ren, f\u00e5tt fler barn, g\u00e5tt i pension<a href=\"http:\/\/www.svd.se\/nyheter\/utrikes\/turister-dog-i-bussolycka-i-egypten_6613918.svd\" target=\"_blank\">,<\/a> lever du ens? Och dina v\u00e4nner, syskon, f\u00f6r\u00e4ldrar, b\u00e4sta grannen? Vad g\u00f6r dom? Hur ser livet ut h\u00f6sten -21?<\/p>\n<p><a href=\"http:\/\/www.filindeblogg.nu\/?attachment_id=25728\" rel=\"attachment wp-att-25728\"><img loading=\"lazy\" class=\"alignnone size-full wp-image-25728\" title=\"Kalenderblad\" src=\"http:\/\/www.filindeblogg.nu\/wp-content\/uploads\/2011\/11\/Kalenderblad.jpg\" alt=\"\" width=\"108\" height=\"106\" \/><\/a>\u00a0 Via det fantastiska Internet vet jag snabbt att 7 november 2021 \u00e4r en s\u00f6ndag och Alla helgons dag. Hur m\u00e5r jag d\u00e5? \u00c4r jag glad eller ledsen? Har jag barnbarn? Finns mina \u00e4lskade f\u00f6r\u00e4ldrar kvar i livet? Fick jag n\u00e5got nytt jobb? Har jag n\u00e5gra pensionspengar att leva p\u00e5? Blev resan till <strong>Krakow<\/strong> av n\u00e5gon g\u00e5ng &#8211; eller blir det en pension\u00e4rsresa med buss p\u00e5 \u00e4ldre dar? <a href=\"http:\/\/www.filindeblogg.nu\/?attachment_id=25729\" rel=\"attachment wp-att-25729\"><img loading=\"lazy\" class=\"alignnone size-full wp-image-25729\" title=\"Krakow\" src=\"http:\/\/www.filindeblogg.nu\/wp-content\/uploads\/2011\/11\/Krakow.jpg\" alt=\"\" width=\"168\" height=\"108\" \/><\/a><br \/>\nKlicka <a href=\"http:\/\/www.dinstartsida.se\/almanacka.asp?datum=2021-01-01\" target=\"_blank\"><strong>H\u00c4R<\/strong><\/a> f\u00f6r att komma till \u00e5r 2021!<\/p>\n<p>Man blir l\u00e4tt lite sm\u00e5tt chockad n\u00e4r man b\u00f6rjar t\u00e4nka i banorna &#8211; tio \u00e5r. Sj\u00e4lvfallet ska man inte g\u00e5 och oroa sig &#8211; det \u00e4r inte det jag menar med dagens blogg &#8211; men t\u00e4nka till lite, inte ta varje dag f\u00f6r given. Njuta stunden och k\u00e4nna tacksamhet \u00f6ver att f\u00e5 vakna varje morgon till en ny dag f\u00f6r det \u00e4r absolut inte sj\u00e4lvklart.<br \/>\nDet enda vi kan vara verkligt s\u00e4kra p\u00e5 h\u00e4r i livet \u00e4r att vi en g\u00e5ng ska d\u00f6. Hemskt &#8211; eller r\u00e4tt tryggt? En enda sak som vi faktiskt kan vara f\u00f6rvissade om. Vi har en utm\u00e4tt tid, vi vet inte hur kort eller l\u00e5ng, ta d\u00e5 den tillvara! <a href=\"http:\/\/www.filindeblogg.nu\/?attachment_id=25736\" rel=\"attachment wp-att-25736\"><img loading=\"lazy\" class=\"alignnone size-full wp-image-25736\" title=\"Tiden g\u00e5r\" src=\"http:\/\/www.filindeblogg.nu\/wp-content\/uploads\/2011\/11\/Tiden-g%C3%A5r.jpg\" alt=\"\" width=\"165\" height=\"110\" \/><\/a><\/p>\n<p>Man kan ta tillvara p\u00e5 m\u00e5nga olika vis. \u00c4ldste sonen befinner sig tillf\u00e4lligt hemma hos mig och det k\u00e4nns som en v\u00e4rdefull g\u00e5va jag f\u00e5tt! Den tar jag tillvara utan att f\u00f6r den skull bli v\u00e4rsta sortens h\u00f6nsmamma till en vuxen karl. Men lite extra god mat, tv\u00e4tta hans tv\u00e4tt, b\u00e4dda s\u00e4ngen sk\u00f6nt och ge en varm kram varje dag.<\/p>\n<p>Eller som ig\u00e5r &#8211; nybakat br\u00f6d till frukost! \ud83d\ude42 <a href=\"http:\/\/www.filindeblogg.nu\/?attachment_id=25730\" rel=\"attachment wp-att-25730\"><img loading=\"lazy\" class=\"alignnone size-medium wp-image-25730\" title=\"IMG_0730 (2)\" src=\"http:\/\/www.filindeblogg.nu\/wp-content\/uploads\/2011\/11\/IMG_0730-2-300x225.jpg\" alt=\"\" width=\"180\" height=\"135\" srcset=\"http:\/\/www.filindeblogg.nu\/wp-content\/uploads\/2011\/11\/IMG_0730-2-300x225.jpg 300w, http:\/\/www.filindeblogg.nu\/wp-content\/uploads\/2011\/11\/IMG_0730-2.jpg 461w\" sizes=\"(max-width: 180px) 100vw, 180px\" \/><\/a> L\u00e4tt som en pl\u00e4tt! <a href=\"http:\/\/www.filindeblogg.nu\/?attachment_id=25731\" rel=\"attachment wp-att-25731\"><img loading=\"lazy\" class=\"alignnone size-medium wp-image-25731\" title=\"IMG_0731 (2)\" src=\"http:\/\/www.filindeblogg.nu\/wp-content\/uploads\/2011\/11\/IMG_0731-2-300x225.jpg\" alt=\"\" width=\"180\" height=\"135\" srcset=\"http:\/\/www.filindeblogg.nu\/wp-content\/uploads\/2011\/11\/IMG_0731-2-300x225.jpg 300w, http:\/\/www.filindeblogg.nu\/wp-content\/uploads\/2011\/11\/IMG_0731-2.jpg 461w\" sizes=\"(max-width: 180px) 100vw, 180px\" \/><\/a> Frukostbullarna j\u00e4ser och sen in i ugnen! <a href=\"http:\/\/www.filindeblogg.nu\/?attachment_id=25732\" rel=\"attachment wp-att-25732\"><img loading=\"lazy\" class=\"alignnone size-medium wp-image-25732\" title=\"IMG_0733 (2)\" src=\"http:\/\/www.filindeblogg.nu\/wp-content\/uploads\/2011\/11\/IMG_0733-2-300x225.jpg\" alt=\"\" width=\"180\" height=\"135\" srcset=\"http:\/\/www.filindeblogg.nu\/wp-content\/uploads\/2011\/11\/IMG_0733-2-300x225.jpg 300w, http:\/\/www.filindeblogg.nu\/wp-content\/uploads\/2011\/11\/IMG_0733-2.jpg 461w\" sizes=\"(max-width: 180px) 100vw, 180px\" \/><\/a><\/p>\n<p>Doften \u00e4r underbar n\u00e4r br\u00f6det tas ut f\u00e4rdigt! <a href=\"http:\/\/www.filindeblogg.nu\/?attachment_id=25733\" rel=\"attachment wp-att-25733\"><img loading=\"lazy\" class=\"alignnone size-medium wp-image-25733\" title=\"IMG_0734 (2)\" src=\"http:\/\/www.filindeblogg.nu\/wp-content\/uploads\/2011\/11\/IMG_0734-2-300x225.jpg\" alt=\"\" width=\"180\" height=\"135\" srcset=\"http:\/\/www.filindeblogg.nu\/wp-content\/uploads\/2011\/11\/IMG_0734-2-300x225.jpg 300w, http:\/\/www.filindeblogg.nu\/wp-content\/uploads\/2011\/11\/IMG_0734-2.jpg 461w\" sizes=\"(max-width: 180px) 100vw, 180px\" \/><\/a> F\u00f6r att inte tala om hur gott det smakar! <a href=\"http:\/\/www.filindeblogg.nu\/?attachment_id=25734\" rel=\"attachment wp-att-25734\"><img loading=\"lazy\" class=\"alignnone size-medium wp-image-25734\" title=\"IMG_0737 (2)\" src=\"http:\/\/www.filindeblogg.nu\/wp-content\/uploads\/2011\/11\/IMG_0737-2-300x225.jpg\" alt=\"\" width=\"180\" height=\"135\" srcset=\"http:\/\/www.filindeblogg.nu\/wp-content\/uploads\/2011\/11\/IMG_0737-2-300x225.jpg 300w, http:\/\/www.filindeblogg.nu\/wp-content\/uploads\/2011\/11\/IMG_0737-2.jpg 461w\" sizes=\"(max-width: 180px) 100vw, 180px\" \/><\/a><\/p>\n<p>Som jag utlovade ig\u00e5r p\u00e5<strong> Facebook<\/strong> kommer h\u00e4r receptet! <a href=\"http:\/\/www.filindeblogg.nu\/?attachment_id=25735\" rel=\"attachment wp-att-25735\"><img loading=\"lazy\" class=\"alignnone size-medium wp-image-25735\" title=\"IMG_0739 (2)\" src=\"http:\/\/www.filindeblogg.nu\/wp-content\/uploads\/2011\/11\/IMG_0739-2-225x300.jpg\" alt=\"\" width=\"158\" height=\"210\" srcset=\"http:\/\/www.filindeblogg.nu\/wp-content\/uploads\/2011\/11\/IMG_0739-2-225x300.jpg 225w, http:\/\/www.filindeblogg.nu\/wp-content\/uploads\/2011\/11\/IMG_0739-2.jpg 346w\" sizes=\"(max-width: 158px) 100vw, 158px\" \/><\/a><\/p>\n<p>1 pkt j\u00e4st, 50 gr sm\u00f6r, 5 dl vatten eller mj\u00f6lk, 1-2 tsk salt och 13 dl mj\u00f6l. Hur enkelt som helst.<br \/>\nSmula ner j\u00e4sten i en bunke. Sm\u00e4lt sm\u00f6ret och h\u00e4ll p\u00e5 v\u00e4tskan. V\u00e4rm till 37 gr. Blanda ut j\u00e4sten med lite degspad och h\u00e4ll sen p\u00e5 resten. Blanda ner 12 dl mj\u00f6l i omg\u00e5ngar, spara 1 dl till utbakningen. L\u00e5t j\u00e4sa 30-40 minuter. Baka ut till frukostbullar och st\u00e4ll p\u00e5 sm\u00f6rad pl\u00e5t.\u00a0 Det blir 20 &#8211; 30 beroende p\u00e5 storlek. J\u00e4s igen cirka 30 minuter och gr\u00e4dda sen i mitten av ugnen, ungef\u00e4r 10 minuter i 250 gr. \u00c4t sen och njut!<br \/>\nJag varierar degv\u00e4tskan och den h\u00e4r g\u00e5ngen hade jag i lite lingonsaft och sylt. Mj\u00f6let kan ocks\u00e5 varieras och ig\u00e5r blandade jag ekologiskt vetemj\u00f6l, r\u00e5gsikt och dinkelmj\u00f6l.<\/p>\n<p style=\"text-align: center;\"><a href=\"http:\/\/www.filindeblogg.nu\/?attachment_id=25737\" rel=\"attachment wp-att-25737\"><img loading=\"lazy\" class=\"aligncenter size-medium wp-image-25737\" title=\"IMG_0694 (2)\" src=\"http:\/\/www.filindeblogg.nu\/wp-content\/uploads\/2011\/11\/IMG_0694-2-225x300.jpg\" alt=\"\" width=\"158\" height=\"210\" srcset=\"http:\/\/www.filindeblogg.nu\/wp-content\/uploads\/2011\/11\/IMG_0694-2-225x300.jpg 225w, http:\/\/www.filindeblogg.nu\/wp-content\/uploads\/2011\/11\/IMG_0694-2.jpg 346w\" sizes=\"(max-width: 158px) 100vw, 158px\" \/><\/a><\/p>\n<p style=\"text-align: center;\">Ta tillvara din stund p\u00e5 jorden.<br \/>\nTiden g\u00e5r mycket, mycket fortare \u00e4n du tror.<br \/>\nT\u00e4nk p\u00e5 det innan allt \u00e4r f\u00f6r sent.<br \/>\nTa tillvara.<\/p>\n<p style=\"text-align: center;\"><a href=\"http:\/\/www.filindeblogg.nu\/?attachment_id=25738\" rel=\"attachment wp-att-25738\"><img loading=\"lazy\" class=\"aligncenter size-full wp-image-25738\" title=\"Time flyes\" src=\"http:\/\/www.filindeblogg.nu\/wp-content\/uploads\/2011\/11\/Time-flyes.jpg\" alt=\"\" width=\"124\" height=\"124\" srcset=\"http:\/\/www.filindeblogg.nu\/wp-content\/uploads\/2011\/11\/Time-flyes.jpg 206w, http:\/\/www.filindeblogg.nu\/wp-content\/uploads\/2011\/11\/Time-flyes-150x150.jpg 150w\" sizes=\"(max-width: 124px) 100vw, 124px\" \/><\/a><\/p>\n<p>&nbsp;<\/p>\n","protected":false},"excerpt":{"rendered":"<p>Tiden &#8211; ja, den kan diskuteras. Ibland segar den sig fram och ibland g\u00e5r dagarna alldeles f\u00f6r fort, speciellt om det handlar om l\u00f6rdagar och s\u00f6ndagar&#8230; Men i sj\u00e4lva verket \u00e4r det ju faktiskt s\u00e5 att tiden flyger iv\u00e4g! I ett st\u00f6rre sammanhang, jordens tillkomst, universums utveckling, Lucy och hennes kompisar &#8211; d\u00e5 \u00e4r v\u00e5r [&hellip;]<\/p>\n","protected":false},"author":1,"featured_media":0,"comment_status":"open","ping_status":"open","sticky":false,"template":"","format":"standard","meta":[],"categories":[100,101,130],"tags":[],"_links":{"self":[{"href":"http:\/\/www.filindeblogg.nu\/index.php?rest_route=\/wp\/v2\/posts\/25722"}],"collection":[{"href":"http:\/\/www.filindeblogg.nu\/index.php?rest_route=\/wp\/v2\/posts"}],"about":[{"href":"http:\/\/www.filindeblogg.nu\/index.php?rest_route=\/wp\/v2\/types\/post"}],"author":[{"embeddable":true,"href":"http:\/\/www.filindeblogg.nu\/index.php?rest_route=\/wp\/v2\/users\/1"}],"replies":[{"embeddable":true,"href":"http:\/\/www.filindeblogg.nu\/index.php?rest_route=%2Fwp%2Fv2%2Fcomments&post=25722"}],"version-history":[{"count":24,"href":"http:\/\/www.filindeblogg.nu\/index.php?rest_route=\/wp\/v2\/posts\/25722\/revisions"}],"predecessor-version":[{"id":25762,"href":"http:\/\/www.filindeblogg.nu\/index.php?rest_route=\/wp\/v2\/posts\/25722\/revisions\/25762"}],"wp:attachment":[{"href":"http:\/\/www.filindeblogg.nu\/index.php?rest_route=%2Fwp%2Fv2%2Fmedia&parent=25722"}],"wp:term":[{"taxonomy":"category","embeddable":true,"href":"http:\/\/www.filindeblogg.nu\/index.php?rest_route=%2Fwp%2Fv2%2Fcategories&post=25722"},{"taxonomy":"post_tag","embeddable":true,"href":"http:\/\/www.filindeblogg.nu\/index.php?rest_route=%2Fwp%2Fv2%2Ftags&post=25722"}],"curies":[{"name":"wp","href":"https:\/\/api.w.org\/{rel}","templated":true}]}}