{"id":25685,"date":"2011-11-06T10:18:51","date_gmt":"2011-11-06T09:18:51","guid":{"rendered":"http:\/\/www.filindeblogg.nu\/?p=25685"},"modified":"2011-11-06T10:18:51","modified_gmt":"2011-11-06T09:18:51","slug":"gront-ljus-for-karl-alfred","status":"publish","type":"post","link":"http:\/\/www.filindeblogg.nu\/?p=25685","title":{"rendered":"Gr\u00f6nt ljus f\u00f6r Karl-Alfred!!"},"content":{"rendered":"<p><a href=\"http:\/\/www.filindeblogg.nu\/?attachment_id=25686\" rel=\"attachment wp-att-25686\"><img loading=\"lazy\" class=\"alignnone size-full wp-image-25686\" title=\"KarlAlfred med spenat\" src=\"http:\/\/www.filindeblogg.nu\/wp-content\/uploads\/2011\/11\/KarlAlfred-med-spenat.jpg\" alt=\"\" width=\"118\" height=\"155\" \/><\/a> Det ljusnar! S\u00e5 kan man nog uttrycka det. Det finns faktiskt folk som sliter och forskar f\u00f6r fullt f\u00f6r att hitta alternativa energik\u00e4llor &#8211; fast man n\u00e4stan inte m\u00e4rker det.<\/p>\n<p>Idag skriver <strong>DN<\/strong> om hur man busenkelt fixar elektricitet genom\u00a0<a href=\"http:\/\/www.filindeblogg.nu\/?attachment_id=25687\" rel=\"attachment wp-att-25687\"><img loading=\"lazy\" class=\"alignnone size-full wp-image-25687\" title=\"Popeye\" src=\"http:\/\/www.filindeblogg.nu\/wp-content\/uploads\/2011\/11\/Popeye.jpg\" alt=\"\" width=\"139\" height=\"131\" \/><\/a>\u00a0 <strong>SPENAT<\/strong> och <a href=\"http:\/\/www.filindeblogg.nu\/?attachment_id=25688\" rel=\"attachment wp-att-25688\"><img loading=\"lazy\" class=\"alignnone size-full wp-image-25688\" title=\"Tandkr\u00e4m\" src=\"http:\/\/www.filindeblogg.nu\/wp-content\/uploads\/2011\/11\/Tandkr%C3%A4m.jpg\" alt=\"\" width=\"83\" height=\"233\" \/><\/a><strong>TANDKR\u00c4M!!<\/strong><\/p>\n<p>Du kan fixa till din egen fotosyntes hemma i k\u00f6ket via <a href=\"http:\/\/www.filindeblogg.nu\/?attachment_id=25689\" rel=\"attachment wp-att-25689\"><img loading=\"lazy\" class=\"alignnone size-full wp-image-25689\" title=\"Gr\u00f6n tandkr\u00e4m\" src=\"http:\/\/www.filindeblogg.nu\/wp-content\/uploads\/2011\/11\/Gr%C3%B6n-tandkr%C3%A4m.jpg\" alt=\"\" width=\"161\" height=\"113\" \/><\/a>vanlig tandkr\u00e4m &#8211; och den beh\u00f6ver inte vara gr\u00f6n! \ud83d\ude00<br \/>\nTillsammans med t ex spenat kirrar du din egen el! L\u00e4s <a href=\"http:\/\/www.dn.se\/nyheter\/vetenskap\/karin-bojs-veckans-solskenshistoria-foddes-i-schweiz\" target=\"_blank\"><strong>H\u00c4R<\/strong><\/a> vad Karin Bojs skriver i <strong>DN:s Vetenskapskr\u00f6nika<\/strong>!<\/p>\n<p><a href=\"http:\/\/www.filindeblogg.nu\/?attachment_id=25692\" rel=\"attachment wp-att-25692\"><img loading=\"lazy\" class=\"alignnone size-medium wp-image-25692\" title=\"IMG_0722 (2)\" src=\"http:\/\/www.filindeblogg.nu\/wp-content\/uploads\/2011\/11\/IMG_0722-2-225x300.jpg\" alt=\"\" width=\"135\" height=\"180\" srcset=\"http:\/\/www.filindeblogg.nu\/wp-content\/uploads\/2011\/11\/IMG_0722-2-225x300.jpg 225w, http:\/\/www.filindeblogg.nu\/wp-content\/uploads\/2011\/11\/IMG_0722-2.jpg 346w\" sizes=\"(max-width: 135px) 100vw, 135px\" \/><\/a>\u00a0 Minsta unge klarar av det, utlovar Karin Bojs!\u00a0 Det handlar om <strong>Gr\u00e4tzelceller &#8211; <img loading=\"lazy\" class=\"alignnone size-medium wp-image-25691\" title=\"IMG_0724 (2)\" src=\"http:\/\/www.filindeblogg.nu\/wp-content\/uploads\/2011\/11\/IMG_0724-2-300x225.jpg\" alt=\"\" width=\"180\" height=\"135\" srcset=\"http:\/\/www.filindeblogg.nu\/wp-content\/uploads\/2011\/11\/IMG_0724-2-300x225.jpg 300w, http:\/\/www.filindeblogg.nu\/wp-content\/uploads\/2011\/11\/IMG_0724-2.jpg 461w\" sizes=\"(max-width: 180px) 100vw, 180px\" \/> <\/strong><br \/>\nL\u00e4s DN s\u00e5 g\u00e5r det nog upp ett ljus!<strong> \ud83d\ude09<a href=\"http:\/\/www.filindeblogg.nu\/?attachment_id=25691\" rel=\"attachment wp-att-25691\"><br \/>\n<\/a><\/strong><\/p>\n<p style=\"text-align: center;\"><a href=\"http:\/\/www.filindeblogg.nu\/?attachment_id=25690\" rel=\"attachment wp-att-25690\"><img loading=\"lazy\" class=\"aligncenter size-full wp-image-25690\" title=\"Gr\u00f6n tandborste\" src=\"http:\/\/www.filindeblogg.nu\/wp-content\/uploads\/2011\/11\/Gr%C3%B6n-tandborste.jpg\" alt=\"\" width=\"165\" height=\"110\" \/><\/a><\/p>\n<p style=\"text-align: center;\">\n<p style=\"text-align: left;\">Ljus var dagen knappast ig\u00e5r. Mulet men behaglig temperatur f\u00f6r utomhusarbete. <a href=\"http:\/\/www.filindeblogg.nu\/?attachment_id=25693\" rel=\"attachment wp-att-25693\"><img loading=\"lazy\" class=\"alignnone size-medium wp-image-25693\" title=\"IMG_0670 (2)\" src=\"http:\/\/www.filindeblogg.nu\/wp-content\/uploads\/2011\/11\/IMG_0670-2-225x300.jpg\" alt=\"\" width=\"135\" height=\"180\" srcset=\"http:\/\/www.filindeblogg.nu\/wp-content\/uploads\/2011\/11\/IMG_0670-2-225x300.jpg 225w, http:\/\/www.filindeblogg.nu\/wp-content\/uploads\/2011\/11\/IMG_0670-2.jpg 346w\" sizes=\"(max-width: 135px) 100vw, 135px\" \/><\/a> Det tar sin lilla tid f\u00f6r naturen att komma till ro inf\u00f6r vintern. M\u00e5nga l\u00f6v att r\u00e4fsa samman och mycket visset att rensa bort. En v\u00e4xt som sj\u00e4lvs\u00e5tt sig d\u00f6k upp n\u00e4r jag ansade och gjorde fint. <a href=\"http:\/\/www.filindeblogg.nu\/?attachment_id=25694\" rel=\"attachment wp-att-25694\"><img loading=\"lazy\" class=\"alignnone size-medium wp-image-25694\" title=\"IMG_0667 (2)\" src=\"http:\/\/www.filindeblogg.nu\/wp-content\/uploads\/2011\/11\/IMG_0667-2-300x225.jpg\" alt=\"\" width=\"180\" height=\"135\" srcset=\"http:\/\/www.filindeblogg.nu\/wp-content\/uploads\/2011\/11\/IMG_0667-2-300x225.jpg 300w, http:\/\/www.filindeblogg.nu\/wp-content\/uploads\/2011\/11\/IMG_0667-2.jpg 461w\" sizes=\"(max-width: 180px) 100vw, 180px\" \/><\/a> Vet man inte vad det \u00e4r f\u00f6r v\u00e4xter man har i sin tr\u00e4dg\u00e5rd kan man f\u00e5 hj\u00e4lp via <a href=\"http:\/\/www.odla.nu\/\" target=\"_blank\"><strong>Odla.nu &#8211; din tr\u00e4dg\u00e5rd p\u00e5 n\u00e4tet!<\/strong><\/a><\/p>\n<p style=\"text-align: left;\">Trots gr\u00e5v\u00e4dret lyste tr\u00e4den upp dagen. <a href=\"http:\/\/www.filindeblogg.nu\/?attachment_id=25695\" rel=\"attachment wp-att-25695\"><img loading=\"lazy\" class=\"alignnone size-medium wp-image-25695\" title=\"IMG_0662 (2)\" src=\"http:\/\/www.filindeblogg.nu\/wp-content\/uploads\/2011\/11\/IMG_0662-2-300x225.jpg\" alt=\"\" width=\"180\" height=\"135\" srcset=\"http:\/\/www.filindeblogg.nu\/wp-content\/uploads\/2011\/11\/IMG_0662-2-300x225.jpg 300w, http:\/\/www.filindeblogg.nu\/wp-content\/uploads\/2011\/11\/IMG_0662-2.jpg 461w\" sizes=\"(max-width: 180px) 100vw, 180px\" \/><\/a> S\u00e5 vackert. Ljus spreds ocks\u00e5 i <strong>Nicolaikyrkan<\/strong> som \u00e4r grannas! <a href=\"http:\/\/www.filindeblogg.nu\/?attachment_id=25696\" rel=\"attachment wp-att-25696\"><img loading=\"lazy\" class=\"alignnone size-medium wp-image-25696\" title=\"IMG_0682 (2)\" src=\"http:\/\/www.filindeblogg.nu\/wp-content\/uploads\/2011\/11\/IMG_0682-2-300x225.jpg\" alt=\"\" width=\"180\" height=\"135\" srcset=\"http:\/\/www.filindeblogg.nu\/wp-content\/uploads\/2011\/11\/IMG_0682-2-300x225.jpg 300w, http:\/\/www.filindeblogg.nu\/wp-content\/uploads\/2011\/11\/IMG_0682-2.jpg 461w\" sizes=\"(max-width: 180px) 100vw, 180px\" \/><\/a> Andakt f\u00f6r de d\u00f6da och ljusen lyste ut genom kyrkf\u00f6nstren.<\/p>\n<p style=\"text-align: left;\">En annan liten figur som lyste upp min tillvaro under tr\u00e4dg\u00e5rdsarbetet var<strong> Felix<\/strong>! <a href=\"http:\/\/www.filindeblogg.nu\/?attachment_id=25697\" rel=\"attachment wp-att-25697\"><img loading=\"lazy\" class=\"alignnone size-medium wp-image-25697\" title=\"Felix i november 2011\" src=\"http:\/\/www.filindeblogg.nu\/wp-content\/uploads\/2011\/11\/Felix-i-november-2011-225x300.jpg\" alt=\"\" width=\"135\" height=\"180\" srcset=\"http:\/\/www.filindeblogg.nu\/wp-content\/uploads\/2011\/11\/Felix-i-november-2011-225x300.jpg 225w, http:\/\/www.filindeblogg.nu\/wp-content\/uploads\/2011\/11\/Felix-i-november-2011.jpg 346w\" sizes=\"(max-width: 135px) 100vw, 135px\" \/><\/a> Katterna \u00e4lskar n\u00e4r man \u00e4r ute hos dom &#8211; och Felix \u00e4r den som mest gillar utelivet.<\/p>\n<p style=\"text-align: left;\">Jag satte ljus p\u00e5 tv\u00e5 \u00e4lskade katters gravar.<br \/>\nSippan som blev 18 \u00e5r och Hasse som blev 12. <a href=\"http:\/\/www.filindeblogg.nu\/?attachment_id=25699\" rel=\"attachment wp-att-25699\"><img loading=\"lazy\" class=\"alignnone size-medium wp-image-25699\" title=\"IMG_0704 (2)\" src=\"http:\/\/www.filindeblogg.nu\/wp-content\/uploads\/2011\/11\/IMG_0704-2-300x225.jpg\" alt=\"\" width=\"180\" height=\"135\" srcset=\"http:\/\/www.filindeblogg.nu\/wp-content\/uploads\/2011\/11\/IMG_0704-2-300x225.jpg 300w, http:\/\/www.filindeblogg.nu\/wp-content\/uploads\/2011\/11\/IMG_0704-2.jpg 461w\" sizes=\"(max-width: 180px) 100vw, 180px\" \/><\/a> N\u00e4r m\u00f6rkret f\u00f6ll lyste ljusen som sm\u00e5 prickar. <a href=\"http:\/\/www.filindeblogg.nu\/?attachment_id=25700\" rel=\"attachment wp-att-25700\"><img loading=\"lazy\" class=\"alignnone size-medium wp-image-25700\" title=\"IMG_0714 (2)\" src=\"http:\/\/www.filindeblogg.nu\/wp-content\/uploads\/2011\/11\/IMG_0714-2-300x225.jpg\" alt=\"\" width=\"180\" height=\"135\" srcset=\"http:\/\/www.filindeblogg.nu\/wp-content\/uploads\/2011\/11\/IMG_0714-2-300x225.jpg 300w, http:\/\/www.filindeblogg.nu\/wp-content\/uploads\/2011\/11\/IMG_0714-2.jpg 461w\" sizes=\"(max-width: 180px) 100vw, 180px\" \/><\/a> Och lyser faktiskt \u00e4nnu.<\/p>\n<p style=\"text-align: left;\">V\u00e4l inne igen blev det choklad med vispgr\u00e4dde! <a href=\"http:\/\/www.filindeblogg.nu\/?attachment_id=25698\" rel=\"attachment wp-att-25698\"><img loading=\"lazy\" class=\"alignnone size-medium wp-image-25698\" title=\"IMG_0707 (2)\" src=\"http:\/\/www.filindeblogg.nu\/wp-content\/uploads\/2011\/11\/IMG_0707-2-300x225.jpg\" alt=\"\" width=\"180\" height=\"135\" srcset=\"http:\/\/www.filindeblogg.nu\/wp-content\/uploads\/2011\/11\/IMG_0707-2-300x225.jpg 300w, http:\/\/www.filindeblogg.nu\/wp-content\/uploads\/2011\/11\/IMG_0707-2.jpg 461w\" sizes=\"(max-width: 180px) 100vw, 180px\" \/><\/a> H\u00e4rligt efter flera timmars utejobb! Sen blev det till att str\u00e4cka ut sig i soffan och vila lite. <a href=\"http:\/\/www.filindeblogg.nu\/?attachment_id=25701\" rel=\"attachment wp-att-25701\"><img loading=\"lazy\" class=\"alignnone size-medium wp-image-25701\" title=\"IMG_0717 (2)\" src=\"http:\/\/www.filindeblogg.nu\/wp-content\/uploads\/2011\/11\/IMG_0717-2-300x225.jpg\" alt=\"\" width=\"180\" height=\"135\" srcset=\"http:\/\/www.filindeblogg.nu\/wp-content\/uploads\/2011\/11\/IMG_0717-2-300x225.jpg 300w, http:\/\/www.filindeblogg.nu\/wp-content\/uploads\/2011\/11\/IMG_0717-2.jpg 461w\" sizes=\"(max-width: 180px) 100vw, 180px\" \/><\/a> Felix gjorde mig s\u00e4llskap nu ocks\u00e5.<\/p>\n<p style=\"text-align: left;\"><strong>Curry<\/strong> f\u00f6redrog sin favoritplats. <a href=\"http:\/\/www.filindeblogg.nu\/?attachment_id=25702\" rel=\"attachment wp-att-25702\"><img loading=\"lazy\" class=\"alignnone size-medium wp-image-25702\" title=\"IMG_0719 (2)\" src=\"http:\/\/www.filindeblogg.nu\/wp-content\/uploads\/2011\/11\/IMG_0719-2-300x225.jpg\" alt=\"\" width=\"180\" height=\"135\" srcset=\"http:\/\/www.filindeblogg.nu\/wp-content\/uploads\/2011\/11\/IMG_0719-2-300x225.jpg 300w, http:\/\/www.filindeblogg.nu\/wp-content\/uploads\/2011\/11\/IMG_0719-2.jpg 461w\" sizes=\"(max-width: 180px) 100vw, 180px\" \/><\/a> Sk\u00f6n stil &#8211; h\u00f6gt d\u00e4r uppe. Han \u00e4r inte r\u00e4dd att ramla ner&#8230; <strong><br \/>\nWilma<\/strong> l\u00e5g p\u00e5 linnesk\u00e5pet och l\u00e4t sig inte fotograferas!<\/p>\n<p style=\"text-align: left;\">S\u00f6ndag igen och flaggan \u00e4r hissad. Det \u00e4r allm\u00e4n flaggdag och den g\u00e4ller nog <strong>Gustav Adolf<\/strong> &#8211; fast jag sj\u00e4lv hissar flaggan till de d\u00f6das minne. Ta tillvara din stund p\u00e5 jorden.<\/p>\n<p style=\"text-align: left;\"><a href=\"http:\/\/www.filindeblogg.nu\/?attachment_id=25703\" rel=\"attachment wp-att-25703\"><img loading=\"lazy\" class=\"aligncenter size-medium wp-image-25703\" title=\"IMG_0698 (2)\" src=\"http:\/\/www.filindeblogg.nu\/wp-content\/uploads\/2011\/11\/IMG_0698-2-225x300.jpg\" alt=\"\" width=\"225\" height=\"300\" srcset=\"http:\/\/www.filindeblogg.nu\/wp-content\/uploads\/2011\/11\/IMG_0698-2-225x300.jpg 225w, http:\/\/www.filindeblogg.nu\/wp-content\/uploads\/2011\/11\/IMG_0698-2.jpg 346w\" sizes=\"(max-width: 225px) 100vw, 225px\" \/><\/a><\/p>\n<p style=\"text-align: left;\">\n<p style=\"text-align: left;\">\n<p>&nbsp;<\/p>\n","protected":false},"excerpt":{"rendered":"<p>Det ljusnar! S\u00e5 kan man nog uttrycka det. Det finns faktiskt folk som sliter och forskar f\u00f6r fullt f\u00f6r att hitta alternativa energik\u00e4llor &#8211; fast man n\u00e4stan inte m\u00e4rker det. Idag skriver DN om hur man busenkelt fixar elektricitet genom\u00a0\u00a0 SPENAT och TANDKR\u00c4M!! Du kan fixa till din egen fotosyntes hemma i k\u00f6ket via vanlig [&hellip;]<\/p>\n","protected":false},"author":1,"featured_media":0,"comment_status":"open","ping_status":"open","sticky":false,"template":"","format":"standard","meta":[],"categories":[41,100,101,130],"tags":[],"_links":{"self":[{"href":"http:\/\/www.filindeblogg.nu\/index.php?rest_route=\/wp\/v2\/posts\/25685"}],"collection":[{"href":"http:\/\/www.filindeblogg.nu\/index.php?rest_route=\/wp\/v2\/posts"}],"about":[{"href":"http:\/\/www.filindeblogg.nu\/index.php?rest_route=\/wp\/v2\/types\/post"}],"author":[{"embeddable":true,"href":"http:\/\/www.filindeblogg.nu\/index.php?rest_route=\/wp\/v2\/users\/1"}],"replies":[{"embeddable":true,"href":"http:\/\/www.filindeblogg.nu\/index.php?rest_route=%2Fwp%2Fv2%2Fcomments&post=25685"}],"version-history":[{"count":16,"href":"http:\/\/www.filindeblogg.nu\/index.php?rest_route=\/wp\/v2\/posts\/25685\/revisions"}],"predecessor-version":[{"id":25719,"href":"http:\/\/www.filindeblogg.nu\/index.php?rest_route=\/wp\/v2\/posts\/25685\/revisions\/25719"}],"wp:attachment":[{"href":"http:\/\/www.filindeblogg.nu\/index.php?rest_route=%2Fwp%2Fv2%2Fmedia&parent=25685"}],"wp:term":[{"taxonomy":"category","embeddable":true,"href":"http:\/\/www.filindeblogg.nu\/index.php?rest_route=%2Fwp%2Fv2%2Fcategories&post=25685"},{"taxonomy":"post_tag","embeddable":true,"href":"http:\/\/www.filindeblogg.nu\/index.php?rest_route=%2Fwp%2Fv2%2Ftags&post=25685"}],"curies":[{"name":"wp","href":"https:\/\/api.w.org\/{rel}","templated":true}]}}