{"id":25548,"date":"2011-11-02T08:59:54","date_gmt":"2011-11-02T07:59:54","guid":{"rendered":"http:\/\/www.filindeblogg.nu\/?p=25548"},"modified":"2011-11-02T09:04:31","modified_gmt":"2011-11-02T08:04:31","slug":"dubbelmoralens-hogborg","status":"publish","type":"post","link":"http:\/\/www.filindeblogg.nu\/?p=25548","title":{"rendered":"Dubbelmoralens h\u00f6gborg &#8211; d\u00e4r sjuka ska avlivas och andra trevligheter."},"content":{"rendered":"<p><a href=\"http:\/\/www.filindeblogg.nu\/?attachment_id=25549\" rel=\"attachment wp-att-25549\"><img loading=\"lazy\" class=\"alignnone size-full wp-image-25549\" title=\"Dubbelmoralens h\u00f6gborg\" src=\"http:\/\/www.filindeblogg.nu\/wp-content\/uploads\/2011\/11\/Dubbelmoralens-h%C3%B6gborg.jpg\" alt=\"\" width=\"165\" height=\"110\" \/><\/a> Ni vet v\u00e4l att vi alla befinner oss i <strong>Dubbelmoralens h\u00f6gborg!<\/strong><\/p>\n<p>D v s allt l\u00e5ter s\u00e5 fint men \u00e4r det absolut inte!<\/p>\n<p><strong><a href=\"http:\/\/www.filindeblogg.nu\/?attachment_id=25550\" rel=\"attachment wp-att-25550\"><img loading=\"lazy\" class=\"alignnone size-full wp-image-25550\" title=\"krackelera\" src=\"http:\/\/www.filindeblogg.nu\/wp-content\/uploads\/2011\/11\/krackelera.jpg\" alt=\"\" width=\"156\" height=\"116\" \/><\/a>\u00a0 Sverige<\/strong> l\u00e5tsas vara ett v\u00e4lf\u00e4rdsland men skrapar man p\u00e5 den bl\u00e5skimrande ytan s\u00e5 \u00e4r det ruttet och f\u00f6rfallet under<a href=\"http:\/\/www.dn.se\/sthlm\/allt-som-kostar-ifragasatts\" target=\"_blank\">.<\/a> En klick v\u00e4lbest\u00e4llda f\u00e5r det b\u00e4ttre &#8211; alla andra dalar sakta ned\u00e5t<a href=\"http:\/\/www.svd.se\/nyheter\/inrikes\/nytt-skandallarm-om-aldreboende_6601828.svd\" target=\"_blank\">.<\/a><\/p>\n<p><a href=\"http:\/\/www.filindeblogg.nu\/?attachment_id=25551\" rel=\"attachment wp-att-25551\"><img loading=\"lazy\" class=\"alignnone size-medium wp-image-25551\" title=\"Utbr\u00e4nd\" src=\"http:\/\/www.filindeblogg.nu\/wp-content\/uploads\/2011\/11\/Utbr%C3%A4nd-300x131.jpg\" alt=\"\" width=\"180\" height=\"79\" \/><\/a>\u00a0 Ta bara detta med sjukskrivna. Under m\u00e5nga \u00e5r har de jagats med bl\u00e5slampa, utpekats som fuskare och simulanter och nu har man g\u00e5tt ytterligare ett steg <a href=\"http:\/\/www.aftonbladet.se\/senastenytt\/ttnyheter\/inrikes\/article13874254.ab\" target=\"_blank\">&#8211;<\/a> kastat ut dom sjuka ur systemet med allt vad det inneb\u00e4r!<\/p>\n<p>Ja, vad inneb\u00e4r det egentligen?? Jo, du \u00e4r fortfarande sjuk men tillh\u00f6r <strong>Arbetsf\u00f6rmedlingen<\/strong>! Logik?<\/p>\n<p>Du f\u00e5r betydligt l\u00e4gre ers\u00e4ttning n\u00e4r du tillh\u00f6r Arbetsf\u00f6rmedlingen \u00e4n <strong>F\u00f6rs\u00e4kringskassan<\/strong>! Logik?<\/p>\n<p>F\u00f6rutom den l\u00e4gre ers\u00e4ttning g\u00e5r du dessutom miste om eventuella sjukf\u00f6rs\u00e4kringar du haft eftersom f\u00f6rs\u00e4kringsbolagen k\u00f6r med skygglappar och endast h\u00e4nvisar till att inga beslut finns om sjukdom fr\u00e5n F\u00f6rs\u00e4kringskassan! Logik?<\/p>\n<p><a href=\"http:\/\/www.filindeblogg.nu\/?attachment_id=25552\" rel=\"attachment wp-att-25552\"><img loading=\"lazy\" class=\"alignnone size-full wp-image-25552\" title=\"Sjuk och arbetsl\u00f6s\" src=\"http:\/\/www.filindeblogg.nu\/wp-content\/uploads\/2011\/11\/Sjuk-och-arbetsl%C3%B6s.jpg\" alt=\"\" width=\"238\" height=\"212\" \/><\/a> Ja, man kan skoja om det &#8211; men sk\u00e4mtteckningarna \u00e4r bister verklighet. Blir du sen ocks\u00e5 arbetsl\u00f6s finns inte heller n\u00e5gon hj\u00e4lp att f\u00e5!<br \/>\nHos Arbetsf\u00f6rmedlingen uppmanas du till arbetstr\u00e4ning men de har inga platser att anvisa! Man f\u00e5r fixa det sj\u00e4lv <a href=\"http:\/\/www.expressen.se\/debatt\/1.2609964\/hakan-juholt-regeringen-later-folk-hamna-i-skymundan\" target=\"_blank\">&#8211;<\/a> och hur l\u00e4tt \u00e4r det??\u00a0\u00a0<a href=\"http:\/\/www.filindeblogg.nu\/?attachment_id=25553\" rel=\"attachment wp-att-25553\"><img loading=\"lazy\" class=\"alignnone size-full wp-image-25553\" title=\"Arbetsl\u00f6s och sjuk\" src=\"http:\/\/www.filindeblogg.nu\/wp-content\/uploads\/2011\/11\/Arbetsl%C3%B6s-och-sjuk.jpg\" alt=\"\" width=\"223\" height=\"226\" \/><\/a> <strong>Bloggaren sj\u00e4lv har f\u00f6rs\u00f6kt och det \u00e4r skamligt hur man blir behandlad! Jag skulle kunna n\u00e4mna namn och arbetsplatser men min etik hindrar mig. Ni som l\u00e4ser detta och \u00e4r ber\u00f6rda &#8211; ni vet vilka ni \u00e4r!<\/strong><\/p>\n<p>Hittar man sen en plats utanf\u00f6r <strong>Ankdammen<\/strong> s\u00e5 f\u00e5r man betala f\u00f6r att arbetstr\u00e4na! F\u00f6r under arbetstr\u00e4ning har du samma ers\u00e4ttning som om du &#8221;bara g\u00e5r hemma&#8221; med undantaget att du f\u00e5r betala arbetsresorna sj\u00e4lv! Logik?<\/p>\n<p>Logiken &#8211; jo, den finputsas av g\u00e4nget h\u00f6gst upp i Dubbelmoralens h\u00f6gborg! De besv\u00e4rliga sjuka ska bort! Kan man inte mobba ut dom s\u00e5 f\u00f6rs\u00f6k med sv\u00e4lt och utarmning! P\u00e5 det f\u00f6ljer ilska, nedst\u00e4mdhet, depression, personlig konkurs, skilsm\u00e4ssa och har de styrande tur &#8211; tar folk livet av sig! Det \u00e4r den bistra sanningen om g\u00e4nget som styr borgen!<\/p>\n<p><a href=\"http:\/\/www.filindeblogg.nu\/?attachment_id=25554\" rel=\"attachment wp-att-25554\"><img loading=\"lazy\" class=\"size-full wp-image-25554 aligncenter\" title=\"Utslagen\" src=\"http:\/\/www.filindeblogg.nu\/wp-content\/uploads\/2011\/11\/Utslagen.jpg\" alt=\"\" width=\"165\" height=\"110\" \/><\/a><\/p>\n<p>Men jag \u00e4r inte av den kalibern att jag ger upp! Aldrig! Nyss gick ett mail iv\u00e4g till<strong> <a href=\"http:\/\/www.tv4.se\/1.2341741\" target=\"_blank\">Lennart Ekdal<\/a><\/strong> p\u00e5 <a href=\"http:\/\/www.tv4.se\/kalla_fakta\" target=\"_blank\"><strong>Kalla fakta!<\/strong><\/a> N\u00e5gon r\u00e4ttvisa m\u00e5ste det finnas! N\u00e5gon m\u00e5ste plocka ner hycklarna i borgen!<\/p>\n<p><a href=\"http:\/\/www.filindeblogg.nu\/?attachment_id=25555\" rel=\"attachment wp-att-25555\"><img loading=\"lazy\" class=\"aligncenter size-medium wp-image-25555\" title=\"Kalla fakta\" src=\"http:\/\/www.filindeblogg.nu\/wp-content\/uploads\/2011\/11\/Kalla-fakta-300x47.jpg\" alt=\"\" width=\"300\" height=\"47\" srcset=\"http:\/\/www.filindeblogg.nu\/wp-content\/uploads\/2011\/11\/Kalla-fakta-300x47.jpg 300w, http:\/\/www.filindeblogg.nu\/wp-content\/uploads\/2011\/11\/Kalla-fakta.jpg 980w\" sizes=\"(max-width: 300px) 100vw, 300px\" \/><\/a><\/p>\n<p><strong>Det finns mycket, mycket mera att ber\u00e4tta om fr\u00e5n Dubbelmoralens h\u00f6gborg! Barn som far illa, gamla som vanv\u00e5rdas, skolor som inte fungerar. Det h\u00e4r var &#8221;bara&#8221; om sjukskrivna &#8211; det s k oh\u00e4lsotalet &#8211; pinsamma siffror i en v\u00e4lf\u00e4rdsstatistik.<\/strong><\/p>\n<p>&nbsp;<\/p>\n<p>&nbsp;<\/p>\n<p>&nbsp;<\/p>\n","protected":false},"excerpt":{"rendered":"<p>Ni vet v\u00e4l att vi alla befinner oss i Dubbelmoralens h\u00f6gborg! D v s allt l\u00e5ter s\u00e5 fint men \u00e4r det absolut inte! \u00a0 Sverige l\u00e5tsas vara ett v\u00e4lf\u00e4rdsland men skrapar man p\u00e5 den bl\u00e5skimrande ytan s\u00e5 \u00e4r det ruttet och f\u00f6rfallet under. En klick v\u00e4lbest\u00e4llda f\u00e5r det b\u00e4ttre &#8211; alla andra dalar sakta ned\u00e5t. [&hellip;]<\/p>\n","protected":false},"author":1,"featured_media":0,"comment_status":"open","ping_status":"open","sticky":false,"template":"","format":"standard","meta":[],"categories":[118,125,127,100,119,101],"tags":[],"_links":{"self":[{"href":"http:\/\/www.filindeblogg.nu\/index.php?rest_route=\/wp\/v2\/posts\/25548"}],"collection":[{"href":"http:\/\/www.filindeblogg.nu\/index.php?rest_route=\/wp\/v2\/posts"}],"about":[{"href":"http:\/\/www.filindeblogg.nu\/index.php?rest_route=\/wp\/v2\/types\/post"}],"author":[{"embeddable":true,"href":"http:\/\/www.filindeblogg.nu\/index.php?rest_route=\/wp\/v2\/users\/1"}],"replies":[{"embeddable":true,"href":"http:\/\/www.filindeblogg.nu\/index.php?rest_route=%2Fwp%2Fv2%2Fcomments&post=25548"}],"version-history":[{"count":14,"href":"http:\/\/www.filindeblogg.nu\/index.php?rest_route=\/wp\/v2\/posts\/25548\/revisions"}],"predecessor-version":[{"id":25569,"href":"http:\/\/www.filindeblogg.nu\/index.php?rest_route=\/wp\/v2\/posts\/25548\/revisions\/25569"}],"wp:attachment":[{"href":"http:\/\/www.filindeblogg.nu\/index.php?rest_route=%2Fwp%2Fv2%2Fmedia&parent=25548"}],"wp:term":[{"taxonomy":"category","embeddable":true,"href":"http:\/\/www.filindeblogg.nu\/index.php?rest_route=%2Fwp%2Fv2%2Fcategories&post=25548"},{"taxonomy":"post_tag","embeddable":true,"href":"http:\/\/www.filindeblogg.nu\/index.php?rest_route=%2Fwp%2Fv2%2Ftags&post=25548"}],"curies":[{"name":"wp","href":"https:\/\/api.w.org\/{rel}","templated":true}]}}