{"id":25238,"date":"2011-10-23T10:46:25","date_gmt":"2011-10-23T09:46:25","guid":{"rendered":"http:\/\/www.filindeblogg.nu\/?p=25238"},"modified":"2011-10-23T10:46:25","modified_gmt":"2011-10-23T09:46:25","slug":"autistiska-barn-har-bred-panna-och-andra-dumheter","status":"publish","type":"post","link":"http:\/\/www.filindeblogg.nu\/?p=25238","title":{"rendered":"Autistiska barn har bred panna &#8211; och andra dumheter!"},"content":{"rendered":"<p>\u00c5r ut och \u00e5r in kommer de mest fantastiska, irrelevanta forskningsresultat om <strong>Autism och Autismliknande tillst\u00e5nd.<\/strong> Det har varit godis som skulle ge upphov till ADHD, f\u00f6r mycket TV-tittande som gett Aspergers syndrom, milj\u00f6gifter ger Autism &#8211; bland m\u00e4ngden av orsaker som forskare hittat p\u00e5<a href=\"http:\/\/www.svd.se\/naringsliv\/karriar\/sa-planerar-unga-barn-efter-karriaren_6570785.svd\" target=\"_blank\">.<\/a> Alla dessa konstigheter kommer oftast fr\u00e5n USA<a href=\"http:\/\/www.dn.se\/nyheter\/varlden\/dodssjuk-pojke-behandlades-med-te-1\" target=\"_blank\">.<\/a><\/p>\n<p>Nu \u00e4r det dags igen! <a href=\"http:\/\/www.filindeblogg.nu\/?attachment_id=25239\" rel=\"attachment wp-att-25239\"><img loading=\"lazy\" class=\"alignnone size-medium wp-image-25239\" title=\"ansikte_416\" src=\"http:\/\/www.filindeblogg.nu\/wp-content\/uploads\/2011\/10\/ansikte_416-300x139.jpg\" alt=\"\" width=\"300\" height=\"139\" srcset=\"http:\/\/www.filindeblogg.nu\/wp-content\/uploads\/2011\/10\/ansikte_416-300x139.jpg 300w, http:\/\/www.filindeblogg.nu\/wp-content\/uploads\/2011\/10\/ansikte_416.jpg 416w\" sizes=\"(max-width: 300px) 100vw, 300px\" \/><\/a> <strong>University of Missouri<\/strong> h\u00e4vdar att ansiktsformen avsl\u00f6jar om du \u00e4r autistisk!!\u00a0<a href=\"http:\/\/www.filindeblogg.nu\/?attachment_id=25240\" rel=\"attachment wp-att-25240\"><img loading=\"lazy\" class=\"alignnone size-full wp-image-25240\" title=\"Kristina Aldridge\" src=\"http:\/\/www.filindeblogg.nu\/wp-content\/uploads\/2011\/10\/Kristina-Aldridge.jpg\" alt=\"\" width=\"117\" height=\"124\" \/><\/a> Forskaren <strong>Kristina Aldridge<\/strong> \u00e4r den s\u00e5 p\u00e5st\u00e5r detta bef\u00e4ngda och h\u00e4nvisar till en studie av 105 pojkar!<\/p>\n<p>Citat ur <a href=\"http:\/\/www.dn.se\/nyheter\/vetenskap\/autism-gar-att-se-pa-ansiktsformen\" target=\"_blank\"><strong>DN<\/strong><\/a>: <em>&#8221;I studien j\u00e4mf\u00f6rde forskarna 64 autistiska pojkar med 41 pojkar utan funktionsst\u00f6rningen, i \u00e5ldrarna 8 till 12 \u00e5r. Genom 3-D bilder m\u00e4tte man sedan barnens huvud p\u00e5 17 olika st\u00e4llen, bland annat \u00f6gonvr\u00e5n och amorb\u00e5gen p\u00e5 \u00f6verl\u00e4ppen. D\u00e4r uppt\u00e4ckte man specifika skillnader i ansiktsformen.&#8221;<\/em><\/p>\n<p>Man vet inte om man ska skratta eller gr\u00e5ta! Sj\u00e4lvklart bygger man inga fakta p\u00e5 105 amerikanska grabbar! Sj\u00e4lvklart kan man inte se p\u00e5 en persons huvudform om han eller hon \u00e4r autistisk, har ADHD eller Aspergers syndrom!<\/p>\n<p><a href=\"http:\/\/www.filindeblogg.nu\/?attachment_id=25241\" rel=\"attachment wp-att-25241\"><img loading=\"lazy\" class=\"alignnone size-full wp-image-25241\" title=\"Kristina Aldridge forskning\" src=\"http:\/\/www.filindeblogg.nu\/wp-content\/uploads\/2011\/10\/Kristina-Aldridge-forskning.jpg\" alt=\"\" width=\"117\" height=\"124\" \/><\/a>\u00a0 Ytterligare citat ur artikeln i Dagens Nyheter:<em>&#8221;<strong>De autistiska barnen <\/strong>hade bredare panna och \u00f6gonen satt l\u00e4ngre ifr\u00e5n varandra. Ansiktets mellanregion var kortare \u00e4n hos de andra pojkarna, och det g\u00e4llde \u00e4ven kinderna och n\u00e4san. Dessutom var munnen bredare och st\u00f6rre, liksom sk\u00e5ran mellan \u00f6verl\u00e4ppen och n\u00e4san.&#8221;<\/em>&#8217;\u00a0\u00a0\u00a0 ???<\/p>\n<p>Jag k\u00e4nner m\u00e5nga m\u00e4nniskor, b\u00e5de unga och gamla, med de h\u00e4r egenskaperna och det finns ingen som helst liknelse mellan deras ansiktsformer! Detta \u00e4r som man s\u00e4ger i USA &#8211; <strong>BULLSHIT!!<\/strong><br \/>\nF\u00f6rmodligen ett s\u00e4tt att f\u00f6r forskarteamet att f\u00e5 uppseendev\u00e4ckande resultat publicerade och d\u00e4rmed f\u00e5 mer forskarpengar. Samtidigt som det p\u00e5 ett mycket negativt s\u00e4tt drabbar barn och vuxna med Autismliknande tillst\u00e5nd. M\u00e4nniskor som redan tidigare s\u00e4rbehandlas av en of\u00f6rst\u00e5ende omgivning. \ud83d\ude41<\/p>\n<p>Of\u00f6rst\u00e5ende \u00e4r ocks\u00e5 regeringen h\u00e4r i<strong> Sverige<\/strong> &#8211; och har s\u00e5 varit l\u00e4nge, oavsett om den \u00e4r bl\u00e5 eller r\u00f6d. Elever med <strong>ADHD, Aspergers syndrom<\/strong> och andra egenskaper inom <strong>Autismspektrat<\/strong> har i m\u00e5nga, m\u00e5nga \u00e5r s\u00e4rbehandlats och diskriminerats. Intelligenta skolbarn har f\u00f6rv\u00e4grats den r\u00e4tt till utbildning som de har enligt lag. Skamligt och skandal\u00f6st.<\/p>\n<p>Nu sl\u00e5r regeringen till igen <a href=\"http:\/\/hd.se\/helsingborg\/2011\/10\/23\/skolan-teg-om-olycka-igen\/\" target=\"_blank\">&#8211;<\/a> denna g\u00e5ng genom <strong>socialf\u00f6rs\u00e4kringsminister Ulf Kristersson (m)<\/strong>. <a href=\"http:\/\/www.filindeblogg.nu\/?attachment_id=25242\" rel=\"attachment wp-att-25242\"><img loading=\"lazy\" class=\"alignnone size-full wp-image-25242\" title=\"Style: &quot;johan1&quot;\" src=\"http:\/\/www.filindeblogg.nu\/wp-content\/uploads\/2011\/10\/Ulf-Kristersson.jpg\" alt=\"\" width=\"110\" height=\"162\" \/><\/a> Kristersson har gett <strong>F\u00f6rs\u00e4kringskassan<\/strong> i uppdrag att ta ifr\u00e5n unga m\u00e4nniskor den aktivitetsers\u00e4ttning som bl.a<a href=\"http:\/\/www.expressen.se\/noje\/extra\/1.2599392\/fragan-som-fick-victoria-att-skratta-har-du-en-bulle-i-ugnen\" target=\"_blank\">.<\/a> utg\u00e5r till m\u00e5nga med Autism och Autismliknande tillst\u00e5nd<a href=\"http:\/\/www.aftonbladet.se\/nyheter\/article13824606.ab\" target=\"_blank\">.<\/a><\/p>\n<p>Ulf Kristersson s\u00e4ger i <a href=\"http:\/\/www.dn.se\/nyheter\/sverige\/unga-fortidspensionarer-utreds\" target=\"_blank\"><strong>DN<\/strong><\/a>, citat: <em>&#8221;\u2013 Det \u00e4r inte rimligt att s\u00e5 m\u00e5nga av dessa ungdomar inte arbetar \u00f6ver huvud taget.&#8221;<\/em><\/p>\n<p><strong>Nej, det \u00e4r inte rimligt! Men det beror helt och h\u00e5llet p\u00e5 att de h\u00e4r ungdomarna snuvats p\u00e5 sin grundskoleutbildning! Detta g\u00f6r att gymnasieskolan blir ett rent fiasko, vidare studier en om\u00f6jlighet och jobb uteblir!<\/strong><\/p>\n<p>Detta l\u00f6ser man inte genom att sno pengarna fr\u00e5n ungdomarna och kicka dom till en <strong>Arbetsf\u00f6rmedling<\/strong> som inte g\u00f6r ett vitten f\u00f6r att fixa jobb \u00e5t n\u00e5gon &#8211; allra minst \u00e5t en outbildad person med taskiga erfarenheter av samh\u00e4llet.<\/p>\n<p><strong>MAN M\u00c5STE B\u00d6RJA I R\u00c4TT \u00c4NDE!! B\u00d6RJA I GRUNDSKOLAN!! ALLA BARN HAR ENLIGT LAG R\u00c4TT TILL EN GRUNDSKOLEUTBILDNING!<br \/>\nDEN DAGEN LAGEN F\u00d6LJS &#8211; DEN DAGEN ALLA ELEVER HAR SAMMA V\u00c4RDE &#8211; DEN DAGEN BEH\u00d6VER INGEN OROA SIG F\u00d6R FELAKTIGT UTBETALD AKTIVITETSERS\u00c4TTNING!<\/strong><\/p>\n<p>By the way &#8211; har inte Ulf Kristersson en r\u00e4tt bred panna&#8230;<\/p>\n<p><a href=\"http:\/\/www.filindeblogg.nu\/?attachment_id=25243\" rel=\"attachment wp-att-25243\"><img loading=\"lazy\" class=\"aligncenter size-full wp-image-25243\" title=\"ADHD\" src=\"http:\/\/www.filindeblogg.nu\/wp-content\/uploads\/2011\/10\/ADHD.jpg\" alt=\"\" width=\"259\" height=\"194\" \/><\/a><\/p>\n<p>&nbsp;<\/p>\n<p>&nbsp;<\/p>\n<p>&nbsp;<\/p>\n<p>&nbsp;<\/p>\n<p>&nbsp;<\/p>\n<p>&nbsp;<\/p>\n<p>&nbsp;<\/p>\n","protected":false},"excerpt":{"rendered":"<p>\u00c5r ut och \u00e5r in kommer de mest fantastiska, irrelevanta forskningsresultat om Autism och Autismliknande tillst\u00e5nd. Det har varit godis som skulle ge upphov till ADHD, f\u00f6r mycket TV-tittande som gett Aspergers syndrom, milj\u00f6gifter ger Autism &#8211; bland m\u00e4ngden av orsaker som forskare hittat p\u00e5. Alla dessa konstigheter kommer oftast fr\u00e5n USA. Nu \u00e4r det [&hellip;]<\/p>\n","protected":false},"author":1,"featured_media":0,"comment_status":"open","ping_status":"open","sticky":false,"template":"","format":"standard","meta":[],"categories":[107,100,119,110,101],"tags":[],"_links":{"self":[{"href":"http:\/\/www.filindeblogg.nu\/index.php?rest_route=\/wp\/v2\/posts\/25238"}],"collection":[{"href":"http:\/\/www.filindeblogg.nu\/index.php?rest_route=\/wp\/v2\/posts"}],"about":[{"href":"http:\/\/www.filindeblogg.nu\/index.php?rest_route=\/wp\/v2\/types\/post"}],"author":[{"embeddable":true,"href":"http:\/\/www.filindeblogg.nu\/index.php?rest_route=\/wp\/v2\/users\/1"}],"replies":[{"embeddable":true,"href":"http:\/\/www.filindeblogg.nu\/index.php?rest_route=%2Fwp%2Fv2%2Fcomments&post=25238"}],"version-history":[{"count":8,"href":"http:\/\/www.filindeblogg.nu\/index.php?rest_route=\/wp\/v2\/posts\/25238\/revisions"}],"predecessor-version":[{"id":25251,"href":"http:\/\/www.filindeblogg.nu\/index.php?rest_route=\/wp\/v2\/posts\/25238\/revisions\/25251"}],"wp:attachment":[{"href":"http:\/\/www.filindeblogg.nu\/index.php?rest_route=%2Fwp%2Fv2%2Fmedia&parent=25238"}],"wp:term":[{"taxonomy":"category","embeddable":true,"href":"http:\/\/www.filindeblogg.nu\/index.php?rest_route=%2Fwp%2Fv2%2Fcategories&post=25238"},{"taxonomy":"post_tag","embeddable":true,"href":"http:\/\/www.filindeblogg.nu\/index.php?rest_route=%2Fwp%2Fv2%2Ftags&post=25238"}],"curies":[{"name":"wp","href":"https:\/\/api.w.org\/{rel}","templated":true}]}}