{"id":24850,"date":"2011-10-12T07:16:55","date_gmt":"2011-10-12T06:16:55","guid":{"rendered":"http:\/\/www.filindeblogg.nu\/?p=24850"},"modified":"2011-10-12T07:16:56","modified_gmt":"2011-10-12T06:16:56","slug":"bit-och-byt-lat-osterberg-ta-over-nu","status":"publish","type":"post","link":"http:\/\/www.filindeblogg.nu\/?p=24850","title":{"rendered":"Bit och byt! L\u00e5t \u00d6sterberg ta \u00f6ver &#8211; NU!"},"content":{"rendered":"<p>F\u00f6rtroendet \u00e4r f\u00f6rbrukat f\u00f6r <strong>H\u00e5kan Julholt<\/strong> &#8211; l\u00e5t (s) inse fakta! P\u00e5 bara ett halv\u00e5r som partiledare f\u00f6r <strong>Socialdemokraterna<\/strong> har H\u00e5kan Juholt visat upp s\u00e5v\u00e4l fad\u00e4ser som misstag i en roll som \u00e4r of\u00f6rsonlig mot just fad\u00e4ser och misstag<a href=\"http:\/\/www.svd.se\/nyheter\/inrikes\/s-gruppen-stoder-juholt_6543833.svd\" target=\"_blank\">.<\/a> N\u00e4r det sen uppkommer misstankar om bedr\u00e4geri d\u00e4r Juholt f\u00f6rs\u00f6ker f\u00f6rklara sig med att ha missf\u00f6rst\u00e5tt blir det sista spiken i kistan<a href=\"http:\/\/www.dn.se\/nyheter\/politik\/stodet-for-juholt-har-mer-an-halverats\" target=\"_blank\">.<\/a><\/p>\n<p><strong><em>&#8221;Det \u00e4r inte \u00e5talbart att vara dum&#8221;<\/em><\/strong>, skriver <strong>Lena Mellin i <a href=\"http:\/\/www.aftonbladet.se\/nyheter\/article13764941.ab\" target=\"_blank\">Aftonbladet<\/a><\/strong><a href=\"http:\/\/www.aftonbladet.se\/nyheter\/article13764941.ab\" target=\"_blank\"> &#8211;<\/a> men \u00e4r det verkligen en s\u00e5dan person vi vill ska leda det Socialdemokratiska partiet?? \u00c4r det en s\u00e5dan politiker det svenska folket r\u00f6star fram till statsministerposten 2014?<\/p>\n<p><strong>Nej, bit i det sura \u00e4pplet och byt!<\/strong><br \/>\nByt ut H\u00e5kan Juholt innan han g\u00f6r mer skada f\u00f6r partiet och f\u00f6r den viktiga balans vi m\u00e5ste ha mellan bl\u00e5tt och r\u00f6tt i svensk politik!<\/p>\n<p>Och det finns bara en person som har m\u00f6jlighet att r\u00e4dda det dom r\u00e4ddas kan: <strong>Munktorpssonen Sven-Erik \u00d6sterberg<\/strong>! <a href=\"http:\/\/www.filindeblogg.nu\/?attachment_id=24851\" rel=\"attachment wp-att-24851\"><img loading=\"lazy\" class=\"alignnone size-full wp-image-24851\" title=\"Sven Erik \u00d6sterberg i talarstolen\" src=\"http:\/\/www.filindeblogg.nu\/wp-content\/uploads\/2011\/10\/Sven-Erik-%C3%96sterberg-i-talarstolen.jpg\" alt=\"\" width=\"194\" height=\"259\" \/><\/a><\/p>\n<p>Sven-Erik \u00d6sterberg \u00e4r f\u00f6dd 1955<a href=\"http:\/\/www.aftonbladet.se\/nyheter\/article13766290.ab\" target=\"_blank\">,<\/a> har jobbat s\u00e5v\u00e4l som lantarbetare som skogsarbetare<a href=\"http:\/\/www.expressen.se\/nyheter\/1.2588794\/har-ar-juholts-nya-krissiffror\" target=\"_blank\">.<\/a> \u00d6sterberg har en gedigen och l\u00e5ng bakgrund inom Socialdemokratin och har bl.a. varit bitr\u00e4dande finansminister<a href=\"http:\/\/hd.se\/inrikes\/2011\/10\/12\/halverat-stod-for-juholt\/\" target=\"_blank\">.<\/a><\/p>\n<p>Bit nu och byt!<\/p>\n<p>P\u00e5 tal om bit och byt s\u00e5 b\u00f6rjar det bli bitande kallt om kv\u00e4llar och n\u00e4tter nu. Byta till dubbd\u00e4ck f\u00e5r man g\u00f6ra redan nu &#8211; datumet 1 oktober g\u00e4ller, enligt <strong>Transportstyrelsen<\/strong>. Men krav p\u00e5 att byta till vinterd\u00e4ck eller likv\u00e4rdig utrustning om vinterv\u00e4glag r\u00e5der &#8211; g\u00e4ller f\u00f6r tiden 1 december &#8211; 31 mars. L\u00e4s mer <a href=\"http:\/\/www.transportstyrelsen.se\/sv\/Vag\/Fordon\/fordonsregler\/Dack\/Vinterdack\/\" target=\"_blank\"><strong>H\u00c4R!<\/strong><\/a><\/p>\n<p>Kallt men vackert! S\u00e5 h\u00e4r tedde sig <strong>Arboga<\/strong> ner mot \u00e5n ig\u00e5r kv\u00e4ll<a href=\"http:\/\/www.sydsvenskan.se\/sverige\/article1559571\/Halverat-stod-for-Juholt.html\" target=\"_blank\">,<\/a> sett fr\u00e5n kyrkparken vid <strong>Heliga Trefaldighets kyrka<\/strong>. <a href=\"http:\/\/www.filindeblogg.nu\/?attachment_id=24852\" rel=\"attachment wp-att-24852\"><img loading=\"lazy\" class=\"alignnone size-medium wp-image-24852\" title=\"IMG_9959 (2)\" src=\"http:\/\/www.filindeblogg.nu\/wp-content\/uploads\/2011\/10\/IMG_9959-2-300x225.jpg\" alt=\"\" width=\"300\" height=\"225\" srcset=\"http:\/\/www.filindeblogg.nu\/wp-content\/uploads\/2011\/10\/IMG_9959-2-300x225.jpg 300w, http:\/\/www.filindeblogg.nu\/wp-content\/uploads\/2011\/10\/IMG_9959-2.jpg 461w\" sizes=\"(max-width: 300px) 100vw, 300px\" \/><\/a><\/p>\n<p>Bit och byt g\u00e4ller inte hemma hos mig om man talar om katter. Biter g\u00f6r dom inte &#8211; inte sin matte i alla fall. Och byter &#8211; kommer aldrig p\u00e5 fr\u00e5gan! Jag skulle aldrig byta bort mina \u00e4lsklingskatter trots att dom g\u00f6r rackartyg ibland.<br \/>\nBilden nedan fr\u00e5n ig\u00e5r kv\u00e4ll visar hur det kan se ut hemma hos mig n\u00e4r det g\u00e5tt vilt till. Och jag misst\u00e4nker att det \u00e4r just Vilda Wilma som varit framme&#8230;<\/p>\n<p style=\"text-align: center;\"><a href=\"http:\/\/www.filindeblogg.nu\/?attachment_id=24853\" rel=\"attachment wp-att-24853\"><img loading=\"lazy\" class=\"aligncenter size-medium wp-image-24853\" title=\"IMG_9966 (2)\" src=\"http:\/\/www.filindeblogg.nu\/wp-content\/uploads\/2011\/10\/IMG_9966-2-225x300.jpg\" alt=\"\" width=\"135\" height=\"180\" srcset=\"http:\/\/www.filindeblogg.nu\/wp-content\/uploads\/2011\/10\/IMG_9966-2-225x300.jpg 225w, http:\/\/www.filindeblogg.nu\/wp-content\/uploads\/2011\/10\/IMG_9966-2.jpg 346w\" sizes=\"(max-width: 135px) 100vw, 135px\" \/><\/a><\/p>\n<p>&nbsp;<\/p>\n<p>&nbsp;<\/p>\n","protected":false},"excerpt":{"rendered":"<p>F\u00f6rtroendet \u00e4r f\u00f6rbrukat f\u00f6r H\u00e5kan Julholt &#8211; l\u00e5t (s) inse fakta! P\u00e5 bara ett halv\u00e5r som partiledare f\u00f6r Socialdemokraterna har H\u00e5kan Juholt visat upp s\u00e5v\u00e4l fad\u00e4ser som misstag i en roll som \u00e4r of\u00f6rsonlig mot just fad\u00e4ser och misstag. N\u00e4r det sen uppkommer misstankar om bedr\u00e4geri d\u00e4r Juholt f\u00f6rs\u00f6ker f\u00f6rklara sig med att ha missf\u00f6rst\u00e5tt [&hellip;]<\/p>\n","protected":false},"author":1,"featured_media":0,"comment_status":"open","ping_status":"open","sticky":false,"template":"","format":"standard","meta":[],"categories":[125,127,100,119,101],"tags":[],"_links":{"self":[{"href":"http:\/\/www.filindeblogg.nu\/index.php?rest_route=\/wp\/v2\/posts\/24850"}],"collection":[{"href":"http:\/\/www.filindeblogg.nu\/index.php?rest_route=\/wp\/v2\/posts"}],"about":[{"href":"http:\/\/www.filindeblogg.nu\/index.php?rest_route=\/wp\/v2\/types\/post"}],"author":[{"embeddable":true,"href":"http:\/\/www.filindeblogg.nu\/index.php?rest_route=\/wp\/v2\/users\/1"}],"replies":[{"embeddable":true,"href":"http:\/\/www.filindeblogg.nu\/index.php?rest_route=%2Fwp%2Fv2%2Fcomments&post=24850"}],"version-history":[{"count":18,"href":"http:\/\/www.filindeblogg.nu\/index.php?rest_route=\/wp\/v2\/posts\/24850\/revisions"}],"predecessor-version":[{"id":24871,"href":"http:\/\/www.filindeblogg.nu\/index.php?rest_route=\/wp\/v2\/posts\/24850\/revisions\/24871"}],"wp:attachment":[{"href":"http:\/\/www.filindeblogg.nu\/index.php?rest_route=%2Fwp%2Fv2%2Fmedia&parent=24850"}],"wp:term":[{"taxonomy":"category","embeddable":true,"href":"http:\/\/www.filindeblogg.nu\/index.php?rest_route=%2Fwp%2Fv2%2Fcategories&post=24850"},{"taxonomy":"post_tag","embeddable":true,"href":"http:\/\/www.filindeblogg.nu\/index.php?rest_route=%2Fwp%2Fv2%2Ftags&post=24850"}],"curies":[{"name":"wp","href":"https:\/\/api.w.org\/{rel}","templated":true}]}}